{"id":542,"date":"2022-05-30T17:01:33","date_gmt":"2022-05-30T17:01:33","guid":{"rendered":"https:\/\/oeilsportif.info\/index.php\/?p=542"},"modified":"2022-05-30T17:01:33","modified_gmt":"2022-05-30T17:01:33","slug":"oran-la-selection-guineenne-rentre-bredouille-de-la-43e-edition-du-championnat-dafrique-de-judo","status":"publish","type":"post","link":"https:\/\/oeilsportif.info\/index.php\/oran-la-selection-guineenne-rentre-bredouille-de-la-43e-edition-du-championnat-dafrique-de-judo\/","title":{"rendered":"ORAN\u2013 La s\u00e9lection guin\u00e9enne rentre bredouille de la 43e \u00e9dition du championnat d&rsquo;Afrique de judo."},"content":{"rendered":"<p><strong>Huit judokas guin\u00e9ens dont trois dames ont particip\u00e9 au 43e championnat d&rsquo;Afrique qui s&rsquo;est d\u00e9roul\u00e9 dans la ville d&rsquo;Oran en Alg\u00e9rie du 26 au 29 mai.<\/strong><\/p>\n<p>Comme on pouvait s&rsquo;y attendre, les judokas guin\u00e9ens n&rsquo;ont pu faire grand-chose eu \u00e9gard au retard accus\u00e9 dans le voyage et les exigences li\u00e9es \u00e0 leur participation \u00e0 la comp\u00e9tition.<\/p>\n<p>Par ailleurs, la s\u00e9lection alg\u00e9rienne s\u2019est adjug\u00e9e la premi\u00e8re place au classement g\u00e9n\u00e9ral devant la Tunisie avec neuf m\u00e9dailles (trois en or, quatre en argent et deux en bronze), et le Maroc avec huit m\u00e9dailles (une en or, deux en argent et cinq en bronze).<br \/>\nCe rendez-vous sportif continental a connu la participation de 175 judokas issus de 26 pays.<\/p>\n<p>Tableau r\u00e9capitulatif des m\u00e9dailles de la 43e \u00e9dition du championnat d\u2019Afrique de judo seniors (messieurs et dames).<\/p>\n<p>1- Alg\u00e9rie (7 or, 3 argent, 5 bronze)<\/p>\n<p>2- Tunisie (3, 4, 2)<\/p>\n<p>3- Maroc (1, 2, 5)<\/p>\n<p>4- Iles Maurice (1, 1, 1)<\/p>\n<p>5- Egypte (1, 0, 3)<\/p>\n<p>6- Angola (1, 0, 1)<\/p>\n<p>7- Cameroun (0, 1, 4)<\/p>\n<p>8- A.du Sud (0, 1, 3)<\/p>\n<p>9- S\u00e9n\u00e9gal (0, 1, 1)<\/p>\n<p>10- Cap Vert (0, 1, 0)<\/p>\n<p>11- C\u00f4te d\u2019Ivoire (0, 0, 2)<\/p>\n<p>12- Zambie (0, 0, 1)<\/p>\n<p>&nbsp;<\/p>\n<p>Classement par \u00e9quipes :<\/p>\n<p>1- Alg\u00e9rie<\/p>\n<p>2- S\u00e9n\u00e9gal<\/p>\n<p>3- Maroc et Cameroun<\/p>\n<p>5- Angola et Iles Maurice.<\/p>\n<p>Source : <strong>Cellule de com de la F\u00e9d\u00e9ration Guin\u00e9enne de Judo\u00a0<\/strong><\/p>\n","protected":false},"excerpt":{"rendered":"<p>Huit judokas guin\u00e9ens dont trois dames ont particip\u00e9 au 43e championnat d&rsquo;Afrique qui s&rsquo;est d\u00e9roul\u00e9 dans la ville d&rsquo;Oran en Alg\u00e9rie du 26 au 29 mai. Comme on pouvait s&rsquo;y attendre, les judokas guin\u00e9ens n&rsquo;ont pu faire grand-chose eu \u00e9gard au retard accus\u00e9 dans le voyage et les exigences li\u00e9es \u00e0 leur participation \u00e0 la [&hellip;]<\/p>\n","protected":false},"author":2,"featured_media":543,"comment_status":"closed","ping_status":"open","sticky":false,"template":"","format":"standard","meta":{"_jetpack_memberships_contains_paid_content":false,"footnotes":"","jetpack_publicize_message":"","jetpack_publicize_feature_enabled":true,"jetpack_social_post_already_shared":true,"jetpack_social_options":{"image_generator_settings":{"template":"highway","default_image_id":0,"font":"","enabled":false},"version":2}},"categories":[10],"tags":[],"class_list":{"0":"post-542","1":"post","2":"type-post","3":"status-publish","4":"format-standard","5":"has-post-thumbnail","7":"category-actualite"},"yoast_head":"<!-- This site is optimized with the Yoast SEO plugin v27.4 - https:\/\/yoast.com\/product\/yoast-seo-wordpress\/ -->\n<title>ORAN\u2013 La s\u00e9lection guin\u00e9enne rentre bredouille de la 43e \u00e9dition du championnat d&#039;Afrique de judo. - le regard du sportif<\/title>\n<meta name=\"robots\" content=\"index, follow, max-snippet:-1, max-image-preview:large, max-video-preview:-1\" \/>\n<link rel=\"canonical\" href=\"https:\/\/oeilsportif.info\/index.php\/oran-la-selection-guineenne-rentre-bredouille-de-la-43e-edition-du-championnat-dafrique-de-judo\/\" \/>\n<meta property=\"og:locale\" content=\"fr_FR\" \/>\n<meta property=\"og:type\" content=\"article\" \/>\n<meta property=\"og:title\" content=\"ORAN\u2013 La s\u00e9lection guin\u00e9enne rentre bredouille de la 43e \u00e9dition du championnat d&#039;Afrique de judo. - le regard du sportif\" \/>\n<meta property=\"og:description\" content=\"Huit judokas guin\u00e9ens dont trois dames ont particip\u00e9 au 43e championnat d&rsquo;Afrique qui s&rsquo;est d\u00e9roul\u00e9 dans la ville d&rsquo;Oran en Alg\u00e9rie du 26 au 29 mai. Comme on pouvait s&rsquo;y attendre, les judokas guin\u00e9ens n&rsquo;ont pu faire grand-chose eu \u00e9gard au retard accus\u00e9 dans le voyage et les exigences li\u00e9es \u00e0 leur participation \u00e0 la [&hellip;]\" \/>\n<meta property=\"og:url\" content=\"https:\/\/oeilsportif.info\/index.php\/oran-la-selection-guineenne-rentre-bredouille-de-la-43e-edition-du-championnat-dafrique-de-judo\/\" \/>\n<meta property=\"og:site_name\" content=\"le regard du sportif\" \/>\n<meta property=\"article:published_time\" content=\"2022-05-30T17:01:33+00:00\" \/>\n<meta property=\"og:image\" content=\"https:\/\/oeilsportif.info\/wp-content\/uploads\/2022\/05\/FB_IMG_1653929839761.jpg\" \/>\n\t<meta property=\"og:image:width\" content=\"640\" \/>\n\t<meta property=\"og:image:height\" content=\"1422\" \/>\n\t<meta property=\"og:image:type\" content=\"image\/jpeg\" \/>\n<meta name=\"author\" content=\"L&#039;Equipe de la R\u00e9daction\" \/>\n<meta name=\"twitter:label1\" content=\"\u00c9crit par\" \/>\n\t<meta name=\"twitter:data1\" content=\"L&#039;Equipe de la R\u00e9daction\" \/>\n\t<meta name=\"twitter:label2\" content=\"Dur\u00e9e de lecture estim\u00e9e\" \/>\n\t<meta name=\"twitter:data2\" content=\"2 minutes\" \/>\n<script type=\"application\/ld+json\" class=\"yoast-schema-graph\">{\"@context\":\"https:\\\/\\\/schema.org\",\"@graph\":[{\"@type\":\"Article\",\"@id\":\"https:\\\/\\\/oeilsportif.info\\\/index.php\\\/oran-la-selection-guineenne-rentre-bredouille-de-la-43e-edition-du-championnat-dafrique-de-judo\\\/#article\",\"isPartOf\":{\"@id\":\"https:\\\/\\\/oeilsportif.info\\\/index.php\\\/oran-la-selection-guineenne-rentre-bredouille-de-la-43e-edition-du-championnat-dafrique-de-judo\\\/\"},\"author\":{\"name\":\"L'Equipe de la R\u00e9daction\",\"@id\":\"https:\\\/\\\/oeilsportif.info\\\/#\\\/schema\\\/person\\\/cfbded294aa6095f7d96608d7905e9a1\"},\"headline\":\"ORAN\u2013 La s\u00e9lection guin\u00e9enne rentre bredouille de la 43e \u00e9dition du championnat d&rsquo;Afrique de judo.\",\"datePublished\":\"2022-05-30T17:01:33+00:00\",\"mainEntityOfPage\":{\"@id\":\"https:\\\/\\\/oeilsportif.info\\\/index.php\\\/oran-la-selection-guineenne-rentre-bredouille-de-la-43e-edition-du-championnat-dafrique-de-judo\\\/\"},\"wordCount\":238,\"image\":{\"@id\":\"https:\\\/\\\/oeilsportif.info\\\/index.php\\\/oran-la-selection-guineenne-rentre-bredouille-de-la-43e-edition-du-championnat-dafrique-de-judo\\\/#primaryimage\"},\"thumbnailUrl\":\"https:\\\/\\\/i0.wp.com\\\/oeilsportif.info\\\/wp-content\\\/uploads\\\/2022\\\/05\\\/FB_IMG_1653929839761.jpg?fit=640%2C1422&ssl=1\",\"articleSection\":[\"Actualit\u00e9\"],\"inLanguage\":\"fr-FR\"},{\"@type\":\"WebPage\",\"@id\":\"https:\\\/\\\/oeilsportif.info\\\/index.php\\\/oran-la-selection-guineenne-rentre-bredouille-de-la-43e-edition-du-championnat-dafrique-de-judo\\\/\",\"url\":\"https:\\\/\\\/oeilsportif.info\\\/index.php\\\/oran-la-selection-guineenne-rentre-bredouille-de-la-43e-edition-du-championnat-dafrique-de-judo\\\/\",\"name\":\"ORAN\u2013 La s\u00e9lection guin\u00e9enne rentre bredouille de la 43e \u00e9dition du championnat d'Afrique de judo. - le regard du sportif\",\"isPartOf\":{\"@id\":\"https:\\\/\\\/oeilsportif.info\\\/#website\"},\"primaryImageOfPage\":{\"@id\":\"https:\\\/\\\/oeilsportif.info\\\/index.php\\\/oran-la-selection-guineenne-rentre-bredouille-de-la-43e-edition-du-championnat-dafrique-de-judo\\\/#primaryimage\"},\"image\":{\"@id\":\"https:\\\/\\\/oeilsportif.info\\\/index.php\\\/oran-la-selection-guineenne-rentre-bredouille-de-la-43e-edition-du-championnat-dafrique-de-judo\\\/#primaryimage\"},\"thumbnailUrl\":\"https:\\\/\\\/i0.wp.com\\\/oeilsportif.info\\\/wp-content\\\/uploads\\\/2022\\\/05\\\/FB_IMG_1653929839761.jpg?fit=640%2C1422&ssl=1\",\"datePublished\":\"2022-05-30T17:01:33+00:00\",\"author\":{\"@id\":\"https:\\\/\\\/oeilsportif.info\\\/#\\\/schema\\\/person\\\/cfbded294aa6095f7d96608d7905e9a1\"},\"inLanguage\":\"fr-FR\",\"potentialAction\":[{\"@type\":\"ReadAction\",\"target\":[\"https:\\\/\\\/oeilsportif.info\\\/index.php\\\/oran-la-selection-guineenne-rentre-bredouille-de-la-43e-edition-du-championnat-dafrique-de-judo\\\/\"]}]},{\"@type\":\"ImageObject\",\"inLanguage\":\"fr-FR\",\"@id\":\"https:\\\/\\\/oeilsportif.info\\\/index.php\\\/oran-la-selection-guineenne-rentre-bredouille-de-la-43e-edition-du-championnat-dafrique-de-judo\\\/#primaryimage\",\"url\":\"https:\\\/\\\/i0.wp.com\\\/oeilsportif.info\\\/wp-content\\\/uploads\\\/2022\\\/05\\\/FB_IMG_1653929839761.jpg?fit=640%2C1422&ssl=1\",\"contentUrl\":\"https:\\\/\\\/i0.wp.com\\\/oeilsportif.info\\\/wp-content\\\/uploads\\\/2022\\\/05\\\/FB_IMG_1653929839761.jpg?fit=640%2C1422&ssl=1\",\"width\":640,\"height\":1422},{\"@type\":\"WebSite\",\"@id\":\"https:\\\/\\\/oeilsportif.info\\\/#website\",\"url\":\"https:\\\/\\\/oeilsportif.info\\\/\",\"name\":\"le regard du sportif\",\"description\":\"\",\"potentialAction\":[{\"@type\":\"SearchAction\",\"target\":{\"@type\":\"EntryPoint\",\"urlTemplate\":\"https:\\\/\\\/oeilsportif.info\\\/?s={search_term_string}\"},\"query-input\":{\"@type\":\"PropertyValueSpecification\",\"valueRequired\":true,\"valueName\":\"search_term_string\"}}],\"inLanguage\":\"fr-FR\"},{\"@type\":\"Person\",\"@id\":\"https:\\\/\\\/oeilsportif.info\\\/#\\\/schema\\\/person\\\/cfbded294aa6095f7d96608d7905e9a1\",\"name\":\"L'Equipe de la R\u00e9daction\",\"image\":{\"@type\":\"ImageObject\",\"inLanguage\":\"fr-FR\",\"@id\":\"https:\\\/\\\/oeilsportif.info\\\/wp-content\\\/uploads\\\/2025\\\/07\\\/cropped-cropped-logo-os-96x96.jpeg\",\"url\":\"https:\\\/\\\/oeilsportif.info\\\/wp-content\\\/uploads\\\/2025\\\/07\\\/cropped-cropped-logo-os-96x96.jpeg\",\"contentUrl\":\"https:\\\/\\\/oeilsportif.info\\\/wp-content\\\/uploads\\\/2025\\\/07\\\/cropped-cropped-logo-os-96x96.jpeg\",\"caption\":\"L'Equipe de la R\u00e9daction\"},\"url\":\"https:\\\/\\\/oeilsportif.info\\\/index.php\\\/author\\\/tawel\\\/\"}]}<\/script>\n<!-- \/ Yoast SEO plugin. -->","yoast_head_json":{"title":"ORAN\u2013 La s\u00e9lection guin\u00e9enne rentre bredouille de la 43e \u00e9dition du championnat d'Afrique de judo. - le regard du sportif","robots":{"index":"index","follow":"follow","max-snippet":"max-snippet:-1","max-image-preview":"max-image-preview:large","max-video-preview":"max-video-preview:-1"},"canonical":"https:\/\/oeilsportif.info\/index.php\/oran-la-selection-guineenne-rentre-bredouille-de-la-43e-edition-du-championnat-dafrique-de-judo\/","og_locale":"fr_FR","og_type":"article","og_title":"ORAN\u2013 La s\u00e9lection guin\u00e9enne rentre bredouille de la 43e \u00e9dition du championnat d'Afrique de judo. - le regard du sportif","og_description":"Huit judokas guin\u00e9ens dont trois dames ont particip\u00e9 au 43e championnat d&rsquo;Afrique qui s&rsquo;est d\u00e9roul\u00e9 dans la ville d&rsquo;Oran en Alg\u00e9rie du 26 au 29 mai. Comme on pouvait s&rsquo;y attendre, les judokas guin\u00e9ens n&rsquo;ont pu faire grand-chose eu \u00e9gard au retard accus\u00e9 dans le voyage et les exigences li\u00e9es \u00e0 leur participation \u00e0 la [&hellip;]","og_url":"https:\/\/oeilsportif.info\/index.php\/oran-la-selection-guineenne-rentre-bredouille-de-la-43e-edition-du-championnat-dafrique-de-judo\/","og_site_name":"le regard du sportif","article_published_time":"2022-05-30T17:01:33+00:00","og_image":[{"width":640,"height":1422,"url":"https:\/\/oeilsportif.info\/wp-content\/uploads\/2022\/05\/FB_IMG_1653929839761.jpg","type":"image\/jpeg"}],"author":"L'Equipe de la R\u00e9daction","twitter_misc":{"\u00c9crit par":"L'Equipe de la R\u00e9daction","Dur\u00e9e de lecture estim\u00e9e":"2 minutes"},"schema":{"@context":"https:\/\/schema.org","@graph":[{"@type":"Article","@id":"https:\/\/oeilsportif.info\/index.php\/oran-la-selection-guineenne-rentre-bredouille-de-la-43e-edition-du-championnat-dafrique-de-judo\/#article","isPartOf":{"@id":"https:\/\/oeilsportif.info\/index.php\/oran-la-selection-guineenne-rentre-bredouille-de-la-43e-edition-du-championnat-dafrique-de-judo\/"},"author":{"name":"L'Equipe de la R\u00e9daction","@id":"https:\/\/oeilsportif.info\/#\/schema\/person\/cfbded294aa6095f7d96608d7905e9a1"},"headline":"ORAN\u2013 La s\u00e9lection guin\u00e9enne rentre bredouille de la 43e \u00e9dition du championnat d&rsquo;Afrique de judo.","datePublished":"2022-05-30T17:01:33+00:00","mainEntityOfPage":{"@id":"https:\/\/oeilsportif.info\/index.php\/oran-la-selection-guineenne-rentre-bredouille-de-la-43e-edition-du-championnat-dafrique-de-judo\/"},"wordCount":238,"image":{"@id":"https:\/\/oeilsportif.info\/index.php\/oran-la-selection-guineenne-rentre-bredouille-de-la-43e-edition-du-championnat-dafrique-de-judo\/#primaryimage"},"thumbnailUrl":"https:\/\/i0.wp.com\/oeilsportif.info\/wp-content\/uploads\/2022\/05\/FB_IMG_1653929839761.jpg?fit=640%2C1422&ssl=1","articleSection":["Actualit\u00e9"],"inLanguage":"fr-FR"},{"@type":"WebPage","@id":"https:\/\/oeilsportif.info\/index.php\/oran-la-selection-guineenne-rentre-bredouille-de-la-43e-edition-du-championnat-dafrique-de-judo\/","url":"https:\/\/oeilsportif.info\/index.php\/oran-la-selection-guineenne-rentre-bredouille-de-la-43e-edition-du-championnat-dafrique-de-judo\/","name":"ORAN\u2013 La s\u00e9lection guin\u00e9enne rentre bredouille de la 43e \u00e9dition du championnat d'Afrique de judo. - le regard du sportif","isPartOf":{"@id":"https:\/\/oeilsportif.info\/#website"},"primaryImageOfPage":{"@id":"https:\/\/oeilsportif.info\/index.php\/oran-la-selection-guineenne-rentre-bredouille-de-la-43e-edition-du-championnat-dafrique-de-judo\/#primaryimage"},"image":{"@id":"https:\/\/oeilsportif.info\/index.php\/oran-la-selection-guineenne-rentre-bredouille-de-la-43e-edition-du-championnat-dafrique-de-judo\/#primaryimage"},"thumbnailUrl":"https:\/\/i0.wp.com\/oeilsportif.info\/wp-content\/uploads\/2022\/05\/FB_IMG_1653929839761.jpg?fit=640%2C1422&ssl=1","datePublished":"2022-05-30T17:01:33+00:00","author":{"@id":"https:\/\/oeilsportif.info\/#\/schema\/person\/cfbded294aa6095f7d96608d7905e9a1"},"inLanguage":"fr-FR","potentialAction":[{"@type":"ReadAction","target":["https:\/\/oeilsportif.info\/index.php\/oran-la-selection-guineenne-rentre-bredouille-de-la-43e-edition-du-championnat-dafrique-de-judo\/"]}]},{"@type":"ImageObject","inLanguage":"fr-FR","@id":"https:\/\/oeilsportif.info\/index.php\/oran-la-selection-guineenne-rentre-bredouille-de-la-43e-edition-du-championnat-dafrique-de-judo\/#primaryimage","url":"https:\/\/i0.wp.com\/oeilsportif.info\/wp-content\/uploads\/2022\/05\/FB_IMG_1653929839761.jpg?fit=640%2C1422&ssl=1","contentUrl":"https:\/\/i0.wp.com\/oeilsportif.info\/wp-content\/uploads\/2022\/05\/FB_IMG_1653929839761.jpg?fit=640%2C1422&ssl=1","width":640,"height":1422},{"@type":"WebSite","@id":"https:\/\/oeilsportif.info\/#website","url":"https:\/\/oeilsportif.info\/","name":"le regard du sportif","description":"","potentialAction":[{"@type":"SearchAction","target":{"@type":"EntryPoint","urlTemplate":"https:\/\/oeilsportif.info\/?s={search_term_string}"},"query-input":{"@type":"PropertyValueSpecification","valueRequired":true,"valueName":"search_term_string"}}],"inLanguage":"fr-FR"},{"@type":"Person","@id":"https:\/\/oeilsportif.info\/#\/schema\/person\/cfbded294aa6095f7d96608d7905e9a1","name":"L'Equipe de la R\u00e9daction","image":{"@type":"ImageObject","inLanguage":"fr-FR","@id":"https:\/\/oeilsportif.info\/wp-content\/uploads\/2025\/07\/cropped-cropped-logo-os-96x96.jpeg","url":"https:\/\/oeilsportif.info\/wp-content\/uploads\/2025\/07\/cropped-cropped-logo-os-96x96.jpeg","contentUrl":"https:\/\/oeilsportif.info\/wp-content\/uploads\/2025\/07\/cropped-cropped-logo-os-96x96.jpeg","caption":"L'Equipe de la R\u00e9daction"},"url":"https:\/\/oeilsportif.info\/index.php\/author\/tawel\/"}]}},"jetpack_publicize_connections":[],"jetpack_featured_media_url":"https:\/\/i0.wp.com\/oeilsportif.info\/wp-content\/uploads\/2022\/05\/FB_IMG_1653929839761.jpg?fit=640%2C1422&ssl=1","jetpack-related-posts":[],"jetpack_sharing_enabled":true,"jetpack_likes_enabled":true,"jetpack_shortlink":"https:\/\/wp.me\/pgFE77-8K","_links":{"self":[{"href":"https:\/\/oeilsportif.info\/index.php\/wp-json\/wp\/v2\/posts\/542","targetHints":{"allow":["GET"]}}],"collection":[{"href":"https:\/\/oeilsportif.info\/index.php\/wp-json\/wp\/v2\/posts"}],"about":[{"href":"https:\/\/oeilsportif.info\/index.php\/wp-json\/wp\/v2\/types\/post"}],"author":[{"embeddable":true,"href":"https:\/\/oeilsportif.info\/index.php\/wp-json\/wp\/v2\/users\/2"}],"replies":[{"embeddable":true,"href":"https:\/\/oeilsportif.info\/index.php\/wp-json\/wp\/v2\/comments?post=542"}],"version-history":[{"count":0,"href":"https:\/\/oeilsportif.info\/index.php\/wp-json\/wp\/v2\/posts\/542\/revisions"}],"wp:featuredmedia":[{"embeddable":true,"href":"https:\/\/oeilsportif.info\/index.php\/wp-json\/wp\/v2\/media\/543"}],"wp:attachment":[{"href":"https:\/\/oeilsportif.info\/index.php\/wp-json\/wp\/v2\/media?parent=542"}],"wp:term":[{"taxonomy":"category","embeddable":true,"href":"https:\/\/oeilsportif.info\/index.php\/wp-json\/wp\/v2\/categories?post=542"},{"taxonomy":"post_tag","embeddable":true,"href":"https:\/\/oeilsportif.info\/index.php\/wp-json\/wp\/v2\/tags?post=542"}],"curies":[{"name":"wp","href":"https:\/\/api.w.org\/{rel}","templated":true}]}}