{"id":533,"date":"2022-05-29T22:35:01","date_gmt":"2022-05-29T22:35:01","guid":{"rendered":"https:\/\/oeilsportif.info\/index.php\/?p=533"},"modified":"2022-05-29T22:35:01","modified_gmt":"2022-05-29T22:35:01","slug":"stage-du-syli-17-sur-les-23-convoques-sont-deja-au-maroc","status":"publish","type":"post","link":"https:\/\/oeilsportif.info\/index.php\/stage-du-syli-17-sur-les-23-convoques-sont-deja-au-maroc\/","title":{"rendered":"Stage du Syli: 17 sur les 23 convoqu\u00e9s sont d\u00e9j\u00e0 au Maroc !"},"content":{"rendered":"<p><strong>En marge de la premi\u00e8re journ\u00e9e des \u00e9liminatoires de la coupe d&rsquo;Afrique des nations C\u00f4te d&rsquo;Ivoire 2023, la Guin\u00e9e a d\u00e9marr\u00e9 ce samedi 28 Mai 2022 les entra\u00eenements.<\/strong><\/p>\n<p>Parmis les 23 convoqu\u00e9s, 14 ont assist\u00e9s \u00e0 la premi\u00e8re s\u00e9ance d&rsquo;entra\u00eenement ce samedi sous les ordres du s\u00e9lectionneur national Kaba Diawara.<\/p>\n<p>Amadou Diawara et Sekou Oumar Sylla ont aussi rejoint le groupe dans la soir\u00e9e de ce samedi.<\/p>\n<p>Ci-dessous les joueurs pr\u00e9sents au Maroc.<\/p>\n<p>Ibrahim Kon\u00e9, Moussa Camara, Issiaga Sylla, Sherou Guirassy, Mouctar Diakhaby, Julian Jeanvier, Mohamed Aly Camara, Mory Konat\u00e9, Ibrahima Ciss\u00e9, Moriba Kourouma, Aguibou Camara, Alkhaly Momo Ciss\u00e9, Bafod\u00e9 Dansoko, Thierno Barry, Yakhouba Gnagna Barry, Amadou Diawara et Sekou Oumar Sylla.<\/p>\n<p>Pour rappel, la Guin\u00e9e quittera le Maroc le 03 Juin pour le Caire o\u00f9 il doit affronter les pharaons d&rsquo;\u00c9gypte le 05 juin 2022.<\/p>\n<p><strong>Thierno Yaya Diallo<\/strong><\/p>\n","protected":false},"excerpt":{"rendered":"<p>En marge de la premi\u00e8re journ\u00e9e des \u00e9liminatoires de la coupe d&rsquo;Afrique des nations C\u00f4te d&rsquo;Ivoire 2023, la Guin\u00e9e a d\u00e9marr\u00e9 ce samedi 28 Mai 2022 les entra\u00eenements. Parmis les 23 convoqu\u00e9s, 14 ont assist\u00e9s \u00e0 la premi\u00e8re s\u00e9ance d&rsquo;entra\u00eenement ce samedi sous les ordres du s\u00e9lectionneur national Kaba Diawara. Amadou Diawara et Sekou Oumar [&hellip;]<\/p>\n","protected":false},"author":2,"featured_media":534,"comment_status":"closed","ping_status":"open","sticky":false,"template":"","format":"standard","meta":{"_jetpack_memberships_contains_paid_content":false,"footnotes":"","jetpack_publicize_message":"","jetpack_publicize_feature_enabled":true,"jetpack_social_post_already_shared":true,"jetpack_social_options":{"image_generator_settings":{"template":"highway","default_image_id":0,"font":"","enabled":false},"version":2}},"categories":[5],"tags":[],"class_list":{"0":"post-533","1":"post","2":"type-post","3":"status-publish","4":"format-standard","5":"has-post-thumbnail","7":"category-football"},"yoast_head":"<!-- This site is optimized with the Yoast SEO plugin v27.4 - https:\/\/yoast.com\/product\/yoast-seo-wordpress\/ -->\n<title>Stage du Syli: 17 sur les 23 convoqu\u00e9s sont d\u00e9j\u00e0 au Maroc ! - le regard du sportif<\/title>\n<meta name=\"robots\" content=\"index, follow, max-snippet:-1, max-image-preview:large, max-video-preview:-1\" \/>\n<link rel=\"canonical\" href=\"https:\/\/oeilsportif.info\/index.php\/stage-du-syli-17-sur-les-23-convoques-sont-deja-au-maroc\/\" \/>\n<meta property=\"og:locale\" content=\"fr_FR\" \/>\n<meta property=\"og:type\" content=\"article\" \/>\n<meta property=\"og:title\" content=\"Stage du Syli: 17 sur les 23 convoqu\u00e9s sont d\u00e9j\u00e0 au Maroc ! - le regard du sportif\" \/>\n<meta property=\"og:description\" content=\"En marge de la premi\u00e8re journ\u00e9e des \u00e9liminatoires de la coupe d&rsquo;Afrique des nations C\u00f4te d&rsquo;Ivoire 2023, la Guin\u00e9e a d\u00e9marr\u00e9 ce samedi 28 Mai 2022 les entra\u00eenements. Parmis les 23 convoqu\u00e9s, 14 ont assist\u00e9s \u00e0 la premi\u00e8re s\u00e9ance d&rsquo;entra\u00eenement ce samedi sous les ordres du s\u00e9lectionneur national Kaba Diawara. Amadou Diawara et Sekou Oumar [&hellip;]\" \/>\n<meta property=\"og:url\" content=\"https:\/\/oeilsportif.info\/index.php\/stage-du-syli-17-sur-les-23-convoques-sont-deja-au-maroc\/\" \/>\n<meta property=\"og:site_name\" content=\"le regard du sportif\" \/>\n<meta property=\"article:published_time\" content=\"2022-05-29T22:35:01+00:00\" \/>\n<meta property=\"og:image\" content=\"https:\/\/oeilsportif.info\/wp-content\/uploads\/2022\/05\/received_408127341207706.jpeg\" \/>\n\t<meta property=\"og:image:width\" content=\"720\" \/>\n\t<meta property=\"og:image:height\" content=\"660\" \/>\n\t<meta property=\"og:image:type\" content=\"image\/jpeg\" \/>\n<meta name=\"author\" content=\"L&#039;Equipe de la R\u00e9daction\" \/>\n<meta name=\"twitter:label1\" content=\"\u00c9crit par\" \/>\n\t<meta name=\"twitter:data1\" content=\"L&#039;Equipe de la R\u00e9daction\" \/>\n\t<meta name=\"twitter:label2\" content=\"Dur\u00e9e de lecture estim\u00e9e\" \/>\n\t<meta name=\"twitter:data2\" content=\"1 minute\" \/>\n<script type=\"application\/ld+json\" class=\"yoast-schema-graph\">{\"@context\":\"https:\\\/\\\/schema.org\",\"@graph\":[{\"@type\":\"Article\",\"@id\":\"https:\\\/\\\/oeilsportif.info\\\/index.php\\\/stage-du-syli-17-sur-les-23-convoques-sont-deja-au-maroc\\\/#article\",\"isPartOf\":{\"@id\":\"https:\\\/\\\/oeilsportif.info\\\/index.php\\\/stage-du-syli-17-sur-les-23-convoques-sont-deja-au-maroc\\\/\"},\"author\":{\"name\":\"L'Equipe de la R\u00e9daction\",\"@id\":\"https:\\\/\\\/oeilsportif.info\\\/#\\\/schema\\\/person\\\/cfbded294aa6095f7d96608d7905e9a1\"},\"headline\":\"Stage du Syli: 17 sur les 23 convoqu\u00e9s sont d\u00e9j\u00e0 au Maroc !\",\"datePublished\":\"2022-05-29T22:35:01+00:00\",\"mainEntityOfPage\":{\"@id\":\"https:\\\/\\\/oeilsportif.info\\\/index.php\\\/stage-du-syli-17-sur-les-23-convoques-sont-deja-au-maroc\\\/\"},\"wordCount\":161,\"image\":{\"@id\":\"https:\\\/\\\/oeilsportif.info\\\/index.php\\\/stage-du-syli-17-sur-les-23-convoques-sont-deja-au-maroc\\\/#primaryimage\"},\"thumbnailUrl\":\"https:\\\/\\\/i0.wp.com\\\/oeilsportif.info\\\/wp-content\\\/uploads\\\/2022\\\/05\\\/received_408127341207706.jpeg?fit=720%2C660&ssl=1\",\"articleSection\":[\"Football\"],\"inLanguage\":\"fr-FR\"},{\"@type\":\"WebPage\",\"@id\":\"https:\\\/\\\/oeilsportif.info\\\/index.php\\\/stage-du-syli-17-sur-les-23-convoques-sont-deja-au-maroc\\\/\",\"url\":\"https:\\\/\\\/oeilsportif.info\\\/index.php\\\/stage-du-syli-17-sur-les-23-convoques-sont-deja-au-maroc\\\/\",\"name\":\"Stage du Syli: 17 sur les 23 convoqu\u00e9s sont d\u00e9j\u00e0 au Maroc ! - le regard du sportif\",\"isPartOf\":{\"@id\":\"https:\\\/\\\/oeilsportif.info\\\/#website\"},\"primaryImageOfPage\":{\"@id\":\"https:\\\/\\\/oeilsportif.info\\\/index.php\\\/stage-du-syli-17-sur-les-23-convoques-sont-deja-au-maroc\\\/#primaryimage\"},\"image\":{\"@id\":\"https:\\\/\\\/oeilsportif.info\\\/index.php\\\/stage-du-syli-17-sur-les-23-convoques-sont-deja-au-maroc\\\/#primaryimage\"},\"thumbnailUrl\":\"https:\\\/\\\/i0.wp.com\\\/oeilsportif.info\\\/wp-content\\\/uploads\\\/2022\\\/05\\\/received_408127341207706.jpeg?fit=720%2C660&ssl=1\",\"datePublished\":\"2022-05-29T22:35:01+00:00\",\"author\":{\"@id\":\"https:\\\/\\\/oeilsportif.info\\\/#\\\/schema\\\/person\\\/cfbded294aa6095f7d96608d7905e9a1\"},\"inLanguage\":\"fr-FR\",\"potentialAction\":[{\"@type\":\"ReadAction\",\"target\":[\"https:\\\/\\\/oeilsportif.info\\\/index.php\\\/stage-du-syli-17-sur-les-23-convoques-sont-deja-au-maroc\\\/\"]}]},{\"@type\":\"ImageObject\",\"inLanguage\":\"fr-FR\",\"@id\":\"https:\\\/\\\/oeilsportif.info\\\/index.php\\\/stage-du-syli-17-sur-les-23-convoques-sont-deja-au-maroc\\\/#primaryimage\",\"url\":\"https:\\\/\\\/i0.wp.com\\\/oeilsportif.info\\\/wp-content\\\/uploads\\\/2022\\\/05\\\/received_408127341207706.jpeg?fit=720%2C660&ssl=1\",\"contentUrl\":\"https:\\\/\\\/i0.wp.com\\\/oeilsportif.info\\\/wp-content\\\/uploads\\\/2022\\\/05\\\/received_408127341207706.jpeg?fit=720%2C660&ssl=1\",\"width\":720,\"height\":660},{\"@type\":\"WebSite\",\"@id\":\"https:\\\/\\\/oeilsportif.info\\\/#website\",\"url\":\"https:\\\/\\\/oeilsportif.info\\\/\",\"name\":\"le regard du sportif\",\"description\":\"\",\"potentialAction\":[{\"@type\":\"SearchAction\",\"target\":{\"@type\":\"EntryPoint\",\"urlTemplate\":\"https:\\\/\\\/oeilsportif.info\\\/?s={search_term_string}\"},\"query-input\":{\"@type\":\"PropertyValueSpecification\",\"valueRequired\":true,\"valueName\":\"search_term_string\"}}],\"inLanguage\":\"fr-FR\"},{\"@type\":\"Person\",\"@id\":\"https:\\\/\\\/oeilsportif.info\\\/#\\\/schema\\\/person\\\/cfbded294aa6095f7d96608d7905e9a1\",\"name\":\"L'Equipe de la R\u00e9daction\",\"image\":{\"@type\":\"ImageObject\",\"inLanguage\":\"fr-FR\",\"@id\":\"https:\\\/\\\/oeilsportif.info\\\/wp-content\\\/uploads\\\/2025\\\/07\\\/cropped-cropped-logo-os-96x96.jpeg\",\"url\":\"https:\\\/\\\/oeilsportif.info\\\/wp-content\\\/uploads\\\/2025\\\/07\\\/cropped-cropped-logo-os-96x96.jpeg\",\"contentUrl\":\"https:\\\/\\\/oeilsportif.info\\\/wp-content\\\/uploads\\\/2025\\\/07\\\/cropped-cropped-logo-os-96x96.jpeg\",\"caption\":\"L'Equipe de la R\u00e9daction\"},\"url\":\"https:\\\/\\\/oeilsportif.info\\\/index.php\\\/author\\\/tawel\\\/\"}]}<\/script>\n<!-- \/ Yoast SEO plugin. -->","yoast_head_json":{"title":"Stage du Syli: 17 sur les 23 convoqu\u00e9s sont d\u00e9j\u00e0 au Maroc ! - le regard du sportif","robots":{"index":"index","follow":"follow","max-snippet":"max-snippet:-1","max-image-preview":"max-image-preview:large","max-video-preview":"max-video-preview:-1"},"canonical":"https:\/\/oeilsportif.info\/index.php\/stage-du-syli-17-sur-les-23-convoques-sont-deja-au-maroc\/","og_locale":"fr_FR","og_type":"article","og_title":"Stage du Syli: 17 sur les 23 convoqu\u00e9s sont d\u00e9j\u00e0 au Maroc ! - le regard du sportif","og_description":"En marge de la premi\u00e8re journ\u00e9e des \u00e9liminatoires de la coupe d&rsquo;Afrique des nations C\u00f4te d&rsquo;Ivoire 2023, la Guin\u00e9e a d\u00e9marr\u00e9 ce samedi 28 Mai 2022 les entra\u00eenements. Parmis les 23 convoqu\u00e9s, 14 ont assist\u00e9s \u00e0 la premi\u00e8re s\u00e9ance d&rsquo;entra\u00eenement ce samedi sous les ordres du s\u00e9lectionneur national Kaba Diawara. Amadou Diawara et Sekou Oumar [&hellip;]","og_url":"https:\/\/oeilsportif.info\/index.php\/stage-du-syli-17-sur-les-23-convoques-sont-deja-au-maroc\/","og_site_name":"le regard du sportif","article_published_time":"2022-05-29T22:35:01+00:00","og_image":[{"width":720,"height":660,"url":"https:\/\/oeilsportif.info\/wp-content\/uploads\/2022\/05\/received_408127341207706.jpeg","type":"image\/jpeg"}],"author":"L'Equipe de la R\u00e9daction","twitter_misc":{"\u00c9crit par":"L'Equipe de la R\u00e9daction","Dur\u00e9e de lecture estim\u00e9e":"1 minute"},"schema":{"@context":"https:\/\/schema.org","@graph":[{"@type":"Article","@id":"https:\/\/oeilsportif.info\/index.php\/stage-du-syli-17-sur-les-23-convoques-sont-deja-au-maroc\/#article","isPartOf":{"@id":"https:\/\/oeilsportif.info\/index.php\/stage-du-syli-17-sur-les-23-convoques-sont-deja-au-maroc\/"},"author":{"name":"L'Equipe de la R\u00e9daction","@id":"https:\/\/oeilsportif.info\/#\/schema\/person\/cfbded294aa6095f7d96608d7905e9a1"},"headline":"Stage du Syli: 17 sur les 23 convoqu\u00e9s sont d\u00e9j\u00e0 au Maroc !","datePublished":"2022-05-29T22:35:01+00:00","mainEntityOfPage":{"@id":"https:\/\/oeilsportif.info\/index.php\/stage-du-syli-17-sur-les-23-convoques-sont-deja-au-maroc\/"},"wordCount":161,"image":{"@id":"https:\/\/oeilsportif.info\/index.php\/stage-du-syli-17-sur-les-23-convoques-sont-deja-au-maroc\/#primaryimage"},"thumbnailUrl":"https:\/\/i0.wp.com\/oeilsportif.info\/wp-content\/uploads\/2022\/05\/received_408127341207706.jpeg?fit=720%2C660&ssl=1","articleSection":["Football"],"inLanguage":"fr-FR"},{"@type":"WebPage","@id":"https:\/\/oeilsportif.info\/index.php\/stage-du-syli-17-sur-les-23-convoques-sont-deja-au-maroc\/","url":"https:\/\/oeilsportif.info\/index.php\/stage-du-syli-17-sur-les-23-convoques-sont-deja-au-maroc\/","name":"Stage du Syli: 17 sur les 23 convoqu\u00e9s sont d\u00e9j\u00e0 au Maroc ! - le regard du sportif","isPartOf":{"@id":"https:\/\/oeilsportif.info\/#website"},"primaryImageOfPage":{"@id":"https:\/\/oeilsportif.info\/index.php\/stage-du-syli-17-sur-les-23-convoques-sont-deja-au-maroc\/#primaryimage"},"image":{"@id":"https:\/\/oeilsportif.info\/index.php\/stage-du-syli-17-sur-les-23-convoques-sont-deja-au-maroc\/#primaryimage"},"thumbnailUrl":"https:\/\/i0.wp.com\/oeilsportif.info\/wp-content\/uploads\/2022\/05\/received_408127341207706.jpeg?fit=720%2C660&ssl=1","datePublished":"2022-05-29T22:35:01+00:00","author":{"@id":"https:\/\/oeilsportif.info\/#\/schema\/person\/cfbded294aa6095f7d96608d7905e9a1"},"inLanguage":"fr-FR","potentialAction":[{"@type":"ReadAction","target":["https:\/\/oeilsportif.info\/index.php\/stage-du-syli-17-sur-les-23-convoques-sont-deja-au-maroc\/"]}]},{"@type":"ImageObject","inLanguage":"fr-FR","@id":"https:\/\/oeilsportif.info\/index.php\/stage-du-syli-17-sur-les-23-convoques-sont-deja-au-maroc\/#primaryimage","url":"https:\/\/i0.wp.com\/oeilsportif.info\/wp-content\/uploads\/2022\/05\/received_408127341207706.jpeg?fit=720%2C660&ssl=1","contentUrl":"https:\/\/i0.wp.com\/oeilsportif.info\/wp-content\/uploads\/2022\/05\/received_408127341207706.jpeg?fit=720%2C660&ssl=1","width":720,"height":660},{"@type":"WebSite","@id":"https:\/\/oeilsportif.info\/#website","url":"https:\/\/oeilsportif.info\/","name":"le regard du sportif","description":"","potentialAction":[{"@type":"SearchAction","target":{"@type":"EntryPoint","urlTemplate":"https:\/\/oeilsportif.info\/?s={search_term_string}"},"query-input":{"@type":"PropertyValueSpecification","valueRequired":true,"valueName":"search_term_string"}}],"inLanguage":"fr-FR"},{"@type":"Person","@id":"https:\/\/oeilsportif.info\/#\/schema\/person\/cfbded294aa6095f7d96608d7905e9a1","name":"L'Equipe de la R\u00e9daction","image":{"@type":"ImageObject","inLanguage":"fr-FR","@id":"https:\/\/oeilsportif.info\/wp-content\/uploads\/2025\/07\/cropped-cropped-logo-os-96x96.jpeg","url":"https:\/\/oeilsportif.info\/wp-content\/uploads\/2025\/07\/cropped-cropped-logo-os-96x96.jpeg","contentUrl":"https:\/\/oeilsportif.info\/wp-content\/uploads\/2025\/07\/cropped-cropped-logo-os-96x96.jpeg","caption":"L'Equipe de la R\u00e9daction"},"url":"https:\/\/oeilsportif.info\/index.php\/author\/tawel\/"}]}},"jetpack_publicize_connections":[],"jetpack_featured_media_url":"https:\/\/i0.wp.com\/oeilsportif.info\/wp-content\/uploads\/2022\/05\/received_408127341207706.jpeg?fit=720%2C660&ssl=1","jetpack-related-posts":[],"jetpack_sharing_enabled":true,"jetpack_likes_enabled":true,"jetpack_shortlink":"https:\/\/wp.me\/pgFE77-8B","_links":{"self":[{"href":"https:\/\/oeilsportif.info\/index.php\/wp-json\/wp\/v2\/posts\/533","targetHints":{"allow":["GET"]}}],"collection":[{"href":"https:\/\/oeilsportif.info\/index.php\/wp-json\/wp\/v2\/posts"}],"about":[{"href":"https:\/\/oeilsportif.info\/index.php\/wp-json\/wp\/v2\/types\/post"}],"author":[{"embeddable":true,"href":"https:\/\/oeilsportif.info\/index.php\/wp-json\/wp\/v2\/users\/2"}],"replies":[{"embeddable":true,"href":"https:\/\/oeilsportif.info\/index.php\/wp-json\/wp\/v2\/comments?post=533"}],"version-history":[{"count":0,"href":"https:\/\/oeilsportif.info\/index.php\/wp-json\/wp\/v2\/posts\/533\/revisions"}],"wp:featuredmedia":[{"embeddable":true,"href":"https:\/\/oeilsportif.info\/index.php\/wp-json\/wp\/v2\/media\/534"}],"wp:attachment":[{"href":"https:\/\/oeilsportif.info\/index.php\/wp-json\/wp\/v2\/media?parent=533"}],"wp:term":[{"taxonomy":"category","embeddable":true,"href":"https:\/\/oeilsportif.info\/index.php\/wp-json\/wp\/v2\/categories?post=533"},{"taxonomy":"post_tag","embeddable":true,"href":"https:\/\/oeilsportif.info\/index.php\/wp-json\/wp\/v2\/tags?post=533"}],"curies":[{"name":"wp","href":"https:\/\/api.w.org\/{rel}","templated":true}]}}