{"id":5147,"date":"2024-12-13T13:15:53","date_gmt":"2024-12-13T13:15:53","guid":{"rendered":"https:\/\/oeilsportif.info\/index.php\/?p=5147"},"modified":"2024-12-13T13:15:53","modified_gmt":"2024-12-13T13:15:53","slug":"conference-de-presse-davant-demarrage-du-championnat-de-ligue-1-guicopres-saison-sportive-2024-2025-lucien-guilao-president-de-la-ligue-guineenne-de-football-professionnel-face-a-la-presse","status":"publish","type":"post","link":"https:\/\/oeilsportif.info\/index.php\/conference-de-presse-davant-demarrage-du-championnat-de-ligue-1-guicopres-saison-sportive-2024-2025-lucien-guilao-president-de-la-ligue-guineenne-de-football-professionnel-face-a-la-presse\/","title":{"rendered":"Conf\u00e9rence de Presse d\u2019avant d\u00e9marrage du Championnat de Ligue 1 Guicopres Saison Sportive 2024-2025 : Lucien Guilao Pr\u00e9sident de la Ligue Guin\u00e9enne de Football Professionnel face \u00e0 la presse."},"content":{"rendered":"<p>Sur le d\u00e9marrage du Championnat : \u2018\u2019il faut qu\u2019on joue. Nos jeunes ont besoin de jouer, il y\u2019a le Chan qui arrive, et on est en retard par rapport au calendrier. En juin on doit donner les noms des clubs repr\u00e9sentant notre pays dans les comp\u00e9titions interclubs de la CAF. Et pour cela il faut qu\u2019on commence maintenant. Le lancement du championnat se fera \u00e0 Kankan et on remettra au Milo son troph\u00e9e de Champion et le ch\u00e8que en bois qui sera pay\u00e9 plus tard. Si des clubs ne jouent pas il faudra constater le forfait et si les forfaits se multiplient on constatera la saison blanche mais il faut que \u00e7a passe par le r\u00e8glement\u2019\u2019.<\/p>\n<p>Sur la subvention accord\u00e9e aux Clubs : \u2018<em><strong>\u2019nous travaillons avec les clubs et pour les clubs. Ce sont nos partenaires. Pour preuve, nous avons depuis la saison derni\u00e8re trouv\u00e9 500 millions gr\u00e2ce aux droits TV. 84% de ce montant soit 420 millions est revers\u00e9 aux clubs. La coupe de la Ligue est venue en appoint, tout ceci prouve notre bonne foi \u00e0 aider et soutenir les clubs. Nous ne sommes pas dans une logique de bellig\u00e9rance. Nous leur demandons humblement de prendre le montant propos\u00e9 car nous continuons \u00e0 nous battre pour augmenter les fonds. Mais pendant ce temps il faut qu\u2019on joue\u2019\u2019.<\/strong><\/em><\/p>\n<p>Source :LGFP<\/p>\n","protected":false},"excerpt":{"rendered":"<p>Sur le d\u00e9marrage du Championnat : \u2018\u2019il faut qu\u2019on joue. Nos jeunes ont besoin de jouer, il y\u2019a le Chan qui arrive, et on est en retard par rapport au calendrier. En juin on doit donner les noms des clubs repr\u00e9sentant notre pays dans les comp\u00e9titions interclubs de la CAF. Et pour cela il faut [&hellip;]<\/p>\n","protected":false},"author":2,"featured_media":5148,"comment_status":"closed","ping_status":"closed","sticky":false,"template":"","format":"standard","meta":{"_jetpack_memberships_contains_paid_content":false,"footnotes":"","jetpack_publicize_message":"","jetpack_publicize_feature_enabled":true,"jetpack_social_post_already_shared":true,"jetpack_social_options":{"image_generator_settings":{"template":"highway","default_image_id":0,"font":"","enabled":false},"version":2}},"categories":[5],"tags":[],"class_list":{"0":"post-5147","1":"post","2":"type-post","3":"status-publish","4":"format-standard","5":"has-post-thumbnail","7":"category-football"},"yoast_head":"<!-- This site is optimized with the Yoast SEO plugin v27.5 - https:\/\/yoast.com\/product\/yoast-seo-wordpress\/ -->\n<title>Conf\u00e9rence de Presse d\u2019avant d\u00e9marrage du Championnat de Ligue 1 Guicopres Saison Sportive 2024-2025 : Lucien Guilao Pr\u00e9sident de la Ligue Guin\u00e9enne de Football Professionnel face \u00e0 la presse. - le regard du sportif<\/title>\n<meta name=\"robots\" content=\"index, follow, max-snippet:-1, max-image-preview:large, max-video-preview:-1\" \/>\n<link rel=\"canonical\" href=\"https:\/\/oeilsportif.info\/index.php\/conference-de-presse-davant-demarrage-du-championnat-de-ligue-1-guicopres-saison-sportive-2024-2025-lucien-guilao-president-de-la-ligue-guineenne-de-football-professionnel-face-a-la-presse\/\" \/>\n<meta property=\"og:locale\" content=\"fr_FR\" \/>\n<meta property=\"og:type\" content=\"article\" \/>\n<meta property=\"og:title\" content=\"Conf\u00e9rence de Presse d\u2019avant d\u00e9marrage du Championnat de Ligue 1 Guicopres Saison Sportive 2024-2025 : Lucien Guilao Pr\u00e9sident de la Ligue Guin\u00e9enne de Football Professionnel face \u00e0 la presse. - le regard du sportif\" \/>\n<meta property=\"og:description\" content=\"Sur le d\u00e9marrage du Championnat : \u2018\u2019il faut qu\u2019on joue. Nos jeunes ont besoin de jouer, il y\u2019a le Chan qui arrive, et on est en retard par rapport au calendrier. En juin on doit donner les noms des clubs repr\u00e9sentant notre pays dans les comp\u00e9titions interclubs de la CAF. Et pour cela il faut [&hellip;]\" \/>\n<meta property=\"og:url\" content=\"https:\/\/oeilsportif.info\/index.php\/conference-de-presse-davant-demarrage-du-championnat-de-ligue-1-guicopres-saison-sportive-2024-2025-lucien-guilao-president-de-la-ligue-guineenne-de-football-professionnel-face-a-la-presse\/\" \/>\n<meta property=\"og:site_name\" content=\"le regard du sportif\" \/>\n<meta property=\"article:published_time\" content=\"2024-12-13T13:15:53+00:00\" \/>\n<meta property=\"og:image\" content=\"https:\/\/oeilsportif.info\/wp-content\/uploads\/2024\/12\/IMG_6439.jpeg\" \/>\n\t<meta property=\"og:image:width\" content=\"1002\" \/>\n\t<meta property=\"og:image:height\" content=\"1280\" \/>\n\t<meta property=\"og:image:type\" content=\"image\/jpeg\" \/>\n<meta name=\"author\" content=\"L&#039;Equipe de la R\u00e9daction\" \/>\n<meta name=\"twitter:label1\" content=\"\u00c9crit par\" \/>\n\t<meta name=\"twitter:data1\" content=\"L&#039;Equipe de la R\u00e9daction\" \/>\n\t<meta name=\"twitter:label2\" content=\"Dur\u00e9e de lecture estim\u00e9e\" \/>\n\t<meta name=\"twitter:data2\" content=\"2 minutes\" \/>\n<script type=\"application\/ld+json\" class=\"yoast-schema-graph\">{\"@context\":\"https:\\\/\\\/schema.org\",\"@graph\":[{\"@type\":\"Article\",\"@id\":\"https:\\\/\\\/oeilsportif.info\\\/index.php\\\/conference-de-presse-davant-demarrage-du-championnat-de-ligue-1-guicopres-saison-sportive-2024-2025-lucien-guilao-president-de-la-ligue-guineenne-de-football-professionnel-face-a-la-presse\\\/#article\",\"isPartOf\":{\"@id\":\"https:\\\/\\\/oeilsportif.info\\\/index.php\\\/conference-de-presse-davant-demarrage-du-championnat-de-ligue-1-guicopres-saison-sportive-2024-2025-lucien-guilao-president-de-la-ligue-guineenne-de-football-professionnel-face-a-la-presse\\\/\"},\"author\":{\"name\":\"L'Equipe de la R\u00e9daction\",\"@id\":\"https:\\\/\\\/oeilsportif.info\\\/#\\\/schema\\\/person\\\/cfbded294aa6095f7d96608d7905e9a1\"},\"headline\":\"Conf\u00e9rence de Presse d\u2019avant d\u00e9marrage du Championnat de Ligue 1 Guicopres Saison Sportive 2024-2025 : Lucien Guilao Pr\u00e9sident de la Ligue Guin\u00e9enne de Football Professionnel face \u00e0 la presse.\",\"datePublished\":\"2024-12-13T13:15:53+00:00\",\"mainEntityOfPage\":{\"@id\":\"https:\\\/\\\/oeilsportif.info\\\/index.php\\\/conference-de-presse-davant-demarrage-du-championnat-de-ligue-1-guicopres-saison-sportive-2024-2025-lucien-guilao-president-de-la-ligue-guineenne-de-football-professionnel-face-a-la-presse\\\/\"},\"wordCount\":258,\"image\":{\"@id\":\"https:\\\/\\\/oeilsportif.info\\\/index.php\\\/conference-de-presse-davant-demarrage-du-championnat-de-ligue-1-guicopres-saison-sportive-2024-2025-lucien-guilao-president-de-la-ligue-guineenne-de-football-professionnel-face-a-la-presse\\\/#primaryimage\"},\"thumbnailUrl\":\"https:\\\/\\\/i0.wp.com\\\/oeilsportif.info\\\/wp-content\\\/uploads\\\/2024\\\/12\\\/IMG_6439.jpeg?fit=1002%2C1280&ssl=1\",\"articleSection\":[\"Football\"],\"inLanguage\":\"fr-FR\"},{\"@type\":\"WebPage\",\"@id\":\"https:\\\/\\\/oeilsportif.info\\\/index.php\\\/conference-de-presse-davant-demarrage-du-championnat-de-ligue-1-guicopres-saison-sportive-2024-2025-lucien-guilao-president-de-la-ligue-guineenne-de-football-professionnel-face-a-la-presse\\\/\",\"url\":\"https:\\\/\\\/oeilsportif.info\\\/index.php\\\/conference-de-presse-davant-demarrage-du-championnat-de-ligue-1-guicopres-saison-sportive-2024-2025-lucien-guilao-president-de-la-ligue-guineenne-de-football-professionnel-face-a-la-presse\\\/\",\"name\":\"Conf\u00e9rence de Presse d\u2019avant d\u00e9marrage du Championnat de Ligue 1 Guicopres Saison Sportive 2024-2025 : Lucien Guilao Pr\u00e9sident de la Ligue Guin\u00e9enne de Football Professionnel face \u00e0 la presse. - le regard du sportif\",\"isPartOf\":{\"@id\":\"https:\\\/\\\/oeilsportif.info\\\/#website\"},\"primaryImageOfPage\":{\"@id\":\"https:\\\/\\\/oeilsportif.info\\\/index.php\\\/conference-de-presse-davant-demarrage-du-championnat-de-ligue-1-guicopres-saison-sportive-2024-2025-lucien-guilao-president-de-la-ligue-guineenne-de-football-professionnel-face-a-la-presse\\\/#primaryimage\"},\"image\":{\"@id\":\"https:\\\/\\\/oeilsportif.info\\\/index.php\\\/conference-de-presse-davant-demarrage-du-championnat-de-ligue-1-guicopres-saison-sportive-2024-2025-lucien-guilao-president-de-la-ligue-guineenne-de-football-professionnel-face-a-la-presse\\\/#primaryimage\"},\"thumbnailUrl\":\"https:\\\/\\\/i0.wp.com\\\/oeilsportif.info\\\/wp-content\\\/uploads\\\/2024\\\/12\\\/IMG_6439.jpeg?fit=1002%2C1280&ssl=1\",\"datePublished\":\"2024-12-13T13:15:53+00:00\",\"author\":{\"@id\":\"https:\\\/\\\/oeilsportif.info\\\/#\\\/schema\\\/person\\\/cfbded294aa6095f7d96608d7905e9a1\"},\"inLanguage\":\"fr-FR\",\"potentialAction\":[{\"@type\":\"ReadAction\",\"target\":[\"https:\\\/\\\/oeilsportif.info\\\/index.php\\\/conference-de-presse-davant-demarrage-du-championnat-de-ligue-1-guicopres-saison-sportive-2024-2025-lucien-guilao-president-de-la-ligue-guineenne-de-football-professionnel-face-a-la-presse\\\/\"]}]},{\"@type\":\"ImageObject\",\"inLanguage\":\"fr-FR\",\"@id\":\"https:\\\/\\\/oeilsportif.info\\\/index.php\\\/conference-de-presse-davant-demarrage-du-championnat-de-ligue-1-guicopres-saison-sportive-2024-2025-lucien-guilao-president-de-la-ligue-guineenne-de-football-professionnel-face-a-la-presse\\\/#primaryimage\",\"url\":\"https:\\\/\\\/i0.wp.com\\\/oeilsportif.info\\\/wp-content\\\/uploads\\\/2024\\\/12\\\/IMG_6439.jpeg?fit=1002%2C1280&ssl=1\",\"contentUrl\":\"https:\\\/\\\/i0.wp.com\\\/oeilsportif.info\\\/wp-content\\\/uploads\\\/2024\\\/12\\\/IMG_6439.jpeg?fit=1002%2C1280&ssl=1\",\"width\":1002,\"height\":1280},{\"@type\":\"WebSite\",\"@id\":\"https:\\\/\\\/oeilsportif.info\\\/#website\",\"url\":\"https:\\\/\\\/oeilsportif.info\\\/\",\"name\":\"le regard du sportif\",\"description\":\"\",\"potentialAction\":[{\"@type\":\"SearchAction\",\"target\":{\"@type\":\"EntryPoint\",\"urlTemplate\":\"https:\\\/\\\/oeilsportif.info\\\/?s={search_term_string}\"},\"query-input\":{\"@type\":\"PropertyValueSpecification\",\"valueRequired\":true,\"valueName\":\"search_term_string\"}}],\"inLanguage\":\"fr-FR\"},{\"@type\":\"Person\",\"@id\":\"https:\\\/\\\/oeilsportif.info\\\/#\\\/schema\\\/person\\\/cfbded294aa6095f7d96608d7905e9a1\",\"name\":\"L'Equipe de la R\u00e9daction\",\"image\":{\"@type\":\"ImageObject\",\"inLanguage\":\"fr-FR\",\"@id\":\"https:\\\/\\\/oeilsportif.info\\\/wp-content\\\/uploads\\\/2025\\\/07\\\/cropped-cropped-logo-os-96x96.jpeg\",\"url\":\"https:\\\/\\\/oeilsportif.info\\\/wp-content\\\/uploads\\\/2025\\\/07\\\/cropped-cropped-logo-os-96x96.jpeg\",\"contentUrl\":\"https:\\\/\\\/oeilsportif.info\\\/wp-content\\\/uploads\\\/2025\\\/07\\\/cropped-cropped-logo-os-96x96.jpeg\",\"caption\":\"L'Equipe de la R\u00e9daction\"},\"url\":\"https:\\\/\\\/oeilsportif.info\\\/index.php\\\/author\\\/tawel\\\/\"}]}<\/script>\n<!-- \/ Yoast SEO plugin. -->","yoast_head_json":{"title":"Conf\u00e9rence de Presse d\u2019avant d\u00e9marrage du Championnat de Ligue 1 Guicopres Saison Sportive 2024-2025 : Lucien Guilao Pr\u00e9sident de la Ligue Guin\u00e9enne de Football Professionnel face \u00e0 la presse. - le regard du sportif","robots":{"index":"index","follow":"follow","max-snippet":"max-snippet:-1","max-image-preview":"max-image-preview:large","max-video-preview":"max-video-preview:-1"},"canonical":"https:\/\/oeilsportif.info\/index.php\/conference-de-presse-davant-demarrage-du-championnat-de-ligue-1-guicopres-saison-sportive-2024-2025-lucien-guilao-president-de-la-ligue-guineenne-de-football-professionnel-face-a-la-presse\/","og_locale":"fr_FR","og_type":"article","og_title":"Conf\u00e9rence de Presse d\u2019avant d\u00e9marrage du Championnat de Ligue 1 Guicopres Saison Sportive 2024-2025 : Lucien Guilao Pr\u00e9sident de la Ligue Guin\u00e9enne de Football Professionnel face \u00e0 la presse. - le regard du sportif","og_description":"Sur le d\u00e9marrage du Championnat : \u2018\u2019il faut qu\u2019on joue. Nos jeunes ont besoin de jouer, il y\u2019a le Chan qui arrive, et on est en retard par rapport au calendrier. En juin on doit donner les noms des clubs repr\u00e9sentant notre pays dans les comp\u00e9titions interclubs de la CAF. Et pour cela il faut [&hellip;]","og_url":"https:\/\/oeilsportif.info\/index.php\/conference-de-presse-davant-demarrage-du-championnat-de-ligue-1-guicopres-saison-sportive-2024-2025-lucien-guilao-president-de-la-ligue-guineenne-de-football-professionnel-face-a-la-presse\/","og_site_name":"le regard du sportif","article_published_time":"2024-12-13T13:15:53+00:00","og_image":[{"width":1002,"height":1280,"url":"https:\/\/oeilsportif.info\/wp-content\/uploads\/2024\/12\/IMG_6439.jpeg","type":"image\/jpeg"}],"author":"L'Equipe de la R\u00e9daction","twitter_misc":{"\u00c9crit par":"L'Equipe de la R\u00e9daction","Dur\u00e9e de lecture estim\u00e9e":"2 minutes"},"schema":{"@context":"https:\/\/schema.org","@graph":[{"@type":"Article","@id":"https:\/\/oeilsportif.info\/index.php\/conference-de-presse-davant-demarrage-du-championnat-de-ligue-1-guicopres-saison-sportive-2024-2025-lucien-guilao-president-de-la-ligue-guineenne-de-football-professionnel-face-a-la-presse\/#article","isPartOf":{"@id":"https:\/\/oeilsportif.info\/index.php\/conference-de-presse-davant-demarrage-du-championnat-de-ligue-1-guicopres-saison-sportive-2024-2025-lucien-guilao-president-de-la-ligue-guineenne-de-football-professionnel-face-a-la-presse\/"},"author":{"name":"L'Equipe de la R\u00e9daction","@id":"https:\/\/oeilsportif.info\/#\/schema\/person\/cfbded294aa6095f7d96608d7905e9a1"},"headline":"Conf\u00e9rence de Presse d\u2019avant d\u00e9marrage du Championnat de Ligue 1 Guicopres Saison Sportive 2024-2025 : Lucien Guilao Pr\u00e9sident de la Ligue Guin\u00e9enne de Football Professionnel face \u00e0 la presse.","datePublished":"2024-12-13T13:15:53+00:00","mainEntityOfPage":{"@id":"https:\/\/oeilsportif.info\/index.php\/conference-de-presse-davant-demarrage-du-championnat-de-ligue-1-guicopres-saison-sportive-2024-2025-lucien-guilao-president-de-la-ligue-guineenne-de-football-professionnel-face-a-la-presse\/"},"wordCount":258,"image":{"@id":"https:\/\/oeilsportif.info\/index.php\/conference-de-presse-davant-demarrage-du-championnat-de-ligue-1-guicopres-saison-sportive-2024-2025-lucien-guilao-president-de-la-ligue-guineenne-de-football-professionnel-face-a-la-presse\/#primaryimage"},"thumbnailUrl":"https:\/\/i0.wp.com\/oeilsportif.info\/wp-content\/uploads\/2024\/12\/IMG_6439.jpeg?fit=1002%2C1280&ssl=1","articleSection":["Football"],"inLanguage":"fr-FR"},{"@type":"WebPage","@id":"https:\/\/oeilsportif.info\/index.php\/conference-de-presse-davant-demarrage-du-championnat-de-ligue-1-guicopres-saison-sportive-2024-2025-lucien-guilao-president-de-la-ligue-guineenne-de-football-professionnel-face-a-la-presse\/","url":"https:\/\/oeilsportif.info\/index.php\/conference-de-presse-davant-demarrage-du-championnat-de-ligue-1-guicopres-saison-sportive-2024-2025-lucien-guilao-president-de-la-ligue-guineenne-de-football-professionnel-face-a-la-presse\/","name":"Conf\u00e9rence de Presse d\u2019avant d\u00e9marrage du Championnat de Ligue 1 Guicopres Saison Sportive 2024-2025 : Lucien Guilao Pr\u00e9sident de la Ligue Guin\u00e9enne de Football Professionnel face \u00e0 la presse. - le regard du sportif","isPartOf":{"@id":"https:\/\/oeilsportif.info\/#website"},"primaryImageOfPage":{"@id":"https:\/\/oeilsportif.info\/index.php\/conference-de-presse-davant-demarrage-du-championnat-de-ligue-1-guicopres-saison-sportive-2024-2025-lucien-guilao-president-de-la-ligue-guineenne-de-football-professionnel-face-a-la-presse\/#primaryimage"},"image":{"@id":"https:\/\/oeilsportif.info\/index.php\/conference-de-presse-davant-demarrage-du-championnat-de-ligue-1-guicopres-saison-sportive-2024-2025-lucien-guilao-president-de-la-ligue-guineenne-de-football-professionnel-face-a-la-presse\/#primaryimage"},"thumbnailUrl":"https:\/\/i0.wp.com\/oeilsportif.info\/wp-content\/uploads\/2024\/12\/IMG_6439.jpeg?fit=1002%2C1280&ssl=1","datePublished":"2024-12-13T13:15:53+00:00","author":{"@id":"https:\/\/oeilsportif.info\/#\/schema\/person\/cfbded294aa6095f7d96608d7905e9a1"},"inLanguage":"fr-FR","potentialAction":[{"@type":"ReadAction","target":["https:\/\/oeilsportif.info\/index.php\/conference-de-presse-davant-demarrage-du-championnat-de-ligue-1-guicopres-saison-sportive-2024-2025-lucien-guilao-president-de-la-ligue-guineenne-de-football-professionnel-face-a-la-presse\/"]}]},{"@type":"ImageObject","inLanguage":"fr-FR","@id":"https:\/\/oeilsportif.info\/index.php\/conference-de-presse-davant-demarrage-du-championnat-de-ligue-1-guicopres-saison-sportive-2024-2025-lucien-guilao-president-de-la-ligue-guineenne-de-football-professionnel-face-a-la-presse\/#primaryimage","url":"https:\/\/i0.wp.com\/oeilsportif.info\/wp-content\/uploads\/2024\/12\/IMG_6439.jpeg?fit=1002%2C1280&ssl=1","contentUrl":"https:\/\/i0.wp.com\/oeilsportif.info\/wp-content\/uploads\/2024\/12\/IMG_6439.jpeg?fit=1002%2C1280&ssl=1","width":1002,"height":1280},{"@type":"WebSite","@id":"https:\/\/oeilsportif.info\/#website","url":"https:\/\/oeilsportif.info\/","name":"le regard du sportif","description":"","potentialAction":[{"@type":"SearchAction","target":{"@type":"EntryPoint","urlTemplate":"https:\/\/oeilsportif.info\/?s={search_term_string}"},"query-input":{"@type":"PropertyValueSpecification","valueRequired":true,"valueName":"search_term_string"}}],"inLanguage":"fr-FR"},{"@type":"Person","@id":"https:\/\/oeilsportif.info\/#\/schema\/person\/cfbded294aa6095f7d96608d7905e9a1","name":"L'Equipe de la R\u00e9daction","image":{"@type":"ImageObject","inLanguage":"fr-FR","@id":"https:\/\/oeilsportif.info\/wp-content\/uploads\/2025\/07\/cropped-cropped-logo-os-96x96.jpeg","url":"https:\/\/oeilsportif.info\/wp-content\/uploads\/2025\/07\/cropped-cropped-logo-os-96x96.jpeg","contentUrl":"https:\/\/oeilsportif.info\/wp-content\/uploads\/2025\/07\/cropped-cropped-logo-os-96x96.jpeg","caption":"L'Equipe de la R\u00e9daction"},"url":"https:\/\/oeilsportif.info\/index.php\/author\/tawel\/"}]}},"jetpack_publicize_connections":[],"jetpack_featured_media_url":"https:\/\/i0.wp.com\/oeilsportif.info\/wp-content\/uploads\/2024\/12\/IMG_6439.jpeg?fit=1002%2C1280&ssl=1","jetpack-related-posts":[],"jetpack_sharing_enabled":true,"jetpack_likes_enabled":true,"jetpack_shortlink":"https:\/\/wp.me\/pgFE77-1l1","_links":{"self":[{"href":"https:\/\/oeilsportif.info\/index.php\/wp-json\/wp\/v2\/posts\/5147","targetHints":{"allow":["GET"]}}],"collection":[{"href":"https:\/\/oeilsportif.info\/index.php\/wp-json\/wp\/v2\/posts"}],"about":[{"href":"https:\/\/oeilsportif.info\/index.php\/wp-json\/wp\/v2\/types\/post"}],"author":[{"embeddable":true,"href":"https:\/\/oeilsportif.info\/index.php\/wp-json\/wp\/v2\/users\/2"}],"replies":[{"embeddable":true,"href":"https:\/\/oeilsportif.info\/index.php\/wp-json\/wp\/v2\/comments?post=5147"}],"version-history":[{"count":0,"href":"https:\/\/oeilsportif.info\/index.php\/wp-json\/wp\/v2\/posts\/5147\/revisions"}],"wp:featuredmedia":[{"embeddable":true,"href":"https:\/\/oeilsportif.info\/index.php\/wp-json\/wp\/v2\/media\/5148"}],"wp:attachment":[{"href":"https:\/\/oeilsportif.info\/index.php\/wp-json\/wp\/v2\/media?parent=5147"}],"wp:term":[{"taxonomy":"category","embeddable":true,"href":"https:\/\/oeilsportif.info\/index.php\/wp-json\/wp\/v2\/categories?post=5147"},{"taxonomy":"post_tag","embeddable":true,"href":"https:\/\/oeilsportif.info\/index.php\/wp-json\/wp\/v2\/tags?post=5147"}],"curies":[{"name":"wp","href":"https:\/\/api.w.org\/{rel}","templated":true}]}}