{"id":5125,"date":"2024-12-02T17:02:22","date_gmt":"2024-12-02T17:02:22","guid":{"rendered":"https:\/\/oeilsportif.info\/index.php\/?p=5125"},"modified":"2024-12-02T17:02:22","modified_gmt":"2024-12-02T17:02:22","slug":"la-fgf-exprime-sa-vive-compassion-et-presente-ses-condoleances-suite-aux-douloureux-evenements-survenus-a-nzerekore","status":"publish","type":"post","link":"https:\/\/oeilsportif.info\/index.php\/la-fgf-exprime-sa-vive-compassion-et-presente-ses-condoleances-suite-aux-douloureux-evenements-survenus-a-nzerekore\/","title":{"rendered":"LA FGF EXPRIME SA VIVE COMPASSION ET PR\u00c9SENTE SES CONDOL\u00c9ANCES SUITE AUX DOULOUREUX \u00c9V\u00c9NEMENTS SURVENUS \u00c0 N\u2019Z\u00c9R\u00c9KOR\u00c9"},"content":{"rendered":"<p>C\u2019est avec une immense douleur et une profonde consternation que la F\u00e9d\u00e9ration Guin\u00e9enne de Football a appris les douloureux \u00e9v\u00e9nements survenus au Stade 03 avril de N\u2019Z\u00e9r\u00e9kor\u00e9 entra\u00eenant de nombreuses pertes en vie humaines et des bless\u00e9s graves, suite \u00e0 un match de football opposant l\u2019\u00e9quipe de N\u2019Z\u00e9r\u00e9kor\u00e9 \u00e0 celle de Lab\u00e9.<\/p>\n<p>En ces moments de dures \u00e9preuves, le Comit\u00e9 Ex\u00e9cutif de la F\u00e9d\u00e9ration Guin\u00e9enne de Football se tient aux c\u00f4t\u00e9s du Gouvernement de la R\u00e9publique, pour exprimer, au nom de toute la famille du football guin\u00e9en, sa vive compassion et pr\u00e9senter ses sinc\u00e8res condol\u00e9ances aux populations de N\u2019Z\u00e9r\u00e9kor\u00e9 et de Lab\u00e9, ainsi qu\u2019\u00e0 l\u2019ensemble du Peuple de Guin\u00e9e \u00e9plor\u00e9s par ce drame.<\/p>\n<p>La F\u00e9d\u00e9ration Guin\u00e9enne de Football souhaite un prompt r\u00e9tablissement aux bless\u00e9s.<\/p>\n<p>Le football qui est fait pour unir les c\u0153urs et rapprocher les esprits ne devrait pas \u00eatre un facteur de drame et de d\u00e9solation. C\u2019est pourquoi, la FGF invite toute la famille du football \u00e0 observer le calme et la s\u00e9r\u00e9nit\u00e9 conform\u00e9ment aux mesures annonc\u00e9es par le Gouvernement dans son communiqu\u00e9.<\/p>\n<p>La F\u00e9d\u00e9ration Guin\u00e9enne de Football implore Allah le Tr\u00e8s Haut, pour qu\u2019il accueille l\u2019\u00e2me des innocentes victimes dans son paradis \u00e9ternel. Amine !<\/p>\n<p><strong>F\u00e9d\u00e9ration Guin\u00e9enne de Football\u00a0<\/strong><\/p>\n","protected":false},"excerpt":{"rendered":"<p>C\u2019est avec une immense douleur et une profonde consternation que la F\u00e9d\u00e9ration Guin\u00e9enne de Football a appris les douloureux \u00e9v\u00e9nements survenus au Stade 03 avril de N\u2019Z\u00e9r\u00e9kor\u00e9 entra\u00eenant de nombreuses pertes en vie humaines et des bless\u00e9s graves, suite \u00e0 un match de football opposant l\u2019\u00e9quipe de N\u2019Z\u00e9r\u00e9kor\u00e9 \u00e0 celle de Lab\u00e9. En ces moments [&hellip;]<\/p>\n","protected":false},"author":2,"featured_media":5126,"comment_status":"closed","ping_status":"closed","sticky":false,"template":"","format":"standard","meta":{"_jetpack_memberships_contains_paid_content":false,"footnotes":"","jetpack_publicize_message":"","jetpack_publicize_feature_enabled":true,"jetpack_social_post_already_shared":true,"jetpack_social_options":{"image_generator_settings":{"template":"highway","default_image_id":0,"font":"","enabled":false},"version":2}},"categories":[10,5],"tags":[],"class_list":{"0":"post-5125","1":"post","2":"type-post","3":"status-publish","4":"format-standard","5":"has-post-thumbnail","7":"category-actualite","8":"category-football"},"yoast_head":"<!-- This site is optimized with the Yoast SEO plugin v27.5 - https:\/\/yoast.com\/product\/yoast-seo-wordpress\/ -->\n<title>LA FGF EXPRIME SA VIVE COMPASSION ET PR\u00c9SENTE SES CONDOL\u00c9ANCES SUITE AUX DOULOUREUX \u00c9V\u00c9NEMENTS SURVENUS \u00c0 N\u2019Z\u00c9R\u00c9KOR\u00c9 - le regard du sportif<\/title>\n<meta name=\"robots\" content=\"index, follow, max-snippet:-1, max-image-preview:large, max-video-preview:-1\" \/>\n<link rel=\"canonical\" href=\"https:\/\/oeilsportif.info\/index.php\/la-fgf-exprime-sa-vive-compassion-et-presente-ses-condoleances-suite-aux-douloureux-evenements-survenus-a-nzerekore\/\" \/>\n<meta property=\"og:locale\" content=\"fr_FR\" \/>\n<meta property=\"og:type\" content=\"article\" \/>\n<meta property=\"og:title\" content=\"LA FGF EXPRIME SA VIVE COMPASSION ET PR\u00c9SENTE SES CONDOL\u00c9ANCES SUITE AUX DOULOUREUX \u00c9V\u00c9NEMENTS SURVENUS \u00c0 N\u2019Z\u00c9R\u00c9KOR\u00c9 - le regard du sportif\" \/>\n<meta property=\"og:description\" content=\"C\u2019est avec une immense douleur et une profonde consternation que la F\u00e9d\u00e9ration Guin\u00e9enne de Football a appris les douloureux \u00e9v\u00e9nements survenus au Stade 03 avril de N\u2019Z\u00e9r\u00e9kor\u00e9 entra\u00eenant de nombreuses pertes en vie humaines et des bless\u00e9s graves, suite \u00e0 un match de football opposant l\u2019\u00e9quipe de N\u2019Z\u00e9r\u00e9kor\u00e9 \u00e0 celle de Lab\u00e9. En ces moments [&hellip;]\" \/>\n<meta property=\"og:url\" content=\"https:\/\/oeilsportif.info\/index.php\/la-fgf-exprime-sa-vive-compassion-et-presente-ses-condoleances-suite-aux-douloureux-evenements-survenus-a-nzerekore\/\" \/>\n<meta property=\"og:site_name\" content=\"le regard du sportif\" \/>\n<meta property=\"article:published_time\" content=\"2024-12-02T17:02:22+00:00\" \/>\n<meta property=\"og:image\" content=\"https:\/\/oeilsportif.info\/wp-content\/uploads\/2024\/12\/IMG_6218.jpeg\" \/>\n\t<meta property=\"og:image:width\" content=\"1169\" \/>\n\t<meta property=\"og:image:height\" content=\"634\" \/>\n\t<meta property=\"og:image:type\" content=\"image\/jpeg\" \/>\n<meta name=\"author\" content=\"L&#039;Equipe de la R\u00e9daction\" \/>\n<meta name=\"twitter:label1\" content=\"\u00c9crit par\" \/>\n\t<meta name=\"twitter:data1\" content=\"L&#039;Equipe de la R\u00e9daction\" \/>\n\t<meta name=\"twitter:label2\" content=\"Dur\u00e9e de lecture estim\u00e9e\" \/>\n\t<meta name=\"twitter:data2\" content=\"2 minutes\" \/>\n<script type=\"application\/ld+json\" class=\"yoast-schema-graph\">{\"@context\":\"https:\\\/\\\/schema.org\",\"@graph\":[{\"@type\":\"Article\",\"@id\":\"https:\\\/\\\/oeilsportif.info\\\/index.php\\\/la-fgf-exprime-sa-vive-compassion-et-presente-ses-condoleances-suite-aux-douloureux-evenements-survenus-a-nzerekore\\\/#article\",\"isPartOf\":{\"@id\":\"https:\\\/\\\/oeilsportif.info\\\/index.php\\\/la-fgf-exprime-sa-vive-compassion-et-presente-ses-condoleances-suite-aux-douloureux-evenements-survenus-a-nzerekore\\\/\"},\"author\":{\"name\":\"L'Equipe de la R\u00e9daction\",\"@id\":\"https:\\\/\\\/oeilsportif.info\\\/#\\\/schema\\\/person\\\/cfbded294aa6095f7d96608d7905e9a1\"},\"headline\":\"LA FGF EXPRIME SA VIVE COMPASSION ET PR\u00c9SENTE SES CONDOL\u00c9ANCES SUITE AUX DOULOUREUX \u00c9V\u00c9NEMENTS SURVENUS \u00c0 N\u2019Z\u00c9R\u00c9KOR\u00c9\",\"datePublished\":\"2024-12-02T17:02:22+00:00\",\"mainEntityOfPage\":{\"@id\":\"https:\\\/\\\/oeilsportif.info\\\/index.php\\\/la-fgf-exprime-sa-vive-compassion-et-presente-ses-condoleances-suite-aux-douloureux-evenements-survenus-a-nzerekore\\\/\"},\"wordCount\":271,\"image\":{\"@id\":\"https:\\\/\\\/oeilsportif.info\\\/index.php\\\/la-fgf-exprime-sa-vive-compassion-et-presente-ses-condoleances-suite-aux-douloureux-evenements-survenus-a-nzerekore\\\/#primaryimage\"},\"thumbnailUrl\":\"https:\\\/\\\/i0.wp.com\\\/oeilsportif.info\\\/wp-content\\\/uploads\\\/2024\\\/12\\\/IMG_6218.jpeg?fit=1169%2C634&ssl=1\",\"articleSection\":[\"Actualit\u00e9\",\"Football\"],\"inLanguage\":\"fr-FR\"},{\"@type\":\"WebPage\",\"@id\":\"https:\\\/\\\/oeilsportif.info\\\/index.php\\\/la-fgf-exprime-sa-vive-compassion-et-presente-ses-condoleances-suite-aux-douloureux-evenements-survenus-a-nzerekore\\\/\",\"url\":\"https:\\\/\\\/oeilsportif.info\\\/index.php\\\/la-fgf-exprime-sa-vive-compassion-et-presente-ses-condoleances-suite-aux-douloureux-evenements-survenus-a-nzerekore\\\/\",\"name\":\"LA FGF EXPRIME SA VIVE COMPASSION ET PR\u00c9SENTE SES CONDOL\u00c9ANCES SUITE AUX DOULOUREUX \u00c9V\u00c9NEMENTS SURVENUS \u00c0 N\u2019Z\u00c9R\u00c9KOR\u00c9 - le regard du sportif\",\"isPartOf\":{\"@id\":\"https:\\\/\\\/oeilsportif.info\\\/#website\"},\"primaryImageOfPage\":{\"@id\":\"https:\\\/\\\/oeilsportif.info\\\/index.php\\\/la-fgf-exprime-sa-vive-compassion-et-presente-ses-condoleances-suite-aux-douloureux-evenements-survenus-a-nzerekore\\\/#primaryimage\"},\"image\":{\"@id\":\"https:\\\/\\\/oeilsportif.info\\\/index.php\\\/la-fgf-exprime-sa-vive-compassion-et-presente-ses-condoleances-suite-aux-douloureux-evenements-survenus-a-nzerekore\\\/#primaryimage\"},\"thumbnailUrl\":\"https:\\\/\\\/i0.wp.com\\\/oeilsportif.info\\\/wp-content\\\/uploads\\\/2024\\\/12\\\/IMG_6218.jpeg?fit=1169%2C634&ssl=1\",\"datePublished\":\"2024-12-02T17:02:22+00:00\",\"author\":{\"@id\":\"https:\\\/\\\/oeilsportif.info\\\/#\\\/schema\\\/person\\\/cfbded294aa6095f7d96608d7905e9a1\"},\"inLanguage\":\"fr-FR\",\"potentialAction\":[{\"@type\":\"ReadAction\",\"target\":[\"https:\\\/\\\/oeilsportif.info\\\/index.php\\\/la-fgf-exprime-sa-vive-compassion-et-presente-ses-condoleances-suite-aux-douloureux-evenements-survenus-a-nzerekore\\\/\"]}]},{\"@type\":\"ImageObject\",\"inLanguage\":\"fr-FR\",\"@id\":\"https:\\\/\\\/oeilsportif.info\\\/index.php\\\/la-fgf-exprime-sa-vive-compassion-et-presente-ses-condoleances-suite-aux-douloureux-evenements-survenus-a-nzerekore\\\/#primaryimage\",\"url\":\"https:\\\/\\\/i0.wp.com\\\/oeilsportif.info\\\/wp-content\\\/uploads\\\/2024\\\/12\\\/IMG_6218.jpeg?fit=1169%2C634&ssl=1\",\"contentUrl\":\"https:\\\/\\\/i0.wp.com\\\/oeilsportif.info\\\/wp-content\\\/uploads\\\/2024\\\/12\\\/IMG_6218.jpeg?fit=1169%2C634&ssl=1\",\"width\":1169,\"height\":634},{\"@type\":\"WebSite\",\"@id\":\"https:\\\/\\\/oeilsportif.info\\\/#website\",\"url\":\"https:\\\/\\\/oeilsportif.info\\\/\",\"name\":\"le regard du sportif\",\"description\":\"\",\"potentialAction\":[{\"@type\":\"SearchAction\",\"target\":{\"@type\":\"EntryPoint\",\"urlTemplate\":\"https:\\\/\\\/oeilsportif.info\\\/?s={search_term_string}\"},\"query-input\":{\"@type\":\"PropertyValueSpecification\",\"valueRequired\":true,\"valueName\":\"search_term_string\"}}],\"inLanguage\":\"fr-FR\"},{\"@type\":\"Person\",\"@id\":\"https:\\\/\\\/oeilsportif.info\\\/#\\\/schema\\\/person\\\/cfbded294aa6095f7d96608d7905e9a1\",\"name\":\"L'Equipe de la R\u00e9daction\",\"image\":{\"@type\":\"ImageObject\",\"inLanguage\":\"fr-FR\",\"@id\":\"https:\\\/\\\/oeilsportif.info\\\/wp-content\\\/uploads\\\/2025\\\/07\\\/cropped-cropped-logo-os-96x96.jpeg\",\"url\":\"https:\\\/\\\/oeilsportif.info\\\/wp-content\\\/uploads\\\/2025\\\/07\\\/cropped-cropped-logo-os-96x96.jpeg\",\"contentUrl\":\"https:\\\/\\\/oeilsportif.info\\\/wp-content\\\/uploads\\\/2025\\\/07\\\/cropped-cropped-logo-os-96x96.jpeg\",\"caption\":\"L'Equipe de la R\u00e9daction\"},\"url\":\"https:\\\/\\\/oeilsportif.info\\\/index.php\\\/author\\\/tawel\\\/\"}]}<\/script>\n<!-- \/ Yoast SEO plugin. -->","yoast_head_json":{"title":"LA FGF EXPRIME SA VIVE COMPASSION ET PR\u00c9SENTE SES CONDOL\u00c9ANCES SUITE AUX DOULOUREUX \u00c9V\u00c9NEMENTS SURVENUS \u00c0 N\u2019Z\u00c9R\u00c9KOR\u00c9 - le regard du sportif","robots":{"index":"index","follow":"follow","max-snippet":"max-snippet:-1","max-image-preview":"max-image-preview:large","max-video-preview":"max-video-preview:-1"},"canonical":"https:\/\/oeilsportif.info\/index.php\/la-fgf-exprime-sa-vive-compassion-et-presente-ses-condoleances-suite-aux-douloureux-evenements-survenus-a-nzerekore\/","og_locale":"fr_FR","og_type":"article","og_title":"LA FGF EXPRIME SA VIVE COMPASSION ET PR\u00c9SENTE SES CONDOL\u00c9ANCES SUITE AUX DOULOUREUX \u00c9V\u00c9NEMENTS SURVENUS \u00c0 N\u2019Z\u00c9R\u00c9KOR\u00c9 - le regard du sportif","og_description":"C\u2019est avec une immense douleur et une profonde consternation que la F\u00e9d\u00e9ration Guin\u00e9enne de Football a appris les douloureux \u00e9v\u00e9nements survenus au Stade 03 avril de N\u2019Z\u00e9r\u00e9kor\u00e9 entra\u00eenant de nombreuses pertes en vie humaines et des bless\u00e9s graves, suite \u00e0 un match de football opposant l\u2019\u00e9quipe de N\u2019Z\u00e9r\u00e9kor\u00e9 \u00e0 celle de Lab\u00e9. En ces moments [&hellip;]","og_url":"https:\/\/oeilsportif.info\/index.php\/la-fgf-exprime-sa-vive-compassion-et-presente-ses-condoleances-suite-aux-douloureux-evenements-survenus-a-nzerekore\/","og_site_name":"le regard du sportif","article_published_time":"2024-12-02T17:02:22+00:00","og_image":[{"width":1169,"height":634,"url":"https:\/\/oeilsportif.info\/wp-content\/uploads\/2024\/12\/IMG_6218.jpeg","type":"image\/jpeg"}],"author":"L'Equipe de la R\u00e9daction","twitter_misc":{"\u00c9crit par":"L'Equipe de la R\u00e9daction","Dur\u00e9e de lecture estim\u00e9e":"2 minutes"},"schema":{"@context":"https:\/\/schema.org","@graph":[{"@type":"Article","@id":"https:\/\/oeilsportif.info\/index.php\/la-fgf-exprime-sa-vive-compassion-et-presente-ses-condoleances-suite-aux-douloureux-evenements-survenus-a-nzerekore\/#article","isPartOf":{"@id":"https:\/\/oeilsportif.info\/index.php\/la-fgf-exprime-sa-vive-compassion-et-presente-ses-condoleances-suite-aux-douloureux-evenements-survenus-a-nzerekore\/"},"author":{"name":"L'Equipe de la R\u00e9daction","@id":"https:\/\/oeilsportif.info\/#\/schema\/person\/cfbded294aa6095f7d96608d7905e9a1"},"headline":"LA FGF EXPRIME SA VIVE COMPASSION ET PR\u00c9SENTE SES CONDOL\u00c9ANCES SUITE AUX DOULOUREUX \u00c9V\u00c9NEMENTS SURVENUS \u00c0 N\u2019Z\u00c9R\u00c9KOR\u00c9","datePublished":"2024-12-02T17:02:22+00:00","mainEntityOfPage":{"@id":"https:\/\/oeilsportif.info\/index.php\/la-fgf-exprime-sa-vive-compassion-et-presente-ses-condoleances-suite-aux-douloureux-evenements-survenus-a-nzerekore\/"},"wordCount":271,"image":{"@id":"https:\/\/oeilsportif.info\/index.php\/la-fgf-exprime-sa-vive-compassion-et-presente-ses-condoleances-suite-aux-douloureux-evenements-survenus-a-nzerekore\/#primaryimage"},"thumbnailUrl":"https:\/\/i0.wp.com\/oeilsportif.info\/wp-content\/uploads\/2024\/12\/IMG_6218.jpeg?fit=1169%2C634&ssl=1","articleSection":["Actualit\u00e9","Football"],"inLanguage":"fr-FR"},{"@type":"WebPage","@id":"https:\/\/oeilsportif.info\/index.php\/la-fgf-exprime-sa-vive-compassion-et-presente-ses-condoleances-suite-aux-douloureux-evenements-survenus-a-nzerekore\/","url":"https:\/\/oeilsportif.info\/index.php\/la-fgf-exprime-sa-vive-compassion-et-presente-ses-condoleances-suite-aux-douloureux-evenements-survenus-a-nzerekore\/","name":"LA FGF EXPRIME SA VIVE COMPASSION ET PR\u00c9SENTE SES CONDOL\u00c9ANCES SUITE AUX DOULOUREUX \u00c9V\u00c9NEMENTS SURVENUS \u00c0 N\u2019Z\u00c9R\u00c9KOR\u00c9 - le regard du sportif","isPartOf":{"@id":"https:\/\/oeilsportif.info\/#website"},"primaryImageOfPage":{"@id":"https:\/\/oeilsportif.info\/index.php\/la-fgf-exprime-sa-vive-compassion-et-presente-ses-condoleances-suite-aux-douloureux-evenements-survenus-a-nzerekore\/#primaryimage"},"image":{"@id":"https:\/\/oeilsportif.info\/index.php\/la-fgf-exprime-sa-vive-compassion-et-presente-ses-condoleances-suite-aux-douloureux-evenements-survenus-a-nzerekore\/#primaryimage"},"thumbnailUrl":"https:\/\/i0.wp.com\/oeilsportif.info\/wp-content\/uploads\/2024\/12\/IMG_6218.jpeg?fit=1169%2C634&ssl=1","datePublished":"2024-12-02T17:02:22+00:00","author":{"@id":"https:\/\/oeilsportif.info\/#\/schema\/person\/cfbded294aa6095f7d96608d7905e9a1"},"inLanguage":"fr-FR","potentialAction":[{"@type":"ReadAction","target":["https:\/\/oeilsportif.info\/index.php\/la-fgf-exprime-sa-vive-compassion-et-presente-ses-condoleances-suite-aux-douloureux-evenements-survenus-a-nzerekore\/"]}]},{"@type":"ImageObject","inLanguage":"fr-FR","@id":"https:\/\/oeilsportif.info\/index.php\/la-fgf-exprime-sa-vive-compassion-et-presente-ses-condoleances-suite-aux-douloureux-evenements-survenus-a-nzerekore\/#primaryimage","url":"https:\/\/i0.wp.com\/oeilsportif.info\/wp-content\/uploads\/2024\/12\/IMG_6218.jpeg?fit=1169%2C634&ssl=1","contentUrl":"https:\/\/i0.wp.com\/oeilsportif.info\/wp-content\/uploads\/2024\/12\/IMG_6218.jpeg?fit=1169%2C634&ssl=1","width":1169,"height":634},{"@type":"WebSite","@id":"https:\/\/oeilsportif.info\/#website","url":"https:\/\/oeilsportif.info\/","name":"le regard du sportif","description":"","potentialAction":[{"@type":"SearchAction","target":{"@type":"EntryPoint","urlTemplate":"https:\/\/oeilsportif.info\/?s={search_term_string}"},"query-input":{"@type":"PropertyValueSpecification","valueRequired":true,"valueName":"search_term_string"}}],"inLanguage":"fr-FR"},{"@type":"Person","@id":"https:\/\/oeilsportif.info\/#\/schema\/person\/cfbded294aa6095f7d96608d7905e9a1","name":"L'Equipe de la R\u00e9daction","image":{"@type":"ImageObject","inLanguage":"fr-FR","@id":"https:\/\/oeilsportif.info\/wp-content\/uploads\/2025\/07\/cropped-cropped-logo-os-96x96.jpeg","url":"https:\/\/oeilsportif.info\/wp-content\/uploads\/2025\/07\/cropped-cropped-logo-os-96x96.jpeg","contentUrl":"https:\/\/oeilsportif.info\/wp-content\/uploads\/2025\/07\/cropped-cropped-logo-os-96x96.jpeg","caption":"L'Equipe de la R\u00e9daction"},"url":"https:\/\/oeilsportif.info\/index.php\/author\/tawel\/"}]}},"jetpack_publicize_connections":[],"jetpack_featured_media_url":"https:\/\/i0.wp.com\/oeilsportif.info\/wp-content\/uploads\/2024\/12\/IMG_6218.jpeg?fit=1169%2C634&ssl=1","jetpack-related-posts":[],"jetpack_sharing_enabled":true,"jetpack_likes_enabled":true,"jetpack_shortlink":"https:\/\/wp.me\/pgFE77-1kF","_links":{"self":[{"href":"https:\/\/oeilsportif.info\/index.php\/wp-json\/wp\/v2\/posts\/5125","targetHints":{"allow":["GET"]}}],"collection":[{"href":"https:\/\/oeilsportif.info\/index.php\/wp-json\/wp\/v2\/posts"}],"about":[{"href":"https:\/\/oeilsportif.info\/index.php\/wp-json\/wp\/v2\/types\/post"}],"author":[{"embeddable":true,"href":"https:\/\/oeilsportif.info\/index.php\/wp-json\/wp\/v2\/users\/2"}],"replies":[{"embeddable":true,"href":"https:\/\/oeilsportif.info\/index.php\/wp-json\/wp\/v2\/comments?post=5125"}],"version-history":[{"count":0,"href":"https:\/\/oeilsportif.info\/index.php\/wp-json\/wp\/v2\/posts\/5125\/revisions"}],"wp:featuredmedia":[{"embeddable":true,"href":"https:\/\/oeilsportif.info\/index.php\/wp-json\/wp\/v2\/media\/5126"}],"wp:attachment":[{"href":"https:\/\/oeilsportif.info\/index.php\/wp-json\/wp\/v2\/media?parent=5125"}],"wp:term":[{"taxonomy":"category","embeddable":true,"href":"https:\/\/oeilsportif.info\/index.php\/wp-json\/wp\/v2\/categories?post=5125"},{"taxonomy":"post_tag","embeddable":true,"href":"https:\/\/oeilsportif.info\/index.php\/wp-json\/wp\/v2\/tags?post=5125"}],"curies":[{"name":"wp","href":"https:\/\/api.w.org\/{rel}","templated":true}]}}