{"id":4699,"date":"2024-06-03T02:33:33","date_gmt":"2024-06-03T02:33:33","guid":{"rendered":"https:\/\/oeilsportif.info\/index.php\/?p=4699"},"modified":"2024-06-03T02:33:33","modified_gmt":"2024-06-03T02:33:33","slug":"salome-guillou-coathle-pour-lamour-de-lathle","status":"publish","type":"post","link":"https:\/\/oeilsportif.info\/index.php\/salome-guillou-coathle-pour-lamour-de-lathle\/","title":{"rendered":"SALOM\u00c9 GUILLOU ( COATHL\u00c9) POUR L&rsquo;AMOUR DE L&rsquo;ATHL\u00c9"},"content":{"rendered":"<div class=\"sous_titre\">\n<p><strong>J&rsquo; aurais pu encore vous parler de Isaac Duportal (le gar\u00e7on vient encore de faire parler de lui \u00e0 Carquefou o\u00f9 il a sign\u00e9 un retentissant chrono sur 3000 m\u00e8tres steeple : 8&rsquo;59&rsquo;58, nouveau record du Finist\u00e8re) mais le Concarneau Olympique Athl\u00e9tisme ne saurait se r\u00e9duire \u00e0 son talentueux et fantasque junior. Le club cher \u00e0 Romu Cadou fourmille de personnalit\u00e9s attachantes au premier rang desquels\u00a0 Salom\u00e9 Guillou, qui incarne \u00e0 elle seule toutes les valeurs d\u00e9fendues par le Coathl\u00e9.\u00a0 Aux yeux de Romuald Cadou l&rsquo;entra\u00eeneur, Salom\u00e9 c&rsquo;est une vraie perle, et pas seulement parce que c&rsquo;est une athl\u00e8te talentueuse ! Non, Salom\u00e9 c&rsquo;est la licenci\u00e9e dont r\u00eavent tous les clubs : une bosseuse, tr\u00e8s impliqu\u00e9e, ambitieuse et soucieuse de transmettre aux petits jeunes du club. Sportivement,\u00a0 comme tous les athl\u00e8tes du club, la junior Concarnoise a \u00e9t\u00e9 form\u00e9e \u00e0 l&rsquo;\u00e9cole de la polyvalence ludique. Pour le plaisir, elle continue d&rsquo;ailleurs de pratiquer \u00e0 peu pr\u00e8s toutes les disciplines de l&rsquo;athl\u00e9 qu&rsquo;elle aime passionn\u00e9ment. C&rsquo;est sur le stade du Porzou, cadre des tout r\u00e9cents Bretagne d&rsquo;\u00c9preuves combin\u00e9es, que je suis all\u00e9 \u00e0 sa rencontre.<\/strong><\/p>\n<\/div>\n<div id=\"diaporama\" class=\"slick-initialized slick-slider\">\n<div class=\"slick-list draggable\">\n<div class=\"slick-track\">\n<div class=\"one-photo slick-slide slick-current slick-active\" data-slick-index=\"0\" aria-hidden=\"false\"><\/div>\n<\/div>\n<\/div>\n<\/div>\n<div class=\"field field-name-body field-type-text-with-summary field-label-hidden\">\n<div class=\"field-items\">\n<div class=\"field-item even\">\n<p><strong>L\u00e9gende:<\/strong> Salom\u00e9 Guillou, une bosseuse, qui aime l&rsquo;athl\u00e9tisme, et qui aime maintenant trasmettre aux plus petits, sa passion, au Porzou, le samedi matin. <strong>Cr\u00e9dit photos:<\/strong> DR<\/p>\n<p>Pour dresser le portrait d&rsquo;un(e) athl\u00e8te, une recette incontournable : s&rsquo;adresser aux copains, copines du club&#8230; Et au Coathl\u00e9, ils sont toujours nombreux \u00e0 vouloir prendre le micro d\u00e8s qu&rsquo;on le leur tend&#8230; Les Isaac Duportal (encore lui) avec sa nouvelle paire de lunettes, les Evan Sellin, les Kilian Cadou (le fils de qui vous savez)&#8230;<\/p>\n<p>Bref, une sacr\u00e9e bande de petits marrants qui ne se sont pas fait prier pour dire tout le mal (bien) qu&rsquo;ils pensaient de Salom\u00e9 :<strong> \u00ab\u00a0Une r\u00e2leuse, tout le temps premier degr\u00e9&#8230;\u00a0\u00bb <\/strong>Romu Cadou, adepte de la guerre des sexes, a d\u00fb traduire : <strong>\u00ab\u00a0Elle a son caract\u00e8re, Salom\u00e9, mais il faut dire qu&rsquo;elle a \u00e9t\u00e9 \u00e9lev\u00e9e avec des fr\u00e8res. Elle en a h\u00e9rit\u00e9 une sacr\u00e9e tenacit\u00e9.\u00a0\u00bb<\/strong> La junior concarnoise se marrait.<strong> \u00ab\u00a0C&rsquo;est vrai ! J&rsquo;ai m\u00eame perdu une dent pendant une bagarre avec eux.\u00a0\u00bb<\/strong> La discussion partait dans tous les sens, je suis revenu vers les copains\/copines. <strong>\u00ab\u00a0Une bosseuse !\u00a0\u00bb C&rsquo;est le qualificatif qui plus s\u00e9rieusement est souvent revenu pour d\u00e9finir Salom\u00e9 (un peu comme s&rsquo;ils regrettaient de leur c\u00f4t\u00e9 de ne pas toujours tout donner !)<\/strong>.<\/p>\n<p><img data-recalc-dims=\"1\" loading=\"lazy\" decoding=\"async\" class=\"media-image\" src=\"https:\/\/i0.wp.com\/newsouest.fr\/sites\/default\/files\/salome_2.jpg?resize=696%2C444&#038;ssl=1\" alt=\"\" width=\"696\" height=\"444\" \/><\/p>\n<p>Romu Cadou, l&rsquo;entra\u00eeneur et papa de la bande ne pouvait qu&rsquo;aquiescer. <strong>\u00ab\u00a0Oui, cela fait douze ans que je la connais, Salom\u00e9 et je confirme : c&rsquo;est en r\u00e9alit\u00e9 une r\u00e2leuse tr\u00e8s agr\u00e9able, une travailleuse, une fille toujours \u00e0 l&rsquo;\u00e9coute, qui ne rechigne jamais, qui ne l\u00e2che jamais, une passionn\u00e9e&#8230;\u00a0\u00bb<\/strong><\/p>\n<p>Sa passion repose sur \u00e0 peu pr\u00e8s toutes les disciplines de l&rsquo;athl\u00e9tisme. Je crois que la polyvalente Salom\u00e9 s&rsquo;est essay\u00e9 \u00e0 toutes. C&rsquo;est bien pour cela que les \u00e9preuves combin\u00e9es lui collent \u00e0 la peau. Puisqu&rsquo;elle participait justement aux Bretagne de la discipline (heptathlon), on s&rsquo;est amus\u00e9 \u00e0 \u00e9voquer son rapport avec chacune d&rsquo;entre elles. Le 100 m\u00e8tres haies ?<strong> \u00ab\u00a0J&rsquo;aime bien mais en passant dans la cat\u00e9gorie junior, il m&rsquo;a fallu m&rsquo;adapter au changement d&rsquo;intervalle entre les haies. Pas \u00e9vident !\u00a0\u00bb <\/strong><\/p>\n<p>Romu qui passait par l\u00e0 a compl\u00e9t\u00e9. <strong>\u00ab\u00a0On en profite pour pr\u00e9parer le 400 m\u00e8tres haies auquel elle va se consacrer plus particuli\u00e8rement cette saison.\u00a0\u00bb La hauteur ? \u00ab\u00a0Je plafonne. record perso \u00e0 1,44 m.\u00a0\u00bb<\/strong><\/p>\n<p><img data-recalc-dims=\"1\" loading=\"lazy\" decoding=\"async\" class=\"media-image\" src=\"https:\/\/i0.wp.com\/newsouest.fr\/sites\/default\/files\/salome_3_0.jpg?resize=696%2C391&#038;ssl=1\" alt=\"\" width=\"696\" height=\"391\" \/><\/p>\n<p>Le poids ? <strong>\u00ab\u00a0Oui, oui j&rsquo;aime bien et j&rsquo;en ai beaucoup fait \u00e0 un moment.\u00a0\u00bb <\/strong>Nouvelle intervention de Romu. <strong>\u00ab\u00a0Salom\u00e9, c&rsquo;est la seule athl\u00e8te du club \u00e0 avoir \u00e9t\u00e9 qualifi\u00e9e sur 4 disciplines aux France : 400 m, 400 m haies, poids et disque.\u00a0\u00bb<\/strong><\/p>\n<p>Le 200 m\u00e8tres ? <strong>\u00ab\u00a0C&rsquo;est une bonne base pour progresser en endurance.\u00a0\u00bb <\/strong>La longueur ? <strong>\u00ab\u00a0L\u00e0 aussi, j&rsquo;y ai touch\u00e9 plus jeune. Moins maintenant. En fait, je ne la travaille plus beaucoup.\u00a0\u00bb<\/strong> Le javelot ? Cette fois Romu a \u00e9clat\u00e9 de rire. <strong>\u00ab\u00a0Tu as \u00e9t\u00e9 championne de Bretagne, non ?\u00a0\u00bb \u00ab\u00a0Je sais, j&rsquo;\u00e9tais la seule \u00e0 concourir !\u00a0\u00bb<\/strong>a admis Salom\u00e9. le 800 m\u00e8tres ? <strong>\u00ab\u00a0J&rsquo;ai un record \u00e0 2&rsquo;25.\u00a0\u00bb<\/strong> <strong>\u00ab\u00a0Tu peux faire mieux\u00a0\u00bb<\/strong> a rench\u00e9ri l&rsquo;intarissable Romu Cadou.<\/p>\n<p>Salom\u00e9, c&rsquo;est sur la piste qu&rsquo;elle est intarissable. Et m\u00eame sur tous les terrains. En cross, elle devait cette saison s&rsquo;en tenir aux championnats du Finist\u00e8re. Et puis elle s&rsquo;est prise au jeu. Bretagne, Inter et puis France dans la foul\u00e9e. L&rsquo;app\u00e9tit de cette comp\u00e9titrice hors pair est venu en mangeant.<\/p>\n<p><img data-recalc-dims=\"1\" loading=\"lazy\" decoding=\"async\" class=\"media-image\" src=\"https:\/\/i0.wp.com\/newsouest.fr\/sites\/default\/files\/salome_1.jpg?resize=696%2C509&#038;ssl=1\" alt=\"\" width=\"696\" height=\"509\" \/><\/p>\n<p>Et en dehors de l&rsquo;athl\u00e9, quelle vie pour l&rsquo;ex-lyc\u00e9enne de Saint-Joseph qui a d\u00e9croch\u00e9 le bac l&rsquo;an pass\u00e9 ?<strong> \u00ab\u00a0J&rsquo;ai essay\u00e9 STAPS \u00e0 Brest mais j&rsquo;ai arr\u00eat\u00e9. le r\u00e9gime Fac ne me convenait pas. Je vais me rediriger vers un IUT Bio\u00a0\u00bb \u00ab\u00a0Salom\u00e9, c&rsquo;est quelqu&rsquo;un qui a besoin que les choses soient bien cadr\u00e9es\u00a0\u00bb<\/strong>, a ajout\u00e9 Romu. Ils ont de la chance, les petits jeunes du club de b\u00e9n\u00e9ficier le samedi matin, des conseils de cette attachante athl\u00e8te qui n&rsquo;aime rien tant que<strong> \u00ab\u00a0voir les enfants progresser.\u00a0\u00bb<\/strong> Moi, je la verrai bien un jour\u00a0 travailler professionnellement \u00e0 leur contact. Mais ce n&rsquo;est que mon avis !<\/p>\n<p><strong>Rubrique Carte Blanche \u00e0 Marc F\u00e9rec<\/strong><\/p>\n<\/div>\n<\/div>\n<\/div>\n","protected":false},"excerpt":{"rendered":"<p>J&rsquo; aurais pu encore vous parler de Isaac Duportal (le gar\u00e7on vient encore de faire parler de lui \u00e0 Carquefou o\u00f9 il a sign\u00e9 un retentissant chrono sur 3000 m\u00e8tres steeple : 8&rsquo;59&rsquo;58, nouveau record du Finist\u00e8re) mais le Concarneau Olympique Athl\u00e9tisme ne saurait se r\u00e9duire \u00e0 son talentueux et fantasque junior. Le club cher [&hellip;]<\/p>\n","protected":false},"author":2,"featured_media":4700,"comment_status":"closed","ping_status":"closed","sticky":false,"template":"","format":"standard","meta":{"_jetpack_memberships_contains_paid_content":false,"footnotes":"","jetpack_publicize_message":"","jetpack_publicize_feature_enabled":true,"jetpack_social_post_already_shared":true,"jetpack_social_options":{"image_generator_settings":{"template":"highway","default_image_id":0,"font":"","enabled":false},"version":2}},"categories":[10,11],"tags":[],"class_list":{"0":"post-4699","1":"post","2":"type-post","3":"status-publish","4":"format-standard","5":"has-post-thumbnail","7":"category-actualite","8":"category-athletisme"},"yoast_head":"<!-- This site is optimized with the Yoast SEO plugin v27.5 - https:\/\/yoast.com\/product\/yoast-seo-wordpress\/ -->\n<title>SALOM\u00c9 GUILLOU ( COATHL\u00c9) POUR L&#039;AMOUR DE L&#039;ATHL\u00c9 - le regard du sportif<\/title>\n<meta name=\"robots\" content=\"index, follow, max-snippet:-1, max-image-preview:large, max-video-preview:-1\" \/>\n<link rel=\"canonical\" href=\"https:\/\/oeilsportif.info\/index.php\/salome-guillou-coathle-pour-lamour-de-lathle\/\" \/>\n<meta property=\"og:locale\" content=\"fr_FR\" \/>\n<meta property=\"og:type\" content=\"article\" \/>\n<meta property=\"og:title\" content=\"SALOM\u00c9 GUILLOU ( COATHL\u00c9) POUR L&#039;AMOUR DE L&#039;ATHL\u00c9 - le regard du sportif\" \/>\n<meta property=\"og:description\" content=\"J&rsquo; aurais pu encore vous parler de Isaac Duportal (le gar\u00e7on vient encore de faire parler de lui \u00e0 Carquefou o\u00f9 il a sign\u00e9 un retentissant chrono sur 3000 m\u00e8tres steeple : 8&rsquo;59&rsquo;58, nouveau record du Finist\u00e8re) mais le Concarneau Olympique Athl\u00e9tisme ne saurait se r\u00e9duire \u00e0 son talentueux et fantasque junior. Le club cher [&hellip;]\" \/>\n<meta property=\"og:url\" content=\"https:\/\/oeilsportif.info\/index.php\/salome-guillou-coathle-pour-lamour-de-lathle\/\" \/>\n<meta property=\"og:site_name\" content=\"le regard du sportif\" \/>\n<meta property=\"article:published_time\" content=\"2024-06-03T02:33:33+00:00\" \/>\n<meta property=\"og:image\" content=\"https:\/\/oeilsportif.info\/wp-content\/uploads\/2024\/06\/IMG_1747.jpeg\" \/>\n\t<meta property=\"og:image:width\" content=\"865\" \/>\n\t<meta property=\"og:image:height\" content=\"537\" \/>\n\t<meta property=\"og:image:type\" content=\"image\/jpeg\" \/>\n<meta name=\"author\" content=\"L&#039;Equipe de la R\u00e9daction\" \/>\n<meta name=\"twitter:label1\" content=\"\u00c9crit par\" \/>\n\t<meta name=\"twitter:data1\" content=\"L&#039;Equipe de la R\u00e9daction\" \/>\n\t<meta name=\"twitter:label2\" content=\"Dur\u00e9e de lecture estim\u00e9e\" \/>\n\t<meta name=\"twitter:data2\" content=\"6 minutes\" \/>\n<script type=\"application\/ld+json\" class=\"yoast-schema-graph\">{\"@context\":\"https:\\\/\\\/schema.org\",\"@graph\":[{\"@type\":\"Article\",\"@id\":\"https:\\\/\\\/oeilsportif.info\\\/index.php\\\/salome-guillou-coathle-pour-lamour-de-lathle\\\/#article\",\"isPartOf\":{\"@id\":\"https:\\\/\\\/oeilsportif.info\\\/index.php\\\/salome-guillou-coathle-pour-lamour-de-lathle\\\/\"},\"author\":{\"name\":\"L'Equipe de la R\u00e9daction\",\"@id\":\"https:\\\/\\\/oeilsportif.info\\\/#\\\/schema\\\/person\\\/cfbded294aa6095f7d96608d7905e9a1\"},\"headline\":\"SALOM\u00c9 GUILLOU ( COATHL\u00c9) POUR L&rsquo;AMOUR DE L&rsquo;ATHL\u00c9\",\"datePublished\":\"2024-06-03T02:33:33+00:00\",\"mainEntityOfPage\":{\"@id\":\"https:\\\/\\\/oeilsportif.info\\\/index.php\\\/salome-guillou-coathle-pour-lamour-de-lathle\\\/\"},\"wordCount\":928,\"image\":{\"@id\":\"https:\\\/\\\/oeilsportif.info\\\/index.php\\\/salome-guillou-coathle-pour-lamour-de-lathle\\\/#primaryimage\"},\"thumbnailUrl\":\"https:\\\/\\\/i0.wp.com\\\/oeilsportif.info\\\/wp-content\\\/uploads\\\/2024\\\/06\\\/IMG_1747.jpeg?fit=865%2C537&ssl=1\",\"articleSection\":[\"Actualit\u00e9\",\"Athl\u00e9tisme\"],\"inLanguage\":\"fr-FR\"},{\"@type\":\"WebPage\",\"@id\":\"https:\\\/\\\/oeilsportif.info\\\/index.php\\\/salome-guillou-coathle-pour-lamour-de-lathle\\\/\",\"url\":\"https:\\\/\\\/oeilsportif.info\\\/index.php\\\/salome-guillou-coathle-pour-lamour-de-lathle\\\/\",\"name\":\"SALOM\u00c9 GUILLOU ( COATHL\u00c9) POUR L'AMOUR DE L'ATHL\u00c9 - le regard du sportif\",\"isPartOf\":{\"@id\":\"https:\\\/\\\/oeilsportif.info\\\/#website\"},\"primaryImageOfPage\":{\"@id\":\"https:\\\/\\\/oeilsportif.info\\\/index.php\\\/salome-guillou-coathle-pour-lamour-de-lathle\\\/#primaryimage\"},\"image\":{\"@id\":\"https:\\\/\\\/oeilsportif.info\\\/index.php\\\/salome-guillou-coathle-pour-lamour-de-lathle\\\/#primaryimage\"},\"thumbnailUrl\":\"https:\\\/\\\/i0.wp.com\\\/oeilsportif.info\\\/wp-content\\\/uploads\\\/2024\\\/06\\\/IMG_1747.jpeg?fit=865%2C537&ssl=1\",\"datePublished\":\"2024-06-03T02:33:33+00:00\",\"author\":{\"@id\":\"https:\\\/\\\/oeilsportif.info\\\/#\\\/schema\\\/person\\\/cfbded294aa6095f7d96608d7905e9a1\"},\"inLanguage\":\"fr-FR\",\"potentialAction\":[{\"@type\":\"ReadAction\",\"target\":[\"https:\\\/\\\/oeilsportif.info\\\/index.php\\\/salome-guillou-coathle-pour-lamour-de-lathle\\\/\"]}]},{\"@type\":\"ImageObject\",\"inLanguage\":\"fr-FR\",\"@id\":\"https:\\\/\\\/oeilsportif.info\\\/index.php\\\/salome-guillou-coathle-pour-lamour-de-lathle\\\/#primaryimage\",\"url\":\"https:\\\/\\\/i0.wp.com\\\/oeilsportif.info\\\/wp-content\\\/uploads\\\/2024\\\/06\\\/IMG_1747.jpeg?fit=865%2C537&ssl=1\",\"contentUrl\":\"https:\\\/\\\/i0.wp.com\\\/oeilsportif.info\\\/wp-content\\\/uploads\\\/2024\\\/06\\\/IMG_1747.jpeg?fit=865%2C537&ssl=1\",\"width\":865,\"height\":537},{\"@type\":\"WebSite\",\"@id\":\"https:\\\/\\\/oeilsportif.info\\\/#website\",\"url\":\"https:\\\/\\\/oeilsportif.info\\\/\",\"name\":\"le regard du sportif\",\"description\":\"\",\"potentialAction\":[{\"@type\":\"SearchAction\",\"target\":{\"@type\":\"EntryPoint\",\"urlTemplate\":\"https:\\\/\\\/oeilsportif.info\\\/?s={search_term_string}\"},\"query-input\":{\"@type\":\"PropertyValueSpecification\",\"valueRequired\":true,\"valueName\":\"search_term_string\"}}],\"inLanguage\":\"fr-FR\"},{\"@type\":\"Person\",\"@id\":\"https:\\\/\\\/oeilsportif.info\\\/#\\\/schema\\\/person\\\/cfbded294aa6095f7d96608d7905e9a1\",\"name\":\"L'Equipe de la R\u00e9daction\",\"image\":{\"@type\":\"ImageObject\",\"inLanguage\":\"fr-FR\",\"@id\":\"https:\\\/\\\/oeilsportif.info\\\/wp-content\\\/uploads\\\/2025\\\/07\\\/cropped-cropped-logo-os-96x96.jpeg\",\"url\":\"https:\\\/\\\/oeilsportif.info\\\/wp-content\\\/uploads\\\/2025\\\/07\\\/cropped-cropped-logo-os-96x96.jpeg\",\"contentUrl\":\"https:\\\/\\\/oeilsportif.info\\\/wp-content\\\/uploads\\\/2025\\\/07\\\/cropped-cropped-logo-os-96x96.jpeg\",\"caption\":\"L'Equipe de la R\u00e9daction\"},\"url\":\"https:\\\/\\\/oeilsportif.info\\\/index.php\\\/author\\\/tawel\\\/\"}]}<\/script>\n<!-- \/ Yoast SEO plugin. -->","yoast_head_json":{"title":"SALOM\u00c9 GUILLOU ( COATHL\u00c9) POUR L'AMOUR DE L'ATHL\u00c9 - le regard du sportif","robots":{"index":"index","follow":"follow","max-snippet":"max-snippet:-1","max-image-preview":"max-image-preview:large","max-video-preview":"max-video-preview:-1"},"canonical":"https:\/\/oeilsportif.info\/index.php\/salome-guillou-coathle-pour-lamour-de-lathle\/","og_locale":"fr_FR","og_type":"article","og_title":"SALOM\u00c9 GUILLOU ( COATHL\u00c9) POUR L'AMOUR DE L'ATHL\u00c9 - le regard du sportif","og_description":"J&rsquo; aurais pu encore vous parler de Isaac Duportal (le gar\u00e7on vient encore de faire parler de lui \u00e0 Carquefou o\u00f9 il a sign\u00e9 un retentissant chrono sur 3000 m\u00e8tres steeple : 8&rsquo;59&rsquo;58, nouveau record du Finist\u00e8re) mais le Concarneau Olympique Athl\u00e9tisme ne saurait se r\u00e9duire \u00e0 son talentueux et fantasque junior. Le club cher [&hellip;]","og_url":"https:\/\/oeilsportif.info\/index.php\/salome-guillou-coathle-pour-lamour-de-lathle\/","og_site_name":"le regard du sportif","article_published_time":"2024-06-03T02:33:33+00:00","og_image":[{"width":865,"height":537,"url":"https:\/\/oeilsportif.info\/wp-content\/uploads\/2024\/06\/IMG_1747.jpeg","type":"image\/jpeg"}],"author":"L'Equipe de la R\u00e9daction","twitter_misc":{"\u00c9crit par":"L'Equipe de la R\u00e9daction","Dur\u00e9e de lecture estim\u00e9e":"6 minutes"},"schema":{"@context":"https:\/\/schema.org","@graph":[{"@type":"Article","@id":"https:\/\/oeilsportif.info\/index.php\/salome-guillou-coathle-pour-lamour-de-lathle\/#article","isPartOf":{"@id":"https:\/\/oeilsportif.info\/index.php\/salome-guillou-coathle-pour-lamour-de-lathle\/"},"author":{"name":"L'Equipe de la R\u00e9daction","@id":"https:\/\/oeilsportif.info\/#\/schema\/person\/cfbded294aa6095f7d96608d7905e9a1"},"headline":"SALOM\u00c9 GUILLOU ( COATHL\u00c9) POUR L&rsquo;AMOUR DE L&rsquo;ATHL\u00c9","datePublished":"2024-06-03T02:33:33+00:00","mainEntityOfPage":{"@id":"https:\/\/oeilsportif.info\/index.php\/salome-guillou-coathle-pour-lamour-de-lathle\/"},"wordCount":928,"image":{"@id":"https:\/\/oeilsportif.info\/index.php\/salome-guillou-coathle-pour-lamour-de-lathle\/#primaryimage"},"thumbnailUrl":"https:\/\/i0.wp.com\/oeilsportif.info\/wp-content\/uploads\/2024\/06\/IMG_1747.jpeg?fit=865%2C537&ssl=1","articleSection":["Actualit\u00e9","Athl\u00e9tisme"],"inLanguage":"fr-FR"},{"@type":"WebPage","@id":"https:\/\/oeilsportif.info\/index.php\/salome-guillou-coathle-pour-lamour-de-lathle\/","url":"https:\/\/oeilsportif.info\/index.php\/salome-guillou-coathle-pour-lamour-de-lathle\/","name":"SALOM\u00c9 GUILLOU ( COATHL\u00c9) POUR L'AMOUR DE L'ATHL\u00c9 - le regard du sportif","isPartOf":{"@id":"https:\/\/oeilsportif.info\/#website"},"primaryImageOfPage":{"@id":"https:\/\/oeilsportif.info\/index.php\/salome-guillou-coathle-pour-lamour-de-lathle\/#primaryimage"},"image":{"@id":"https:\/\/oeilsportif.info\/index.php\/salome-guillou-coathle-pour-lamour-de-lathle\/#primaryimage"},"thumbnailUrl":"https:\/\/i0.wp.com\/oeilsportif.info\/wp-content\/uploads\/2024\/06\/IMG_1747.jpeg?fit=865%2C537&ssl=1","datePublished":"2024-06-03T02:33:33+00:00","author":{"@id":"https:\/\/oeilsportif.info\/#\/schema\/person\/cfbded294aa6095f7d96608d7905e9a1"},"inLanguage":"fr-FR","potentialAction":[{"@type":"ReadAction","target":["https:\/\/oeilsportif.info\/index.php\/salome-guillou-coathle-pour-lamour-de-lathle\/"]}]},{"@type":"ImageObject","inLanguage":"fr-FR","@id":"https:\/\/oeilsportif.info\/index.php\/salome-guillou-coathle-pour-lamour-de-lathle\/#primaryimage","url":"https:\/\/i0.wp.com\/oeilsportif.info\/wp-content\/uploads\/2024\/06\/IMG_1747.jpeg?fit=865%2C537&ssl=1","contentUrl":"https:\/\/i0.wp.com\/oeilsportif.info\/wp-content\/uploads\/2024\/06\/IMG_1747.jpeg?fit=865%2C537&ssl=1","width":865,"height":537},{"@type":"WebSite","@id":"https:\/\/oeilsportif.info\/#website","url":"https:\/\/oeilsportif.info\/","name":"le regard du sportif","description":"","potentialAction":[{"@type":"SearchAction","target":{"@type":"EntryPoint","urlTemplate":"https:\/\/oeilsportif.info\/?s={search_term_string}"},"query-input":{"@type":"PropertyValueSpecification","valueRequired":true,"valueName":"search_term_string"}}],"inLanguage":"fr-FR"},{"@type":"Person","@id":"https:\/\/oeilsportif.info\/#\/schema\/person\/cfbded294aa6095f7d96608d7905e9a1","name":"L'Equipe de la R\u00e9daction","image":{"@type":"ImageObject","inLanguage":"fr-FR","@id":"https:\/\/oeilsportif.info\/wp-content\/uploads\/2025\/07\/cropped-cropped-logo-os-96x96.jpeg","url":"https:\/\/oeilsportif.info\/wp-content\/uploads\/2025\/07\/cropped-cropped-logo-os-96x96.jpeg","contentUrl":"https:\/\/oeilsportif.info\/wp-content\/uploads\/2025\/07\/cropped-cropped-logo-os-96x96.jpeg","caption":"L'Equipe de la R\u00e9daction"},"url":"https:\/\/oeilsportif.info\/index.php\/author\/tawel\/"}]}},"jetpack_publicize_connections":[],"jetpack_featured_media_url":"https:\/\/i0.wp.com\/oeilsportif.info\/wp-content\/uploads\/2024\/06\/IMG_1747.jpeg?fit=865%2C537&ssl=1","jetpack-related-posts":[],"jetpack_sharing_enabled":true,"jetpack_likes_enabled":true,"jetpack_shortlink":"https:\/\/wp.me\/pgFE77-1dN","_links":{"self":[{"href":"https:\/\/oeilsportif.info\/index.php\/wp-json\/wp\/v2\/posts\/4699","targetHints":{"allow":["GET"]}}],"collection":[{"href":"https:\/\/oeilsportif.info\/index.php\/wp-json\/wp\/v2\/posts"}],"about":[{"href":"https:\/\/oeilsportif.info\/index.php\/wp-json\/wp\/v2\/types\/post"}],"author":[{"embeddable":true,"href":"https:\/\/oeilsportif.info\/index.php\/wp-json\/wp\/v2\/users\/2"}],"replies":[{"embeddable":true,"href":"https:\/\/oeilsportif.info\/index.php\/wp-json\/wp\/v2\/comments?post=4699"}],"version-history":[{"count":0,"href":"https:\/\/oeilsportif.info\/index.php\/wp-json\/wp\/v2\/posts\/4699\/revisions"}],"wp:featuredmedia":[{"embeddable":true,"href":"https:\/\/oeilsportif.info\/index.php\/wp-json\/wp\/v2\/media\/4700"}],"wp:attachment":[{"href":"https:\/\/oeilsportif.info\/index.php\/wp-json\/wp\/v2\/media?parent=4699"}],"wp:term":[{"taxonomy":"category","embeddable":true,"href":"https:\/\/oeilsportif.info\/index.php\/wp-json\/wp\/v2\/categories?post=4699"},{"taxonomy":"post_tag","embeddable":true,"href":"https:\/\/oeilsportif.info\/index.php\/wp-json\/wp\/v2\/tags?post=4699"}],"curies":[{"name":"wp","href":"https:\/\/api.w.org\/{rel}","templated":true}]}}