{"id":4695,"date":"2024-06-03T02:30:47","date_gmt":"2024-06-03T02:30:47","guid":{"rendered":"https:\/\/oeilsportif.info\/index.php\/?p=4695"},"modified":"2024-06-03T02:30:47","modified_gmt":"2024-06-03T02:30:47","slug":"ca-yest-la-pont-labbiste-agathe-guillemot-sera-aux-jo-de-paris-2024","status":"publish","type":"post","link":"https:\/\/oeilsportif.info\/index.php\/ca-yest-la-pont-labbiste-agathe-guillemot-sera-aux-jo-de-paris-2024\/","title":{"rendered":"CA Y&rsquo;EST! LA PONT L&rsquo;ABBISTE, AGATHE GUILLEMOT SERA AUX JO DE PARIS 2024"},"content":{"rendered":"<div class=\"sous_titre\">\n<p><strong>Elle s&rsquo;en \u00e9tait rapproch\u00e9e s\u00e9rieusement en Pologne, \u00e0 Chorzow, sur son dernier meeting, \u00e0 moins de deux secondes de la qualification aux Jeux Olympiques de Paris. Ca y&rsquo;est! C&rsquo;est fait! Agathe Guillemot mettra le cap sur les Jeux olympiques de Paris. En progression constante depuis la saison derni\u00e8re, la Pont l&rsquo;Abbiste a encore \u00e9t\u00e9 \u00e9patante lors du meeting de Nancy, bouclant son 1 500 m en 4\u201902\u2019\u201905. Elle bat son pr\u00e9c\u00e9dent record de plus d\u2019une seconde (4\u201903\u2019\u201926), mais a surtout satisfait aux minima olympiques requis passant sous la barre des 4\u201902\u2019\u201950.<\/strong><\/p>\n<\/div>\n<div id=\"diaporama\" class=\"slick-initialized slick-slider\">\n<div class=\"slick-list draggable\">\n<div class=\"slick-track\">\n<div class=\"one-photo slick-slide slick-current slick-active\" data-slick-index=\"0\" aria-hidden=\"false\"><\/div>\n<\/div>\n<\/div>\n<\/div>\n<div class=\"field field-name-body field-type-text-with-summary field-label-hidden\">\n<div class=\"field-items\">\n<div class=\"field-item even\">\n<p><strong>L\u00e9gende:<\/strong> Ce samedi, au meeting de Nancy, Agathe Guillemot, en ce 25 mai, est officiellement qualifi\u00e9e pour les Jeux Olympiques de Paris 2024 sur le 1.500 m et devient la 5\u00e8me performeuse fran\u00e7aise de tout les temps sur cette distance avec un temps de 4&rsquo;02\u00a0\u00bb05.<\/p>\n<p>Avec ce temps de 4\u201902\u2019\u201905, Agathe Guillemot devient tout simplement la cinqui\u00e8me meilleure performeuse fran\u00e7aise de l\u2019histoire sur la distance, et la deuxi\u00e8me performeuse europ\u00e9enne de la saison. Apr\u00e8s son 1 500 m, \u00e0 Chorzow (Pologne, 4\u201904\u2019\u201927), un temps qui lui assure sa pr\u00e9sence aux championnats d\u2019Europe, qui auront lieu \u00e0 Rome du 7 au 12 juin, la Pont l&rsquo;Abbiste du HBA ajoute un nouveau cap \u00e0 sa carri\u00e8re avec cette qualification officielle pour les Jeux Olympiques de Paris 2024.<\/p>\n<\/div>\n<\/div>\n<\/div>\n","protected":false},"excerpt":{"rendered":"<p>Elle s&rsquo;en \u00e9tait rapproch\u00e9e s\u00e9rieusement en Pologne, \u00e0 Chorzow, sur son dernier meeting, \u00e0 moins de deux secondes de la qualification aux Jeux Olympiques de Paris. Ca y&rsquo;est! C&rsquo;est fait! Agathe Guillemot mettra le cap sur les Jeux olympiques de Paris. En progression constante depuis la saison derni\u00e8re, la Pont l&rsquo;Abbiste a encore \u00e9t\u00e9 \u00e9patante [&hellip;]<\/p>\n","protected":false},"author":2,"featured_media":4696,"comment_status":"closed","ping_status":"closed","sticky":false,"template":"","format":"standard","meta":{"_jetpack_memberships_contains_paid_content":false,"footnotes":"","jetpack_publicize_message":"","jetpack_publicize_feature_enabled":true,"jetpack_social_post_already_shared":true,"jetpack_social_options":{"image_generator_settings":{"template":"highway","default_image_id":0,"font":"","enabled":false},"version":2}},"categories":[10,11],"tags":[],"class_list":{"0":"post-4695","1":"post","2":"type-post","3":"status-publish","4":"format-standard","5":"has-post-thumbnail","7":"category-actualite","8":"category-athletisme"},"yoast_head":"<!-- This site is optimized with the Yoast SEO plugin v27.5 - https:\/\/yoast.com\/product\/yoast-seo-wordpress\/ -->\n<title>CA Y&#039;EST! LA PONT L&#039;ABBISTE, AGATHE GUILLEMOT SERA AUX JO DE PARIS 2024 - le regard du sportif<\/title>\n<meta name=\"robots\" content=\"index, follow, max-snippet:-1, max-image-preview:large, max-video-preview:-1\" \/>\n<link rel=\"canonical\" href=\"https:\/\/oeilsportif.info\/index.php\/ca-yest-la-pont-labbiste-agathe-guillemot-sera-aux-jo-de-paris-2024\/\" \/>\n<meta property=\"og:locale\" content=\"fr_FR\" \/>\n<meta property=\"og:type\" content=\"article\" \/>\n<meta property=\"og:title\" content=\"CA Y&#039;EST! LA PONT L&#039;ABBISTE, AGATHE GUILLEMOT SERA AUX JO DE PARIS 2024 - le regard du sportif\" \/>\n<meta property=\"og:description\" content=\"Elle s&rsquo;en \u00e9tait rapproch\u00e9e s\u00e9rieusement en Pologne, \u00e0 Chorzow, sur son dernier meeting, \u00e0 moins de deux secondes de la qualification aux Jeux Olympiques de Paris. Ca y&rsquo;est! C&rsquo;est fait! Agathe Guillemot mettra le cap sur les Jeux olympiques de Paris. En progression constante depuis la saison derni\u00e8re, la Pont l&rsquo;Abbiste a encore \u00e9t\u00e9 \u00e9patante [&hellip;]\" \/>\n<meta property=\"og:url\" content=\"https:\/\/oeilsportif.info\/index.php\/ca-yest-la-pont-labbiste-agathe-guillemot-sera-aux-jo-de-paris-2024\/\" \/>\n<meta property=\"og:site_name\" content=\"le regard du sportif\" \/>\n<meta property=\"article:published_time\" content=\"2024-06-03T02:30:47+00:00\" \/>\n<meta property=\"og:image\" content=\"https:\/\/oeilsportif.info\/wp-content\/uploads\/2024\/06\/IMG_1746.jpeg\" \/>\n\t<meta property=\"og:image:width\" content=\"900\" \/>\n\t<meta property=\"og:image:height\" content=\"506\" \/>\n\t<meta property=\"og:image:type\" content=\"image\/jpeg\" \/>\n<meta name=\"author\" content=\"L&#039;Equipe de la R\u00e9daction\" \/>\n<meta name=\"twitter:label1\" content=\"\u00c9crit par\" \/>\n\t<meta name=\"twitter:data1\" content=\"L&#039;Equipe de la R\u00e9daction\" \/>\n\t<meta name=\"twitter:label2\" content=\"Dur\u00e9e de lecture estim\u00e9e\" \/>\n\t<meta name=\"twitter:data2\" content=\"2 minutes\" \/>\n<script type=\"application\/ld+json\" class=\"yoast-schema-graph\">{\"@context\":\"https:\\\/\\\/schema.org\",\"@graph\":[{\"@type\":\"Article\",\"@id\":\"https:\\\/\\\/oeilsportif.info\\\/index.php\\\/ca-yest-la-pont-labbiste-agathe-guillemot-sera-aux-jo-de-paris-2024\\\/#article\",\"isPartOf\":{\"@id\":\"https:\\\/\\\/oeilsportif.info\\\/index.php\\\/ca-yest-la-pont-labbiste-agathe-guillemot-sera-aux-jo-de-paris-2024\\\/\"},\"author\":{\"name\":\"L'Equipe de la R\u00e9daction\",\"@id\":\"https:\\\/\\\/oeilsportif.info\\\/#\\\/schema\\\/person\\\/cfbded294aa6095f7d96608d7905e9a1\"},\"headline\":\"CA Y&rsquo;EST! LA PONT L&rsquo;ABBISTE, AGATHE GUILLEMOT SERA AUX JO DE PARIS 2024\",\"datePublished\":\"2024-06-03T02:30:47+00:00\",\"mainEntityOfPage\":{\"@id\":\"https:\\\/\\\/oeilsportif.info\\\/index.php\\\/ca-yest-la-pont-labbiste-agathe-guillemot-sera-aux-jo-de-paris-2024\\\/\"},\"wordCount\":232,\"image\":{\"@id\":\"https:\\\/\\\/oeilsportif.info\\\/index.php\\\/ca-yest-la-pont-labbiste-agathe-guillemot-sera-aux-jo-de-paris-2024\\\/#primaryimage\"},\"thumbnailUrl\":\"https:\\\/\\\/i0.wp.com\\\/oeilsportif.info\\\/wp-content\\\/uploads\\\/2024\\\/06\\\/IMG_1746.jpeg?fit=900%2C506&ssl=1\",\"articleSection\":[\"Actualit\u00e9\",\"Athl\u00e9tisme\"],\"inLanguage\":\"fr-FR\"},{\"@type\":\"WebPage\",\"@id\":\"https:\\\/\\\/oeilsportif.info\\\/index.php\\\/ca-yest-la-pont-labbiste-agathe-guillemot-sera-aux-jo-de-paris-2024\\\/\",\"url\":\"https:\\\/\\\/oeilsportif.info\\\/index.php\\\/ca-yest-la-pont-labbiste-agathe-guillemot-sera-aux-jo-de-paris-2024\\\/\",\"name\":\"CA Y'EST! LA PONT L'ABBISTE, AGATHE GUILLEMOT SERA AUX JO DE PARIS 2024 - le regard du sportif\",\"isPartOf\":{\"@id\":\"https:\\\/\\\/oeilsportif.info\\\/#website\"},\"primaryImageOfPage\":{\"@id\":\"https:\\\/\\\/oeilsportif.info\\\/index.php\\\/ca-yest-la-pont-labbiste-agathe-guillemot-sera-aux-jo-de-paris-2024\\\/#primaryimage\"},\"image\":{\"@id\":\"https:\\\/\\\/oeilsportif.info\\\/index.php\\\/ca-yest-la-pont-labbiste-agathe-guillemot-sera-aux-jo-de-paris-2024\\\/#primaryimage\"},\"thumbnailUrl\":\"https:\\\/\\\/i0.wp.com\\\/oeilsportif.info\\\/wp-content\\\/uploads\\\/2024\\\/06\\\/IMG_1746.jpeg?fit=900%2C506&ssl=1\",\"datePublished\":\"2024-06-03T02:30:47+00:00\",\"author\":{\"@id\":\"https:\\\/\\\/oeilsportif.info\\\/#\\\/schema\\\/person\\\/cfbded294aa6095f7d96608d7905e9a1\"},\"inLanguage\":\"fr-FR\",\"potentialAction\":[{\"@type\":\"ReadAction\",\"target\":[\"https:\\\/\\\/oeilsportif.info\\\/index.php\\\/ca-yest-la-pont-labbiste-agathe-guillemot-sera-aux-jo-de-paris-2024\\\/\"]}]},{\"@type\":\"ImageObject\",\"inLanguage\":\"fr-FR\",\"@id\":\"https:\\\/\\\/oeilsportif.info\\\/index.php\\\/ca-yest-la-pont-labbiste-agathe-guillemot-sera-aux-jo-de-paris-2024\\\/#primaryimage\",\"url\":\"https:\\\/\\\/i0.wp.com\\\/oeilsportif.info\\\/wp-content\\\/uploads\\\/2024\\\/06\\\/IMG_1746.jpeg?fit=900%2C506&ssl=1\",\"contentUrl\":\"https:\\\/\\\/i0.wp.com\\\/oeilsportif.info\\\/wp-content\\\/uploads\\\/2024\\\/06\\\/IMG_1746.jpeg?fit=900%2C506&ssl=1\",\"width\":900,\"height\":506},{\"@type\":\"WebSite\",\"@id\":\"https:\\\/\\\/oeilsportif.info\\\/#website\",\"url\":\"https:\\\/\\\/oeilsportif.info\\\/\",\"name\":\"le regard du sportif\",\"description\":\"\",\"potentialAction\":[{\"@type\":\"SearchAction\",\"target\":{\"@type\":\"EntryPoint\",\"urlTemplate\":\"https:\\\/\\\/oeilsportif.info\\\/?s={search_term_string}\"},\"query-input\":{\"@type\":\"PropertyValueSpecification\",\"valueRequired\":true,\"valueName\":\"search_term_string\"}}],\"inLanguage\":\"fr-FR\"},{\"@type\":\"Person\",\"@id\":\"https:\\\/\\\/oeilsportif.info\\\/#\\\/schema\\\/person\\\/cfbded294aa6095f7d96608d7905e9a1\",\"name\":\"L'Equipe de la R\u00e9daction\",\"image\":{\"@type\":\"ImageObject\",\"inLanguage\":\"fr-FR\",\"@id\":\"https:\\\/\\\/oeilsportif.info\\\/wp-content\\\/uploads\\\/2025\\\/07\\\/cropped-cropped-logo-os-96x96.jpeg\",\"url\":\"https:\\\/\\\/oeilsportif.info\\\/wp-content\\\/uploads\\\/2025\\\/07\\\/cropped-cropped-logo-os-96x96.jpeg\",\"contentUrl\":\"https:\\\/\\\/oeilsportif.info\\\/wp-content\\\/uploads\\\/2025\\\/07\\\/cropped-cropped-logo-os-96x96.jpeg\",\"caption\":\"L'Equipe de la R\u00e9daction\"},\"url\":\"https:\\\/\\\/oeilsportif.info\\\/index.php\\\/author\\\/tawel\\\/\"}]}<\/script>\n<!-- \/ Yoast SEO plugin. -->","yoast_head_json":{"title":"CA Y'EST! LA PONT L'ABBISTE, AGATHE GUILLEMOT SERA AUX JO DE PARIS 2024 - le regard du sportif","robots":{"index":"index","follow":"follow","max-snippet":"max-snippet:-1","max-image-preview":"max-image-preview:large","max-video-preview":"max-video-preview:-1"},"canonical":"https:\/\/oeilsportif.info\/index.php\/ca-yest-la-pont-labbiste-agathe-guillemot-sera-aux-jo-de-paris-2024\/","og_locale":"fr_FR","og_type":"article","og_title":"CA Y'EST! LA PONT L'ABBISTE, AGATHE GUILLEMOT SERA AUX JO DE PARIS 2024 - le regard du sportif","og_description":"Elle s&rsquo;en \u00e9tait rapproch\u00e9e s\u00e9rieusement en Pologne, \u00e0 Chorzow, sur son dernier meeting, \u00e0 moins de deux secondes de la qualification aux Jeux Olympiques de Paris. Ca y&rsquo;est! C&rsquo;est fait! Agathe Guillemot mettra le cap sur les Jeux olympiques de Paris. En progression constante depuis la saison derni\u00e8re, la Pont l&rsquo;Abbiste a encore \u00e9t\u00e9 \u00e9patante [&hellip;]","og_url":"https:\/\/oeilsportif.info\/index.php\/ca-yest-la-pont-labbiste-agathe-guillemot-sera-aux-jo-de-paris-2024\/","og_site_name":"le regard du sportif","article_published_time":"2024-06-03T02:30:47+00:00","og_image":[{"width":900,"height":506,"url":"https:\/\/oeilsportif.info\/wp-content\/uploads\/2024\/06\/IMG_1746.jpeg","type":"image\/jpeg"}],"author":"L'Equipe de la R\u00e9daction","twitter_misc":{"\u00c9crit par":"L'Equipe de la R\u00e9daction","Dur\u00e9e de lecture estim\u00e9e":"2 minutes"},"schema":{"@context":"https:\/\/schema.org","@graph":[{"@type":"Article","@id":"https:\/\/oeilsportif.info\/index.php\/ca-yest-la-pont-labbiste-agathe-guillemot-sera-aux-jo-de-paris-2024\/#article","isPartOf":{"@id":"https:\/\/oeilsportif.info\/index.php\/ca-yest-la-pont-labbiste-agathe-guillemot-sera-aux-jo-de-paris-2024\/"},"author":{"name":"L'Equipe de la R\u00e9daction","@id":"https:\/\/oeilsportif.info\/#\/schema\/person\/cfbded294aa6095f7d96608d7905e9a1"},"headline":"CA Y&rsquo;EST! LA PONT L&rsquo;ABBISTE, AGATHE GUILLEMOT SERA AUX JO DE PARIS 2024","datePublished":"2024-06-03T02:30:47+00:00","mainEntityOfPage":{"@id":"https:\/\/oeilsportif.info\/index.php\/ca-yest-la-pont-labbiste-agathe-guillemot-sera-aux-jo-de-paris-2024\/"},"wordCount":232,"image":{"@id":"https:\/\/oeilsportif.info\/index.php\/ca-yest-la-pont-labbiste-agathe-guillemot-sera-aux-jo-de-paris-2024\/#primaryimage"},"thumbnailUrl":"https:\/\/i0.wp.com\/oeilsportif.info\/wp-content\/uploads\/2024\/06\/IMG_1746.jpeg?fit=900%2C506&ssl=1","articleSection":["Actualit\u00e9","Athl\u00e9tisme"],"inLanguage":"fr-FR"},{"@type":"WebPage","@id":"https:\/\/oeilsportif.info\/index.php\/ca-yest-la-pont-labbiste-agathe-guillemot-sera-aux-jo-de-paris-2024\/","url":"https:\/\/oeilsportif.info\/index.php\/ca-yest-la-pont-labbiste-agathe-guillemot-sera-aux-jo-de-paris-2024\/","name":"CA Y'EST! LA PONT L'ABBISTE, AGATHE GUILLEMOT SERA AUX JO DE PARIS 2024 - le regard du sportif","isPartOf":{"@id":"https:\/\/oeilsportif.info\/#website"},"primaryImageOfPage":{"@id":"https:\/\/oeilsportif.info\/index.php\/ca-yest-la-pont-labbiste-agathe-guillemot-sera-aux-jo-de-paris-2024\/#primaryimage"},"image":{"@id":"https:\/\/oeilsportif.info\/index.php\/ca-yest-la-pont-labbiste-agathe-guillemot-sera-aux-jo-de-paris-2024\/#primaryimage"},"thumbnailUrl":"https:\/\/i0.wp.com\/oeilsportif.info\/wp-content\/uploads\/2024\/06\/IMG_1746.jpeg?fit=900%2C506&ssl=1","datePublished":"2024-06-03T02:30:47+00:00","author":{"@id":"https:\/\/oeilsportif.info\/#\/schema\/person\/cfbded294aa6095f7d96608d7905e9a1"},"inLanguage":"fr-FR","potentialAction":[{"@type":"ReadAction","target":["https:\/\/oeilsportif.info\/index.php\/ca-yest-la-pont-labbiste-agathe-guillemot-sera-aux-jo-de-paris-2024\/"]}]},{"@type":"ImageObject","inLanguage":"fr-FR","@id":"https:\/\/oeilsportif.info\/index.php\/ca-yest-la-pont-labbiste-agathe-guillemot-sera-aux-jo-de-paris-2024\/#primaryimage","url":"https:\/\/i0.wp.com\/oeilsportif.info\/wp-content\/uploads\/2024\/06\/IMG_1746.jpeg?fit=900%2C506&ssl=1","contentUrl":"https:\/\/i0.wp.com\/oeilsportif.info\/wp-content\/uploads\/2024\/06\/IMG_1746.jpeg?fit=900%2C506&ssl=1","width":900,"height":506},{"@type":"WebSite","@id":"https:\/\/oeilsportif.info\/#website","url":"https:\/\/oeilsportif.info\/","name":"le regard du sportif","description":"","potentialAction":[{"@type":"SearchAction","target":{"@type":"EntryPoint","urlTemplate":"https:\/\/oeilsportif.info\/?s={search_term_string}"},"query-input":{"@type":"PropertyValueSpecification","valueRequired":true,"valueName":"search_term_string"}}],"inLanguage":"fr-FR"},{"@type":"Person","@id":"https:\/\/oeilsportif.info\/#\/schema\/person\/cfbded294aa6095f7d96608d7905e9a1","name":"L'Equipe de la R\u00e9daction","image":{"@type":"ImageObject","inLanguage":"fr-FR","@id":"https:\/\/oeilsportif.info\/wp-content\/uploads\/2025\/07\/cropped-cropped-logo-os-96x96.jpeg","url":"https:\/\/oeilsportif.info\/wp-content\/uploads\/2025\/07\/cropped-cropped-logo-os-96x96.jpeg","contentUrl":"https:\/\/oeilsportif.info\/wp-content\/uploads\/2025\/07\/cropped-cropped-logo-os-96x96.jpeg","caption":"L'Equipe de la R\u00e9daction"},"url":"https:\/\/oeilsportif.info\/index.php\/author\/tawel\/"}]}},"jetpack_publicize_connections":[],"jetpack_featured_media_url":"https:\/\/i0.wp.com\/oeilsportif.info\/wp-content\/uploads\/2024\/06\/IMG_1746.jpeg?fit=900%2C506&ssl=1","jetpack-related-posts":[],"jetpack_sharing_enabled":true,"jetpack_likes_enabled":true,"jetpack_shortlink":"https:\/\/wp.me\/pgFE77-1dJ","_links":{"self":[{"href":"https:\/\/oeilsportif.info\/index.php\/wp-json\/wp\/v2\/posts\/4695","targetHints":{"allow":["GET"]}}],"collection":[{"href":"https:\/\/oeilsportif.info\/index.php\/wp-json\/wp\/v2\/posts"}],"about":[{"href":"https:\/\/oeilsportif.info\/index.php\/wp-json\/wp\/v2\/types\/post"}],"author":[{"embeddable":true,"href":"https:\/\/oeilsportif.info\/index.php\/wp-json\/wp\/v2\/users\/2"}],"replies":[{"embeddable":true,"href":"https:\/\/oeilsportif.info\/index.php\/wp-json\/wp\/v2\/comments?post=4695"}],"version-history":[{"count":0,"href":"https:\/\/oeilsportif.info\/index.php\/wp-json\/wp\/v2\/posts\/4695\/revisions"}],"wp:featuredmedia":[{"embeddable":true,"href":"https:\/\/oeilsportif.info\/index.php\/wp-json\/wp\/v2\/media\/4696"}],"wp:attachment":[{"href":"https:\/\/oeilsportif.info\/index.php\/wp-json\/wp\/v2\/media?parent=4695"}],"wp:term":[{"taxonomy":"category","embeddable":true,"href":"https:\/\/oeilsportif.info\/index.php\/wp-json\/wp\/v2\/categories?post=4695"},{"taxonomy":"post_tag","embeddable":true,"href":"https:\/\/oeilsportif.info\/index.php\/wp-json\/wp\/v2\/tags?post=4695"}],"curies":[{"name":"wp","href":"https:\/\/api.w.org\/{rel}","templated":true}]}}