{"id":4691,"date":"2024-06-03T02:28:20","date_gmt":"2024-06-03T02:28:20","guid":{"rendered":"https:\/\/oeilsportif.info\/index.php\/?p=4691"},"modified":"2024-06-03T02:28:20","modified_gmt":"2024-06-03T02:28:20","slug":"donovan-christien-brille-a-bruxelles-sur-5000-m","status":"publish","type":"post","link":"https:\/\/oeilsportif.info\/index.php\/donovan-christien-brille-a-bruxelles-sur-5000-m\/","title":{"rendered":"DONOVAN CHRISTIEN BRILLE \u00c0 BRUXELLES SUR 5000 M"},"content":{"rendered":"<div class=\"sous_titre\">\n<p><strong>L&rsquo;\u00e9norme perf&rsquo; d&rsquo;Agathe Guillemot qui a d\u00e9croch\u00e9 \u00e0 Nancy, samedi dernier, le pr\u00e9cieux s\u00e9same pour les JO de Paris a quelque peu occult\u00e9 le gros chrono r\u00e9alis\u00e9 sur 5000 m\u00e8tres \u00e0 Bruxelles par un autre demi-fondeur finist\u00e9rien, le Bannal\u00e9cois, Donovan Christien : 13&rsquo;16\u00a0\u00bb70. Le licenci\u00e9 du BBK descend son record de 6 secondes, bat le record de Bretagne. Le Guiscrivite a \u00e9t\u00e9 auteur d&rsquo;une \u00e9norme performance. A 26 ans, il arrive en pleine force de l&rsquo;\u00e2ge, et confirme sa m\u00e9daille de bronze au championnat de France d&rsquo;Albi ( Tarn) en 2022, sur le temps de 14&rsquo;10\u00a0\u00bb.<\/strong><\/p>\n<\/div>\n<div id=\"diaporama\" class=\"slick-initialized slick-slider\">\n<div class=\"slick-list draggable\">\n<div class=\"slick-track\">\n<div class=\"one-photo slick-slide slick-current slick-active\" data-slick-index=\"0\" aria-hidden=\"false\"><\/div>\n<\/div>\n<\/div>\n<\/div>\n<div class=\"field field-name-body field-type-text-with-summary field-label-hidden\">\n<div class=\"field-items\">\n<div class=\"field-item even\">\n<p><strong>L\u00e9gende:<\/strong> Le Guiscrivite, Donavan Christien, s&rsquo;est illustr\u00e9 en signant un tr\u00e8s gros chrono sur 5.000 m, au meeting de Bruxelles, ce samedi. <strong>Cr\u00e9dit photo:<\/strong> DR<\/p>\n<p>Deux ans apr\u00e8s ce premier bronze national en senior, il a abaiss\u00e9 son temps de podium de pr\u00e8s d&rsquo;une minute, ce qui lui ouvre les portes de l&rsquo;Europe sur le 5.000 m. A noter que sur la m\u00eame distance, le Mosellan, Yann Schrub, a sur ce meeting de Bruxelles, acquit sa qualification pour les Jeux Olympiques de Paris 2024, en signant un temps de 13&rsquo;04\u00a0\u00bb.<\/p>\n<p>A d\u00e9sormais 11 secondes d&rsquo;une qualification olympique, avec un seuil fix\u00e9 \u00e0 13&rsquo;05\u00a0\u00bb, Donavan Christien franchit une sacr\u00e9e \u00e9tape avec son nouveau temps de r\u00e9f\u00e9rence sur 5.000 m acquis en Belgique.<\/p>\n<p><strong>Marc F\u00e9rec<\/strong><\/p>\n<\/div>\n<\/div>\n<\/div>\n","protected":false},"excerpt":{"rendered":"<p>L&rsquo;\u00e9norme perf&rsquo; d&rsquo;Agathe Guillemot qui a d\u00e9croch\u00e9 \u00e0 Nancy, samedi dernier, le pr\u00e9cieux s\u00e9same pour les JO de Paris a quelque peu occult\u00e9 le gros chrono r\u00e9alis\u00e9 sur 5000 m\u00e8tres \u00e0 Bruxelles par un autre demi-fondeur finist\u00e9rien, le Bannal\u00e9cois, Donovan Christien : 13&rsquo;16\u00a0\u00bb70. Le licenci\u00e9 du BBK descend son record de 6 secondes, bat le [&hellip;]<\/p>\n","protected":false},"author":2,"featured_media":4692,"comment_status":"closed","ping_status":"closed","sticky":false,"template":"","format":"standard","meta":{"_jetpack_memberships_contains_paid_content":false,"footnotes":"","jetpack_publicize_message":"","jetpack_publicize_feature_enabled":true,"jetpack_social_post_already_shared":true,"jetpack_social_options":{"image_generator_settings":{"template":"highway","default_image_id":0,"font":"","enabled":false},"version":2}},"categories":[10,11],"tags":[],"class_list":{"0":"post-4691","1":"post","2":"type-post","3":"status-publish","4":"format-standard","5":"has-post-thumbnail","7":"category-actualite","8":"category-athletisme"},"yoast_head":"<!-- This site is optimized with the Yoast SEO plugin v27.5 - https:\/\/yoast.com\/product\/yoast-seo-wordpress\/ -->\n<title>DONOVAN CHRISTIEN BRILLE \u00c0 BRUXELLES SUR 5000 M - le regard du sportif<\/title>\n<meta name=\"robots\" content=\"index, follow, max-snippet:-1, max-image-preview:large, max-video-preview:-1\" \/>\n<link rel=\"canonical\" href=\"https:\/\/oeilsportif.info\/index.php\/donovan-christien-brille-a-bruxelles-sur-5000-m\/\" \/>\n<meta property=\"og:locale\" content=\"fr_FR\" \/>\n<meta property=\"og:type\" content=\"article\" \/>\n<meta property=\"og:title\" content=\"DONOVAN CHRISTIEN BRILLE \u00c0 BRUXELLES SUR 5000 M - le regard du sportif\" \/>\n<meta property=\"og:description\" content=\"L&rsquo;\u00e9norme perf&rsquo; d&rsquo;Agathe Guillemot qui a d\u00e9croch\u00e9 \u00e0 Nancy, samedi dernier, le pr\u00e9cieux s\u00e9same pour les JO de Paris a quelque peu occult\u00e9 le gros chrono r\u00e9alis\u00e9 sur 5000 m\u00e8tres \u00e0 Bruxelles par un autre demi-fondeur finist\u00e9rien, le Bannal\u00e9cois, Donovan Christien : 13&rsquo;16\u00a0\u00bb70. Le licenci\u00e9 du BBK descend son record de 6 secondes, bat le [&hellip;]\" \/>\n<meta property=\"og:url\" content=\"https:\/\/oeilsportif.info\/index.php\/donovan-christien-brille-a-bruxelles-sur-5000-m\/\" \/>\n<meta property=\"og:site_name\" content=\"le regard du sportif\" \/>\n<meta property=\"article:published_time\" content=\"2024-06-03T02:28:20+00:00\" \/>\n<meta property=\"og:image\" content=\"https:\/\/oeilsportif.info\/wp-content\/uploads\/2024\/06\/IMG_1745.jpeg\" \/>\n\t<meta property=\"og:image:width\" content=\"567\" \/>\n\t<meta property=\"og:image:height\" content=\"356\" \/>\n\t<meta property=\"og:image:type\" content=\"image\/jpeg\" \/>\n<meta name=\"author\" content=\"L&#039;Equipe de la R\u00e9daction\" \/>\n<meta name=\"twitter:label1\" content=\"\u00c9crit par\" \/>\n\t<meta name=\"twitter:data1\" content=\"L&#039;Equipe de la R\u00e9daction\" \/>\n\t<meta name=\"twitter:label2\" content=\"Dur\u00e9e de lecture estim\u00e9e\" \/>\n\t<meta name=\"twitter:data2\" content=\"2 minutes\" \/>\n<script type=\"application\/ld+json\" class=\"yoast-schema-graph\">{\"@context\":\"https:\\\/\\\/schema.org\",\"@graph\":[{\"@type\":\"Article\",\"@id\":\"https:\\\/\\\/oeilsportif.info\\\/index.php\\\/donovan-christien-brille-a-bruxelles-sur-5000-m\\\/#article\",\"isPartOf\":{\"@id\":\"https:\\\/\\\/oeilsportif.info\\\/index.php\\\/donovan-christien-brille-a-bruxelles-sur-5000-m\\\/\"},\"author\":{\"name\":\"L'Equipe de la R\u00e9daction\",\"@id\":\"https:\\\/\\\/oeilsportif.info\\\/#\\\/schema\\\/person\\\/cfbded294aa6095f7d96608d7905e9a1\"},\"headline\":\"DONOVAN CHRISTIEN BRILLE \u00c0 BRUXELLES SUR 5000 M\",\"datePublished\":\"2024-06-03T02:28:20+00:00\",\"mainEntityOfPage\":{\"@id\":\"https:\\\/\\\/oeilsportif.info\\\/index.php\\\/donovan-christien-brille-a-bruxelles-sur-5000-m\\\/\"},\"wordCount\":235,\"image\":{\"@id\":\"https:\\\/\\\/oeilsportif.info\\\/index.php\\\/donovan-christien-brille-a-bruxelles-sur-5000-m\\\/#primaryimage\"},\"thumbnailUrl\":\"https:\\\/\\\/i0.wp.com\\\/oeilsportif.info\\\/wp-content\\\/uploads\\\/2024\\\/06\\\/IMG_1745.jpeg?fit=567%2C356&ssl=1\",\"articleSection\":[\"Actualit\u00e9\",\"Athl\u00e9tisme\"],\"inLanguage\":\"fr-FR\"},{\"@type\":\"WebPage\",\"@id\":\"https:\\\/\\\/oeilsportif.info\\\/index.php\\\/donovan-christien-brille-a-bruxelles-sur-5000-m\\\/\",\"url\":\"https:\\\/\\\/oeilsportif.info\\\/index.php\\\/donovan-christien-brille-a-bruxelles-sur-5000-m\\\/\",\"name\":\"DONOVAN CHRISTIEN BRILLE \u00c0 BRUXELLES SUR 5000 M - le regard du sportif\",\"isPartOf\":{\"@id\":\"https:\\\/\\\/oeilsportif.info\\\/#website\"},\"primaryImageOfPage\":{\"@id\":\"https:\\\/\\\/oeilsportif.info\\\/index.php\\\/donovan-christien-brille-a-bruxelles-sur-5000-m\\\/#primaryimage\"},\"image\":{\"@id\":\"https:\\\/\\\/oeilsportif.info\\\/index.php\\\/donovan-christien-brille-a-bruxelles-sur-5000-m\\\/#primaryimage\"},\"thumbnailUrl\":\"https:\\\/\\\/i0.wp.com\\\/oeilsportif.info\\\/wp-content\\\/uploads\\\/2024\\\/06\\\/IMG_1745.jpeg?fit=567%2C356&ssl=1\",\"datePublished\":\"2024-06-03T02:28:20+00:00\",\"author\":{\"@id\":\"https:\\\/\\\/oeilsportif.info\\\/#\\\/schema\\\/person\\\/cfbded294aa6095f7d96608d7905e9a1\"},\"inLanguage\":\"fr-FR\",\"potentialAction\":[{\"@type\":\"ReadAction\",\"target\":[\"https:\\\/\\\/oeilsportif.info\\\/index.php\\\/donovan-christien-brille-a-bruxelles-sur-5000-m\\\/\"]}]},{\"@type\":\"ImageObject\",\"inLanguage\":\"fr-FR\",\"@id\":\"https:\\\/\\\/oeilsportif.info\\\/index.php\\\/donovan-christien-brille-a-bruxelles-sur-5000-m\\\/#primaryimage\",\"url\":\"https:\\\/\\\/i0.wp.com\\\/oeilsportif.info\\\/wp-content\\\/uploads\\\/2024\\\/06\\\/IMG_1745.jpeg?fit=567%2C356&ssl=1\",\"contentUrl\":\"https:\\\/\\\/i0.wp.com\\\/oeilsportif.info\\\/wp-content\\\/uploads\\\/2024\\\/06\\\/IMG_1745.jpeg?fit=567%2C356&ssl=1\",\"width\":567,\"height\":356},{\"@type\":\"WebSite\",\"@id\":\"https:\\\/\\\/oeilsportif.info\\\/#website\",\"url\":\"https:\\\/\\\/oeilsportif.info\\\/\",\"name\":\"le regard du sportif\",\"description\":\"\",\"potentialAction\":[{\"@type\":\"SearchAction\",\"target\":{\"@type\":\"EntryPoint\",\"urlTemplate\":\"https:\\\/\\\/oeilsportif.info\\\/?s={search_term_string}\"},\"query-input\":{\"@type\":\"PropertyValueSpecification\",\"valueRequired\":true,\"valueName\":\"search_term_string\"}}],\"inLanguage\":\"fr-FR\"},{\"@type\":\"Person\",\"@id\":\"https:\\\/\\\/oeilsportif.info\\\/#\\\/schema\\\/person\\\/cfbded294aa6095f7d96608d7905e9a1\",\"name\":\"L'Equipe de la R\u00e9daction\",\"image\":{\"@type\":\"ImageObject\",\"inLanguage\":\"fr-FR\",\"@id\":\"https:\\\/\\\/oeilsportif.info\\\/wp-content\\\/uploads\\\/2025\\\/07\\\/cropped-cropped-logo-os-96x96.jpeg\",\"url\":\"https:\\\/\\\/oeilsportif.info\\\/wp-content\\\/uploads\\\/2025\\\/07\\\/cropped-cropped-logo-os-96x96.jpeg\",\"contentUrl\":\"https:\\\/\\\/oeilsportif.info\\\/wp-content\\\/uploads\\\/2025\\\/07\\\/cropped-cropped-logo-os-96x96.jpeg\",\"caption\":\"L'Equipe de la R\u00e9daction\"},\"url\":\"https:\\\/\\\/oeilsportif.info\\\/index.php\\\/author\\\/tawel\\\/\"}]}<\/script>\n<!-- \/ Yoast SEO plugin. -->","yoast_head_json":{"title":"DONOVAN CHRISTIEN BRILLE \u00c0 BRUXELLES SUR 5000 M - le regard du sportif","robots":{"index":"index","follow":"follow","max-snippet":"max-snippet:-1","max-image-preview":"max-image-preview:large","max-video-preview":"max-video-preview:-1"},"canonical":"https:\/\/oeilsportif.info\/index.php\/donovan-christien-brille-a-bruxelles-sur-5000-m\/","og_locale":"fr_FR","og_type":"article","og_title":"DONOVAN CHRISTIEN BRILLE \u00c0 BRUXELLES SUR 5000 M - le regard du sportif","og_description":"L&rsquo;\u00e9norme perf&rsquo; d&rsquo;Agathe Guillemot qui a d\u00e9croch\u00e9 \u00e0 Nancy, samedi dernier, le pr\u00e9cieux s\u00e9same pour les JO de Paris a quelque peu occult\u00e9 le gros chrono r\u00e9alis\u00e9 sur 5000 m\u00e8tres \u00e0 Bruxelles par un autre demi-fondeur finist\u00e9rien, le Bannal\u00e9cois, Donovan Christien : 13&rsquo;16\u00a0\u00bb70. Le licenci\u00e9 du BBK descend son record de 6 secondes, bat le [&hellip;]","og_url":"https:\/\/oeilsportif.info\/index.php\/donovan-christien-brille-a-bruxelles-sur-5000-m\/","og_site_name":"le regard du sportif","article_published_time":"2024-06-03T02:28:20+00:00","og_image":[{"width":567,"height":356,"url":"https:\/\/oeilsportif.info\/wp-content\/uploads\/2024\/06\/IMG_1745.jpeg","type":"image\/jpeg"}],"author":"L'Equipe de la R\u00e9daction","twitter_misc":{"\u00c9crit par":"L'Equipe de la R\u00e9daction","Dur\u00e9e de lecture estim\u00e9e":"2 minutes"},"schema":{"@context":"https:\/\/schema.org","@graph":[{"@type":"Article","@id":"https:\/\/oeilsportif.info\/index.php\/donovan-christien-brille-a-bruxelles-sur-5000-m\/#article","isPartOf":{"@id":"https:\/\/oeilsportif.info\/index.php\/donovan-christien-brille-a-bruxelles-sur-5000-m\/"},"author":{"name":"L'Equipe de la R\u00e9daction","@id":"https:\/\/oeilsportif.info\/#\/schema\/person\/cfbded294aa6095f7d96608d7905e9a1"},"headline":"DONOVAN CHRISTIEN BRILLE \u00c0 BRUXELLES SUR 5000 M","datePublished":"2024-06-03T02:28:20+00:00","mainEntityOfPage":{"@id":"https:\/\/oeilsportif.info\/index.php\/donovan-christien-brille-a-bruxelles-sur-5000-m\/"},"wordCount":235,"image":{"@id":"https:\/\/oeilsportif.info\/index.php\/donovan-christien-brille-a-bruxelles-sur-5000-m\/#primaryimage"},"thumbnailUrl":"https:\/\/i0.wp.com\/oeilsportif.info\/wp-content\/uploads\/2024\/06\/IMG_1745.jpeg?fit=567%2C356&ssl=1","articleSection":["Actualit\u00e9","Athl\u00e9tisme"],"inLanguage":"fr-FR"},{"@type":"WebPage","@id":"https:\/\/oeilsportif.info\/index.php\/donovan-christien-brille-a-bruxelles-sur-5000-m\/","url":"https:\/\/oeilsportif.info\/index.php\/donovan-christien-brille-a-bruxelles-sur-5000-m\/","name":"DONOVAN CHRISTIEN BRILLE \u00c0 BRUXELLES SUR 5000 M - le regard du sportif","isPartOf":{"@id":"https:\/\/oeilsportif.info\/#website"},"primaryImageOfPage":{"@id":"https:\/\/oeilsportif.info\/index.php\/donovan-christien-brille-a-bruxelles-sur-5000-m\/#primaryimage"},"image":{"@id":"https:\/\/oeilsportif.info\/index.php\/donovan-christien-brille-a-bruxelles-sur-5000-m\/#primaryimage"},"thumbnailUrl":"https:\/\/i0.wp.com\/oeilsportif.info\/wp-content\/uploads\/2024\/06\/IMG_1745.jpeg?fit=567%2C356&ssl=1","datePublished":"2024-06-03T02:28:20+00:00","author":{"@id":"https:\/\/oeilsportif.info\/#\/schema\/person\/cfbded294aa6095f7d96608d7905e9a1"},"inLanguage":"fr-FR","potentialAction":[{"@type":"ReadAction","target":["https:\/\/oeilsportif.info\/index.php\/donovan-christien-brille-a-bruxelles-sur-5000-m\/"]}]},{"@type":"ImageObject","inLanguage":"fr-FR","@id":"https:\/\/oeilsportif.info\/index.php\/donovan-christien-brille-a-bruxelles-sur-5000-m\/#primaryimage","url":"https:\/\/i0.wp.com\/oeilsportif.info\/wp-content\/uploads\/2024\/06\/IMG_1745.jpeg?fit=567%2C356&ssl=1","contentUrl":"https:\/\/i0.wp.com\/oeilsportif.info\/wp-content\/uploads\/2024\/06\/IMG_1745.jpeg?fit=567%2C356&ssl=1","width":567,"height":356},{"@type":"WebSite","@id":"https:\/\/oeilsportif.info\/#website","url":"https:\/\/oeilsportif.info\/","name":"le regard du sportif","description":"","potentialAction":[{"@type":"SearchAction","target":{"@type":"EntryPoint","urlTemplate":"https:\/\/oeilsportif.info\/?s={search_term_string}"},"query-input":{"@type":"PropertyValueSpecification","valueRequired":true,"valueName":"search_term_string"}}],"inLanguage":"fr-FR"},{"@type":"Person","@id":"https:\/\/oeilsportif.info\/#\/schema\/person\/cfbded294aa6095f7d96608d7905e9a1","name":"L'Equipe de la R\u00e9daction","image":{"@type":"ImageObject","inLanguage":"fr-FR","@id":"https:\/\/oeilsportif.info\/wp-content\/uploads\/2025\/07\/cropped-cropped-logo-os-96x96.jpeg","url":"https:\/\/oeilsportif.info\/wp-content\/uploads\/2025\/07\/cropped-cropped-logo-os-96x96.jpeg","contentUrl":"https:\/\/oeilsportif.info\/wp-content\/uploads\/2025\/07\/cropped-cropped-logo-os-96x96.jpeg","caption":"L'Equipe de la R\u00e9daction"},"url":"https:\/\/oeilsportif.info\/index.php\/author\/tawel\/"}]}},"jetpack_publicize_connections":[],"jetpack_featured_media_url":"https:\/\/i0.wp.com\/oeilsportif.info\/wp-content\/uploads\/2024\/06\/IMG_1745.jpeg?fit=567%2C356&ssl=1","jetpack-related-posts":[],"jetpack_sharing_enabled":true,"jetpack_likes_enabled":true,"jetpack_shortlink":"https:\/\/wp.me\/pgFE77-1dF","_links":{"self":[{"href":"https:\/\/oeilsportif.info\/index.php\/wp-json\/wp\/v2\/posts\/4691","targetHints":{"allow":["GET"]}}],"collection":[{"href":"https:\/\/oeilsportif.info\/index.php\/wp-json\/wp\/v2\/posts"}],"about":[{"href":"https:\/\/oeilsportif.info\/index.php\/wp-json\/wp\/v2\/types\/post"}],"author":[{"embeddable":true,"href":"https:\/\/oeilsportif.info\/index.php\/wp-json\/wp\/v2\/users\/2"}],"replies":[{"embeddable":true,"href":"https:\/\/oeilsportif.info\/index.php\/wp-json\/wp\/v2\/comments?post=4691"}],"version-history":[{"count":0,"href":"https:\/\/oeilsportif.info\/index.php\/wp-json\/wp\/v2\/posts\/4691\/revisions"}],"wp:featuredmedia":[{"embeddable":true,"href":"https:\/\/oeilsportif.info\/index.php\/wp-json\/wp\/v2\/media\/4692"}],"wp:attachment":[{"href":"https:\/\/oeilsportif.info\/index.php\/wp-json\/wp\/v2\/media?parent=4691"}],"wp:term":[{"taxonomy":"category","embeddable":true,"href":"https:\/\/oeilsportif.info\/index.php\/wp-json\/wp\/v2\/categories?post=4691"},{"taxonomy":"post_tag","embeddable":true,"href":"https:\/\/oeilsportif.info\/index.php\/wp-json\/wp\/v2\/tags?post=4691"}],"curies":[{"name":"wp","href":"https:\/\/api.w.org\/{rel}","templated":true}]}}