{"id":4663,"date":"2024-06-03T01:55:35","date_gmt":"2024-06-03T01:55:35","guid":{"rendered":"https:\/\/oeilsportif.info\/index.php\/?p=4663"},"modified":"2024-06-03T01:55:35","modified_gmt":"2024-06-03T01:55:35","slug":"champion-elite-des-iles-de-guadeloupe","status":"publish","type":"post","link":"https:\/\/oeilsportif.info\/index.php\/champion-elite-des-iles-de-guadeloupe\/","title":{"rendered":"CHAMPION \u00c9LITE DES \u00ceLES DE GUADELOUPE"},"content":{"rendered":"<p>Deux semaines apr\u00e8s, il est temps pour moi de revenir sur cette course qui a marqu\u00e9 ma carri\u00e8re de cycliste.<\/p>\n<p>Le dimanche 19 mai, je suis devenu le Champion \u00c9lite des \u00celes de Guadeloupe 2024. Durant mes pr\u00e9c\u00e9dentes saisons, j\u2019ai termin\u00e9 Vice-champion \u00e0 trois reprises. J\u2019ai donc longtemps tourn\u00e9 autour en ayant cette sensation de travail inachev\u00e9.<\/p>\n<p>Aujourd\u2019hui, sachez que je suis fier de ce que j\u2019ai pu accomplir. Ce titre, ce maillot, cette m\u00e9daille d\u2019or, repr\u00e9sentent le r\u00e9sultat de tous mes sacrifices.<\/p>\n<p>Je remercie l\u2019ensemble de mes co\u00e9quipiers et plus particuli\u00e8rement Dilhan Will, mon bras droit sur ces derniers kilom\u00e8tres. Je remercie mon directeur sportif, mon pr\u00e9sident et mon masseur, les mentors qui ont toujours cru en moi. Je n\u2019oublie surtout pas le staff ainsi que les nombreux supporters pr\u00e9sents ce jour l\u00e0.<\/p>\n<p>Mention sp\u00e9ciale \u00e0 toute ma famille qui m\u2019accompagne et me soutient au quotidien. Ces derniers temps, vous avez \u00e9t\u00e9 mon v\u00e9ritable pilier.<\/p>\n<p>Maintenant, place \u00e0 la suite de la pr\u00e9paration pour les \u00e9ch\u00e9ances \u00e0 venir !<\/p>\n<p>&nbsp;<\/p>\n","protected":false},"excerpt":{"rendered":"<p>Deux semaines apr\u00e8s, il est temps pour moi de revenir sur cette course qui a marqu\u00e9 ma carri\u00e8re de cycliste. Le dimanche 19 mai, je suis devenu le Champion \u00c9lite des \u00celes de Guadeloupe 2024. Durant mes pr\u00e9c\u00e9dentes saisons, j\u2019ai termin\u00e9 Vice-champion \u00e0 trois reprises. J\u2019ai donc longtemps tourn\u00e9 autour en ayant cette sensation de [&hellip;]<\/p>\n","protected":false},"author":2,"featured_media":4664,"comment_status":"closed","ping_status":"closed","sticky":false,"template":"","format":"standard","meta":{"_jetpack_memberships_contains_paid_content":false,"footnotes":"","jetpack_publicize_message":"","jetpack_publicize_feature_enabled":true,"jetpack_social_post_already_shared":true,"jetpack_social_options":{"image_generator_settings":{"template":"highway","default_image_id":0,"font":"","enabled":false},"version":2}},"categories":[10,8],"tags":[],"class_list":{"0":"post-4663","1":"post","2":"type-post","3":"status-publish","4":"format-standard","5":"has-post-thumbnail","7":"category-actualite","8":"category-cyclisme"},"yoast_head":"<!-- This site is optimized with the Yoast SEO plugin v27.5 - https:\/\/yoast.com\/product\/yoast-seo-wordpress\/ -->\n<title>CHAMPION \u00c9LITE DES \u00ceLES DE GUADELOUPE - le regard du sportif<\/title>\n<meta name=\"robots\" content=\"index, follow, max-snippet:-1, max-image-preview:large, max-video-preview:-1\" \/>\n<link rel=\"canonical\" href=\"https:\/\/oeilsportif.info\/index.php\/champion-elite-des-iles-de-guadeloupe\/\" \/>\n<meta property=\"og:locale\" content=\"fr_FR\" \/>\n<meta property=\"og:type\" content=\"article\" \/>\n<meta property=\"og:title\" content=\"CHAMPION \u00c9LITE DES \u00ceLES DE GUADELOUPE - le regard du sportif\" \/>\n<meta property=\"og:description\" content=\"Deux semaines apr\u00e8s, il est temps pour moi de revenir sur cette course qui a marqu\u00e9 ma carri\u00e8re de cycliste. Le dimanche 19 mai, je suis devenu le Champion \u00c9lite des \u00celes de Guadeloupe 2024. Durant mes pr\u00e9c\u00e9dentes saisons, j\u2019ai termin\u00e9 Vice-champion \u00e0 trois reprises. J\u2019ai donc longtemps tourn\u00e9 autour en ayant cette sensation de [&hellip;]\" \/>\n<meta property=\"og:url\" content=\"https:\/\/oeilsportif.info\/index.php\/champion-elite-des-iles-de-guadeloupe\/\" \/>\n<meta property=\"og:site_name\" content=\"le regard du sportif\" \/>\n<meta property=\"article:published_time\" content=\"2024-06-03T01:55:35+00:00\" \/>\n<meta property=\"og:image\" content=\"https:\/\/oeilsportif.info\/wp-content\/uploads\/2024\/06\/IMG_1734.jpeg\" \/>\n\t<meta property=\"og:image:width\" content=\"2048\" \/>\n\t<meta property=\"og:image:height\" content=\"1366\" \/>\n\t<meta property=\"og:image:type\" content=\"image\/jpeg\" \/>\n<meta name=\"author\" content=\"L&#039;Equipe de la R\u00e9daction\" \/>\n<meta name=\"twitter:label1\" content=\"\u00c9crit par\" \/>\n\t<meta name=\"twitter:data1\" content=\"L&#039;Equipe de la R\u00e9daction\" \/>\n\t<meta name=\"twitter:label2\" content=\"Dur\u00e9e de lecture estim\u00e9e\" \/>\n\t<meta name=\"twitter:data2\" content=\"2 minutes\" \/>\n<script type=\"application\/ld+json\" class=\"yoast-schema-graph\">{\"@context\":\"https:\\\/\\\/schema.org\",\"@graph\":[{\"@type\":\"Article\",\"@id\":\"https:\\\/\\\/oeilsportif.info\\\/index.php\\\/champion-elite-des-iles-de-guadeloupe\\\/#article\",\"isPartOf\":{\"@id\":\"https:\\\/\\\/oeilsportif.info\\\/index.php\\\/champion-elite-des-iles-de-guadeloupe\\\/\"},\"author\":{\"name\":\"L'Equipe de la R\u00e9daction\",\"@id\":\"https:\\\/\\\/oeilsportif.info\\\/#\\\/schema\\\/person\\\/cfbded294aa6095f7d96608d7905e9a1\"},\"headline\":\"CHAMPION \u00c9LITE DES \u00ceLES DE GUADELOUPE\",\"datePublished\":\"2024-06-03T01:55:35+00:00\",\"mainEntityOfPage\":{\"@id\":\"https:\\\/\\\/oeilsportif.info\\\/index.php\\\/champion-elite-des-iles-de-guadeloupe\\\/\"},\"wordCount\":194,\"image\":{\"@id\":\"https:\\\/\\\/oeilsportif.info\\\/index.php\\\/champion-elite-des-iles-de-guadeloupe\\\/#primaryimage\"},\"thumbnailUrl\":\"https:\\\/\\\/i0.wp.com\\\/oeilsportif.info\\\/wp-content\\\/uploads\\\/2024\\\/06\\\/IMG_1734.jpeg?fit=2048%2C1366&ssl=1\",\"articleSection\":[\"Actualit\u00e9\",\"Cyclisme\"],\"inLanguage\":\"fr-FR\"},{\"@type\":\"WebPage\",\"@id\":\"https:\\\/\\\/oeilsportif.info\\\/index.php\\\/champion-elite-des-iles-de-guadeloupe\\\/\",\"url\":\"https:\\\/\\\/oeilsportif.info\\\/index.php\\\/champion-elite-des-iles-de-guadeloupe\\\/\",\"name\":\"CHAMPION \u00c9LITE DES \u00ceLES DE GUADELOUPE - le regard du sportif\",\"isPartOf\":{\"@id\":\"https:\\\/\\\/oeilsportif.info\\\/#website\"},\"primaryImageOfPage\":{\"@id\":\"https:\\\/\\\/oeilsportif.info\\\/index.php\\\/champion-elite-des-iles-de-guadeloupe\\\/#primaryimage\"},\"image\":{\"@id\":\"https:\\\/\\\/oeilsportif.info\\\/index.php\\\/champion-elite-des-iles-de-guadeloupe\\\/#primaryimage\"},\"thumbnailUrl\":\"https:\\\/\\\/i0.wp.com\\\/oeilsportif.info\\\/wp-content\\\/uploads\\\/2024\\\/06\\\/IMG_1734.jpeg?fit=2048%2C1366&ssl=1\",\"datePublished\":\"2024-06-03T01:55:35+00:00\",\"author\":{\"@id\":\"https:\\\/\\\/oeilsportif.info\\\/#\\\/schema\\\/person\\\/cfbded294aa6095f7d96608d7905e9a1\"},\"inLanguage\":\"fr-FR\",\"potentialAction\":[{\"@type\":\"ReadAction\",\"target\":[\"https:\\\/\\\/oeilsportif.info\\\/index.php\\\/champion-elite-des-iles-de-guadeloupe\\\/\"]}]},{\"@type\":\"ImageObject\",\"inLanguage\":\"fr-FR\",\"@id\":\"https:\\\/\\\/oeilsportif.info\\\/index.php\\\/champion-elite-des-iles-de-guadeloupe\\\/#primaryimage\",\"url\":\"https:\\\/\\\/i0.wp.com\\\/oeilsportif.info\\\/wp-content\\\/uploads\\\/2024\\\/06\\\/IMG_1734.jpeg?fit=2048%2C1366&ssl=1\",\"contentUrl\":\"https:\\\/\\\/i0.wp.com\\\/oeilsportif.info\\\/wp-content\\\/uploads\\\/2024\\\/06\\\/IMG_1734.jpeg?fit=2048%2C1366&ssl=1\",\"width\":2048,\"height\":1366},{\"@type\":\"WebSite\",\"@id\":\"https:\\\/\\\/oeilsportif.info\\\/#website\",\"url\":\"https:\\\/\\\/oeilsportif.info\\\/\",\"name\":\"le regard du sportif\",\"description\":\"\",\"potentialAction\":[{\"@type\":\"SearchAction\",\"target\":{\"@type\":\"EntryPoint\",\"urlTemplate\":\"https:\\\/\\\/oeilsportif.info\\\/?s={search_term_string}\"},\"query-input\":{\"@type\":\"PropertyValueSpecification\",\"valueRequired\":true,\"valueName\":\"search_term_string\"}}],\"inLanguage\":\"fr-FR\"},{\"@type\":\"Person\",\"@id\":\"https:\\\/\\\/oeilsportif.info\\\/#\\\/schema\\\/person\\\/cfbded294aa6095f7d96608d7905e9a1\",\"name\":\"L'Equipe de la R\u00e9daction\",\"image\":{\"@type\":\"ImageObject\",\"inLanguage\":\"fr-FR\",\"@id\":\"https:\\\/\\\/oeilsportif.info\\\/wp-content\\\/uploads\\\/2025\\\/07\\\/cropped-cropped-logo-os-96x96.jpeg\",\"url\":\"https:\\\/\\\/oeilsportif.info\\\/wp-content\\\/uploads\\\/2025\\\/07\\\/cropped-cropped-logo-os-96x96.jpeg\",\"contentUrl\":\"https:\\\/\\\/oeilsportif.info\\\/wp-content\\\/uploads\\\/2025\\\/07\\\/cropped-cropped-logo-os-96x96.jpeg\",\"caption\":\"L'Equipe de la R\u00e9daction\"},\"url\":\"https:\\\/\\\/oeilsportif.info\\\/index.php\\\/author\\\/tawel\\\/\"}]}<\/script>\n<!-- \/ Yoast SEO plugin. -->","yoast_head_json":{"title":"CHAMPION \u00c9LITE DES \u00ceLES DE GUADELOUPE - le regard du sportif","robots":{"index":"index","follow":"follow","max-snippet":"max-snippet:-1","max-image-preview":"max-image-preview:large","max-video-preview":"max-video-preview:-1"},"canonical":"https:\/\/oeilsportif.info\/index.php\/champion-elite-des-iles-de-guadeloupe\/","og_locale":"fr_FR","og_type":"article","og_title":"CHAMPION \u00c9LITE DES \u00ceLES DE GUADELOUPE - le regard du sportif","og_description":"Deux semaines apr\u00e8s, il est temps pour moi de revenir sur cette course qui a marqu\u00e9 ma carri\u00e8re de cycliste. Le dimanche 19 mai, je suis devenu le Champion \u00c9lite des \u00celes de Guadeloupe 2024. Durant mes pr\u00e9c\u00e9dentes saisons, j\u2019ai termin\u00e9 Vice-champion \u00e0 trois reprises. J\u2019ai donc longtemps tourn\u00e9 autour en ayant cette sensation de [&hellip;]","og_url":"https:\/\/oeilsportif.info\/index.php\/champion-elite-des-iles-de-guadeloupe\/","og_site_name":"le regard du sportif","article_published_time":"2024-06-03T01:55:35+00:00","og_image":[{"width":2048,"height":1366,"url":"https:\/\/oeilsportif.info\/wp-content\/uploads\/2024\/06\/IMG_1734.jpeg","type":"image\/jpeg"}],"author":"L'Equipe de la R\u00e9daction","twitter_misc":{"\u00c9crit par":"L'Equipe de la R\u00e9daction","Dur\u00e9e de lecture estim\u00e9e":"2 minutes"},"schema":{"@context":"https:\/\/schema.org","@graph":[{"@type":"Article","@id":"https:\/\/oeilsportif.info\/index.php\/champion-elite-des-iles-de-guadeloupe\/#article","isPartOf":{"@id":"https:\/\/oeilsportif.info\/index.php\/champion-elite-des-iles-de-guadeloupe\/"},"author":{"name":"L'Equipe de la R\u00e9daction","@id":"https:\/\/oeilsportif.info\/#\/schema\/person\/cfbded294aa6095f7d96608d7905e9a1"},"headline":"CHAMPION \u00c9LITE DES \u00ceLES DE GUADELOUPE","datePublished":"2024-06-03T01:55:35+00:00","mainEntityOfPage":{"@id":"https:\/\/oeilsportif.info\/index.php\/champion-elite-des-iles-de-guadeloupe\/"},"wordCount":194,"image":{"@id":"https:\/\/oeilsportif.info\/index.php\/champion-elite-des-iles-de-guadeloupe\/#primaryimage"},"thumbnailUrl":"https:\/\/i0.wp.com\/oeilsportif.info\/wp-content\/uploads\/2024\/06\/IMG_1734.jpeg?fit=2048%2C1366&ssl=1","articleSection":["Actualit\u00e9","Cyclisme"],"inLanguage":"fr-FR"},{"@type":"WebPage","@id":"https:\/\/oeilsportif.info\/index.php\/champion-elite-des-iles-de-guadeloupe\/","url":"https:\/\/oeilsportif.info\/index.php\/champion-elite-des-iles-de-guadeloupe\/","name":"CHAMPION \u00c9LITE DES \u00ceLES DE GUADELOUPE - le regard du sportif","isPartOf":{"@id":"https:\/\/oeilsportif.info\/#website"},"primaryImageOfPage":{"@id":"https:\/\/oeilsportif.info\/index.php\/champion-elite-des-iles-de-guadeloupe\/#primaryimage"},"image":{"@id":"https:\/\/oeilsportif.info\/index.php\/champion-elite-des-iles-de-guadeloupe\/#primaryimage"},"thumbnailUrl":"https:\/\/i0.wp.com\/oeilsportif.info\/wp-content\/uploads\/2024\/06\/IMG_1734.jpeg?fit=2048%2C1366&ssl=1","datePublished":"2024-06-03T01:55:35+00:00","author":{"@id":"https:\/\/oeilsportif.info\/#\/schema\/person\/cfbded294aa6095f7d96608d7905e9a1"},"inLanguage":"fr-FR","potentialAction":[{"@type":"ReadAction","target":["https:\/\/oeilsportif.info\/index.php\/champion-elite-des-iles-de-guadeloupe\/"]}]},{"@type":"ImageObject","inLanguage":"fr-FR","@id":"https:\/\/oeilsportif.info\/index.php\/champion-elite-des-iles-de-guadeloupe\/#primaryimage","url":"https:\/\/i0.wp.com\/oeilsportif.info\/wp-content\/uploads\/2024\/06\/IMG_1734.jpeg?fit=2048%2C1366&ssl=1","contentUrl":"https:\/\/i0.wp.com\/oeilsportif.info\/wp-content\/uploads\/2024\/06\/IMG_1734.jpeg?fit=2048%2C1366&ssl=1","width":2048,"height":1366},{"@type":"WebSite","@id":"https:\/\/oeilsportif.info\/#website","url":"https:\/\/oeilsportif.info\/","name":"le regard du sportif","description":"","potentialAction":[{"@type":"SearchAction","target":{"@type":"EntryPoint","urlTemplate":"https:\/\/oeilsportif.info\/?s={search_term_string}"},"query-input":{"@type":"PropertyValueSpecification","valueRequired":true,"valueName":"search_term_string"}}],"inLanguage":"fr-FR"},{"@type":"Person","@id":"https:\/\/oeilsportif.info\/#\/schema\/person\/cfbded294aa6095f7d96608d7905e9a1","name":"L'Equipe de la R\u00e9daction","image":{"@type":"ImageObject","inLanguage":"fr-FR","@id":"https:\/\/oeilsportif.info\/wp-content\/uploads\/2025\/07\/cropped-cropped-logo-os-96x96.jpeg","url":"https:\/\/oeilsportif.info\/wp-content\/uploads\/2025\/07\/cropped-cropped-logo-os-96x96.jpeg","contentUrl":"https:\/\/oeilsportif.info\/wp-content\/uploads\/2025\/07\/cropped-cropped-logo-os-96x96.jpeg","caption":"L'Equipe de la R\u00e9daction"},"url":"https:\/\/oeilsportif.info\/index.php\/author\/tawel\/"}]}},"jetpack_publicize_connections":[],"jetpack_featured_media_url":"https:\/\/i0.wp.com\/oeilsportif.info\/wp-content\/uploads\/2024\/06\/IMG_1734.jpeg?fit=2048%2C1366&ssl=1","jetpack-related-posts":[],"jetpack_sharing_enabled":true,"jetpack_likes_enabled":true,"jetpack_shortlink":"https:\/\/wp.me\/pgFE77-1dd","_links":{"self":[{"href":"https:\/\/oeilsportif.info\/index.php\/wp-json\/wp\/v2\/posts\/4663","targetHints":{"allow":["GET"]}}],"collection":[{"href":"https:\/\/oeilsportif.info\/index.php\/wp-json\/wp\/v2\/posts"}],"about":[{"href":"https:\/\/oeilsportif.info\/index.php\/wp-json\/wp\/v2\/types\/post"}],"author":[{"embeddable":true,"href":"https:\/\/oeilsportif.info\/index.php\/wp-json\/wp\/v2\/users\/2"}],"replies":[{"embeddable":true,"href":"https:\/\/oeilsportif.info\/index.php\/wp-json\/wp\/v2\/comments?post=4663"}],"version-history":[{"count":0,"href":"https:\/\/oeilsportif.info\/index.php\/wp-json\/wp\/v2\/posts\/4663\/revisions"}],"wp:featuredmedia":[{"embeddable":true,"href":"https:\/\/oeilsportif.info\/index.php\/wp-json\/wp\/v2\/media\/4664"}],"wp:attachment":[{"href":"https:\/\/oeilsportif.info\/index.php\/wp-json\/wp\/v2\/media?parent=4663"}],"wp:term":[{"taxonomy":"category","embeddable":true,"href":"https:\/\/oeilsportif.info\/index.php\/wp-json\/wp\/v2\/categories?post=4663"},{"taxonomy":"post_tag","embeddable":true,"href":"https:\/\/oeilsportif.info\/index.php\/wp-json\/wp\/v2\/tags?post=4663"}],"curies":[{"name":"wp","href":"https:\/\/api.w.org\/{rel}","templated":true}]}}