{"id":4651,"date":"2024-06-03T01:37:28","date_gmt":"2024-06-03T01:37:28","guid":{"rendered":"https:\/\/oeilsportif.info\/index.php\/?p=4651"},"modified":"2024-06-03T01:37:28","modified_gmt":"2024-06-03T01:37:28","slug":"le-premier-ministre-felicite-les-jeunes-champions","status":"publish","type":"post","link":"https:\/\/oeilsportif.info\/index.php\/le-premier-ministre-felicite-les-jeunes-champions\/","title":{"rendered":"Le premier ministre f\u00e9licite les jeunes champions !"},"content":{"rendered":"<p>Le deuxi\u00e8me groupe des champions de l\u2019IHF Trophy Zone 2 est arriv\u00e9 ce lundi soir \u00e0 Conakry. \u00c0 l&rsquo;a\u00e9roport international Ahmed S\u00e9kou Tour\u00e9, le Premier Ministre Bah Oury a rencontr\u00e9 les handballeurs \u00e0 leur arriv\u00e9e.<\/p>\n<p>Tr\u00e8s fier du parcours du Syli Handball, le chef du gouvernement guin\u00e9en a adress\u00e9 ses f\u00e9licitations aux responsables de la F\u00e9d\u00e9ration Guin\u00e9enne de Handball et \u00e0 ces \u00e9quipes nationales tr\u00e8s prometteuses, qui ont r\u00e9alis\u00e9 un tr\u00e8s bon parcours \u00e0 Nouakchott.<\/p>\n<p>Les champions de l\u2019IHF Trophy Zone 2 reviennent \u00e0 la maison avec la satisfaction d\u2019un devoir accompli. Ils pr\u00e9senteront officiellement les deux troph\u00e9es aux autorit\u00e9s guin\u00e9ennes.<\/p>\n<p>FEGUIHAND<\/p>\n","protected":false},"excerpt":{"rendered":"<p>Le deuxi\u00e8me groupe des champions de l\u2019IHF Trophy Zone 2 est arriv\u00e9 ce lundi soir \u00e0 Conakry. \u00c0 l&rsquo;a\u00e9roport international Ahmed S\u00e9kou Tour\u00e9, le Premier Ministre Bah Oury a rencontr\u00e9 les handballeurs \u00e0 leur arriv\u00e9e. Tr\u00e8s fier du parcours du Syli Handball, le chef du gouvernement guin\u00e9en a adress\u00e9 ses f\u00e9licitations aux responsables de la [&hellip;]<\/p>\n","protected":false},"author":2,"featured_media":4652,"comment_status":"closed","ping_status":"closed","sticky":false,"template":"","format":"standard","meta":{"_jetpack_memberships_contains_paid_content":false,"footnotes":"","jetpack_publicize_message":"","jetpack_publicize_feature_enabled":true,"jetpack_social_post_already_shared":true,"jetpack_social_options":{"image_generator_settings":{"template":"highway","default_image_id":0,"font":"","enabled":false},"version":2}},"categories":[10,6],"tags":[],"class_list":{"0":"post-4651","1":"post","2":"type-post","3":"status-publish","4":"format-standard","5":"has-post-thumbnail","7":"category-actualite","8":"category-handball"},"yoast_head":"<!-- This site is optimized with the Yoast SEO plugin v27.5 - https:\/\/yoast.com\/product\/yoast-seo-wordpress\/ -->\n<title>Le premier ministre f\u00e9licite les jeunes champions ! - le regard du sportif<\/title>\n<meta name=\"robots\" content=\"index, follow, max-snippet:-1, max-image-preview:large, max-video-preview:-1\" \/>\n<link rel=\"canonical\" href=\"https:\/\/oeilsportif.info\/index.php\/le-premier-ministre-felicite-les-jeunes-champions\/\" \/>\n<meta property=\"og:locale\" content=\"fr_FR\" \/>\n<meta property=\"og:type\" content=\"article\" \/>\n<meta property=\"og:title\" content=\"Le premier ministre f\u00e9licite les jeunes champions ! - le regard du sportif\" \/>\n<meta property=\"og:description\" content=\"Le deuxi\u00e8me groupe des champions de l\u2019IHF Trophy Zone 2 est arriv\u00e9 ce lundi soir \u00e0 Conakry. \u00c0 l&rsquo;a\u00e9roport international Ahmed S\u00e9kou Tour\u00e9, le Premier Ministre Bah Oury a rencontr\u00e9 les handballeurs \u00e0 leur arriv\u00e9e. Tr\u00e8s fier du parcours du Syli Handball, le chef du gouvernement guin\u00e9en a adress\u00e9 ses f\u00e9licitations aux responsables de la [&hellip;]\" \/>\n<meta property=\"og:url\" content=\"https:\/\/oeilsportif.info\/index.php\/le-premier-ministre-felicite-les-jeunes-champions\/\" \/>\n<meta property=\"og:site_name\" content=\"le regard du sportif\" \/>\n<meta property=\"article:published_time\" content=\"2024-06-03T01:37:28+00:00\" \/>\n<meta property=\"og:image\" content=\"https:\/\/oeilsportif.info\/wp-content\/uploads\/2024\/06\/IMG_1726.jpeg\" \/>\n\t<meta property=\"og:image:width\" content=\"1080\" \/>\n\t<meta property=\"og:image:height\" content=\"810\" \/>\n\t<meta property=\"og:image:type\" content=\"image\/jpeg\" \/>\n<meta name=\"author\" content=\"L&#039;Equipe de la R\u00e9daction\" \/>\n<meta name=\"twitter:label1\" content=\"\u00c9crit par\" \/>\n\t<meta name=\"twitter:data1\" content=\"L&#039;Equipe de la R\u00e9daction\" \/>\n\t<meta name=\"twitter:label2\" content=\"Dur\u00e9e de lecture estim\u00e9e\" \/>\n\t<meta name=\"twitter:data2\" content=\"1 minute\" \/>\n<script type=\"application\/ld+json\" class=\"yoast-schema-graph\">{\"@context\":\"https:\\\/\\\/schema.org\",\"@graph\":[{\"@type\":\"Article\",\"@id\":\"https:\\\/\\\/oeilsportif.info\\\/index.php\\\/le-premier-ministre-felicite-les-jeunes-champions\\\/#article\",\"isPartOf\":{\"@id\":\"https:\\\/\\\/oeilsportif.info\\\/index.php\\\/le-premier-ministre-felicite-les-jeunes-champions\\\/\"},\"author\":{\"name\":\"L'Equipe de la R\u00e9daction\",\"@id\":\"https:\\\/\\\/oeilsportif.info\\\/#\\\/schema\\\/person\\\/cfbded294aa6095f7d96608d7905e9a1\"},\"headline\":\"Le premier ministre f\u00e9licite les jeunes champions !\",\"datePublished\":\"2024-06-03T01:37:28+00:00\",\"mainEntityOfPage\":{\"@id\":\"https:\\\/\\\/oeilsportif.info\\\/index.php\\\/le-premier-ministre-felicite-les-jeunes-champions\\\/\"},\"wordCount\":123,\"image\":{\"@id\":\"https:\\\/\\\/oeilsportif.info\\\/index.php\\\/le-premier-ministre-felicite-les-jeunes-champions\\\/#primaryimage\"},\"thumbnailUrl\":\"https:\\\/\\\/i0.wp.com\\\/oeilsportif.info\\\/wp-content\\\/uploads\\\/2024\\\/06\\\/IMG_1726.jpeg?fit=1080%2C810&ssl=1\",\"articleSection\":[\"Actualit\u00e9\",\"Handball\"],\"inLanguage\":\"fr-FR\"},{\"@type\":\"WebPage\",\"@id\":\"https:\\\/\\\/oeilsportif.info\\\/index.php\\\/le-premier-ministre-felicite-les-jeunes-champions\\\/\",\"url\":\"https:\\\/\\\/oeilsportif.info\\\/index.php\\\/le-premier-ministre-felicite-les-jeunes-champions\\\/\",\"name\":\"Le premier ministre f\u00e9licite les jeunes champions ! - le regard du sportif\",\"isPartOf\":{\"@id\":\"https:\\\/\\\/oeilsportif.info\\\/#website\"},\"primaryImageOfPage\":{\"@id\":\"https:\\\/\\\/oeilsportif.info\\\/index.php\\\/le-premier-ministre-felicite-les-jeunes-champions\\\/#primaryimage\"},\"image\":{\"@id\":\"https:\\\/\\\/oeilsportif.info\\\/index.php\\\/le-premier-ministre-felicite-les-jeunes-champions\\\/#primaryimage\"},\"thumbnailUrl\":\"https:\\\/\\\/i0.wp.com\\\/oeilsportif.info\\\/wp-content\\\/uploads\\\/2024\\\/06\\\/IMG_1726.jpeg?fit=1080%2C810&ssl=1\",\"datePublished\":\"2024-06-03T01:37:28+00:00\",\"author\":{\"@id\":\"https:\\\/\\\/oeilsportif.info\\\/#\\\/schema\\\/person\\\/cfbded294aa6095f7d96608d7905e9a1\"},\"inLanguage\":\"fr-FR\",\"potentialAction\":[{\"@type\":\"ReadAction\",\"target\":[\"https:\\\/\\\/oeilsportif.info\\\/index.php\\\/le-premier-ministre-felicite-les-jeunes-champions\\\/\"]}]},{\"@type\":\"ImageObject\",\"inLanguage\":\"fr-FR\",\"@id\":\"https:\\\/\\\/oeilsportif.info\\\/index.php\\\/le-premier-ministre-felicite-les-jeunes-champions\\\/#primaryimage\",\"url\":\"https:\\\/\\\/i0.wp.com\\\/oeilsportif.info\\\/wp-content\\\/uploads\\\/2024\\\/06\\\/IMG_1726.jpeg?fit=1080%2C810&ssl=1\",\"contentUrl\":\"https:\\\/\\\/i0.wp.com\\\/oeilsportif.info\\\/wp-content\\\/uploads\\\/2024\\\/06\\\/IMG_1726.jpeg?fit=1080%2C810&ssl=1\",\"width\":1080,\"height\":810},{\"@type\":\"WebSite\",\"@id\":\"https:\\\/\\\/oeilsportif.info\\\/#website\",\"url\":\"https:\\\/\\\/oeilsportif.info\\\/\",\"name\":\"le regard du sportif\",\"description\":\"\",\"potentialAction\":[{\"@type\":\"SearchAction\",\"target\":{\"@type\":\"EntryPoint\",\"urlTemplate\":\"https:\\\/\\\/oeilsportif.info\\\/?s={search_term_string}\"},\"query-input\":{\"@type\":\"PropertyValueSpecification\",\"valueRequired\":true,\"valueName\":\"search_term_string\"}}],\"inLanguage\":\"fr-FR\"},{\"@type\":\"Person\",\"@id\":\"https:\\\/\\\/oeilsportif.info\\\/#\\\/schema\\\/person\\\/cfbded294aa6095f7d96608d7905e9a1\",\"name\":\"L'Equipe de la R\u00e9daction\",\"image\":{\"@type\":\"ImageObject\",\"inLanguage\":\"fr-FR\",\"@id\":\"https:\\\/\\\/oeilsportif.info\\\/wp-content\\\/uploads\\\/2025\\\/07\\\/cropped-cropped-logo-os-96x96.jpeg\",\"url\":\"https:\\\/\\\/oeilsportif.info\\\/wp-content\\\/uploads\\\/2025\\\/07\\\/cropped-cropped-logo-os-96x96.jpeg\",\"contentUrl\":\"https:\\\/\\\/oeilsportif.info\\\/wp-content\\\/uploads\\\/2025\\\/07\\\/cropped-cropped-logo-os-96x96.jpeg\",\"caption\":\"L'Equipe de la R\u00e9daction\"},\"url\":\"https:\\\/\\\/oeilsportif.info\\\/index.php\\\/author\\\/tawel\\\/\"}]}<\/script>\n<!-- \/ Yoast SEO plugin. -->","yoast_head_json":{"title":"Le premier ministre f\u00e9licite les jeunes champions ! - le regard du sportif","robots":{"index":"index","follow":"follow","max-snippet":"max-snippet:-1","max-image-preview":"max-image-preview:large","max-video-preview":"max-video-preview:-1"},"canonical":"https:\/\/oeilsportif.info\/index.php\/le-premier-ministre-felicite-les-jeunes-champions\/","og_locale":"fr_FR","og_type":"article","og_title":"Le premier ministre f\u00e9licite les jeunes champions ! - le regard du sportif","og_description":"Le deuxi\u00e8me groupe des champions de l\u2019IHF Trophy Zone 2 est arriv\u00e9 ce lundi soir \u00e0 Conakry. \u00c0 l&rsquo;a\u00e9roport international Ahmed S\u00e9kou Tour\u00e9, le Premier Ministre Bah Oury a rencontr\u00e9 les handballeurs \u00e0 leur arriv\u00e9e. Tr\u00e8s fier du parcours du Syli Handball, le chef du gouvernement guin\u00e9en a adress\u00e9 ses f\u00e9licitations aux responsables de la [&hellip;]","og_url":"https:\/\/oeilsportif.info\/index.php\/le-premier-ministre-felicite-les-jeunes-champions\/","og_site_name":"le regard du sportif","article_published_time":"2024-06-03T01:37:28+00:00","og_image":[{"width":1080,"height":810,"url":"https:\/\/oeilsportif.info\/wp-content\/uploads\/2024\/06\/IMG_1726.jpeg","type":"image\/jpeg"}],"author":"L'Equipe de la R\u00e9daction","twitter_misc":{"\u00c9crit par":"L'Equipe de la R\u00e9daction","Dur\u00e9e de lecture estim\u00e9e":"1 minute"},"schema":{"@context":"https:\/\/schema.org","@graph":[{"@type":"Article","@id":"https:\/\/oeilsportif.info\/index.php\/le-premier-ministre-felicite-les-jeunes-champions\/#article","isPartOf":{"@id":"https:\/\/oeilsportif.info\/index.php\/le-premier-ministre-felicite-les-jeunes-champions\/"},"author":{"name":"L'Equipe de la R\u00e9daction","@id":"https:\/\/oeilsportif.info\/#\/schema\/person\/cfbded294aa6095f7d96608d7905e9a1"},"headline":"Le premier ministre f\u00e9licite les jeunes champions !","datePublished":"2024-06-03T01:37:28+00:00","mainEntityOfPage":{"@id":"https:\/\/oeilsportif.info\/index.php\/le-premier-ministre-felicite-les-jeunes-champions\/"},"wordCount":123,"image":{"@id":"https:\/\/oeilsportif.info\/index.php\/le-premier-ministre-felicite-les-jeunes-champions\/#primaryimage"},"thumbnailUrl":"https:\/\/i0.wp.com\/oeilsportif.info\/wp-content\/uploads\/2024\/06\/IMG_1726.jpeg?fit=1080%2C810&ssl=1","articleSection":["Actualit\u00e9","Handball"],"inLanguage":"fr-FR"},{"@type":"WebPage","@id":"https:\/\/oeilsportif.info\/index.php\/le-premier-ministre-felicite-les-jeunes-champions\/","url":"https:\/\/oeilsportif.info\/index.php\/le-premier-ministre-felicite-les-jeunes-champions\/","name":"Le premier ministre f\u00e9licite les jeunes champions ! - le regard du sportif","isPartOf":{"@id":"https:\/\/oeilsportif.info\/#website"},"primaryImageOfPage":{"@id":"https:\/\/oeilsportif.info\/index.php\/le-premier-ministre-felicite-les-jeunes-champions\/#primaryimage"},"image":{"@id":"https:\/\/oeilsportif.info\/index.php\/le-premier-ministre-felicite-les-jeunes-champions\/#primaryimage"},"thumbnailUrl":"https:\/\/i0.wp.com\/oeilsportif.info\/wp-content\/uploads\/2024\/06\/IMG_1726.jpeg?fit=1080%2C810&ssl=1","datePublished":"2024-06-03T01:37:28+00:00","author":{"@id":"https:\/\/oeilsportif.info\/#\/schema\/person\/cfbded294aa6095f7d96608d7905e9a1"},"inLanguage":"fr-FR","potentialAction":[{"@type":"ReadAction","target":["https:\/\/oeilsportif.info\/index.php\/le-premier-ministre-felicite-les-jeunes-champions\/"]}]},{"@type":"ImageObject","inLanguage":"fr-FR","@id":"https:\/\/oeilsportif.info\/index.php\/le-premier-ministre-felicite-les-jeunes-champions\/#primaryimage","url":"https:\/\/i0.wp.com\/oeilsportif.info\/wp-content\/uploads\/2024\/06\/IMG_1726.jpeg?fit=1080%2C810&ssl=1","contentUrl":"https:\/\/i0.wp.com\/oeilsportif.info\/wp-content\/uploads\/2024\/06\/IMG_1726.jpeg?fit=1080%2C810&ssl=1","width":1080,"height":810},{"@type":"WebSite","@id":"https:\/\/oeilsportif.info\/#website","url":"https:\/\/oeilsportif.info\/","name":"le regard du sportif","description":"","potentialAction":[{"@type":"SearchAction","target":{"@type":"EntryPoint","urlTemplate":"https:\/\/oeilsportif.info\/?s={search_term_string}"},"query-input":{"@type":"PropertyValueSpecification","valueRequired":true,"valueName":"search_term_string"}}],"inLanguage":"fr-FR"},{"@type":"Person","@id":"https:\/\/oeilsportif.info\/#\/schema\/person\/cfbded294aa6095f7d96608d7905e9a1","name":"L'Equipe de la R\u00e9daction","image":{"@type":"ImageObject","inLanguage":"fr-FR","@id":"https:\/\/oeilsportif.info\/wp-content\/uploads\/2025\/07\/cropped-cropped-logo-os-96x96.jpeg","url":"https:\/\/oeilsportif.info\/wp-content\/uploads\/2025\/07\/cropped-cropped-logo-os-96x96.jpeg","contentUrl":"https:\/\/oeilsportif.info\/wp-content\/uploads\/2025\/07\/cropped-cropped-logo-os-96x96.jpeg","caption":"L'Equipe de la R\u00e9daction"},"url":"https:\/\/oeilsportif.info\/index.php\/author\/tawel\/"}]}},"jetpack_publicize_connections":[],"jetpack_featured_media_url":"https:\/\/i0.wp.com\/oeilsportif.info\/wp-content\/uploads\/2024\/06\/IMG_1726.jpeg?fit=1080%2C810&ssl=1","jetpack-related-posts":[],"jetpack_sharing_enabled":true,"jetpack_likes_enabled":true,"jetpack_shortlink":"https:\/\/wp.me\/pgFE77-1d1","_links":{"self":[{"href":"https:\/\/oeilsportif.info\/index.php\/wp-json\/wp\/v2\/posts\/4651","targetHints":{"allow":["GET"]}}],"collection":[{"href":"https:\/\/oeilsportif.info\/index.php\/wp-json\/wp\/v2\/posts"}],"about":[{"href":"https:\/\/oeilsportif.info\/index.php\/wp-json\/wp\/v2\/types\/post"}],"author":[{"embeddable":true,"href":"https:\/\/oeilsportif.info\/index.php\/wp-json\/wp\/v2\/users\/2"}],"replies":[{"embeddable":true,"href":"https:\/\/oeilsportif.info\/index.php\/wp-json\/wp\/v2\/comments?post=4651"}],"version-history":[{"count":0,"href":"https:\/\/oeilsportif.info\/index.php\/wp-json\/wp\/v2\/posts\/4651\/revisions"}],"wp:featuredmedia":[{"embeddable":true,"href":"https:\/\/oeilsportif.info\/index.php\/wp-json\/wp\/v2\/media\/4652"}],"wp:attachment":[{"href":"https:\/\/oeilsportif.info\/index.php\/wp-json\/wp\/v2\/media?parent=4651"}],"wp:term":[{"taxonomy":"category","embeddable":true,"href":"https:\/\/oeilsportif.info\/index.php\/wp-json\/wp\/v2\/categories?post=4651"},{"taxonomy":"post_tag","embeddable":true,"href":"https:\/\/oeilsportif.info\/index.php\/wp-json\/wp\/v2\/tags?post=4651"}],"curies":[{"name":"wp","href":"https:\/\/api.w.org\/{rel}","templated":true}]}}