{"id":4642,"date":"2024-06-03T01:33:10","date_gmt":"2024-06-03T01:33:10","guid":{"rendered":"https:\/\/oeilsportif.info\/index.php\/?p=4642"},"modified":"2024-06-03T01:33:10","modified_gmt":"2024-06-03T01:33:10","slug":"championnat-du-monde-2025-la-guinee-logee-dans-la-poule-d","status":"publish","type":"post","link":"https:\/\/oeilsportif.info\/index.php\/championnat-du-monde-2025-la-guinee-logee-dans-la-poule-d\/","title":{"rendered":"Championnat du Monde 2025 : La Guin\u00e9e log\u00e9e dans la poule D"},"content":{"rendered":"<p>Le tirage au sort du 29e Championnat du Monde Masculin IHF a eu lieu ce mercredi soir dans la salle de concert Vatroslav Lisinski en Croatie. Pour sa premi\u00e8re participation \u00e0 la phase finale d\u2019un championnat du monde senior, la Guin\u00e9e va \u00e9voluer dans le groupe A avec les Pays-Bas, la Hongrie et la Mac\u00e9doine du Nord.<\/p>\n<p><a href=\"https:\/\/i0.wp.com\/oeilsportif.info\/wp-content\/uploads\/2024\/06\/IMG_1724.jpeg?ssl=1\"><img data-recalc-dims=\"1\" loading=\"lazy\" decoding=\"async\" class=\"alignnone size-full wp-image-4643\" src=\"https:\/\/i0.wp.com\/oeilsportif.info\/wp-content\/uploads\/2024\/06\/IMG_1724.jpeg?resize=696%2C870&#038;ssl=1\" alt=\"\" width=\"696\" height=\"870\" srcset=\"https:\/\/i0.wp.com\/oeilsportif.info\/wp-content\/uploads\/2024\/06\/IMG_1724.jpeg?w=1080&amp;ssl=1 1080w, https:\/\/i0.wp.com\/oeilsportif.info\/wp-content\/uploads\/2024\/06\/IMG_1724.jpeg?resize=240%2C300&amp;ssl=1 240w, https:\/\/i0.wp.com\/oeilsportif.info\/wp-content\/uploads\/2024\/06\/IMG_1724.jpeg?resize=819%2C1024&amp;ssl=1 819w, https:\/\/i0.wp.com\/oeilsportif.info\/wp-content\/uploads\/2024\/06\/IMG_1724.jpeg?resize=768%2C960&amp;ssl=1 768w, https:\/\/i0.wp.com\/oeilsportif.info\/wp-content\/uploads\/2024\/06\/IMG_1724.jpeg?resize=696%2C870&amp;ssl=1 696w, https:\/\/i0.wp.com\/oeilsportif.info\/wp-content\/uploads\/2024\/06\/IMG_1724.jpeg?resize=1068%2C1335&amp;ssl=1 1068w, https:\/\/i0.wp.com\/oeilsportif.info\/wp-content\/uploads\/2024\/06\/IMG_1724.jpeg?resize=336%2C420&amp;ssl=1 336w\" sizes=\"auto, (max-width: 696px) 100vw, 696px\" \/><\/a><\/p>\n<p>Cette Coupe du Monde masculine sera co-organis\u00e9e par la Croatie, la Norv\u00e8ge et le Danemark. Elle va se d\u00e9rouler du 14 janvier au 02 f\u00e9vrier 2025. Le Syli Handball disputera ses rencontres de poule dans la salle Varazdin Arena \u00e0 Varazdin.<\/p>\n<p>Apr\u00e8s un parcours honorable dans les phases de qualification, les handballeurs guin\u00e9ens auront l\u2019occasion de fi\u00e8rement repr\u00e9senter le tricolore pour la premi\u00e8re fois dans cette comp\u00e9tition.<\/p>\n<p>FEGUIHAND<\/p>\n","protected":false},"excerpt":{"rendered":"<p>Le tirage au sort du 29e Championnat du Monde Masculin IHF a eu lieu ce mercredi soir dans la salle de concert Vatroslav Lisinski en Croatie. Pour sa premi\u00e8re participation \u00e0 la phase finale d\u2019un championnat du monde senior, la Guin\u00e9e va \u00e9voluer dans le groupe A avec les Pays-Bas, la Hongrie et la Mac\u00e9doine [&hellip;]<\/p>\n","protected":false},"author":2,"featured_media":4644,"comment_status":"closed","ping_status":"closed","sticky":false,"template":"","format":"standard","meta":{"_jetpack_memberships_contains_paid_content":false,"footnotes":"","jetpack_publicize_message":"","jetpack_publicize_feature_enabled":true,"jetpack_social_post_already_shared":true,"jetpack_social_options":{"image_generator_settings":{"template":"highway","default_image_id":0,"font":"","enabled":false},"version":2}},"categories":[10,6],"tags":[],"class_list":{"0":"post-4642","1":"post","2":"type-post","3":"status-publish","4":"format-standard","5":"has-post-thumbnail","7":"category-actualite","8":"category-handball"},"yoast_head":"<!-- This site is optimized with the Yoast SEO plugin v27.5 - https:\/\/yoast.com\/product\/yoast-seo-wordpress\/ -->\n<title>Championnat du Monde 2025 : La Guin\u00e9e log\u00e9e dans la poule D - le regard du sportif<\/title>\n<meta name=\"robots\" content=\"index, follow, max-snippet:-1, max-image-preview:large, max-video-preview:-1\" \/>\n<link rel=\"canonical\" href=\"https:\/\/oeilsportif.info\/index.php\/championnat-du-monde-2025-la-guinee-logee-dans-la-poule-d\/\" \/>\n<meta property=\"og:locale\" content=\"fr_FR\" \/>\n<meta property=\"og:type\" content=\"article\" \/>\n<meta property=\"og:title\" content=\"Championnat du Monde 2025 : La Guin\u00e9e log\u00e9e dans la poule D - le regard du sportif\" \/>\n<meta property=\"og:description\" content=\"Le tirage au sort du 29e Championnat du Monde Masculin IHF a eu lieu ce mercredi soir dans la salle de concert Vatroslav Lisinski en Croatie. Pour sa premi\u00e8re participation \u00e0 la phase finale d\u2019un championnat du monde senior, la Guin\u00e9e va \u00e9voluer dans le groupe A avec les Pays-Bas, la Hongrie et la Mac\u00e9doine [&hellip;]\" \/>\n<meta property=\"og:url\" content=\"https:\/\/oeilsportif.info\/index.php\/championnat-du-monde-2025-la-guinee-logee-dans-la-poule-d\/\" \/>\n<meta property=\"og:site_name\" content=\"le regard du sportif\" \/>\n<meta property=\"article:published_time\" content=\"2024-06-03T01:33:10+00:00\" \/>\n<meta property=\"og:image\" content=\"https:\/\/oeilsportif.info\/wp-content\/uploads\/2024\/06\/IMG_1725.jpeg\" \/>\n\t<meta property=\"og:image:width\" content=\"1050\" \/>\n\t<meta property=\"og:image:height\" content=\"609\" \/>\n\t<meta property=\"og:image:type\" content=\"image\/jpeg\" \/>\n<meta name=\"author\" content=\"L&#039;Equipe de la R\u00e9daction\" \/>\n<meta name=\"twitter:label1\" content=\"\u00c9crit par\" \/>\n\t<meta name=\"twitter:data1\" content=\"L&#039;Equipe de la R\u00e9daction\" \/>\n\t<meta name=\"twitter:label2\" content=\"Dur\u00e9e de lecture estim\u00e9e\" \/>\n\t<meta name=\"twitter:data2\" content=\"2 minutes\" \/>\n<script type=\"application\/ld+json\" class=\"yoast-schema-graph\">{\"@context\":\"https:\\\/\\\/schema.org\",\"@graph\":[{\"@type\":\"Article\",\"@id\":\"https:\\\/\\\/oeilsportif.info\\\/index.php\\\/championnat-du-monde-2025-la-guinee-logee-dans-la-poule-d\\\/#article\",\"isPartOf\":{\"@id\":\"https:\\\/\\\/oeilsportif.info\\\/index.php\\\/championnat-du-monde-2025-la-guinee-logee-dans-la-poule-d\\\/\"},\"author\":{\"name\":\"L'Equipe de la R\u00e9daction\",\"@id\":\"https:\\\/\\\/oeilsportif.info\\\/#\\\/schema\\\/person\\\/cfbded294aa6095f7d96608d7905e9a1\"},\"headline\":\"Championnat du Monde 2025 : La Guin\u00e9e log\u00e9e dans la poule D\",\"datePublished\":\"2024-06-03T01:33:10+00:00\",\"mainEntityOfPage\":{\"@id\":\"https:\\\/\\\/oeilsportif.info\\\/index.php\\\/championnat-du-monde-2025-la-guinee-logee-dans-la-poule-d\\\/\"},\"wordCount\":147,\"image\":{\"@id\":\"https:\\\/\\\/oeilsportif.info\\\/index.php\\\/championnat-du-monde-2025-la-guinee-logee-dans-la-poule-d\\\/#primaryimage\"},\"thumbnailUrl\":\"https:\\\/\\\/i0.wp.com\\\/oeilsportif.info\\\/wp-content\\\/uploads\\\/2024\\\/06\\\/IMG_1725.jpeg?fit=1050%2C609&ssl=1\",\"articleSection\":[\"Actualit\u00e9\",\"Handball\"],\"inLanguage\":\"fr-FR\"},{\"@type\":\"WebPage\",\"@id\":\"https:\\\/\\\/oeilsportif.info\\\/index.php\\\/championnat-du-monde-2025-la-guinee-logee-dans-la-poule-d\\\/\",\"url\":\"https:\\\/\\\/oeilsportif.info\\\/index.php\\\/championnat-du-monde-2025-la-guinee-logee-dans-la-poule-d\\\/\",\"name\":\"Championnat du Monde 2025 : La Guin\u00e9e log\u00e9e dans la poule D - le regard du sportif\",\"isPartOf\":{\"@id\":\"https:\\\/\\\/oeilsportif.info\\\/#website\"},\"primaryImageOfPage\":{\"@id\":\"https:\\\/\\\/oeilsportif.info\\\/index.php\\\/championnat-du-monde-2025-la-guinee-logee-dans-la-poule-d\\\/#primaryimage\"},\"image\":{\"@id\":\"https:\\\/\\\/oeilsportif.info\\\/index.php\\\/championnat-du-monde-2025-la-guinee-logee-dans-la-poule-d\\\/#primaryimage\"},\"thumbnailUrl\":\"https:\\\/\\\/i0.wp.com\\\/oeilsportif.info\\\/wp-content\\\/uploads\\\/2024\\\/06\\\/IMG_1725.jpeg?fit=1050%2C609&ssl=1\",\"datePublished\":\"2024-06-03T01:33:10+00:00\",\"author\":{\"@id\":\"https:\\\/\\\/oeilsportif.info\\\/#\\\/schema\\\/person\\\/cfbded294aa6095f7d96608d7905e9a1\"},\"inLanguage\":\"fr-FR\",\"potentialAction\":[{\"@type\":\"ReadAction\",\"target\":[\"https:\\\/\\\/oeilsportif.info\\\/index.php\\\/championnat-du-monde-2025-la-guinee-logee-dans-la-poule-d\\\/\"]}]},{\"@type\":\"ImageObject\",\"inLanguage\":\"fr-FR\",\"@id\":\"https:\\\/\\\/oeilsportif.info\\\/index.php\\\/championnat-du-monde-2025-la-guinee-logee-dans-la-poule-d\\\/#primaryimage\",\"url\":\"https:\\\/\\\/i0.wp.com\\\/oeilsportif.info\\\/wp-content\\\/uploads\\\/2024\\\/06\\\/IMG_1725.jpeg?fit=1050%2C609&ssl=1\",\"contentUrl\":\"https:\\\/\\\/i0.wp.com\\\/oeilsportif.info\\\/wp-content\\\/uploads\\\/2024\\\/06\\\/IMG_1725.jpeg?fit=1050%2C609&ssl=1\",\"width\":1050,\"height\":609},{\"@type\":\"WebSite\",\"@id\":\"https:\\\/\\\/oeilsportif.info\\\/#website\",\"url\":\"https:\\\/\\\/oeilsportif.info\\\/\",\"name\":\"le regard du sportif\",\"description\":\"\",\"potentialAction\":[{\"@type\":\"SearchAction\",\"target\":{\"@type\":\"EntryPoint\",\"urlTemplate\":\"https:\\\/\\\/oeilsportif.info\\\/?s={search_term_string}\"},\"query-input\":{\"@type\":\"PropertyValueSpecification\",\"valueRequired\":true,\"valueName\":\"search_term_string\"}}],\"inLanguage\":\"fr-FR\"},{\"@type\":\"Person\",\"@id\":\"https:\\\/\\\/oeilsportif.info\\\/#\\\/schema\\\/person\\\/cfbded294aa6095f7d96608d7905e9a1\",\"name\":\"L'Equipe de la R\u00e9daction\",\"image\":{\"@type\":\"ImageObject\",\"inLanguage\":\"fr-FR\",\"@id\":\"https:\\\/\\\/oeilsportif.info\\\/wp-content\\\/uploads\\\/2025\\\/07\\\/cropped-cropped-logo-os-96x96.jpeg\",\"url\":\"https:\\\/\\\/oeilsportif.info\\\/wp-content\\\/uploads\\\/2025\\\/07\\\/cropped-cropped-logo-os-96x96.jpeg\",\"contentUrl\":\"https:\\\/\\\/oeilsportif.info\\\/wp-content\\\/uploads\\\/2025\\\/07\\\/cropped-cropped-logo-os-96x96.jpeg\",\"caption\":\"L'Equipe de la R\u00e9daction\"},\"url\":\"https:\\\/\\\/oeilsportif.info\\\/index.php\\\/author\\\/tawel\\\/\"}]}<\/script>\n<!-- \/ Yoast SEO plugin. -->","yoast_head_json":{"title":"Championnat du Monde 2025 : La Guin\u00e9e log\u00e9e dans la poule D - le regard du sportif","robots":{"index":"index","follow":"follow","max-snippet":"max-snippet:-1","max-image-preview":"max-image-preview:large","max-video-preview":"max-video-preview:-1"},"canonical":"https:\/\/oeilsportif.info\/index.php\/championnat-du-monde-2025-la-guinee-logee-dans-la-poule-d\/","og_locale":"fr_FR","og_type":"article","og_title":"Championnat du Monde 2025 : La Guin\u00e9e log\u00e9e dans la poule D - le regard du sportif","og_description":"Le tirage au sort du 29e Championnat du Monde Masculin IHF a eu lieu ce mercredi soir dans la salle de concert Vatroslav Lisinski en Croatie. Pour sa premi\u00e8re participation \u00e0 la phase finale d\u2019un championnat du monde senior, la Guin\u00e9e va \u00e9voluer dans le groupe A avec les Pays-Bas, la Hongrie et la Mac\u00e9doine [&hellip;]","og_url":"https:\/\/oeilsportif.info\/index.php\/championnat-du-monde-2025-la-guinee-logee-dans-la-poule-d\/","og_site_name":"le regard du sportif","article_published_time":"2024-06-03T01:33:10+00:00","og_image":[{"width":1050,"height":609,"url":"https:\/\/oeilsportif.info\/wp-content\/uploads\/2024\/06\/IMG_1725.jpeg","type":"image\/jpeg"}],"author":"L'Equipe de la R\u00e9daction","twitter_misc":{"\u00c9crit par":"L'Equipe de la R\u00e9daction","Dur\u00e9e de lecture estim\u00e9e":"2 minutes"},"schema":{"@context":"https:\/\/schema.org","@graph":[{"@type":"Article","@id":"https:\/\/oeilsportif.info\/index.php\/championnat-du-monde-2025-la-guinee-logee-dans-la-poule-d\/#article","isPartOf":{"@id":"https:\/\/oeilsportif.info\/index.php\/championnat-du-monde-2025-la-guinee-logee-dans-la-poule-d\/"},"author":{"name":"L'Equipe de la R\u00e9daction","@id":"https:\/\/oeilsportif.info\/#\/schema\/person\/cfbded294aa6095f7d96608d7905e9a1"},"headline":"Championnat du Monde 2025 : La Guin\u00e9e log\u00e9e dans la poule D","datePublished":"2024-06-03T01:33:10+00:00","mainEntityOfPage":{"@id":"https:\/\/oeilsportif.info\/index.php\/championnat-du-monde-2025-la-guinee-logee-dans-la-poule-d\/"},"wordCount":147,"image":{"@id":"https:\/\/oeilsportif.info\/index.php\/championnat-du-monde-2025-la-guinee-logee-dans-la-poule-d\/#primaryimage"},"thumbnailUrl":"https:\/\/i0.wp.com\/oeilsportif.info\/wp-content\/uploads\/2024\/06\/IMG_1725.jpeg?fit=1050%2C609&ssl=1","articleSection":["Actualit\u00e9","Handball"],"inLanguage":"fr-FR"},{"@type":"WebPage","@id":"https:\/\/oeilsportif.info\/index.php\/championnat-du-monde-2025-la-guinee-logee-dans-la-poule-d\/","url":"https:\/\/oeilsportif.info\/index.php\/championnat-du-monde-2025-la-guinee-logee-dans-la-poule-d\/","name":"Championnat du Monde 2025 : La Guin\u00e9e log\u00e9e dans la poule D - le regard du sportif","isPartOf":{"@id":"https:\/\/oeilsportif.info\/#website"},"primaryImageOfPage":{"@id":"https:\/\/oeilsportif.info\/index.php\/championnat-du-monde-2025-la-guinee-logee-dans-la-poule-d\/#primaryimage"},"image":{"@id":"https:\/\/oeilsportif.info\/index.php\/championnat-du-monde-2025-la-guinee-logee-dans-la-poule-d\/#primaryimage"},"thumbnailUrl":"https:\/\/i0.wp.com\/oeilsportif.info\/wp-content\/uploads\/2024\/06\/IMG_1725.jpeg?fit=1050%2C609&ssl=1","datePublished":"2024-06-03T01:33:10+00:00","author":{"@id":"https:\/\/oeilsportif.info\/#\/schema\/person\/cfbded294aa6095f7d96608d7905e9a1"},"inLanguage":"fr-FR","potentialAction":[{"@type":"ReadAction","target":["https:\/\/oeilsportif.info\/index.php\/championnat-du-monde-2025-la-guinee-logee-dans-la-poule-d\/"]}]},{"@type":"ImageObject","inLanguage":"fr-FR","@id":"https:\/\/oeilsportif.info\/index.php\/championnat-du-monde-2025-la-guinee-logee-dans-la-poule-d\/#primaryimage","url":"https:\/\/i0.wp.com\/oeilsportif.info\/wp-content\/uploads\/2024\/06\/IMG_1725.jpeg?fit=1050%2C609&ssl=1","contentUrl":"https:\/\/i0.wp.com\/oeilsportif.info\/wp-content\/uploads\/2024\/06\/IMG_1725.jpeg?fit=1050%2C609&ssl=1","width":1050,"height":609},{"@type":"WebSite","@id":"https:\/\/oeilsportif.info\/#website","url":"https:\/\/oeilsportif.info\/","name":"le regard du sportif","description":"","potentialAction":[{"@type":"SearchAction","target":{"@type":"EntryPoint","urlTemplate":"https:\/\/oeilsportif.info\/?s={search_term_string}"},"query-input":{"@type":"PropertyValueSpecification","valueRequired":true,"valueName":"search_term_string"}}],"inLanguage":"fr-FR"},{"@type":"Person","@id":"https:\/\/oeilsportif.info\/#\/schema\/person\/cfbded294aa6095f7d96608d7905e9a1","name":"L'Equipe de la R\u00e9daction","image":{"@type":"ImageObject","inLanguage":"fr-FR","@id":"https:\/\/oeilsportif.info\/wp-content\/uploads\/2025\/07\/cropped-cropped-logo-os-96x96.jpeg","url":"https:\/\/oeilsportif.info\/wp-content\/uploads\/2025\/07\/cropped-cropped-logo-os-96x96.jpeg","contentUrl":"https:\/\/oeilsportif.info\/wp-content\/uploads\/2025\/07\/cropped-cropped-logo-os-96x96.jpeg","caption":"L'Equipe de la R\u00e9daction"},"url":"https:\/\/oeilsportif.info\/index.php\/author\/tawel\/"}]}},"jetpack_publicize_connections":[],"jetpack_featured_media_url":"https:\/\/i0.wp.com\/oeilsportif.info\/wp-content\/uploads\/2024\/06\/IMG_1725.jpeg?fit=1050%2C609&ssl=1","jetpack-related-posts":[],"jetpack_sharing_enabled":true,"jetpack_likes_enabled":true,"jetpack_shortlink":"https:\/\/wp.me\/pgFE77-1cS","_links":{"self":[{"href":"https:\/\/oeilsportif.info\/index.php\/wp-json\/wp\/v2\/posts\/4642","targetHints":{"allow":["GET"]}}],"collection":[{"href":"https:\/\/oeilsportif.info\/index.php\/wp-json\/wp\/v2\/posts"}],"about":[{"href":"https:\/\/oeilsportif.info\/index.php\/wp-json\/wp\/v2\/types\/post"}],"author":[{"embeddable":true,"href":"https:\/\/oeilsportif.info\/index.php\/wp-json\/wp\/v2\/users\/2"}],"replies":[{"embeddable":true,"href":"https:\/\/oeilsportif.info\/index.php\/wp-json\/wp\/v2\/comments?post=4642"}],"version-history":[{"count":0,"href":"https:\/\/oeilsportif.info\/index.php\/wp-json\/wp\/v2\/posts\/4642\/revisions"}],"wp:featuredmedia":[{"embeddable":true,"href":"https:\/\/oeilsportif.info\/index.php\/wp-json\/wp\/v2\/media\/4644"}],"wp:attachment":[{"href":"https:\/\/oeilsportif.info\/index.php\/wp-json\/wp\/v2\/media?parent=4642"}],"wp:term":[{"taxonomy":"category","embeddable":true,"href":"https:\/\/oeilsportif.info\/index.php\/wp-json\/wp\/v2\/categories?post=4642"},{"taxonomy":"post_tag","embeddable":true,"href":"https:\/\/oeilsportif.info\/index.php\/wp-json\/wp\/v2\/tags?post=4642"}],"curies":[{"name":"wp","href":"https:\/\/api.w.org\/{rel}","templated":true}]}}