{"id":4549,"date":"2024-05-29T02:39:52","date_gmt":"2024-05-29T02:39:52","guid":{"rendered":"https:\/\/oeilsportif.info\/index.php\/?p=4549"},"modified":"2024-05-29T02:39:52","modified_gmt":"2024-05-29T02:39:52","slug":"cameroun-ne-me-parlez-pas-comme-ca-lechange-tres-tendu-entre-samuel-etoo-et-le-selectionneur-marc-brys","status":"publish","type":"post","link":"https:\/\/oeilsportif.info\/index.php\/cameroun-ne-me-parlez-pas-comme-ca-lechange-tres-tendu-entre-samuel-etoo-et-le-selectionneur-marc-brys\/","title":{"rendered":"CAMEROUN: \u00ab\u00a0NE ME PARLEZ PAS COMME \u00c7A\u00a0\u00bb, L\u2019\u00c9CHANGE TR\u00c8S TENDU ENTRE SAMUEL ETO\u2019O ET LE S\u00c9LECTIONNEUR MARC BRYS"},"content":{"rendered":"<header id=\"content_header\" class=\"content_header\">\n<div class=\"contain_title_btn\">\n<h1 id=\"contain_title\" class=\"content_title\"><\/h1>\n<\/div>\n<div class=\"ArticleVideo\">\n<div id=\"video_player_6353811010112\" class=\"video_block vjs-pip-container pip-article\"><video id=\"vjs-player-6353811010112_html5_api\" class=\"vjs-tech\" src=\"https:\/\/manifest.prod.boltdns.net\/manifest\/v1\/hls\/v4\/clear\/887906353001\/26ff1352-95b9-4335-b068-5b1b67335ccd\/10s\/master.m3u8?fastly_token=NjY3Yjc4NzBfMjNmYmJiYTEwZDhjMDI0YmM5YjhkMGU4YzY1ZWI4ZWU1NDgwYzEzNzk3MTczZDk4YTJiZjZiMTAwMzJlNDg3NA%3D%3D\" poster=\"https:\/\/cf-images.eu-west-1.prod.boltdns.net\/v1\/static\/887906353001\/26ff1352-95b9-4335-b068-5b1b67335ccd\/ed69d36d-6b60-4352-ba98-955454f85880\/1280x720\/match\/image.jpg\" muted=\"muted\" width=\"430\" height=\"241\" data-video-id=\"6353811010112\" data-application-id=\"article_ouverture\" data-mce-fragment=\"1\"><\/video><\/div>\n<\/div>\n<\/header>\n<div class=\"content_body ob-readmore-collapse\">\n<div class=\"content_body_wrapper\">\n<div class=\"chapo\">Samuel Eto\u2019o, le pr\u00e9sident de la F\u00e9d\u00e9ration camerounaise de football, est en conflit depuis plusieurs semaines avec le gouvernement, qui a nomm\u00e9 sans son accord le Belge Marc Brys comme s\u00e9lectionneur des Lions Indomptables. Entre Eto\u2019o et Brys, la tension est maximale, comme le montre la vid\u00e9o d\u2019une r\u00e9union qui a tourn\u00e9 \u00e0 l\u2019accrochage entre les deux hommes.<\/div>\n<div>\n<p>L\u2019air est charg\u00e9 d\u2019\u00e9lectricit\u00e9 dans les bureaux de la F\u00e9d\u00e9ration camerounaise de football. Son pr\u00e9sident, <a class=\"internal_link\" title=\"Cameroun: Brys signe son contrat de s\u00e9lectionneur malgr\u00e9 le conflit ubuesque entre f\u00e9d\u00e9ration et minist\u00e8re\" href=\"https:\/\/rmcsport.bfmtv.com\/football\/cameroun-brys-signe-son-contrat-de-selectionneur-malgre-le-conflit-ubuesque-entre-federation-et-ministere_AN-202404081025.html\">Samuel Eto\u2019o, est en conflit avec le minist\u00e8re des Sports<\/a>, qui a nomm\u00e9 sans son accord Marc Brys comme s\u00e9lectionneur des Lions de l\u2019Atlas. Le Belge a \u00e9t\u00e9 choisi par le gouvernement pour succ\u00e9der \u00e0 Rigobert Song apr\u00e8s l\u2019\u00e9chec de <a class=\"internal_link\" title=\"Cameroun: 62 joueurs exclus des play-offs pour double identit\u00e9... dont Douala plus jeune joueur de la CAN 2024\" href=\"https:\/\/rmcsport.bfmtv.com\/football\/cameroun-62-joueurs-exclus-des-play-offs-pour-double-identite-dont-douala-plus-jeune-joueur-de-la-can-2024_AV-202403110423.html\">la CAN 2024<\/a> (\u00e9limination en huiti\u00e8mes de finale face au Nigeria), alors qu\u2019Eto\u2019o avait soumis une short-list dans laquelle il ne figurait pas.<\/p>\n<p>Un affront pour le patron de la Fecafoot (en poste depuis fin 2021), qui s\u2019en est plaint ouvertement en jugeant cette d\u00e9cision \u00ab\u00a0ill\u00e9gale\u00a0\u00bb. L\u2019ex-avant-centre de 43 ans a ensuite tent\u00e9 d\u2019imposer un staff \u00e0 Marc Brys, mais le ministre des Sports Mouelle Kombi s\u2019y est oppos\u00e9. De quoi ulc\u00e9rer Samuel Eto\u2019o, qui a annonc\u00e9 la semaine derni\u00e8re <a class=\"internal_link\" title=\"Cameroun: Eto\u2019o vire le s\u00e9lectionneur Marc Brys impos\u00e9 par le gouvernement\" href=\"https:\/\/rmcsport.bfmtv.com\/football\/coupe-du-monde\/qualifications\/cameroun-eto-o-vire-le-selectionneur-marc-brys-impose-par-le-gouvernement_AV-202405220111.html\">l\u2019\u00e9viction du nouveau s\u00e9lectionneur<\/a> (pass\u00e9 par des clubs belges, n\u00e9erlandais et saoudiens), avant son premier match pr\u00e9vu le 8 juin face au Cap-Vert. M\u00eame si le gouvernement pourrait d\u00e9cider de le conserver.<\/p>\n<h2 class=\"subheading\">Une discussion particuli\u00e8rement houleuse<\/h2>\n<p>En attendant, la tension est maximale entre les dirigeants du football camerounais. Une vid\u00e9o circulant sur les r\u00e9seaux sociaux montre une discussion entre Samuel Eto\u2019o et Marc Brys virant \u00e0 l\u2019accrochage (la date exacte n\u2019est pas pr\u00e9cis\u00e9e, mais il pourrait s&rsquo;agir de leur premi\u00e8re entrevue). Apr\u00e8s s&rsquo;\u00eatre pris la t\u00eate avec un repr\u00e9sentant du minist\u00e8re des Sports, qu&rsquo;il vient de virer des bureaux de la Fecafoot, Eto&rsquo;o revient vers Brys en lui demandant de rester pour participer \u00e0 une r\u00e9union. Le Belge lui met alors la main sur le bras. \u00ab\u00a0Ne me touchez pas comme \u00e7a monsieur le s\u00e9lectionneur\u00a0\u00bb, l\u00e2che Eto&rsquo;o. \u00ab\u00a0Pourquoi tu parles comme \u00e7a?\u00a0\u00bb, s&rsquo;interroge le coach de 62 ans. \u00ab\u00a0Je suis pr\u00e9sident monsieur\u00a0\u00bb, lui r\u00e9pond Eto\u2019o. \u00ab\u00a0Je suis entra\u00eeneur ici\u00a0\u00bb, r\u00e9torque Brys.<\/p>\n<p>\u00ab\u00a0Non, vous entra\u00eeneur parce que je vous ai nomm\u00e9\u00a0\u00bb, rectifie Eto\u2019o en haussant le ton. \u00ab\u00a0Vous n\u2019\u00eates pas entra\u00eeneur parce que quelqu\u2019un d\u2019autre vous a nomm\u00e9. Vous avez fait beaucoup de manquements et je vous prie de rester dans cette r\u00e9union. Parce que si vous ne restez pas, je suis oblig\u00e9 d\u2019interroger mon comit\u00e9 ex\u00e9cutif, comme la loi me le demande. Donc je vous prie une fois de plus de rester ici, s\u2019il vous pla\u00eet.\u00a0\u00bb<\/p>\n<p>Source : RMC<\/p>\n<\/div>\n<\/div>\n<\/div>\n","protected":false},"excerpt":{"rendered":"<p>Samuel Eto\u2019o, le pr\u00e9sident de la F\u00e9d\u00e9ration camerounaise de football, est en conflit depuis plusieurs semaines avec le gouvernement, qui a nomm\u00e9 sans son accord le Belge Marc Brys comme s\u00e9lectionneur des Lions Indomptables. Entre Eto\u2019o et Brys, la tension est maximale, comme le montre la vid\u00e9o d\u2019une r\u00e9union qui a tourn\u00e9 \u00e0 l\u2019accrochage entre [&hellip;]<\/p>\n","protected":false},"author":2,"featured_media":4550,"comment_status":"closed","ping_status":"closed","sticky":false,"template":"","format":"standard","meta":{"_jetpack_memberships_contains_paid_content":false,"footnotes":"","jetpack_publicize_message":"","jetpack_publicize_feature_enabled":true,"jetpack_social_post_already_shared":true,"jetpack_social_options":{"image_generator_settings":{"template":"highway","default_image_id":0,"font":"","enabled":false},"version":2}},"categories":[10,5],"tags":[],"class_list":{"0":"post-4549","1":"post","2":"type-post","3":"status-publish","4":"format-standard","5":"has-post-thumbnail","7":"category-actualite","8":"category-football"},"yoast_head":"<!-- This site is optimized with the Yoast SEO plugin v27.5 - https:\/\/yoast.com\/product\/yoast-seo-wordpress\/ -->\n<title>CAMEROUN: &quot;NE ME PARLEZ PAS COMME \u00c7A&quot;, L\u2019\u00c9CHANGE TR\u00c8S TENDU ENTRE SAMUEL ETO\u2019O ET LE S\u00c9LECTIONNEUR MARC BRYS - le regard du sportif<\/title>\n<meta name=\"robots\" content=\"index, follow, max-snippet:-1, max-image-preview:large, max-video-preview:-1\" \/>\n<link rel=\"canonical\" href=\"https:\/\/oeilsportif.info\/index.php\/cameroun-ne-me-parlez-pas-comme-ca-lechange-tres-tendu-entre-samuel-etoo-et-le-selectionneur-marc-brys\/\" \/>\n<meta property=\"og:locale\" content=\"fr_FR\" \/>\n<meta property=\"og:type\" content=\"article\" \/>\n<meta property=\"og:title\" content=\"CAMEROUN: &quot;NE ME PARLEZ PAS COMME \u00c7A&quot;, L\u2019\u00c9CHANGE TR\u00c8S TENDU ENTRE SAMUEL ETO\u2019O ET LE S\u00c9LECTIONNEUR MARC BRYS - le regard du sportif\" \/>\n<meta property=\"og:description\" content=\"Samuel Eto\u2019o, le pr\u00e9sident de la F\u00e9d\u00e9ration camerounaise de football, est en conflit depuis plusieurs semaines avec le gouvernement, qui a nomm\u00e9 sans son accord le Belge Marc Brys comme s\u00e9lectionneur des Lions Indomptables. Entre Eto\u2019o et Brys, la tension est maximale, comme le montre la vid\u00e9o d\u2019une r\u00e9union qui a tourn\u00e9 \u00e0 l\u2019accrochage entre [&hellip;]\" \/>\n<meta property=\"og:url\" content=\"https:\/\/oeilsportif.info\/index.php\/cameroun-ne-me-parlez-pas-comme-ca-lechange-tres-tendu-entre-samuel-etoo-et-le-selectionneur-marc-brys\/\" \/>\n<meta property=\"og:site_name\" content=\"le regard du sportif\" \/>\n<meta property=\"article:published_time\" content=\"2024-05-29T02:39:52+00:00\" \/>\n<meta property=\"og:image\" content=\"https:\/\/oeilsportif.info\/wp-content\/uploads\/2024\/05\/IMG_1476.jpeg\" \/>\n\t<meta property=\"og:image:width\" content=\"1154\" \/>\n\t<meta property=\"og:image:height\" content=\"877\" \/>\n\t<meta property=\"og:image:type\" content=\"image\/jpeg\" \/>\n<meta name=\"author\" content=\"L&#039;Equipe de la R\u00e9daction\" \/>\n<meta name=\"twitter:label1\" content=\"\u00c9crit par\" \/>\n\t<meta name=\"twitter:data1\" content=\"L&#039;Equipe de la R\u00e9daction\" \/>\n\t<meta name=\"twitter:label2\" content=\"Dur\u00e9e de lecture estim\u00e9e\" \/>\n\t<meta name=\"twitter:data2\" content=\"3 minutes\" \/>\n<script type=\"application\/ld+json\" class=\"yoast-schema-graph\">{\"@context\":\"https:\\\/\\\/schema.org\",\"@graph\":[{\"@type\":\"Article\",\"@id\":\"https:\\\/\\\/oeilsportif.info\\\/index.php\\\/cameroun-ne-me-parlez-pas-comme-ca-lechange-tres-tendu-entre-samuel-etoo-et-le-selectionneur-marc-brys\\\/#article\",\"isPartOf\":{\"@id\":\"https:\\\/\\\/oeilsportif.info\\\/index.php\\\/cameroun-ne-me-parlez-pas-comme-ca-lechange-tres-tendu-entre-samuel-etoo-et-le-selectionneur-marc-brys\\\/\"},\"author\":{\"name\":\"L'Equipe de la R\u00e9daction\",\"@id\":\"https:\\\/\\\/oeilsportif.info\\\/#\\\/schema\\\/person\\\/cfbded294aa6095f7d96608d7905e9a1\"},\"headline\":\"CAMEROUN: \u00ab\u00a0NE ME PARLEZ PAS COMME \u00c7A\u00a0\u00bb, L\u2019\u00c9CHANGE TR\u00c8S TENDU ENTRE SAMUEL ETO\u2019O ET LE S\u00c9LECTIONNEUR MARC BRYS\",\"datePublished\":\"2024-05-29T02:39:52+00:00\",\"mainEntityOfPage\":{\"@id\":\"https:\\\/\\\/oeilsportif.info\\\/index.php\\\/cameroun-ne-me-parlez-pas-comme-ca-lechange-tres-tendu-entre-samuel-etoo-et-le-selectionneur-marc-brys\\\/\"},\"wordCount\":521,\"image\":{\"@id\":\"https:\\\/\\\/oeilsportif.info\\\/index.php\\\/cameroun-ne-me-parlez-pas-comme-ca-lechange-tres-tendu-entre-samuel-etoo-et-le-selectionneur-marc-brys\\\/#primaryimage\"},\"thumbnailUrl\":\"https:\\\/\\\/i0.wp.com\\\/oeilsportif.info\\\/wp-content\\\/uploads\\\/2024\\\/05\\\/IMG_1476.jpeg?fit=1154%2C877&ssl=1\",\"articleSection\":[\"Actualit\u00e9\",\"Football\"],\"inLanguage\":\"fr-FR\"},{\"@type\":\"WebPage\",\"@id\":\"https:\\\/\\\/oeilsportif.info\\\/index.php\\\/cameroun-ne-me-parlez-pas-comme-ca-lechange-tres-tendu-entre-samuel-etoo-et-le-selectionneur-marc-brys\\\/\",\"url\":\"https:\\\/\\\/oeilsportif.info\\\/index.php\\\/cameroun-ne-me-parlez-pas-comme-ca-lechange-tres-tendu-entre-samuel-etoo-et-le-selectionneur-marc-brys\\\/\",\"name\":\"CAMEROUN: \\\"NE ME PARLEZ PAS COMME \u00c7A\\\", L\u2019\u00c9CHANGE TR\u00c8S TENDU ENTRE SAMUEL ETO\u2019O ET LE S\u00c9LECTIONNEUR MARC BRYS - le regard du sportif\",\"isPartOf\":{\"@id\":\"https:\\\/\\\/oeilsportif.info\\\/#website\"},\"primaryImageOfPage\":{\"@id\":\"https:\\\/\\\/oeilsportif.info\\\/index.php\\\/cameroun-ne-me-parlez-pas-comme-ca-lechange-tres-tendu-entre-samuel-etoo-et-le-selectionneur-marc-brys\\\/#primaryimage\"},\"image\":{\"@id\":\"https:\\\/\\\/oeilsportif.info\\\/index.php\\\/cameroun-ne-me-parlez-pas-comme-ca-lechange-tres-tendu-entre-samuel-etoo-et-le-selectionneur-marc-brys\\\/#primaryimage\"},\"thumbnailUrl\":\"https:\\\/\\\/i0.wp.com\\\/oeilsportif.info\\\/wp-content\\\/uploads\\\/2024\\\/05\\\/IMG_1476.jpeg?fit=1154%2C877&ssl=1\",\"datePublished\":\"2024-05-29T02:39:52+00:00\",\"author\":{\"@id\":\"https:\\\/\\\/oeilsportif.info\\\/#\\\/schema\\\/person\\\/cfbded294aa6095f7d96608d7905e9a1\"},\"inLanguage\":\"fr-FR\",\"potentialAction\":[{\"@type\":\"ReadAction\",\"target\":[\"https:\\\/\\\/oeilsportif.info\\\/index.php\\\/cameroun-ne-me-parlez-pas-comme-ca-lechange-tres-tendu-entre-samuel-etoo-et-le-selectionneur-marc-brys\\\/\"]}]},{\"@type\":\"ImageObject\",\"inLanguage\":\"fr-FR\",\"@id\":\"https:\\\/\\\/oeilsportif.info\\\/index.php\\\/cameroun-ne-me-parlez-pas-comme-ca-lechange-tres-tendu-entre-samuel-etoo-et-le-selectionneur-marc-brys\\\/#primaryimage\",\"url\":\"https:\\\/\\\/i0.wp.com\\\/oeilsportif.info\\\/wp-content\\\/uploads\\\/2024\\\/05\\\/IMG_1476.jpeg?fit=1154%2C877&ssl=1\",\"contentUrl\":\"https:\\\/\\\/i0.wp.com\\\/oeilsportif.info\\\/wp-content\\\/uploads\\\/2024\\\/05\\\/IMG_1476.jpeg?fit=1154%2C877&ssl=1\",\"width\":1154,\"height\":877},{\"@type\":\"WebSite\",\"@id\":\"https:\\\/\\\/oeilsportif.info\\\/#website\",\"url\":\"https:\\\/\\\/oeilsportif.info\\\/\",\"name\":\"le regard du sportif\",\"description\":\"\",\"potentialAction\":[{\"@type\":\"SearchAction\",\"target\":{\"@type\":\"EntryPoint\",\"urlTemplate\":\"https:\\\/\\\/oeilsportif.info\\\/?s={search_term_string}\"},\"query-input\":{\"@type\":\"PropertyValueSpecification\",\"valueRequired\":true,\"valueName\":\"search_term_string\"}}],\"inLanguage\":\"fr-FR\"},{\"@type\":\"Person\",\"@id\":\"https:\\\/\\\/oeilsportif.info\\\/#\\\/schema\\\/person\\\/cfbded294aa6095f7d96608d7905e9a1\",\"name\":\"L'Equipe de la R\u00e9daction\",\"image\":{\"@type\":\"ImageObject\",\"inLanguage\":\"fr-FR\",\"@id\":\"https:\\\/\\\/oeilsportif.info\\\/wp-content\\\/uploads\\\/2025\\\/07\\\/cropped-cropped-logo-os-96x96.jpeg\",\"url\":\"https:\\\/\\\/oeilsportif.info\\\/wp-content\\\/uploads\\\/2025\\\/07\\\/cropped-cropped-logo-os-96x96.jpeg\",\"contentUrl\":\"https:\\\/\\\/oeilsportif.info\\\/wp-content\\\/uploads\\\/2025\\\/07\\\/cropped-cropped-logo-os-96x96.jpeg\",\"caption\":\"L'Equipe de la R\u00e9daction\"},\"url\":\"https:\\\/\\\/oeilsportif.info\\\/index.php\\\/author\\\/tawel\\\/\"}]}<\/script>\n<!-- \/ Yoast SEO plugin. -->","yoast_head_json":{"title":"CAMEROUN: \"NE ME PARLEZ PAS COMME \u00c7A\", L\u2019\u00c9CHANGE TR\u00c8S TENDU ENTRE SAMUEL ETO\u2019O ET LE S\u00c9LECTIONNEUR MARC BRYS - le regard du sportif","robots":{"index":"index","follow":"follow","max-snippet":"max-snippet:-1","max-image-preview":"max-image-preview:large","max-video-preview":"max-video-preview:-1"},"canonical":"https:\/\/oeilsportif.info\/index.php\/cameroun-ne-me-parlez-pas-comme-ca-lechange-tres-tendu-entre-samuel-etoo-et-le-selectionneur-marc-brys\/","og_locale":"fr_FR","og_type":"article","og_title":"CAMEROUN: \"NE ME PARLEZ PAS COMME \u00c7A\", L\u2019\u00c9CHANGE TR\u00c8S TENDU ENTRE SAMUEL ETO\u2019O ET LE S\u00c9LECTIONNEUR MARC BRYS - le regard du sportif","og_description":"Samuel Eto\u2019o, le pr\u00e9sident de la F\u00e9d\u00e9ration camerounaise de football, est en conflit depuis plusieurs semaines avec le gouvernement, qui a nomm\u00e9 sans son accord le Belge Marc Brys comme s\u00e9lectionneur des Lions Indomptables. Entre Eto\u2019o et Brys, la tension est maximale, comme le montre la vid\u00e9o d\u2019une r\u00e9union qui a tourn\u00e9 \u00e0 l\u2019accrochage entre [&hellip;]","og_url":"https:\/\/oeilsportif.info\/index.php\/cameroun-ne-me-parlez-pas-comme-ca-lechange-tres-tendu-entre-samuel-etoo-et-le-selectionneur-marc-brys\/","og_site_name":"le regard du sportif","article_published_time":"2024-05-29T02:39:52+00:00","og_image":[{"width":1154,"height":877,"url":"https:\/\/oeilsportif.info\/wp-content\/uploads\/2024\/05\/IMG_1476.jpeg","type":"image\/jpeg"}],"author":"L'Equipe de la R\u00e9daction","twitter_misc":{"\u00c9crit par":"L'Equipe de la R\u00e9daction","Dur\u00e9e de lecture estim\u00e9e":"3 minutes"},"schema":{"@context":"https:\/\/schema.org","@graph":[{"@type":"Article","@id":"https:\/\/oeilsportif.info\/index.php\/cameroun-ne-me-parlez-pas-comme-ca-lechange-tres-tendu-entre-samuel-etoo-et-le-selectionneur-marc-brys\/#article","isPartOf":{"@id":"https:\/\/oeilsportif.info\/index.php\/cameroun-ne-me-parlez-pas-comme-ca-lechange-tres-tendu-entre-samuel-etoo-et-le-selectionneur-marc-brys\/"},"author":{"name":"L'Equipe de la R\u00e9daction","@id":"https:\/\/oeilsportif.info\/#\/schema\/person\/cfbded294aa6095f7d96608d7905e9a1"},"headline":"CAMEROUN: \u00ab\u00a0NE ME PARLEZ PAS COMME \u00c7A\u00a0\u00bb, L\u2019\u00c9CHANGE TR\u00c8S TENDU ENTRE SAMUEL ETO\u2019O ET LE S\u00c9LECTIONNEUR MARC BRYS","datePublished":"2024-05-29T02:39:52+00:00","mainEntityOfPage":{"@id":"https:\/\/oeilsportif.info\/index.php\/cameroun-ne-me-parlez-pas-comme-ca-lechange-tres-tendu-entre-samuel-etoo-et-le-selectionneur-marc-brys\/"},"wordCount":521,"image":{"@id":"https:\/\/oeilsportif.info\/index.php\/cameroun-ne-me-parlez-pas-comme-ca-lechange-tres-tendu-entre-samuel-etoo-et-le-selectionneur-marc-brys\/#primaryimage"},"thumbnailUrl":"https:\/\/i0.wp.com\/oeilsportif.info\/wp-content\/uploads\/2024\/05\/IMG_1476.jpeg?fit=1154%2C877&ssl=1","articleSection":["Actualit\u00e9","Football"],"inLanguage":"fr-FR"},{"@type":"WebPage","@id":"https:\/\/oeilsportif.info\/index.php\/cameroun-ne-me-parlez-pas-comme-ca-lechange-tres-tendu-entre-samuel-etoo-et-le-selectionneur-marc-brys\/","url":"https:\/\/oeilsportif.info\/index.php\/cameroun-ne-me-parlez-pas-comme-ca-lechange-tres-tendu-entre-samuel-etoo-et-le-selectionneur-marc-brys\/","name":"CAMEROUN: \"NE ME PARLEZ PAS COMME \u00c7A\", L\u2019\u00c9CHANGE TR\u00c8S TENDU ENTRE SAMUEL ETO\u2019O ET LE S\u00c9LECTIONNEUR MARC BRYS - le regard du sportif","isPartOf":{"@id":"https:\/\/oeilsportif.info\/#website"},"primaryImageOfPage":{"@id":"https:\/\/oeilsportif.info\/index.php\/cameroun-ne-me-parlez-pas-comme-ca-lechange-tres-tendu-entre-samuel-etoo-et-le-selectionneur-marc-brys\/#primaryimage"},"image":{"@id":"https:\/\/oeilsportif.info\/index.php\/cameroun-ne-me-parlez-pas-comme-ca-lechange-tres-tendu-entre-samuel-etoo-et-le-selectionneur-marc-brys\/#primaryimage"},"thumbnailUrl":"https:\/\/i0.wp.com\/oeilsportif.info\/wp-content\/uploads\/2024\/05\/IMG_1476.jpeg?fit=1154%2C877&ssl=1","datePublished":"2024-05-29T02:39:52+00:00","author":{"@id":"https:\/\/oeilsportif.info\/#\/schema\/person\/cfbded294aa6095f7d96608d7905e9a1"},"inLanguage":"fr-FR","potentialAction":[{"@type":"ReadAction","target":["https:\/\/oeilsportif.info\/index.php\/cameroun-ne-me-parlez-pas-comme-ca-lechange-tres-tendu-entre-samuel-etoo-et-le-selectionneur-marc-brys\/"]}]},{"@type":"ImageObject","inLanguage":"fr-FR","@id":"https:\/\/oeilsportif.info\/index.php\/cameroun-ne-me-parlez-pas-comme-ca-lechange-tres-tendu-entre-samuel-etoo-et-le-selectionneur-marc-brys\/#primaryimage","url":"https:\/\/i0.wp.com\/oeilsportif.info\/wp-content\/uploads\/2024\/05\/IMG_1476.jpeg?fit=1154%2C877&ssl=1","contentUrl":"https:\/\/i0.wp.com\/oeilsportif.info\/wp-content\/uploads\/2024\/05\/IMG_1476.jpeg?fit=1154%2C877&ssl=1","width":1154,"height":877},{"@type":"WebSite","@id":"https:\/\/oeilsportif.info\/#website","url":"https:\/\/oeilsportif.info\/","name":"le regard du sportif","description":"","potentialAction":[{"@type":"SearchAction","target":{"@type":"EntryPoint","urlTemplate":"https:\/\/oeilsportif.info\/?s={search_term_string}"},"query-input":{"@type":"PropertyValueSpecification","valueRequired":true,"valueName":"search_term_string"}}],"inLanguage":"fr-FR"},{"@type":"Person","@id":"https:\/\/oeilsportif.info\/#\/schema\/person\/cfbded294aa6095f7d96608d7905e9a1","name":"L'Equipe de la R\u00e9daction","image":{"@type":"ImageObject","inLanguage":"fr-FR","@id":"https:\/\/oeilsportif.info\/wp-content\/uploads\/2025\/07\/cropped-cropped-logo-os-96x96.jpeg","url":"https:\/\/oeilsportif.info\/wp-content\/uploads\/2025\/07\/cropped-cropped-logo-os-96x96.jpeg","contentUrl":"https:\/\/oeilsportif.info\/wp-content\/uploads\/2025\/07\/cropped-cropped-logo-os-96x96.jpeg","caption":"L'Equipe de la R\u00e9daction"},"url":"https:\/\/oeilsportif.info\/index.php\/author\/tawel\/"}]}},"jetpack_publicize_connections":[],"jetpack_featured_media_url":"https:\/\/i0.wp.com\/oeilsportif.info\/wp-content\/uploads\/2024\/05\/IMG_1476.jpeg?fit=1154%2C877&ssl=1","jetpack-related-posts":[],"jetpack_sharing_enabled":true,"jetpack_likes_enabled":true,"jetpack_shortlink":"https:\/\/wp.me\/pgFE77-1bn","_links":{"self":[{"href":"https:\/\/oeilsportif.info\/index.php\/wp-json\/wp\/v2\/posts\/4549","targetHints":{"allow":["GET"]}}],"collection":[{"href":"https:\/\/oeilsportif.info\/index.php\/wp-json\/wp\/v2\/posts"}],"about":[{"href":"https:\/\/oeilsportif.info\/index.php\/wp-json\/wp\/v2\/types\/post"}],"author":[{"embeddable":true,"href":"https:\/\/oeilsportif.info\/index.php\/wp-json\/wp\/v2\/users\/2"}],"replies":[{"embeddable":true,"href":"https:\/\/oeilsportif.info\/index.php\/wp-json\/wp\/v2\/comments?post=4549"}],"version-history":[{"count":0,"href":"https:\/\/oeilsportif.info\/index.php\/wp-json\/wp\/v2\/posts\/4549\/revisions"}],"wp:featuredmedia":[{"embeddable":true,"href":"https:\/\/oeilsportif.info\/index.php\/wp-json\/wp\/v2\/media\/4550"}],"wp:attachment":[{"href":"https:\/\/oeilsportif.info\/index.php\/wp-json\/wp\/v2\/media?parent=4549"}],"wp:term":[{"taxonomy":"category","embeddable":true,"href":"https:\/\/oeilsportif.info\/index.php\/wp-json\/wp\/v2\/categories?post=4549"},{"taxonomy":"post_tag","embeddable":true,"href":"https:\/\/oeilsportif.info\/index.php\/wp-json\/wp\/v2\/tags?post=4549"}],"curies":[{"name":"wp","href":"https:\/\/api.w.org\/{rel}","templated":true}]}}