{"id":4546,"date":"2024-05-28T17:44:40","date_gmt":"2024-05-28T17:44:40","guid":{"rendered":"https:\/\/oeilsportif.info\/index.php\/?p=4546"},"modified":"2024-05-28T17:44:40","modified_gmt":"2024-05-28T17:44:40","slug":"equipe-nationale-feminine-u17-la-cote-divoire-se-prepare-au-maroc","status":"publish","type":"post","link":"https:\/\/oeilsportif.info\/index.php\/equipe-nationale-feminine-u17-la-cote-divoire-se-prepare-au-maroc\/","title":{"rendered":"\u00c9quipe Nationale F\u00e9minine U17 : La C\u00f4te d\u2019Ivoire se pr\u00e9pare au Maroc"},"content":{"rendered":"<p>Dans le cadre de sa pr\u00e9paration, l\u2019\u00e9quipe nationale f\u00e9minine U17 de C\u00f4te d&rsquo;Ivoire se rendra au Maroc, le 30 mai prochain pour y disputer deux matchs tests contre l\u2019\u00e9quipe nationale f\u00e9minine U17 du royaume ch\u00e9rifien.<\/p>\n<p>Cette double confrontation constituera une vitrine pour l\u2019encadrement technique pour voir les filles \u00e0 l\u2019\u00e9preuve face \u00e0 un adversaire de qualit\u00e9.<\/p>\n<p>Depuis le mois de janvier dernier, les El\u00e9phanteaux Dame U17 multiplient les stages de pr\u00e9paration externe.<\/p>\n<p>La double confrontation du 31 et 3 juin \u00e0 Rabat contre les Lionceaux de l\u2019Atlas Dame permettra \u00e0 l\u2019encadrement technique d\u2019avoir une id\u00e9e assez nette du niveau des filles et de faire les r\u00e9glages n\u00e9cessaires avant d\u2019attaquer les comp\u00e9titions futures.<\/p>\n<p>FIF<\/p>\n","protected":false},"excerpt":{"rendered":"<p>Dans le cadre de sa pr\u00e9paration, l\u2019\u00e9quipe nationale f\u00e9minine U17 de C\u00f4te d&rsquo;Ivoire se rendra au Maroc, le 30 mai prochain pour y disputer deux matchs tests contre l\u2019\u00e9quipe nationale f\u00e9minine U17 du royaume ch\u00e9rifien. Cette double confrontation constituera une vitrine pour l\u2019encadrement technique pour voir les filles \u00e0 l\u2019\u00e9preuve face \u00e0 un adversaire de [&hellip;]<\/p>\n","protected":false},"author":2,"featured_media":4547,"comment_status":"closed","ping_status":"closed","sticky":false,"template":"","format":"standard","meta":{"_jetpack_memberships_contains_paid_content":false,"footnotes":"","jetpack_publicize_message":"","jetpack_publicize_feature_enabled":true,"jetpack_social_post_already_shared":true,"jetpack_social_options":{"image_generator_settings":{"template":"highway","default_image_id":0,"font":"","enabled":false},"version":2}},"categories":[10,5],"tags":[],"class_list":{"0":"post-4546","1":"post","2":"type-post","3":"status-publish","4":"format-standard","5":"has-post-thumbnail","7":"category-actualite","8":"category-football"},"yoast_head":"<!-- This site is optimized with the Yoast SEO plugin v27.5 - https:\/\/yoast.com\/product\/yoast-seo-wordpress\/ -->\n<title>\u00c9quipe Nationale F\u00e9minine U17 : La C\u00f4te d\u2019Ivoire se pr\u00e9pare au Maroc - le regard du sportif<\/title>\n<meta name=\"robots\" content=\"index, follow, max-snippet:-1, max-image-preview:large, max-video-preview:-1\" \/>\n<link rel=\"canonical\" href=\"https:\/\/oeilsportif.info\/index.php\/equipe-nationale-feminine-u17-la-cote-divoire-se-prepare-au-maroc\/\" \/>\n<meta property=\"og:locale\" content=\"fr_FR\" \/>\n<meta property=\"og:type\" content=\"article\" \/>\n<meta property=\"og:title\" content=\"\u00c9quipe Nationale F\u00e9minine U17 : La C\u00f4te d\u2019Ivoire se pr\u00e9pare au Maroc - le regard du sportif\" \/>\n<meta property=\"og:description\" content=\"Dans le cadre de sa pr\u00e9paration, l\u2019\u00e9quipe nationale f\u00e9minine U17 de C\u00f4te d&rsquo;Ivoire se rendra au Maroc, le 30 mai prochain pour y disputer deux matchs tests contre l\u2019\u00e9quipe nationale f\u00e9minine U17 du royaume ch\u00e9rifien. Cette double confrontation constituera une vitrine pour l\u2019encadrement technique pour voir les filles \u00e0 l\u2019\u00e9preuve face \u00e0 un adversaire de [&hellip;]\" \/>\n<meta property=\"og:url\" content=\"https:\/\/oeilsportif.info\/index.php\/equipe-nationale-feminine-u17-la-cote-divoire-se-prepare-au-maroc\/\" \/>\n<meta property=\"og:site_name\" content=\"le regard du sportif\" \/>\n<meta property=\"article:published_time\" content=\"2024-05-28T17:44:40+00:00\" \/>\n<meta property=\"og:image\" content=\"https:\/\/oeilsportif.info\/wp-content\/uploads\/2024\/05\/IMG_1468.jpeg\" \/>\n\t<meta property=\"og:image:width\" content=\"600\" \/>\n\t<meta property=\"og:image:height\" content=\"400\" \/>\n\t<meta property=\"og:image:type\" content=\"image\/jpeg\" \/>\n<meta name=\"author\" content=\"L&#039;Equipe de la R\u00e9daction\" \/>\n<meta name=\"twitter:label1\" content=\"\u00c9crit par\" \/>\n\t<meta name=\"twitter:data1\" content=\"L&#039;Equipe de la R\u00e9daction\" \/>\n\t<meta name=\"twitter:label2\" content=\"Dur\u00e9e de lecture estim\u00e9e\" \/>\n\t<meta name=\"twitter:data2\" content=\"1 minute\" \/>\n<script type=\"application\/ld+json\" class=\"yoast-schema-graph\">{\"@context\":\"https:\\\/\\\/schema.org\",\"@graph\":[{\"@type\":\"Article\",\"@id\":\"https:\\\/\\\/oeilsportif.info\\\/index.php\\\/equipe-nationale-feminine-u17-la-cote-divoire-se-prepare-au-maroc\\\/#article\",\"isPartOf\":{\"@id\":\"https:\\\/\\\/oeilsportif.info\\\/index.php\\\/equipe-nationale-feminine-u17-la-cote-divoire-se-prepare-au-maroc\\\/\"},\"author\":{\"name\":\"L'Equipe de la R\u00e9daction\",\"@id\":\"https:\\\/\\\/oeilsportif.info\\\/#\\\/schema\\\/person\\\/cfbded294aa6095f7d96608d7905e9a1\"},\"headline\":\"\u00c9quipe Nationale F\u00e9minine U17 : La C\u00f4te d\u2019Ivoire se pr\u00e9pare au Maroc\",\"datePublished\":\"2024-05-28T17:44:40+00:00\",\"mainEntityOfPage\":{\"@id\":\"https:\\\/\\\/oeilsportif.info\\\/index.php\\\/equipe-nationale-feminine-u17-la-cote-divoire-se-prepare-au-maroc\\\/\"},\"wordCount\":141,\"image\":{\"@id\":\"https:\\\/\\\/oeilsportif.info\\\/index.php\\\/equipe-nationale-feminine-u17-la-cote-divoire-se-prepare-au-maroc\\\/#primaryimage\"},\"thumbnailUrl\":\"https:\\\/\\\/i0.wp.com\\\/oeilsportif.info\\\/wp-content\\\/uploads\\\/2024\\\/05\\\/IMG_1468.jpeg?fit=600%2C400&ssl=1\",\"articleSection\":[\"Actualit\u00e9\",\"Football\"],\"inLanguage\":\"fr-FR\"},{\"@type\":\"WebPage\",\"@id\":\"https:\\\/\\\/oeilsportif.info\\\/index.php\\\/equipe-nationale-feminine-u17-la-cote-divoire-se-prepare-au-maroc\\\/\",\"url\":\"https:\\\/\\\/oeilsportif.info\\\/index.php\\\/equipe-nationale-feminine-u17-la-cote-divoire-se-prepare-au-maroc\\\/\",\"name\":\"\u00c9quipe Nationale F\u00e9minine U17 : La C\u00f4te d\u2019Ivoire se pr\u00e9pare au Maroc - le regard du sportif\",\"isPartOf\":{\"@id\":\"https:\\\/\\\/oeilsportif.info\\\/#website\"},\"primaryImageOfPage\":{\"@id\":\"https:\\\/\\\/oeilsportif.info\\\/index.php\\\/equipe-nationale-feminine-u17-la-cote-divoire-se-prepare-au-maroc\\\/#primaryimage\"},\"image\":{\"@id\":\"https:\\\/\\\/oeilsportif.info\\\/index.php\\\/equipe-nationale-feminine-u17-la-cote-divoire-se-prepare-au-maroc\\\/#primaryimage\"},\"thumbnailUrl\":\"https:\\\/\\\/i0.wp.com\\\/oeilsportif.info\\\/wp-content\\\/uploads\\\/2024\\\/05\\\/IMG_1468.jpeg?fit=600%2C400&ssl=1\",\"datePublished\":\"2024-05-28T17:44:40+00:00\",\"author\":{\"@id\":\"https:\\\/\\\/oeilsportif.info\\\/#\\\/schema\\\/person\\\/cfbded294aa6095f7d96608d7905e9a1\"},\"inLanguage\":\"fr-FR\",\"potentialAction\":[{\"@type\":\"ReadAction\",\"target\":[\"https:\\\/\\\/oeilsportif.info\\\/index.php\\\/equipe-nationale-feminine-u17-la-cote-divoire-se-prepare-au-maroc\\\/\"]}]},{\"@type\":\"ImageObject\",\"inLanguage\":\"fr-FR\",\"@id\":\"https:\\\/\\\/oeilsportif.info\\\/index.php\\\/equipe-nationale-feminine-u17-la-cote-divoire-se-prepare-au-maroc\\\/#primaryimage\",\"url\":\"https:\\\/\\\/i0.wp.com\\\/oeilsportif.info\\\/wp-content\\\/uploads\\\/2024\\\/05\\\/IMG_1468.jpeg?fit=600%2C400&ssl=1\",\"contentUrl\":\"https:\\\/\\\/i0.wp.com\\\/oeilsportif.info\\\/wp-content\\\/uploads\\\/2024\\\/05\\\/IMG_1468.jpeg?fit=600%2C400&ssl=1\",\"width\":600,\"height\":400},{\"@type\":\"WebSite\",\"@id\":\"https:\\\/\\\/oeilsportif.info\\\/#website\",\"url\":\"https:\\\/\\\/oeilsportif.info\\\/\",\"name\":\"le regard du sportif\",\"description\":\"\",\"potentialAction\":[{\"@type\":\"SearchAction\",\"target\":{\"@type\":\"EntryPoint\",\"urlTemplate\":\"https:\\\/\\\/oeilsportif.info\\\/?s={search_term_string}\"},\"query-input\":{\"@type\":\"PropertyValueSpecification\",\"valueRequired\":true,\"valueName\":\"search_term_string\"}}],\"inLanguage\":\"fr-FR\"},{\"@type\":\"Person\",\"@id\":\"https:\\\/\\\/oeilsportif.info\\\/#\\\/schema\\\/person\\\/cfbded294aa6095f7d96608d7905e9a1\",\"name\":\"L'Equipe de la R\u00e9daction\",\"image\":{\"@type\":\"ImageObject\",\"inLanguage\":\"fr-FR\",\"@id\":\"https:\\\/\\\/oeilsportif.info\\\/wp-content\\\/uploads\\\/2025\\\/07\\\/cropped-cropped-logo-os-96x96.jpeg\",\"url\":\"https:\\\/\\\/oeilsportif.info\\\/wp-content\\\/uploads\\\/2025\\\/07\\\/cropped-cropped-logo-os-96x96.jpeg\",\"contentUrl\":\"https:\\\/\\\/oeilsportif.info\\\/wp-content\\\/uploads\\\/2025\\\/07\\\/cropped-cropped-logo-os-96x96.jpeg\",\"caption\":\"L'Equipe de la R\u00e9daction\"},\"url\":\"https:\\\/\\\/oeilsportif.info\\\/index.php\\\/author\\\/tawel\\\/\"}]}<\/script>\n<!-- \/ Yoast SEO plugin. -->","yoast_head_json":{"title":"\u00c9quipe Nationale F\u00e9minine U17 : La C\u00f4te d\u2019Ivoire se pr\u00e9pare au Maroc - le regard du sportif","robots":{"index":"index","follow":"follow","max-snippet":"max-snippet:-1","max-image-preview":"max-image-preview:large","max-video-preview":"max-video-preview:-1"},"canonical":"https:\/\/oeilsportif.info\/index.php\/equipe-nationale-feminine-u17-la-cote-divoire-se-prepare-au-maroc\/","og_locale":"fr_FR","og_type":"article","og_title":"\u00c9quipe Nationale F\u00e9minine U17 : La C\u00f4te d\u2019Ivoire se pr\u00e9pare au Maroc - le regard du sportif","og_description":"Dans le cadre de sa pr\u00e9paration, l\u2019\u00e9quipe nationale f\u00e9minine U17 de C\u00f4te d&rsquo;Ivoire se rendra au Maroc, le 30 mai prochain pour y disputer deux matchs tests contre l\u2019\u00e9quipe nationale f\u00e9minine U17 du royaume ch\u00e9rifien. Cette double confrontation constituera une vitrine pour l\u2019encadrement technique pour voir les filles \u00e0 l\u2019\u00e9preuve face \u00e0 un adversaire de [&hellip;]","og_url":"https:\/\/oeilsportif.info\/index.php\/equipe-nationale-feminine-u17-la-cote-divoire-se-prepare-au-maroc\/","og_site_name":"le regard du sportif","article_published_time":"2024-05-28T17:44:40+00:00","og_image":[{"width":600,"height":400,"url":"https:\/\/oeilsportif.info\/wp-content\/uploads\/2024\/05\/IMG_1468.jpeg","type":"image\/jpeg"}],"author":"L'Equipe de la R\u00e9daction","twitter_misc":{"\u00c9crit par":"L'Equipe de la R\u00e9daction","Dur\u00e9e de lecture estim\u00e9e":"1 minute"},"schema":{"@context":"https:\/\/schema.org","@graph":[{"@type":"Article","@id":"https:\/\/oeilsportif.info\/index.php\/equipe-nationale-feminine-u17-la-cote-divoire-se-prepare-au-maroc\/#article","isPartOf":{"@id":"https:\/\/oeilsportif.info\/index.php\/equipe-nationale-feminine-u17-la-cote-divoire-se-prepare-au-maroc\/"},"author":{"name":"L'Equipe de la R\u00e9daction","@id":"https:\/\/oeilsportif.info\/#\/schema\/person\/cfbded294aa6095f7d96608d7905e9a1"},"headline":"\u00c9quipe Nationale F\u00e9minine U17 : La C\u00f4te d\u2019Ivoire se pr\u00e9pare au Maroc","datePublished":"2024-05-28T17:44:40+00:00","mainEntityOfPage":{"@id":"https:\/\/oeilsportif.info\/index.php\/equipe-nationale-feminine-u17-la-cote-divoire-se-prepare-au-maroc\/"},"wordCount":141,"image":{"@id":"https:\/\/oeilsportif.info\/index.php\/equipe-nationale-feminine-u17-la-cote-divoire-se-prepare-au-maroc\/#primaryimage"},"thumbnailUrl":"https:\/\/i0.wp.com\/oeilsportif.info\/wp-content\/uploads\/2024\/05\/IMG_1468.jpeg?fit=600%2C400&ssl=1","articleSection":["Actualit\u00e9","Football"],"inLanguage":"fr-FR"},{"@type":"WebPage","@id":"https:\/\/oeilsportif.info\/index.php\/equipe-nationale-feminine-u17-la-cote-divoire-se-prepare-au-maroc\/","url":"https:\/\/oeilsportif.info\/index.php\/equipe-nationale-feminine-u17-la-cote-divoire-se-prepare-au-maroc\/","name":"\u00c9quipe Nationale F\u00e9minine U17 : La C\u00f4te d\u2019Ivoire se pr\u00e9pare au Maroc - le regard du sportif","isPartOf":{"@id":"https:\/\/oeilsportif.info\/#website"},"primaryImageOfPage":{"@id":"https:\/\/oeilsportif.info\/index.php\/equipe-nationale-feminine-u17-la-cote-divoire-se-prepare-au-maroc\/#primaryimage"},"image":{"@id":"https:\/\/oeilsportif.info\/index.php\/equipe-nationale-feminine-u17-la-cote-divoire-se-prepare-au-maroc\/#primaryimage"},"thumbnailUrl":"https:\/\/i0.wp.com\/oeilsportif.info\/wp-content\/uploads\/2024\/05\/IMG_1468.jpeg?fit=600%2C400&ssl=1","datePublished":"2024-05-28T17:44:40+00:00","author":{"@id":"https:\/\/oeilsportif.info\/#\/schema\/person\/cfbded294aa6095f7d96608d7905e9a1"},"inLanguage":"fr-FR","potentialAction":[{"@type":"ReadAction","target":["https:\/\/oeilsportif.info\/index.php\/equipe-nationale-feminine-u17-la-cote-divoire-se-prepare-au-maroc\/"]}]},{"@type":"ImageObject","inLanguage":"fr-FR","@id":"https:\/\/oeilsportif.info\/index.php\/equipe-nationale-feminine-u17-la-cote-divoire-se-prepare-au-maroc\/#primaryimage","url":"https:\/\/i0.wp.com\/oeilsportif.info\/wp-content\/uploads\/2024\/05\/IMG_1468.jpeg?fit=600%2C400&ssl=1","contentUrl":"https:\/\/i0.wp.com\/oeilsportif.info\/wp-content\/uploads\/2024\/05\/IMG_1468.jpeg?fit=600%2C400&ssl=1","width":600,"height":400},{"@type":"WebSite","@id":"https:\/\/oeilsportif.info\/#website","url":"https:\/\/oeilsportif.info\/","name":"le regard du sportif","description":"","potentialAction":[{"@type":"SearchAction","target":{"@type":"EntryPoint","urlTemplate":"https:\/\/oeilsportif.info\/?s={search_term_string}"},"query-input":{"@type":"PropertyValueSpecification","valueRequired":true,"valueName":"search_term_string"}}],"inLanguage":"fr-FR"},{"@type":"Person","@id":"https:\/\/oeilsportif.info\/#\/schema\/person\/cfbded294aa6095f7d96608d7905e9a1","name":"L'Equipe de la R\u00e9daction","image":{"@type":"ImageObject","inLanguage":"fr-FR","@id":"https:\/\/oeilsportif.info\/wp-content\/uploads\/2025\/07\/cropped-cropped-logo-os-96x96.jpeg","url":"https:\/\/oeilsportif.info\/wp-content\/uploads\/2025\/07\/cropped-cropped-logo-os-96x96.jpeg","contentUrl":"https:\/\/oeilsportif.info\/wp-content\/uploads\/2025\/07\/cropped-cropped-logo-os-96x96.jpeg","caption":"L'Equipe de la R\u00e9daction"},"url":"https:\/\/oeilsportif.info\/index.php\/author\/tawel\/"}]}},"jetpack_publicize_connections":[],"jetpack_featured_media_url":"https:\/\/i0.wp.com\/oeilsportif.info\/wp-content\/uploads\/2024\/05\/IMG_1468.jpeg?fit=600%2C400&ssl=1","jetpack-related-posts":[],"jetpack_sharing_enabled":true,"jetpack_likes_enabled":true,"jetpack_shortlink":"https:\/\/wp.me\/pgFE77-1bk","_links":{"self":[{"href":"https:\/\/oeilsportif.info\/index.php\/wp-json\/wp\/v2\/posts\/4546","targetHints":{"allow":["GET"]}}],"collection":[{"href":"https:\/\/oeilsportif.info\/index.php\/wp-json\/wp\/v2\/posts"}],"about":[{"href":"https:\/\/oeilsportif.info\/index.php\/wp-json\/wp\/v2\/types\/post"}],"author":[{"embeddable":true,"href":"https:\/\/oeilsportif.info\/index.php\/wp-json\/wp\/v2\/users\/2"}],"replies":[{"embeddable":true,"href":"https:\/\/oeilsportif.info\/index.php\/wp-json\/wp\/v2\/comments?post=4546"}],"version-history":[{"count":0,"href":"https:\/\/oeilsportif.info\/index.php\/wp-json\/wp\/v2\/posts\/4546\/revisions"}],"wp:featuredmedia":[{"embeddable":true,"href":"https:\/\/oeilsportif.info\/index.php\/wp-json\/wp\/v2\/media\/4547"}],"wp:attachment":[{"href":"https:\/\/oeilsportif.info\/index.php\/wp-json\/wp\/v2\/media?parent=4546"}],"wp:term":[{"taxonomy":"category","embeddable":true,"href":"https:\/\/oeilsportif.info\/index.php\/wp-json\/wp\/v2\/categories?post=4546"},{"taxonomy":"post_tag","embeddable":true,"href":"https:\/\/oeilsportif.info\/index.php\/wp-json\/wp\/v2\/tags?post=4546"}],"curies":[{"name":"wp","href":"https:\/\/api.w.org\/{rel}","templated":true}]}}