{"id":4073,"date":"2024-01-27T19:49:54","date_gmt":"2024-01-27T19:49:54","guid":{"rendered":"https:\/\/oeilsportif.info\/index.php\/?p=4073"},"modified":"2024-01-27T19:49:54","modified_gmt":"2024-01-27T19:49:54","slug":"kerfalla-camara-kpc-plein-soutien-au-glorieux-syli-national-de-guinee","status":"publish","type":"post","link":"https:\/\/oeilsportif.info\/index.php\/kerfalla-camara-kpc-plein-soutien-au-glorieux-syli-national-de-guinee\/","title":{"rendered":"Kerfalla Camara KPC \u00ab\u00a0PLEIN SOUTIEN AU GLORIEUX SYLI NATIONAL DE GUIN\u00c9E\u00a0\u00bb"},"content":{"rendered":"<p><strong>Le Syli National participe aux phases finales de la 34\u00e8me \u00e9dition de la Coupe d\u2019Afrique des Nations de Football, organis\u00e9e par la C\u00f4te d&rsquo;ivoire depuis le 13 Janvier et jusqu\u2019au 11 f\u00e9vrier 2024.<\/strong><\/p>\n<p>Nos joueurs sont parvenus \u00e0 se qualifier vaillamment aux 1\/8\u00e8mes de finales de la comp\u00e9tition au terme du 1er tour dans un groupe tr\u00e8s relev\u00e9, aux c\u00f4t\u00e9s du S\u00e9n\u00e9gal et du Cameroun.<\/p>\n<p>Pour atteindre les 1\/4 de finale, le Syli National devra vaincre son prochain adversaire : la Guin\u00e9e \u00c9quatoriale, au stade Alassane Ouattara d&rsquo;Ebimp\u00e9 demain dimanche, 28 janvier 2024 \u00e0 17h00.<\/p>\n<p>Il a besoin pour ce faire d\u2019un soutien massif au stade, de la part de toutes les Guin\u00e9ennes et les Guin\u00e9ens se trouvant actuellement en C\u00f4te d&rsquo;Ivoire ; mais aussi d\u2019une communion de pri\u00e8res de toutes celles et ceux qui suivront la rencontre en Guin\u00e9e et ailleurs, \u00e0 la t\u00e9l\u00e9vision.<br \/>\nNos valeureux joueurs se sentiront ainsi port\u00e9s par une immense vague patriotique qui leur donnera la force et l\u2019inspiration n\u00e9cessaires pour franchir l\u2019obstacle et continuer ainsi de briller de mille feux dans cette prestigieuse comp\u00e9tition : pour que continue de flotter le drapeau tricolore guin\u00e9en et pour que continue de retentir aussi notre hymne national bien aim\u00e9.<\/p>\n<p>Le Syli National \u2013 staff et joueurs \u2013 a pu compter sur la tr\u00e8s forte implication du Pr\u00e9sident G\u00e9n\u00e9ral Mamady DOUMBOUYA et de son Gouvernement qui ont tout fait pour leur offrir les conditions mat\u00e9rielles du succ\u00e8s. A eux \u00e0 pr\u00e9sent de poursuivre leurs efforts et de continuer \u00e0 performer, pour plus de victoires et pour rendre encore plus fier tout le peuple de Guin\u00e9e mobilis\u00e9 derri\u00e8re eux.<\/p>\n<p>Vive le Football, Vive le Glorieux Syli National et Vive la R\u00e9publique de Guin\u00e9e Victorieuse<\/p>\n<p>Kerfalla CAMARA &#8211; KPC<\/p>\n","protected":false},"excerpt":{"rendered":"<p>Le Syli National participe aux phases finales de la 34\u00e8me \u00e9dition de la Coupe d\u2019Afrique des Nations de Football, organis\u00e9e par la C\u00f4te d&rsquo;ivoire depuis le 13 Janvier et jusqu\u2019au 11 f\u00e9vrier 2024. Nos joueurs sont parvenus \u00e0 se qualifier vaillamment aux 1\/8\u00e8mes de finales de la comp\u00e9tition au terme du 1er tour dans un [&hellip;]<\/p>\n","protected":false},"author":2,"featured_media":4074,"comment_status":"closed","ping_status":"open","sticky":false,"template":"","format":"standard","meta":{"_jetpack_memberships_contains_paid_content":false,"footnotes":"","jetpack_publicize_message":"","jetpack_publicize_feature_enabled":true,"jetpack_social_post_already_shared":true,"jetpack_social_options":{"image_generator_settings":{"template":"highway","default_image_id":0,"font":"","enabled":false},"version":2}},"categories":[10,5],"tags":[],"class_list":{"0":"post-4073","1":"post","2":"type-post","3":"status-publish","4":"format-standard","5":"has-post-thumbnail","7":"category-actualite","8":"category-football"},"yoast_head":"<!-- This site is optimized with the Yoast SEO plugin v27.4 - https:\/\/yoast.com\/product\/yoast-seo-wordpress\/ -->\n<title>Kerfalla Camara KPC &quot;PLEIN SOUTIEN AU GLORIEUX SYLI NATIONAL DE GUIN\u00c9E&quot; - le regard du sportif<\/title>\n<meta name=\"robots\" content=\"index, follow, max-snippet:-1, max-image-preview:large, max-video-preview:-1\" \/>\n<link rel=\"canonical\" href=\"https:\/\/oeilsportif.info\/index.php\/kerfalla-camara-kpc-plein-soutien-au-glorieux-syli-national-de-guinee\/\" \/>\n<meta property=\"og:locale\" content=\"fr_FR\" \/>\n<meta property=\"og:type\" content=\"article\" \/>\n<meta property=\"og:title\" content=\"Kerfalla Camara KPC &quot;PLEIN SOUTIEN AU GLORIEUX SYLI NATIONAL DE GUIN\u00c9E&quot; - le regard du sportif\" \/>\n<meta property=\"og:description\" content=\"Le Syli National participe aux phases finales de la 34\u00e8me \u00e9dition de la Coupe d\u2019Afrique des Nations de Football, organis\u00e9e par la C\u00f4te d&rsquo;ivoire depuis le 13 Janvier et jusqu\u2019au 11 f\u00e9vrier 2024. Nos joueurs sont parvenus \u00e0 se qualifier vaillamment aux 1\/8\u00e8mes de finales de la comp\u00e9tition au terme du 1er tour dans un [&hellip;]\" \/>\n<meta property=\"og:url\" content=\"https:\/\/oeilsportif.info\/index.php\/kerfalla-camara-kpc-plein-soutien-au-glorieux-syli-national-de-guinee\/\" \/>\n<meta property=\"og:site_name\" content=\"le regard du sportif\" \/>\n<meta property=\"article:published_time\" content=\"2024-01-27T19:49:54+00:00\" \/>\n<meta property=\"og:image\" content=\"https:\/\/oeilsportif.info\/wp-content\/uploads\/2024\/01\/FB_IMG_1706384863369.jpg\" \/>\n\t<meta property=\"og:image:width\" content=\"375\" \/>\n\t<meta property=\"og:image:height\" content=\"375\" \/>\n\t<meta property=\"og:image:type\" content=\"image\/jpeg\" \/>\n<meta name=\"author\" content=\"L&#039;Equipe de la R\u00e9daction\" \/>\n<meta name=\"twitter:label1\" content=\"\u00c9crit par\" \/>\n\t<meta name=\"twitter:data1\" content=\"L&#039;Equipe de la R\u00e9daction\" \/>\n\t<meta name=\"twitter:label2\" content=\"Dur\u00e9e de lecture estim\u00e9e\" \/>\n\t<meta name=\"twitter:data2\" content=\"2 minutes\" \/>\n<script type=\"application\/ld+json\" class=\"yoast-schema-graph\">{\"@context\":\"https:\\\/\\\/schema.org\",\"@graph\":[{\"@type\":\"Article\",\"@id\":\"https:\\\/\\\/oeilsportif.info\\\/index.php\\\/kerfalla-camara-kpc-plein-soutien-au-glorieux-syli-national-de-guinee\\\/#article\",\"isPartOf\":{\"@id\":\"https:\\\/\\\/oeilsportif.info\\\/index.php\\\/kerfalla-camara-kpc-plein-soutien-au-glorieux-syli-national-de-guinee\\\/\"},\"author\":{\"name\":\"L'Equipe de la R\u00e9daction\",\"@id\":\"https:\\\/\\\/oeilsportif.info\\\/#\\\/schema\\\/person\\\/cfbded294aa6095f7d96608d7905e9a1\"},\"headline\":\"Kerfalla Camara KPC \u00ab\u00a0PLEIN SOUTIEN AU GLORIEUX SYLI NATIONAL DE GUIN\u00c9E\u00a0\u00bb\",\"datePublished\":\"2024-01-27T19:49:54+00:00\",\"mainEntityOfPage\":{\"@id\":\"https:\\\/\\\/oeilsportif.info\\\/index.php\\\/kerfalla-camara-kpc-plein-soutien-au-glorieux-syli-national-de-guinee\\\/\"},\"wordCount\":326,\"image\":{\"@id\":\"https:\\\/\\\/oeilsportif.info\\\/index.php\\\/kerfalla-camara-kpc-plein-soutien-au-glorieux-syli-national-de-guinee\\\/#primaryimage\"},\"thumbnailUrl\":\"https:\\\/\\\/i0.wp.com\\\/oeilsportif.info\\\/wp-content\\\/uploads\\\/2024\\\/01\\\/FB_IMG_1706384863369.jpg?fit=375%2C375&ssl=1\",\"articleSection\":[\"Actualit\u00e9\",\"Football\"],\"inLanguage\":\"fr-FR\"},{\"@type\":\"WebPage\",\"@id\":\"https:\\\/\\\/oeilsportif.info\\\/index.php\\\/kerfalla-camara-kpc-plein-soutien-au-glorieux-syli-national-de-guinee\\\/\",\"url\":\"https:\\\/\\\/oeilsportif.info\\\/index.php\\\/kerfalla-camara-kpc-plein-soutien-au-glorieux-syli-national-de-guinee\\\/\",\"name\":\"Kerfalla Camara KPC \\\"PLEIN SOUTIEN AU GLORIEUX SYLI NATIONAL DE GUIN\u00c9E\\\" - le regard du sportif\",\"isPartOf\":{\"@id\":\"https:\\\/\\\/oeilsportif.info\\\/#website\"},\"primaryImageOfPage\":{\"@id\":\"https:\\\/\\\/oeilsportif.info\\\/index.php\\\/kerfalla-camara-kpc-plein-soutien-au-glorieux-syli-national-de-guinee\\\/#primaryimage\"},\"image\":{\"@id\":\"https:\\\/\\\/oeilsportif.info\\\/index.php\\\/kerfalla-camara-kpc-plein-soutien-au-glorieux-syli-national-de-guinee\\\/#primaryimage\"},\"thumbnailUrl\":\"https:\\\/\\\/i0.wp.com\\\/oeilsportif.info\\\/wp-content\\\/uploads\\\/2024\\\/01\\\/FB_IMG_1706384863369.jpg?fit=375%2C375&ssl=1\",\"datePublished\":\"2024-01-27T19:49:54+00:00\",\"author\":{\"@id\":\"https:\\\/\\\/oeilsportif.info\\\/#\\\/schema\\\/person\\\/cfbded294aa6095f7d96608d7905e9a1\"},\"inLanguage\":\"fr-FR\",\"potentialAction\":[{\"@type\":\"ReadAction\",\"target\":[\"https:\\\/\\\/oeilsportif.info\\\/index.php\\\/kerfalla-camara-kpc-plein-soutien-au-glorieux-syli-national-de-guinee\\\/\"]}]},{\"@type\":\"ImageObject\",\"inLanguage\":\"fr-FR\",\"@id\":\"https:\\\/\\\/oeilsportif.info\\\/index.php\\\/kerfalla-camara-kpc-plein-soutien-au-glorieux-syli-national-de-guinee\\\/#primaryimage\",\"url\":\"https:\\\/\\\/i0.wp.com\\\/oeilsportif.info\\\/wp-content\\\/uploads\\\/2024\\\/01\\\/FB_IMG_1706384863369.jpg?fit=375%2C375&ssl=1\",\"contentUrl\":\"https:\\\/\\\/i0.wp.com\\\/oeilsportif.info\\\/wp-content\\\/uploads\\\/2024\\\/01\\\/FB_IMG_1706384863369.jpg?fit=375%2C375&ssl=1\",\"width\":375,\"height\":375},{\"@type\":\"WebSite\",\"@id\":\"https:\\\/\\\/oeilsportif.info\\\/#website\",\"url\":\"https:\\\/\\\/oeilsportif.info\\\/\",\"name\":\"le regard du sportif\",\"description\":\"\",\"potentialAction\":[{\"@type\":\"SearchAction\",\"target\":{\"@type\":\"EntryPoint\",\"urlTemplate\":\"https:\\\/\\\/oeilsportif.info\\\/?s={search_term_string}\"},\"query-input\":{\"@type\":\"PropertyValueSpecification\",\"valueRequired\":true,\"valueName\":\"search_term_string\"}}],\"inLanguage\":\"fr-FR\"},{\"@type\":\"Person\",\"@id\":\"https:\\\/\\\/oeilsportif.info\\\/#\\\/schema\\\/person\\\/cfbded294aa6095f7d96608d7905e9a1\",\"name\":\"L'Equipe de la R\u00e9daction\",\"image\":{\"@type\":\"ImageObject\",\"inLanguage\":\"fr-FR\",\"@id\":\"https:\\\/\\\/oeilsportif.info\\\/wp-content\\\/uploads\\\/2025\\\/07\\\/cropped-cropped-logo-os-96x96.jpeg\",\"url\":\"https:\\\/\\\/oeilsportif.info\\\/wp-content\\\/uploads\\\/2025\\\/07\\\/cropped-cropped-logo-os-96x96.jpeg\",\"contentUrl\":\"https:\\\/\\\/oeilsportif.info\\\/wp-content\\\/uploads\\\/2025\\\/07\\\/cropped-cropped-logo-os-96x96.jpeg\",\"caption\":\"L'Equipe de la R\u00e9daction\"},\"url\":\"https:\\\/\\\/oeilsportif.info\\\/index.php\\\/author\\\/tawel\\\/\"}]}<\/script>\n<!-- \/ Yoast SEO plugin. -->","yoast_head_json":{"title":"Kerfalla Camara KPC \"PLEIN SOUTIEN AU GLORIEUX SYLI NATIONAL DE GUIN\u00c9E\" - le regard du sportif","robots":{"index":"index","follow":"follow","max-snippet":"max-snippet:-1","max-image-preview":"max-image-preview:large","max-video-preview":"max-video-preview:-1"},"canonical":"https:\/\/oeilsportif.info\/index.php\/kerfalla-camara-kpc-plein-soutien-au-glorieux-syli-national-de-guinee\/","og_locale":"fr_FR","og_type":"article","og_title":"Kerfalla Camara KPC \"PLEIN SOUTIEN AU GLORIEUX SYLI NATIONAL DE GUIN\u00c9E\" - le regard du sportif","og_description":"Le Syli National participe aux phases finales de la 34\u00e8me \u00e9dition de la Coupe d\u2019Afrique des Nations de Football, organis\u00e9e par la C\u00f4te d&rsquo;ivoire depuis le 13 Janvier et jusqu\u2019au 11 f\u00e9vrier 2024. Nos joueurs sont parvenus \u00e0 se qualifier vaillamment aux 1\/8\u00e8mes de finales de la comp\u00e9tition au terme du 1er tour dans un [&hellip;]","og_url":"https:\/\/oeilsportif.info\/index.php\/kerfalla-camara-kpc-plein-soutien-au-glorieux-syli-national-de-guinee\/","og_site_name":"le regard du sportif","article_published_time":"2024-01-27T19:49:54+00:00","og_image":[{"width":375,"height":375,"url":"https:\/\/oeilsportif.info\/wp-content\/uploads\/2024\/01\/FB_IMG_1706384863369.jpg","type":"image\/jpeg"}],"author":"L'Equipe de la R\u00e9daction","twitter_misc":{"\u00c9crit par":"L'Equipe de la R\u00e9daction","Dur\u00e9e de lecture estim\u00e9e":"2 minutes"},"schema":{"@context":"https:\/\/schema.org","@graph":[{"@type":"Article","@id":"https:\/\/oeilsportif.info\/index.php\/kerfalla-camara-kpc-plein-soutien-au-glorieux-syli-national-de-guinee\/#article","isPartOf":{"@id":"https:\/\/oeilsportif.info\/index.php\/kerfalla-camara-kpc-plein-soutien-au-glorieux-syli-national-de-guinee\/"},"author":{"name":"L'Equipe de la R\u00e9daction","@id":"https:\/\/oeilsportif.info\/#\/schema\/person\/cfbded294aa6095f7d96608d7905e9a1"},"headline":"Kerfalla Camara KPC \u00ab\u00a0PLEIN SOUTIEN AU GLORIEUX SYLI NATIONAL DE GUIN\u00c9E\u00a0\u00bb","datePublished":"2024-01-27T19:49:54+00:00","mainEntityOfPage":{"@id":"https:\/\/oeilsportif.info\/index.php\/kerfalla-camara-kpc-plein-soutien-au-glorieux-syli-national-de-guinee\/"},"wordCount":326,"image":{"@id":"https:\/\/oeilsportif.info\/index.php\/kerfalla-camara-kpc-plein-soutien-au-glorieux-syli-national-de-guinee\/#primaryimage"},"thumbnailUrl":"https:\/\/i0.wp.com\/oeilsportif.info\/wp-content\/uploads\/2024\/01\/FB_IMG_1706384863369.jpg?fit=375%2C375&ssl=1","articleSection":["Actualit\u00e9","Football"],"inLanguage":"fr-FR"},{"@type":"WebPage","@id":"https:\/\/oeilsportif.info\/index.php\/kerfalla-camara-kpc-plein-soutien-au-glorieux-syli-national-de-guinee\/","url":"https:\/\/oeilsportif.info\/index.php\/kerfalla-camara-kpc-plein-soutien-au-glorieux-syli-national-de-guinee\/","name":"Kerfalla Camara KPC \"PLEIN SOUTIEN AU GLORIEUX SYLI NATIONAL DE GUIN\u00c9E\" - le regard du sportif","isPartOf":{"@id":"https:\/\/oeilsportif.info\/#website"},"primaryImageOfPage":{"@id":"https:\/\/oeilsportif.info\/index.php\/kerfalla-camara-kpc-plein-soutien-au-glorieux-syli-national-de-guinee\/#primaryimage"},"image":{"@id":"https:\/\/oeilsportif.info\/index.php\/kerfalla-camara-kpc-plein-soutien-au-glorieux-syli-national-de-guinee\/#primaryimage"},"thumbnailUrl":"https:\/\/i0.wp.com\/oeilsportif.info\/wp-content\/uploads\/2024\/01\/FB_IMG_1706384863369.jpg?fit=375%2C375&ssl=1","datePublished":"2024-01-27T19:49:54+00:00","author":{"@id":"https:\/\/oeilsportif.info\/#\/schema\/person\/cfbded294aa6095f7d96608d7905e9a1"},"inLanguage":"fr-FR","potentialAction":[{"@type":"ReadAction","target":["https:\/\/oeilsportif.info\/index.php\/kerfalla-camara-kpc-plein-soutien-au-glorieux-syli-national-de-guinee\/"]}]},{"@type":"ImageObject","inLanguage":"fr-FR","@id":"https:\/\/oeilsportif.info\/index.php\/kerfalla-camara-kpc-plein-soutien-au-glorieux-syli-national-de-guinee\/#primaryimage","url":"https:\/\/i0.wp.com\/oeilsportif.info\/wp-content\/uploads\/2024\/01\/FB_IMG_1706384863369.jpg?fit=375%2C375&ssl=1","contentUrl":"https:\/\/i0.wp.com\/oeilsportif.info\/wp-content\/uploads\/2024\/01\/FB_IMG_1706384863369.jpg?fit=375%2C375&ssl=1","width":375,"height":375},{"@type":"WebSite","@id":"https:\/\/oeilsportif.info\/#website","url":"https:\/\/oeilsportif.info\/","name":"le regard du sportif","description":"","potentialAction":[{"@type":"SearchAction","target":{"@type":"EntryPoint","urlTemplate":"https:\/\/oeilsportif.info\/?s={search_term_string}"},"query-input":{"@type":"PropertyValueSpecification","valueRequired":true,"valueName":"search_term_string"}}],"inLanguage":"fr-FR"},{"@type":"Person","@id":"https:\/\/oeilsportif.info\/#\/schema\/person\/cfbded294aa6095f7d96608d7905e9a1","name":"L'Equipe de la R\u00e9daction","image":{"@type":"ImageObject","inLanguage":"fr-FR","@id":"https:\/\/oeilsportif.info\/wp-content\/uploads\/2025\/07\/cropped-cropped-logo-os-96x96.jpeg","url":"https:\/\/oeilsportif.info\/wp-content\/uploads\/2025\/07\/cropped-cropped-logo-os-96x96.jpeg","contentUrl":"https:\/\/oeilsportif.info\/wp-content\/uploads\/2025\/07\/cropped-cropped-logo-os-96x96.jpeg","caption":"L'Equipe de la R\u00e9daction"},"url":"https:\/\/oeilsportif.info\/index.php\/author\/tawel\/"}]}},"jetpack_publicize_connections":[],"jetpack_featured_media_url":"https:\/\/i0.wp.com\/oeilsportif.info\/wp-content\/uploads\/2024\/01\/FB_IMG_1706384863369.jpg?fit=375%2C375&ssl=1","jetpack-related-posts":[],"jetpack_sharing_enabled":true,"jetpack_likes_enabled":true,"jetpack_shortlink":"https:\/\/wp.me\/pgFE77-13H","_links":{"self":[{"href":"https:\/\/oeilsportif.info\/index.php\/wp-json\/wp\/v2\/posts\/4073","targetHints":{"allow":["GET"]}}],"collection":[{"href":"https:\/\/oeilsportif.info\/index.php\/wp-json\/wp\/v2\/posts"}],"about":[{"href":"https:\/\/oeilsportif.info\/index.php\/wp-json\/wp\/v2\/types\/post"}],"author":[{"embeddable":true,"href":"https:\/\/oeilsportif.info\/index.php\/wp-json\/wp\/v2\/users\/2"}],"replies":[{"embeddable":true,"href":"https:\/\/oeilsportif.info\/index.php\/wp-json\/wp\/v2\/comments?post=4073"}],"version-history":[{"count":0,"href":"https:\/\/oeilsportif.info\/index.php\/wp-json\/wp\/v2\/posts\/4073\/revisions"}],"wp:featuredmedia":[{"embeddable":true,"href":"https:\/\/oeilsportif.info\/index.php\/wp-json\/wp\/v2\/media\/4074"}],"wp:attachment":[{"href":"https:\/\/oeilsportif.info\/index.php\/wp-json\/wp\/v2\/media?parent=4073"}],"wp:term":[{"taxonomy":"category","embeddable":true,"href":"https:\/\/oeilsportif.info\/index.php\/wp-json\/wp\/v2\/categories?post=4073"},{"taxonomy":"post_tag","embeddable":true,"href":"https:\/\/oeilsportif.info\/index.php\/wp-json\/wp\/v2\/tags?post=4073"}],"curies":[{"name":"wp","href":"https:\/\/api.w.org\/{rel}","templated":true}]}}