{"id":4070,"date":"2024-01-26T18:20:43","date_gmt":"2024-01-26T18:20:43","guid":{"rendered":"https:\/\/oeilsportif.info\/index.php\/?p=4070"},"modified":"2024-01-26T18:20:43","modified_gmt":"2024-01-26T18:20:43","slug":"nous-sommes-qualifies-a-la-coupe-du-monde","status":"publish","type":"post","link":"https:\/\/oeilsportif.info\/index.php\/nous-sommes-qualifies-a-la-coupe-du-monde\/","title":{"rendered":"Nous sommes qualifi\u00e9s \u00e0 la Coupe du Monde !!!"},"content":{"rendered":"<p>&nbsp;<\/p>\n<p>La Guin\u00e9e est qualifi\u00e9e pour le Championnat du Monde Masculin de Handball qui aura lieu du 14 janvier au 2 f\u00e9vrier 2025 en Norv\u00e8ge, au Danemark et en Croatie. Ce vendredi 26 janvier, l\u2019\u00e9quipe nationale de Guin\u00e9e a r\u00e9ussi \u00e0 d\u00e9crocher sa qualification devant la RDC 29-24.<\/p>\n<p>Une qualification historique obtenue dans les circonstances difficiles. Malgr\u00e9 les conditions de pr\u00e9paration et de voyage difficiles, ces handballeurs ont tenu \u00e0 se battre pour offrir la qualification \u00e0 la Guin\u00e9e.<\/p>\n<p>Feguihand<\/p>\n","protected":false},"excerpt":{"rendered":"<p>&nbsp; La Guin\u00e9e est qualifi\u00e9e pour le Championnat du Monde Masculin de Handball qui aura lieu du 14 janvier au 2 f\u00e9vrier 2025 en Norv\u00e8ge, au Danemark et en Croatie. Ce vendredi 26 janvier, l\u2019\u00e9quipe nationale de Guin\u00e9e a r\u00e9ussi \u00e0 d\u00e9crocher sa qualification devant la RDC 29-24. Une qualification historique obtenue dans les circonstances [&hellip;]<\/p>\n","protected":false},"author":2,"featured_media":4071,"comment_status":"closed","ping_status":"open","sticky":false,"template":"","format":"standard","meta":{"_jetpack_memberships_contains_paid_content":false,"footnotes":"","jetpack_publicize_message":"","jetpack_publicize_feature_enabled":true,"jetpack_social_post_already_shared":true,"jetpack_social_options":{"image_generator_settings":{"template":"highway","default_image_id":0,"font":"","enabled":false},"version":2}},"categories":[10,5],"tags":[],"class_list":{"0":"post-4070","1":"post","2":"type-post","3":"status-publish","4":"format-standard","5":"has-post-thumbnail","7":"category-actualite","8":"category-football"},"yoast_head":"<!-- This site is optimized with the Yoast SEO plugin v27.4 - https:\/\/yoast.com\/product\/yoast-seo-wordpress\/ -->\n<title>Nous sommes qualifi\u00e9s \u00e0 la Coupe du Monde !!! - le regard du sportif<\/title>\n<meta name=\"robots\" content=\"index, follow, max-snippet:-1, max-image-preview:large, max-video-preview:-1\" \/>\n<link rel=\"canonical\" href=\"https:\/\/oeilsportif.info\/index.php\/nous-sommes-qualifies-a-la-coupe-du-monde\/\" \/>\n<meta property=\"og:locale\" content=\"fr_FR\" \/>\n<meta property=\"og:type\" content=\"article\" \/>\n<meta property=\"og:title\" content=\"Nous sommes qualifi\u00e9s \u00e0 la Coupe du Monde !!! - le regard du sportif\" \/>\n<meta property=\"og:description\" content=\"&nbsp; La Guin\u00e9e est qualifi\u00e9e pour le Championnat du Monde Masculin de Handball qui aura lieu du 14 janvier au 2 f\u00e9vrier 2025 en Norv\u00e8ge, au Danemark et en Croatie. Ce vendredi 26 janvier, l\u2019\u00e9quipe nationale de Guin\u00e9e a r\u00e9ussi \u00e0 d\u00e9crocher sa qualification devant la RDC 29-24. Une qualification historique obtenue dans les circonstances [&hellip;]\" \/>\n<meta property=\"og:url\" content=\"https:\/\/oeilsportif.info\/index.php\/nous-sommes-qualifies-a-la-coupe-du-monde\/\" \/>\n<meta property=\"og:site_name\" content=\"le regard du sportif\" \/>\n<meta property=\"article:published_time\" content=\"2024-01-26T18:20:43+00:00\" \/>\n<meta property=\"og:image\" content=\"https:\/\/oeilsportif.info\/wp-content\/uploads\/2024\/01\/FB_IMG_1706293125880.jpg\" \/>\n\t<meta property=\"og:image:width\" content=\"960\" \/>\n\t<meta property=\"og:image:height\" content=\"766\" \/>\n\t<meta property=\"og:image:type\" content=\"image\/jpeg\" \/>\n<meta name=\"author\" content=\"L&#039;Equipe de la R\u00e9daction\" \/>\n<meta name=\"twitter:label1\" content=\"\u00c9crit par\" \/>\n\t<meta name=\"twitter:data1\" content=\"L&#039;Equipe de la R\u00e9daction\" \/>\n\t<meta name=\"twitter:label2\" content=\"Dur\u00e9e de lecture estim\u00e9e\" \/>\n\t<meta name=\"twitter:data2\" content=\"1 minute\" \/>\n<script type=\"application\/ld+json\" class=\"yoast-schema-graph\">{\"@context\":\"https:\\\/\\\/schema.org\",\"@graph\":[{\"@type\":\"Article\",\"@id\":\"https:\\\/\\\/oeilsportif.info\\\/index.php\\\/nous-sommes-qualifies-a-la-coupe-du-monde\\\/#article\",\"isPartOf\":{\"@id\":\"https:\\\/\\\/oeilsportif.info\\\/index.php\\\/nous-sommes-qualifies-a-la-coupe-du-monde\\\/\"},\"author\":{\"name\":\"L'Equipe de la R\u00e9daction\",\"@id\":\"https:\\\/\\\/oeilsportif.info\\\/#\\\/schema\\\/person\\\/cfbded294aa6095f7d96608d7905e9a1\"},\"headline\":\"Nous sommes qualifi\u00e9s \u00e0 la Coupe du Monde !!!\",\"datePublished\":\"2024-01-26T18:20:43+00:00\",\"mainEntityOfPage\":{\"@id\":\"https:\\\/\\\/oeilsportif.info\\\/index.php\\\/nous-sommes-qualifies-a-la-coupe-du-monde\\\/\"},\"wordCount\":91,\"image\":{\"@id\":\"https:\\\/\\\/oeilsportif.info\\\/index.php\\\/nous-sommes-qualifies-a-la-coupe-du-monde\\\/#primaryimage\"},\"thumbnailUrl\":\"https:\\\/\\\/i0.wp.com\\\/oeilsportif.info\\\/wp-content\\\/uploads\\\/2024\\\/01\\\/FB_IMG_1706293125880.jpg?fit=960%2C766&ssl=1\",\"articleSection\":[\"Actualit\u00e9\",\"Football\"],\"inLanguage\":\"fr-FR\"},{\"@type\":\"WebPage\",\"@id\":\"https:\\\/\\\/oeilsportif.info\\\/index.php\\\/nous-sommes-qualifies-a-la-coupe-du-monde\\\/\",\"url\":\"https:\\\/\\\/oeilsportif.info\\\/index.php\\\/nous-sommes-qualifies-a-la-coupe-du-monde\\\/\",\"name\":\"Nous sommes qualifi\u00e9s \u00e0 la Coupe du Monde !!! - le regard du sportif\",\"isPartOf\":{\"@id\":\"https:\\\/\\\/oeilsportif.info\\\/#website\"},\"primaryImageOfPage\":{\"@id\":\"https:\\\/\\\/oeilsportif.info\\\/index.php\\\/nous-sommes-qualifies-a-la-coupe-du-monde\\\/#primaryimage\"},\"image\":{\"@id\":\"https:\\\/\\\/oeilsportif.info\\\/index.php\\\/nous-sommes-qualifies-a-la-coupe-du-monde\\\/#primaryimage\"},\"thumbnailUrl\":\"https:\\\/\\\/i0.wp.com\\\/oeilsportif.info\\\/wp-content\\\/uploads\\\/2024\\\/01\\\/FB_IMG_1706293125880.jpg?fit=960%2C766&ssl=1\",\"datePublished\":\"2024-01-26T18:20:43+00:00\",\"author\":{\"@id\":\"https:\\\/\\\/oeilsportif.info\\\/#\\\/schema\\\/person\\\/cfbded294aa6095f7d96608d7905e9a1\"},\"inLanguage\":\"fr-FR\",\"potentialAction\":[{\"@type\":\"ReadAction\",\"target\":[\"https:\\\/\\\/oeilsportif.info\\\/index.php\\\/nous-sommes-qualifies-a-la-coupe-du-monde\\\/\"]}]},{\"@type\":\"ImageObject\",\"inLanguage\":\"fr-FR\",\"@id\":\"https:\\\/\\\/oeilsportif.info\\\/index.php\\\/nous-sommes-qualifies-a-la-coupe-du-monde\\\/#primaryimage\",\"url\":\"https:\\\/\\\/i0.wp.com\\\/oeilsportif.info\\\/wp-content\\\/uploads\\\/2024\\\/01\\\/FB_IMG_1706293125880.jpg?fit=960%2C766&ssl=1\",\"contentUrl\":\"https:\\\/\\\/i0.wp.com\\\/oeilsportif.info\\\/wp-content\\\/uploads\\\/2024\\\/01\\\/FB_IMG_1706293125880.jpg?fit=960%2C766&ssl=1\",\"width\":960,\"height\":766},{\"@type\":\"WebSite\",\"@id\":\"https:\\\/\\\/oeilsportif.info\\\/#website\",\"url\":\"https:\\\/\\\/oeilsportif.info\\\/\",\"name\":\"le regard du sportif\",\"description\":\"\",\"potentialAction\":[{\"@type\":\"SearchAction\",\"target\":{\"@type\":\"EntryPoint\",\"urlTemplate\":\"https:\\\/\\\/oeilsportif.info\\\/?s={search_term_string}\"},\"query-input\":{\"@type\":\"PropertyValueSpecification\",\"valueRequired\":true,\"valueName\":\"search_term_string\"}}],\"inLanguage\":\"fr-FR\"},{\"@type\":\"Person\",\"@id\":\"https:\\\/\\\/oeilsportif.info\\\/#\\\/schema\\\/person\\\/cfbded294aa6095f7d96608d7905e9a1\",\"name\":\"L'Equipe de la R\u00e9daction\",\"image\":{\"@type\":\"ImageObject\",\"inLanguage\":\"fr-FR\",\"@id\":\"https:\\\/\\\/oeilsportif.info\\\/wp-content\\\/uploads\\\/2025\\\/07\\\/cropped-cropped-logo-os-96x96.jpeg\",\"url\":\"https:\\\/\\\/oeilsportif.info\\\/wp-content\\\/uploads\\\/2025\\\/07\\\/cropped-cropped-logo-os-96x96.jpeg\",\"contentUrl\":\"https:\\\/\\\/oeilsportif.info\\\/wp-content\\\/uploads\\\/2025\\\/07\\\/cropped-cropped-logo-os-96x96.jpeg\",\"caption\":\"L'Equipe de la R\u00e9daction\"},\"url\":\"https:\\\/\\\/oeilsportif.info\\\/index.php\\\/author\\\/tawel\\\/\"}]}<\/script>\n<!-- \/ Yoast SEO plugin. -->","yoast_head_json":{"title":"Nous sommes qualifi\u00e9s \u00e0 la Coupe du Monde !!! - le regard du sportif","robots":{"index":"index","follow":"follow","max-snippet":"max-snippet:-1","max-image-preview":"max-image-preview:large","max-video-preview":"max-video-preview:-1"},"canonical":"https:\/\/oeilsportif.info\/index.php\/nous-sommes-qualifies-a-la-coupe-du-monde\/","og_locale":"fr_FR","og_type":"article","og_title":"Nous sommes qualifi\u00e9s \u00e0 la Coupe du Monde !!! - le regard du sportif","og_description":"&nbsp; La Guin\u00e9e est qualifi\u00e9e pour le Championnat du Monde Masculin de Handball qui aura lieu du 14 janvier au 2 f\u00e9vrier 2025 en Norv\u00e8ge, au Danemark et en Croatie. Ce vendredi 26 janvier, l\u2019\u00e9quipe nationale de Guin\u00e9e a r\u00e9ussi \u00e0 d\u00e9crocher sa qualification devant la RDC 29-24. Une qualification historique obtenue dans les circonstances [&hellip;]","og_url":"https:\/\/oeilsportif.info\/index.php\/nous-sommes-qualifies-a-la-coupe-du-monde\/","og_site_name":"le regard du sportif","article_published_time":"2024-01-26T18:20:43+00:00","og_image":[{"width":960,"height":766,"url":"https:\/\/oeilsportif.info\/wp-content\/uploads\/2024\/01\/FB_IMG_1706293125880.jpg","type":"image\/jpeg"}],"author":"L'Equipe de la R\u00e9daction","twitter_misc":{"\u00c9crit par":"L'Equipe de la R\u00e9daction","Dur\u00e9e de lecture estim\u00e9e":"1 minute"},"schema":{"@context":"https:\/\/schema.org","@graph":[{"@type":"Article","@id":"https:\/\/oeilsportif.info\/index.php\/nous-sommes-qualifies-a-la-coupe-du-monde\/#article","isPartOf":{"@id":"https:\/\/oeilsportif.info\/index.php\/nous-sommes-qualifies-a-la-coupe-du-monde\/"},"author":{"name":"L'Equipe de la R\u00e9daction","@id":"https:\/\/oeilsportif.info\/#\/schema\/person\/cfbded294aa6095f7d96608d7905e9a1"},"headline":"Nous sommes qualifi\u00e9s \u00e0 la Coupe du Monde !!!","datePublished":"2024-01-26T18:20:43+00:00","mainEntityOfPage":{"@id":"https:\/\/oeilsportif.info\/index.php\/nous-sommes-qualifies-a-la-coupe-du-monde\/"},"wordCount":91,"image":{"@id":"https:\/\/oeilsportif.info\/index.php\/nous-sommes-qualifies-a-la-coupe-du-monde\/#primaryimage"},"thumbnailUrl":"https:\/\/i0.wp.com\/oeilsportif.info\/wp-content\/uploads\/2024\/01\/FB_IMG_1706293125880.jpg?fit=960%2C766&ssl=1","articleSection":["Actualit\u00e9","Football"],"inLanguage":"fr-FR"},{"@type":"WebPage","@id":"https:\/\/oeilsportif.info\/index.php\/nous-sommes-qualifies-a-la-coupe-du-monde\/","url":"https:\/\/oeilsportif.info\/index.php\/nous-sommes-qualifies-a-la-coupe-du-monde\/","name":"Nous sommes qualifi\u00e9s \u00e0 la Coupe du Monde !!! - le regard du sportif","isPartOf":{"@id":"https:\/\/oeilsportif.info\/#website"},"primaryImageOfPage":{"@id":"https:\/\/oeilsportif.info\/index.php\/nous-sommes-qualifies-a-la-coupe-du-monde\/#primaryimage"},"image":{"@id":"https:\/\/oeilsportif.info\/index.php\/nous-sommes-qualifies-a-la-coupe-du-monde\/#primaryimage"},"thumbnailUrl":"https:\/\/i0.wp.com\/oeilsportif.info\/wp-content\/uploads\/2024\/01\/FB_IMG_1706293125880.jpg?fit=960%2C766&ssl=1","datePublished":"2024-01-26T18:20:43+00:00","author":{"@id":"https:\/\/oeilsportif.info\/#\/schema\/person\/cfbded294aa6095f7d96608d7905e9a1"},"inLanguage":"fr-FR","potentialAction":[{"@type":"ReadAction","target":["https:\/\/oeilsportif.info\/index.php\/nous-sommes-qualifies-a-la-coupe-du-monde\/"]}]},{"@type":"ImageObject","inLanguage":"fr-FR","@id":"https:\/\/oeilsportif.info\/index.php\/nous-sommes-qualifies-a-la-coupe-du-monde\/#primaryimage","url":"https:\/\/i0.wp.com\/oeilsportif.info\/wp-content\/uploads\/2024\/01\/FB_IMG_1706293125880.jpg?fit=960%2C766&ssl=1","contentUrl":"https:\/\/i0.wp.com\/oeilsportif.info\/wp-content\/uploads\/2024\/01\/FB_IMG_1706293125880.jpg?fit=960%2C766&ssl=1","width":960,"height":766},{"@type":"WebSite","@id":"https:\/\/oeilsportif.info\/#website","url":"https:\/\/oeilsportif.info\/","name":"le regard du sportif","description":"","potentialAction":[{"@type":"SearchAction","target":{"@type":"EntryPoint","urlTemplate":"https:\/\/oeilsportif.info\/?s={search_term_string}"},"query-input":{"@type":"PropertyValueSpecification","valueRequired":true,"valueName":"search_term_string"}}],"inLanguage":"fr-FR"},{"@type":"Person","@id":"https:\/\/oeilsportif.info\/#\/schema\/person\/cfbded294aa6095f7d96608d7905e9a1","name":"L'Equipe de la R\u00e9daction","image":{"@type":"ImageObject","inLanguage":"fr-FR","@id":"https:\/\/oeilsportif.info\/wp-content\/uploads\/2025\/07\/cropped-cropped-logo-os-96x96.jpeg","url":"https:\/\/oeilsportif.info\/wp-content\/uploads\/2025\/07\/cropped-cropped-logo-os-96x96.jpeg","contentUrl":"https:\/\/oeilsportif.info\/wp-content\/uploads\/2025\/07\/cropped-cropped-logo-os-96x96.jpeg","caption":"L'Equipe de la R\u00e9daction"},"url":"https:\/\/oeilsportif.info\/index.php\/author\/tawel\/"}]}},"jetpack_publicize_connections":[],"jetpack_featured_media_url":"https:\/\/i0.wp.com\/oeilsportif.info\/wp-content\/uploads\/2024\/01\/FB_IMG_1706293125880.jpg?fit=960%2C766&ssl=1","jetpack-related-posts":[],"jetpack_sharing_enabled":true,"jetpack_likes_enabled":true,"jetpack_shortlink":"https:\/\/wp.me\/pgFE77-13E","_links":{"self":[{"href":"https:\/\/oeilsportif.info\/index.php\/wp-json\/wp\/v2\/posts\/4070","targetHints":{"allow":["GET"]}}],"collection":[{"href":"https:\/\/oeilsportif.info\/index.php\/wp-json\/wp\/v2\/posts"}],"about":[{"href":"https:\/\/oeilsportif.info\/index.php\/wp-json\/wp\/v2\/types\/post"}],"author":[{"embeddable":true,"href":"https:\/\/oeilsportif.info\/index.php\/wp-json\/wp\/v2\/users\/2"}],"replies":[{"embeddable":true,"href":"https:\/\/oeilsportif.info\/index.php\/wp-json\/wp\/v2\/comments?post=4070"}],"version-history":[{"count":0,"href":"https:\/\/oeilsportif.info\/index.php\/wp-json\/wp\/v2\/posts\/4070\/revisions"}],"wp:featuredmedia":[{"embeddable":true,"href":"https:\/\/oeilsportif.info\/index.php\/wp-json\/wp\/v2\/media\/4071"}],"wp:attachment":[{"href":"https:\/\/oeilsportif.info\/index.php\/wp-json\/wp\/v2\/media?parent=4070"}],"wp:term":[{"taxonomy":"category","embeddable":true,"href":"https:\/\/oeilsportif.info\/index.php\/wp-json\/wp\/v2\/categories?post=4070"},{"taxonomy":"post_tag","embeddable":true,"href":"https:\/\/oeilsportif.info\/index.php\/wp-json\/wp\/v2\/tags?post=4070"}],"curies":[{"name":"wp","href":"https:\/\/api.w.org\/{rel}","templated":true}]}}