{"id":4057,"date":"2024-01-22T12:27:27","date_gmt":"2024-01-22T12:27:27","guid":{"rendered":"https:\/\/oeilsportif.info\/index.php\/?p=4057"},"modified":"2024-01-22T12:27:27","modified_gmt":"2024-01-22T12:27:27","slug":"aliou-cisse","status":"publish","type":"post","link":"https:\/\/oeilsportif.info\/index.php\/aliou-cisse\/","title":{"rendered":"Aliou Ciss\u00e9 &lt;&gt;"},"content":{"rendered":"<p>Apr\u00e8s l&rsquo;entra\u00eeneur guin\u00e9en, Aliou Ciss\u00e9 le coach du S\u00e9n\u00e9gal s&rsquo;est exprim\u00e9 en conf\u00e9rence de presse d&rsquo;avant match Guin\u00e9e &#8211; S\u00e9n\u00e9gal dans le cadre de la 3e journ\u00e9e de la phase de groupe du groupe C, pr\u00e9vu mardi \u00e0 17H au stade Konan Banny de Yamoussoukro. Pour l&rsquo;heure, le technicien s\u00e9n\u00e9galais a pr\u00e9venu que le match Guin\u00e9e-S\u00e9n\u00e9gal sera tout sauf un match amical&#8230;<\/p>\n<p><strong>&lt;&lt; On a pr\u00e9par\u00e9 ce match comme tous les autres, autant de s\u00e9rieux, autant de professionnalisme. On a \u00e0 c\u0153ur de d\u00e9terminer comme on l&rsquo;a fait pour les deux autres matches. On savait qu&rsquo;on avait trois derbys, on va les jouer avec les m\u00eames envies et d\u00e9terminations. C&rsquo;est un match important qui nous permet de consolider les acquis. C&rsquo;est un derby de toute l&rsquo;Afrique de l&rsquo;ouest. \u00c7a sera tout sauf un match amical &gt;&gt;<\/strong><\/p>\n<p><strong>Yamoussoukro, S\u00e9kouna Camara<\/strong><\/p>\n","protected":false},"excerpt":{"rendered":"<p>Apr\u00e8s l&rsquo;entra\u00eeneur guin\u00e9en, Aliou Ciss\u00e9 le coach du S\u00e9n\u00e9gal s&rsquo;est exprim\u00e9 en conf\u00e9rence de presse d&rsquo;avant match Guin\u00e9e &#8211; S\u00e9n\u00e9gal dans le cadre de la 3e journ\u00e9e de la phase de groupe du groupe C, pr\u00e9vu mardi \u00e0 17H au stade Konan Banny de Yamoussoukro. Pour l&rsquo;heure, le technicien s\u00e9n\u00e9galais a pr\u00e9venu que le match [&hellip;]<\/p>\n","protected":false},"author":2,"featured_media":4058,"comment_status":"closed","ping_status":"open","sticky":false,"template":"","format":"standard","meta":{"_jetpack_memberships_contains_paid_content":false,"footnotes":"","jetpack_publicize_message":"","jetpack_publicize_feature_enabled":true,"jetpack_social_post_already_shared":true,"jetpack_social_options":{"image_generator_settings":{"template":"highway","default_image_id":0,"font":"","enabled":false},"version":2}},"categories":[10,5],"tags":[],"class_list":{"0":"post-4057","1":"post","2":"type-post","3":"status-publish","4":"format-standard","5":"has-post-thumbnail","7":"category-actualite","8":"category-football"},"yoast_head":"<!-- This site is optimized with the Yoast SEO plugin v27.4 - https:\/\/yoast.com\/product\/yoast-seo-wordpress\/ -->\n<title>Aliou Ciss\u00e9 &lt;&gt; - le regard du sportif<\/title>\n<meta name=\"robots\" content=\"index, follow, max-snippet:-1, max-image-preview:large, max-video-preview:-1\" \/>\n<link rel=\"canonical\" href=\"https:\/\/oeilsportif.info\/index.php\/aliou-cisse\/\" \/>\n<meta property=\"og:locale\" content=\"fr_FR\" \/>\n<meta property=\"og:type\" content=\"article\" \/>\n<meta property=\"og:title\" content=\"Aliou Ciss\u00e9 &lt;&gt; - le regard du sportif\" \/>\n<meta property=\"og:description\" content=\"Apr\u00e8s l&rsquo;entra\u00eeneur guin\u00e9en, Aliou Ciss\u00e9 le coach du S\u00e9n\u00e9gal s&rsquo;est exprim\u00e9 en conf\u00e9rence de presse d&rsquo;avant match Guin\u00e9e &#8211; S\u00e9n\u00e9gal dans le cadre de la 3e journ\u00e9e de la phase de groupe du groupe C, pr\u00e9vu mardi \u00e0 17H au stade Konan Banny de Yamoussoukro. Pour l&rsquo;heure, le technicien s\u00e9n\u00e9galais a pr\u00e9venu que le match [&hellip;]\" \/>\n<meta property=\"og:url\" content=\"https:\/\/oeilsportif.info\/index.php\/aliou-cisse\/\" \/>\n<meta property=\"og:site_name\" content=\"le regard du sportif\" \/>\n<meta property=\"article:published_time\" content=\"2024-01-22T12:27:27+00:00\" \/>\n<meta property=\"og:image\" content=\"https:\/\/oeilsportif.info\/wp-content\/uploads\/2024\/01\/Messenger_creation_cc139bd0-1895-426d-9c65-00b05694c42e.jpeg\" \/>\n\t<meta property=\"og:image:width\" content=\"1280\" \/>\n\t<meta property=\"og:image:height\" content=\"854\" \/>\n\t<meta property=\"og:image:type\" content=\"image\/jpeg\" \/>\n<meta name=\"author\" content=\"L&#039;Equipe de la R\u00e9daction\" \/>\n<meta name=\"twitter:label1\" content=\"\u00c9crit par\" \/>\n\t<meta name=\"twitter:data1\" content=\"L&#039;Equipe de la R\u00e9daction\" \/>\n\t<meta name=\"twitter:label2\" content=\"Dur\u00e9e de lecture estim\u00e9e\" \/>\n\t<meta name=\"twitter:data2\" content=\"1 minute\" \/>\n<script type=\"application\/ld+json\" class=\"yoast-schema-graph\">{\"@context\":\"https:\\\/\\\/schema.org\",\"@graph\":[{\"@type\":\"Article\",\"@id\":\"https:\\\/\\\/oeilsportif.info\\\/index.php\\\/aliou-cisse\\\/#article\",\"isPartOf\":{\"@id\":\"https:\\\/\\\/oeilsportif.info\\\/index.php\\\/aliou-cisse\\\/\"},\"author\":{\"name\":\"L'Equipe de la R\u00e9daction\",\"@id\":\"https:\\\/\\\/oeilsportif.info\\\/#\\\/schema\\\/person\\\/cfbded294aa6095f7d96608d7905e9a1\"},\"headline\":\"Aliou Ciss\u00e9 &lt;&gt;\",\"datePublished\":\"2024-01-22T12:27:27+00:00\",\"mainEntityOfPage\":{\"@id\":\"https:\\\/\\\/oeilsportif.info\\\/index.php\\\/aliou-cisse\\\/\"},\"wordCount\":177,\"image\":{\"@id\":\"https:\\\/\\\/oeilsportif.info\\\/index.php\\\/aliou-cisse\\\/#primaryimage\"},\"thumbnailUrl\":\"https:\\\/\\\/i0.wp.com\\\/oeilsportif.info\\\/wp-content\\\/uploads\\\/2024\\\/01\\\/Messenger_creation_cc139bd0-1895-426d-9c65-00b05694c42e.jpeg?fit=1280%2C854&ssl=1\",\"articleSection\":[\"Actualit\u00e9\",\"Football\"],\"inLanguage\":\"fr-FR\"},{\"@type\":\"WebPage\",\"@id\":\"https:\\\/\\\/oeilsportif.info\\\/index.php\\\/aliou-cisse\\\/\",\"url\":\"https:\\\/\\\/oeilsportif.info\\\/index.php\\\/aliou-cisse\\\/\",\"name\":\"Aliou Ciss\u00e9 &lt;&gt; - le regard du sportif\",\"isPartOf\":{\"@id\":\"https:\\\/\\\/oeilsportif.info\\\/#website\"},\"primaryImageOfPage\":{\"@id\":\"https:\\\/\\\/oeilsportif.info\\\/index.php\\\/aliou-cisse\\\/#primaryimage\"},\"image\":{\"@id\":\"https:\\\/\\\/oeilsportif.info\\\/index.php\\\/aliou-cisse\\\/#primaryimage\"},\"thumbnailUrl\":\"https:\\\/\\\/i0.wp.com\\\/oeilsportif.info\\\/wp-content\\\/uploads\\\/2024\\\/01\\\/Messenger_creation_cc139bd0-1895-426d-9c65-00b05694c42e.jpeg?fit=1280%2C854&ssl=1\",\"datePublished\":\"2024-01-22T12:27:27+00:00\",\"author\":{\"@id\":\"https:\\\/\\\/oeilsportif.info\\\/#\\\/schema\\\/person\\\/cfbded294aa6095f7d96608d7905e9a1\"},\"inLanguage\":\"fr-FR\",\"potentialAction\":[{\"@type\":\"ReadAction\",\"target\":[\"https:\\\/\\\/oeilsportif.info\\\/index.php\\\/aliou-cisse\\\/\"]}]},{\"@type\":\"ImageObject\",\"inLanguage\":\"fr-FR\",\"@id\":\"https:\\\/\\\/oeilsportif.info\\\/index.php\\\/aliou-cisse\\\/#primaryimage\",\"url\":\"https:\\\/\\\/i0.wp.com\\\/oeilsportif.info\\\/wp-content\\\/uploads\\\/2024\\\/01\\\/Messenger_creation_cc139bd0-1895-426d-9c65-00b05694c42e.jpeg?fit=1280%2C854&ssl=1\",\"contentUrl\":\"https:\\\/\\\/i0.wp.com\\\/oeilsportif.info\\\/wp-content\\\/uploads\\\/2024\\\/01\\\/Messenger_creation_cc139bd0-1895-426d-9c65-00b05694c42e.jpeg?fit=1280%2C854&ssl=1\",\"width\":1280,\"height\":854},{\"@type\":\"WebSite\",\"@id\":\"https:\\\/\\\/oeilsportif.info\\\/#website\",\"url\":\"https:\\\/\\\/oeilsportif.info\\\/\",\"name\":\"le regard du sportif\",\"description\":\"\",\"potentialAction\":[{\"@type\":\"SearchAction\",\"target\":{\"@type\":\"EntryPoint\",\"urlTemplate\":\"https:\\\/\\\/oeilsportif.info\\\/?s={search_term_string}\"},\"query-input\":{\"@type\":\"PropertyValueSpecification\",\"valueRequired\":true,\"valueName\":\"search_term_string\"}}],\"inLanguage\":\"fr-FR\"},{\"@type\":\"Person\",\"@id\":\"https:\\\/\\\/oeilsportif.info\\\/#\\\/schema\\\/person\\\/cfbded294aa6095f7d96608d7905e9a1\",\"name\":\"L'Equipe de la R\u00e9daction\",\"image\":{\"@type\":\"ImageObject\",\"inLanguage\":\"fr-FR\",\"@id\":\"https:\\\/\\\/oeilsportif.info\\\/wp-content\\\/uploads\\\/2025\\\/07\\\/cropped-cropped-logo-os-96x96.jpeg\",\"url\":\"https:\\\/\\\/oeilsportif.info\\\/wp-content\\\/uploads\\\/2025\\\/07\\\/cropped-cropped-logo-os-96x96.jpeg\",\"contentUrl\":\"https:\\\/\\\/oeilsportif.info\\\/wp-content\\\/uploads\\\/2025\\\/07\\\/cropped-cropped-logo-os-96x96.jpeg\",\"caption\":\"L'Equipe de la R\u00e9daction\"},\"url\":\"https:\\\/\\\/oeilsportif.info\\\/index.php\\\/author\\\/tawel\\\/\"}]}<\/script>\n<!-- \/ Yoast SEO plugin. -->","yoast_head_json":{"title":"Aliou Ciss\u00e9 &lt;&gt; - le regard du sportif","robots":{"index":"index","follow":"follow","max-snippet":"max-snippet:-1","max-image-preview":"max-image-preview:large","max-video-preview":"max-video-preview:-1"},"canonical":"https:\/\/oeilsportif.info\/index.php\/aliou-cisse\/","og_locale":"fr_FR","og_type":"article","og_title":"Aliou Ciss\u00e9 &lt;&gt; - le regard du sportif","og_description":"Apr\u00e8s l&rsquo;entra\u00eeneur guin\u00e9en, Aliou Ciss\u00e9 le coach du S\u00e9n\u00e9gal s&rsquo;est exprim\u00e9 en conf\u00e9rence de presse d&rsquo;avant match Guin\u00e9e &#8211; S\u00e9n\u00e9gal dans le cadre de la 3e journ\u00e9e de la phase de groupe du groupe C, pr\u00e9vu mardi \u00e0 17H au stade Konan Banny de Yamoussoukro. Pour l&rsquo;heure, le technicien s\u00e9n\u00e9galais a pr\u00e9venu que le match [&hellip;]","og_url":"https:\/\/oeilsportif.info\/index.php\/aliou-cisse\/","og_site_name":"le regard du sportif","article_published_time":"2024-01-22T12:27:27+00:00","og_image":[{"width":1280,"height":854,"url":"https:\/\/oeilsportif.info\/wp-content\/uploads\/2024\/01\/Messenger_creation_cc139bd0-1895-426d-9c65-00b05694c42e.jpeg","type":"image\/jpeg"}],"author":"L'Equipe de la R\u00e9daction","twitter_misc":{"\u00c9crit par":"L'Equipe de la R\u00e9daction","Dur\u00e9e de lecture estim\u00e9e":"1 minute"},"schema":{"@context":"https:\/\/schema.org","@graph":[{"@type":"Article","@id":"https:\/\/oeilsportif.info\/index.php\/aliou-cisse\/#article","isPartOf":{"@id":"https:\/\/oeilsportif.info\/index.php\/aliou-cisse\/"},"author":{"name":"L'Equipe de la R\u00e9daction","@id":"https:\/\/oeilsportif.info\/#\/schema\/person\/cfbded294aa6095f7d96608d7905e9a1"},"headline":"Aliou Ciss\u00e9 &lt;&gt;","datePublished":"2024-01-22T12:27:27+00:00","mainEntityOfPage":{"@id":"https:\/\/oeilsportif.info\/index.php\/aliou-cisse\/"},"wordCount":177,"image":{"@id":"https:\/\/oeilsportif.info\/index.php\/aliou-cisse\/#primaryimage"},"thumbnailUrl":"https:\/\/i0.wp.com\/oeilsportif.info\/wp-content\/uploads\/2024\/01\/Messenger_creation_cc139bd0-1895-426d-9c65-00b05694c42e.jpeg?fit=1280%2C854&ssl=1","articleSection":["Actualit\u00e9","Football"],"inLanguage":"fr-FR"},{"@type":"WebPage","@id":"https:\/\/oeilsportif.info\/index.php\/aliou-cisse\/","url":"https:\/\/oeilsportif.info\/index.php\/aliou-cisse\/","name":"Aliou Ciss\u00e9 &lt;&gt; - le regard du sportif","isPartOf":{"@id":"https:\/\/oeilsportif.info\/#website"},"primaryImageOfPage":{"@id":"https:\/\/oeilsportif.info\/index.php\/aliou-cisse\/#primaryimage"},"image":{"@id":"https:\/\/oeilsportif.info\/index.php\/aliou-cisse\/#primaryimage"},"thumbnailUrl":"https:\/\/i0.wp.com\/oeilsportif.info\/wp-content\/uploads\/2024\/01\/Messenger_creation_cc139bd0-1895-426d-9c65-00b05694c42e.jpeg?fit=1280%2C854&ssl=1","datePublished":"2024-01-22T12:27:27+00:00","author":{"@id":"https:\/\/oeilsportif.info\/#\/schema\/person\/cfbded294aa6095f7d96608d7905e9a1"},"inLanguage":"fr-FR","potentialAction":[{"@type":"ReadAction","target":["https:\/\/oeilsportif.info\/index.php\/aliou-cisse\/"]}]},{"@type":"ImageObject","inLanguage":"fr-FR","@id":"https:\/\/oeilsportif.info\/index.php\/aliou-cisse\/#primaryimage","url":"https:\/\/i0.wp.com\/oeilsportif.info\/wp-content\/uploads\/2024\/01\/Messenger_creation_cc139bd0-1895-426d-9c65-00b05694c42e.jpeg?fit=1280%2C854&ssl=1","contentUrl":"https:\/\/i0.wp.com\/oeilsportif.info\/wp-content\/uploads\/2024\/01\/Messenger_creation_cc139bd0-1895-426d-9c65-00b05694c42e.jpeg?fit=1280%2C854&ssl=1","width":1280,"height":854},{"@type":"WebSite","@id":"https:\/\/oeilsportif.info\/#website","url":"https:\/\/oeilsportif.info\/","name":"le regard du sportif","description":"","potentialAction":[{"@type":"SearchAction","target":{"@type":"EntryPoint","urlTemplate":"https:\/\/oeilsportif.info\/?s={search_term_string}"},"query-input":{"@type":"PropertyValueSpecification","valueRequired":true,"valueName":"search_term_string"}}],"inLanguage":"fr-FR"},{"@type":"Person","@id":"https:\/\/oeilsportif.info\/#\/schema\/person\/cfbded294aa6095f7d96608d7905e9a1","name":"L'Equipe de la R\u00e9daction","image":{"@type":"ImageObject","inLanguage":"fr-FR","@id":"https:\/\/oeilsportif.info\/wp-content\/uploads\/2025\/07\/cropped-cropped-logo-os-96x96.jpeg","url":"https:\/\/oeilsportif.info\/wp-content\/uploads\/2025\/07\/cropped-cropped-logo-os-96x96.jpeg","contentUrl":"https:\/\/oeilsportif.info\/wp-content\/uploads\/2025\/07\/cropped-cropped-logo-os-96x96.jpeg","caption":"L'Equipe de la R\u00e9daction"},"url":"https:\/\/oeilsportif.info\/index.php\/author\/tawel\/"}]}},"jetpack_publicize_connections":[],"jetpack_featured_media_url":"https:\/\/i0.wp.com\/oeilsportif.info\/wp-content\/uploads\/2024\/01\/Messenger_creation_cc139bd0-1895-426d-9c65-00b05694c42e.jpeg?fit=1280%2C854&ssl=1","jetpack-related-posts":[],"jetpack_sharing_enabled":true,"jetpack_likes_enabled":true,"jetpack_shortlink":"https:\/\/wp.me\/pgFE77-13r","_links":{"self":[{"href":"https:\/\/oeilsportif.info\/index.php\/wp-json\/wp\/v2\/posts\/4057","targetHints":{"allow":["GET"]}}],"collection":[{"href":"https:\/\/oeilsportif.info\/index.php\/wp-json\/wp\/v2\/posts"}],"about":[{"href":"https:\/\/oeilsportif.info\/index.php\/wp-json\/wp\/v2\/types\/post"}],"author":[{"embeddable":true,"href":"https:\/\/oeilsportif.info\/index.php\/wp-json\/wp\/v2\/users\/2"}],"replies":[{"embeddable":true,"href":"https:\/\/oeilsportif.info\/index.php\/wp-json\/wp\/v2\/comments?post=4057"}],"version-history":[{"count":0,"href":"https:\/\/oeilsportif.info\/index.php\/wp-json\/wp\/v2\/posts\/4057\/revisions"}],"wp:featuredmedia":[{"embeddable":true,"href":"https:\/\/oeilsportif.info\/index.php\/wp-json\/wp\/v2\/media\/4058"}],"wp:attachment":[{"href":"https:\/\/oeilsportif.info\/index.php\/wp-json\/wp\/v2\/media?parent=4057"}],"wp:term":[{"taxonomy":"category","embeddable":true,"href":"https:\/\/oeilsportif.info\/index.php\/wp-json\/wp\/v2\/categories?post=4057"},{"taxonomy":"post_tag","embeddable":true,"href":"https:\/\/oeilsportif.info\/index.php\/wp-json\/wp\/v2\/tags?post=4057"}],"curies":[{"name":"wp","href":"https:\/\/api.w.org\/{rel}","templated":true}]}}