{"id":3834,"date":"2023-11-17T22:18:24","date_gmt":"2023-11-17T22:18:24","guid":{"rendered":"https:\/\/oeilsportif.info\/index.php\/?p=3834"},"modified":"2023-11-17T22:18:24","modified_gmt":"2023-11-17T22:18:24","slug":"mondial-u17-indonesie-2023-le-mali-qualifie-pour-les-8es-de-finale","status":"publish","type":"post","link":"https:\/\/oeilsportif.info\/index.php\/mondial-u17-indonesie-2023-le-mali-qualifie-pour-les-8es-de-finale\/","title":{"rendered":"MONDIAL U17 INDON\u00c9SIE 2023\/ Le Mali qualifi\u00e9 pour les 8es de finale"},"content":{"rendered":"<p>L&rsquo;\u00e9quipe nationale des moins de 17 ans du Mali \u00e0 disput\u00e9 son 3e match de poules de la Coupe du monde ce jeudi.<\/p>\n<p>Face au Canada, les Aiglonnets se sont largement impos\u00e9s sur le score de 5 buts \u00e0 1.<\/p>\n<p>Avec 2 victoires en 3 matchs pour un total de 6 points, le Mali se qualifie pour les 8es de finale en terminant \u00e0 la 2e place de la poule B.<\/p>\n<p>Accroch\u00e9e par l&rsquo;Ouzb\u00e9kistan (2-2) lors de ce 3e match de poules, l&rsquo;Espagne finit en t\u00eate du classement avec 7 points.<\/p>\n<p>&nbsp;<\/p>\n","protected":false},"excerpt":{"rendered":"<p>L&rsquo;\u00e9quipe nationale des moins de 17 ans du Mali \u00e0 disput\u00e9 son 3e match de poules de la Coupe du monde ce jeudi. Face au Canada, les Aiglonnets se sont largement impos\u00e9s sur le score de 5 buts \u00e0 1. Avec 2 victoires en 3 matchs pour un total de 6 points, le Mali se [&hellip;]<\/p>\n","protected":false},"author":2,"featured_media":3835,"comment_status":"closed","ping_status":"open","sticky":false,"template":"","format":"standard","meta":{"_jetpack_memberships_contains_paid_content":false,"footnotes":"","jetpack_publicize_message":"","jetpack_publicize_feature_enabled":true,"jetpack_social_post_already_shared":true,"jetpack_social_options":{"image_generator_settings":{"template":"highway","default_image_id":0,"font":"","enabled":false},"version":2}},"categories":[10,5],"tags":[],"class_list":{"0":"post-3834","1":"post","2":"type-post","3":"status-publish","4":"format-standard","5":"has-post-thumbnail","7":"category-actualite","8":"category-football"},"yoast_head":"<!-- This site is optimized with the Yoast SEO plugin v27.5 - https:\/\/yoast.com\/product\/yoast-seo-wordpress\/ -->\n<title>MONDIAL U17 INDON\u00c9SIE 2023\/ Le Mali qualifi\u00e9 pour les 8es de finale - le regard du sportif<\/title>\n<meta name=\"robots\" content=\"index, follow, max-snippet:-1, max-image-preview:large, max-video-preview:-1\" \/>\n<link rel=\"canonical\" href=\"https:\/\/oeilsportif.info\/index.php\/mondial-u17-indonesie-2023-le-mali-qualifie-pour-les-8es-de-finale\/\" \/>\n<meta property=\"og:locale\" content=\"fr_FR\" \/>\n<meta property=\"og:type\" content=\"article\" \/>\n<meta property=\"og:title\" content=\"MONDIAL U17 INDON\u00c9SIE 2023\/ Le Mali qualifi\u00e9 pour les 8es de finale - le regard du sportif\" \/>\n<meta property=\"og:description\" content=\"L&rsquo;\u00e9quipe nationale des moins de 17 ans du Mali \u00e0 disput\u00e9 son 3e match de poules de la Coupe du monde ce jeudi. Face au Canada, les Aiglonnets se sont largement impos\u00e9s sur le score de 5 buts \u00e0 1. Avec 2 victoires en 3 matchs pour un total de 6 points, le Mali se [&hellip;]\" \/>\n<meta property=\"og:url\" content=\"https:\/\/oeilsportif.info\/index.php\/mondial-u17-indonesie-2023-le-mali-qualifie-pour-les-8es-de-finale\/\" \/>\n<meta property=\"og:site_name\" content=\"le regard du sportif\" \/>\n<meta property=\"article:published_time\" content=\"2023-11-17T22:18:24+00:00\" \/>\n<meta property=\"og:image\" content=\"https:\/\/oeilsportif.info\/wp-content\/uploads\/2023\/11\/FB_IMG_1700259420195.jpg\" \/>\n\t<meta property=\"og:image:width\" content=\"1080\" \/>\n\t<meta property=\"og:image:height\" content=\"1080\" \/>\n\t<meta property=\"og:image:type\" content=\"image\/jpeg\" \/>\n<meta name=\"author\" content=\"L&#039;Equipe de la R\u00e9daction\" \/>\n<meta name=\"twitter:label1\" content=\"\u00c9crit par\" \/>\n\t<meta name=\"twitter:data1\" content=\"L&#039;Equipe de la R\u00e9daction\" \/>\n\t<meta name=\"twitter:label2\" content=\"Dur\u00e9e de lecture estim\u00e9e\" \/>\n\t<meta name=\"twitter:data2\" content=\"1 minute\" \/>\n<script type=\"application\/ld+json\" class=\"yoast-schema-graph\">{\"@context\":\"https:\\\/\\\/schema.org\",\"@graph\":[{\"@type\":\"Article\",\"@id\":\"https:\\\/\\\/oeilsportif.info\\\/index.php\\\/mondial-u17-indonesie-2023-le-mali-qualifie-pour-les-8es-de-finale\\\/#article\",\"isPartOf\":{\"@id\":\"https:\\\/\\\/oeilsportif.info\\\/index.php\\\/mondial-u17-indonesie-2023-le-mali-qualifie-pour-les-8es-de-finale\\\/\"},\"author\":{\"name\":\"L'Equipe de la R\u00e9daction\",\"@id\":\"https:\\\/\\\/oeilsportif.info\\\/#\\\/schema\\\/person\\\/cfbded294aa6095f7d96608d7905e9a1\"},\"headline\":\"MONDIAL U17 INDON\u00c9SIE 2023\\\/ Le Mali qualifi\u00e9 pour les 8es de finale\",\"datePublished\":\"2023-11-17T22:18:24+00:00\",\"mainEntityOfPage\":{\"@id\":\"https:\\\/\\\/oeilsportif.info\\\/index.php\\\/mondial-u17-indonesie-2023-le-mali-qualifie-pour-les-8es-de-finale\\\/\"},\"wordCount\":101,\"image\":{\"@id\":\"https:\\\/\\\/oeilsportif.info\\\/index.php\\\/mondial-u17-indonesie-2023-le-mali-qualifie-pour-les-8es-de-finale\\\/#primaryimage\"},\"thumbnailUrl\":\"https:\\\/\\\/i0.wp.com\\\/oeilsportif.info\\\/wp-content\\\/uploads\\\/2023\\\/11\\\/FB_IMG_1700259420195.jpg?fit=1080%2C1080&ssl=1\",\"articleSection\":[\"Actualit\u00e9\",\"Football\"],\"inLanguage\":\"fr-FR\"},{\"@type\":\"WebPage\",\"@id\":\"https:\\\/\\\/oeilsportif.info\\\/index.php\\\/mondial-u17-indonesie-2023-le-mali-qualifie-pour-les-8es-de-finale\\\/\",\"url\":\"https:\\\/\\\/oeilsportif.info\\\/index.php\\\/mondial-u17-indonesie-2023-le-mali-qualifie-pour-les-8es-de-finale\\\/\",\"name\":\"MONDIAL U17 INDON\u00c9SIE 2023\\\/ Le Mali qualifi\u00e9 pour les 8es de finale - le regard du sportif\",\"isPartOf\":{\"@id\":\"https:\\\/\\\/oeilsportif.info\\\/#website\"},\"primaryImageOfPage\":{\"@id\":\"https:\\\/\\\/oeilsportif.info\\\/index.php\\\/mondial-u17-indonesie-2023-le-mali-qualifie-pour-les-8es-de-finale\\\/#primaryimage\"},\"image\":{\"@id\":\"https:\\\/\\\/oeilsportif.info\\\/index.php\\\/mondial-u17-indonesie-2023-le-mali-qualifie-pour-les-8es-de-finale\\\/#primaryimage\"},\"thumbnailUrl\":\"https:\\\/\\\/i0.wp.com\\\/oeilsportif.info\\\/wp-content\\\/uploads\\\/2023\\\/11\\\/FB_IMG_1700259420195.jpg?fit=1080%2C1080&ssl=1\",\"datePublished\":\"2023-11-17T22:18:24+00:00\",\"author\":{\"@id\":\"https:\\\/\\\/oeilsportif.info\\\/#\\\/schema\\\/person\\\/cfbded294aa6095f7d96608d7905e9a1\"},\"inLanguage\":\"fr-FR\",\"potentialAction\":[{\"@type\":\"ReadAction\",\"target\":[\"https:\\\/\\\/oeilsportif.info\\\/index.php\\\/mondial-u17-indonesie-2023-le-mali-qualifie-pour-les-8es-de-finale\\\/\"]}]},{\"@type\":\"ImageObject\",\"inLanguage\":\"fr-FR\",\"@id\":\"https:\\\/\\\/oeilsportif.info\\\/index.php\\\/mondial-u17-indonesie-2023-le-mali-qualifie-pour-les-8es-de-finale\\\/#primaryimage\",\"url\":\"https:\\\/\\\/i0.wp.com\\\/oeilsportif.info\\\/wp-content\\\/uploads\\\/2023\\\/11\\\/FB_IMG_1700259420195.jpg?fit=1080%2C1080&ssl=1\",\"contentUrl\":\"https:\\\/\\\/i0.wp.com\\\/oeilsportif.info\\\/wp-content\\\/uploads\\\/2023\\\/11\\\/FB_IMG_1700259420195.jpg?fit=1080%2C1080&ssl=1\",\"width\":1080,\"height\":1080},{\"@type\":\"WebSite\",\"@id\":\"https:\\\/\\\/oeilsportif.info\\\/#website\",\"url\":\"https:\\\/\\\/oeilsportif.info\\\/\",\"name\":\"le regard du sportif\",\"description\":\"\",\"potentialAction\":[{\"@type\":\"SearchAction\",\"target\":{\"@type\":\"EntryPoint\",\"urlTemplate\":\"https:\\\/\\\/oeilsportif.info\\\/?s={search_term_string}\"},\"query-input\":{\"@type\":\"PropertyValueSpecification\",\"valueRequired\":true,\"valueName\":\"search_term_string\"}}],\"inLanguage\":\"fr-FR\"},{\"@type\":\"Person\",\"@id\":\"https:\\\/\\\/oeilsportif.info\\\/#\\\/schema\\\/person\\\/cfbded294aa6095f7d96608d7905e9a1\",\"name\":\"L'Equipe de la R\u00e9daction\",\"image\":{\"@type\":\"ImageObject\",\"inLanguage\":\"fr-FR\",\"@id\":\"https:\\\/\\\/oeilsportif.info\\\/wp-content\\\/uploads\\\/2025\\\/07\\\/cropped-cropped-logo-os-96x96.jpeg\",\"url\":\"https:\\\/\\\/oeilsportif.info\\\/wp-content\\\/uploads\\\/2025\\\/07\\\/cropped-cropped-logo-os-96x96.jpeg\",\"contentUrl\":\"https:\\\/\\\/oeilsportif.info\\\/wp-content\\\/uploads\\\/2025\\\/07\\\/cropped-cropped-logo-os-96x96.jpeg\",\"caption\":\"L'Equipe de la R\u00e9daction\"},\"url\":\"https:\\\/\\\/oeilsportif.info\\\/index.php\\\/author\\\/tawel\\\/\"}]}<\/script>\n<!-- \/ Yoast SEO plugin. -->","yoast_head_json":{"title":"MONDIAL U17 INDON\u00c9SIE 2023\/ Le Mali qualifi\u00e9 pour les 8es de finale - le regard du sportif","robots":{"index":"index","follow":"follow","max-snippet":"max-snippet:-1","max-image-preview":"max-image-preview:large","max-video-preview":"max-video-preview:-1"},"canonical":"https:\/\/oeilsportif.info\/index.php\/mondial-u17-indonesie-2023-le-mali-qualifie-pour-les-8es-de-finale\/","og_locale":"fr_FR","og_type":"article","og_title":"MONDIAL U17 INDON\u00c9SIE 2023\/ Le Mali qualifi\u00e9 pour les 8es de finale - le regard du sportif","og_description":"L&rsquo;\u00e9quipe nationale des moins de 17 ans du Mali \u00e0 disput\u00e9 son 3e match de poules de la Coupe du monde ce jeudi. Face au Canada, les Aiglonnets se sont largement impos\u00e9s sur le score de 5 buts \u00e0 1. Avec 2 victoires en 3 matchs pour un total de 6 points, le Mali se [&hellip;]","og_url":"https:\/\/oeilsportif.info\/index.php\/mondial-u17-indonesie-2023-le-mali-qualifie-pour-les-8es-de-finale\/","og_site_name":"le regard du sportif","article_published_time":"2023-11-17T22:18:24+00:00","og_image":[{"width":1080,"height":1080,"url":"https:\/\/oeilsportif.info\/wp-content\/uploads\/2023\/11\/FB_IMG_1700259420195.jpg","type":"image\/jpeg"}],"author":"L'Equipe de la R\u00e9daction","twitter_misc":{"\u00c9crit par":"L'Equipe de la R\u00e9daction","Dur\u00e9e de lecture estim\u00e9e":"1 minute"},"schema":{"@context":"https:\/\/schema.org","@graph":[{"@type":"Article","@id":"https:\/\/oeilsportif.info\/index.php\/mondial-u17-indonesie-2023-le-mali-qualifie-pour-les-8es-de-finale\/#article","isPartOf":{"@id":"https:\/\/oeilsportif.info\/index.php\/mondial-u17-indonesie-2023-le-mali-qualifie-pour-les-8es-de-finale\/"},"author":{"name":"L'Equipe de la R\u00e9daction","@id":"https:\/\/oeilsportif.info\/#\/schema\/person\/cfbded294aa6095f7d96608d7905e9a1"},"headline":"MONDIAL U17 INDON\u00c9SIE 2023\/ Le Mali qualifi\u00e9 pour les 8es de finale","datePublished":"2023-11-17T22:18:24+00:00","mainEntityOfPage":{"@id":"https:\/\/oeilsportif.info\/index.php\/mondial-u17-indonesie-2023-le-mali-qualifie-pour-les-8es-de-finale\/"},"wordCount":101,"image":{"@id":"https:\/\/oeilsportif.info\/index.php\/mondial-u17-indonesie-2023-le-mali-qualifie-pour-les-8es-de-finale\/#primaryimage"},"thumbnailUrl":"https:\/\/i0.wp.com\/oeilsportif.info\/wp-content\/uploads\/2023\/11\/FB_IMG_1700259420195.jpg?fit=1080%2C1080&ssl=1","articleSection":["Actualit\u00e9","Football"],"inLanguage":"fr-FR"},{"@type":"WebPage","@id":"https:\/\/oeilsportif.info\/index.php\/mondial-u17-indonesie-2023-le-mali-qualifie-pour-les-8es-de-finale\/","url":"https:\/\/oeilsportif.info\/index.php\/mondial-u17-indonesie-2023-le-mali-qualifie-pour-les-8es-de-finale\/","name":"MONDIAL U17 INDON\u00c9SIE 2023\/ Le Mali qualifi\u00e9 pour les 8es de finale - le regard du sportif","isPartOf":{"@id":"https:\/\/oeilsportif.info\/#website"},"primaryImageOfPage":{"@id":"https:\/\/oeilsportif.info\/index.php\/mondial-u17-indonesie-2023-le-mali-qualifie-pour-les-8es-de-finale\/#primaryimage"},"image":{"@id":"https:\/\/oeilsportif.info\/index.php\/mondial-u17-indonesie-2023-le-mali-qualifie-pour-les-8es-de-finale\/#primaryimage"},"thumbnailUrl":"https:\/\/i0.wp.com\/oeilsportif.info\/wp-content\/uploads\/2023\/11\/FB_IMG_1700259420195.jpg?fit=1080%2C1080&ssl=1","datePublished":"2023-11-17T22:18:24+00:00","author":{"@id":"https:\/\/oeilsportif.info\/#\/schema\/person\/cfbded294aa6095f7d96608d7905e9a1"},"inLanguage":"fr-FR","potentialAction":[{"@type":"ReadAction","target":["https:\/\/oeilsportif.info\/index.php\/mondial-u17-indonesie-2023-le-mali-qualifie-pour-les-8es-de-finale\/"]}]},{"@type":"ImageObject","inLanguage":"fr-FR","@id":"https:\/\/oeilsportif.info\/index.php\/mondial-u17-indonesie-2023-le-mali-qualifie-pour-les-8es-de-finale\/#primaryimage","url":"https:\/\/i0.wp.com\/oeilsportif.info\/wp-content\/uploads\/2023\/11\/FB_IMG_1700259420195.jpg?fit=1080%2C1080&ssl=1","contentUrl":"https:\/\/i0.wp.com\/oeilsportif.info\/wp-content\/uploads\/2023\/11\/FB_IMG_1700259420195.jpg?fit=1080%2C1080&ssl=1","width":1080,"height":1080},{"@type":"WebSite","@id":"https:\/\/oeilsportif.info\/#website","url":"https:\/\/oeilsportif.info\/","name":"le regard du sportif","description":"","potentialAction":[{"@type":"SearchAction","target":{"@type":"EntryPoint","urlTemplate":"https:\/\/oeilsportif.info\/?s={search_term_string}"},"query-input":{"@type":"PropertyValueSpecification","valueRequired":true,"valueName":"search_term_string"}}],"inLanguage":"fr-FR"},{"@type":"Person","@id":"https:\/\/oeilsportif.info\/#\/schema\/person\/cfbded294aa6095f7d96608d7905e9a1","name":"L'Equipe de la R\u00e9daction","image":{"@type":"ImageObject","inLanguage":"fr-FR","@id":"https:\/\/oeilsportif.info\/wp-content\/uploads\/2025\/07\/cropped-cropped-logo-os-96x96.jpeg","url":"https:\/\/oeilsportif.info\/wp-content\/uploads\/2025\/07\/cropped-cropped-logo-os-96x96.jpeg","contentUrl":"https:\/\/oeilsportif.info\/wp-content\/uploads\/2025\/07\/cropped-cropped-logo-os-96x96.jpeg","caption":"L'Equipe de la R\u00e9daction"},"url":"https:\/\/oeilsportif.info\/index.php\/author\/tawel\/"}]}},"jetpack_publicize_connections":[],"jetpack_featured_media_url":"https:\/\/i0.wp.com\/oeilsportif.info\/wp-content\/uploads\/2023\/11\/FB_IMG_1700259420195.jpg?fit=1080%2C1080&ssl=1","jetpack-related-posts":[],"jetpack_sharing_enabled":true,"jetpack_likes_enabled":true,"jetpack_shortlink":"https:\/\/wp.me\/pgFE77-ZQ","_links":{"self":[{"href":"https:\/\/oeilsportif.info\/index.php\/wp-json\/wp\/v2\/posts\/3834","targetHints":{"allow":["GET"]}}],"collection":[{"href":"https:\/\/oeilsportif.info\/index.php\/wp-json\/wp\/v2\/posts"}],"about":[{"href":"https:\/\/oeilsportif.info\/index.php\/wp-json\/wp\/v2\/types\/post"}],"author":[{"embeddable":true,"href":"https:\/\/oeilsportif.info\/index.php\/wp-json\/wp\/v2\/users\/2"}],"replies":[{"embeddable":true,"href":"https:\/\/oeilsportif.info\/index.php\/wp-json\/wp\/v2\/comments?post=3834"}],"version-history":[{"count":0,"href":"https:\/\/oeilsportif.info\/index.php\/wp-json\/wp\/v2\/posts\/3834\/revisions"}],"wp:featuredmedia":[{"embeddable":true,"href":"https:\/\/oeilsportif.info\/index.php\/wp-json\/wp\/v2\/media\/3835"}],"wp:attachment":[{"href":"https:\/\/oeilsportif.info\/index.php\/wp-json\/wp\/v2\/media?parent=3834"}],"wp:term":[{"taxonomy":"category","embeddable":true,"href":"https:\/\/oeilsportif.info\/index.php\/wp-json\/wp\/v2\/categories?post=3834"},{"taxonomy":"post_tag","embeddable":true,"href":"https:\/\/oeilsportif.info\/index.php\/wp-json\/wp\/v2\/tags?post=3834"}],"curies":[{"name":"wp","href":"https:\/\/api.w.org\/{rel}","templated":true}]}}