{"id":3824,"date":"2023-11-14T14:44:11","date_gmt":"2023-11-14T14:44:11","guid":{"rendered":"https:\/\/oeilsportif.info\/index.php\/?p=3824"},"modified":"2023-11-14T14:44:11","modified_gmt":"2023-11-14T14:44:11","slug":"togo-le-togo-attache-paulo-duarte","status":"publish","type":"post","link":"https:\/\/oeilsportif.info\/index.php\/togo-le-togo-attache-paulo-duarte\/","title":{"rendered":"Togo: Le Togo \u00ab\u00a0attache\u00a0\u00bb Paulo Duarte !"},"content":{"rendered":"<p>Le Technicien Portugais Paulo Duarte renouvelle son contrat avec le Togo jusqu&rsquo;\u00e0 la CAN 2025&#8230;<\/p>\n<p>Bien que pas qualifi\u00e9 pour la CAN ivoirienne la F\u00e9d\u00e9ration Togolaise dit avoir reconnu le progr\u00e8s de l&rsquo;\u00e9quipe du Togo depuis l&rsquo;arriv\u00e9e de Duarte.<\/p>\n<p>\u00ab\u00a0Au cours de son mandat initial, M. Paulo Duarte a d\u00e9montr\u00e9 un engagement sans faille envers le d\u00e9veloppement du football togolais, mettant en \u0153uvre des strat\u00e9gies novatrices pour renforcer l\u2019\u00e9quipe nationale. Ses efforts ont contribu\u00e9 \u00e0 instaurer une culture de travail rigoureuse et \u00e0 promouvoir le talent local.. \u00a0\u00bb peut on lire sur le communiqu\u00e9 de la FTF.<\/p>\n<p>DUARTE est toujours assist\u00e9 par le Burkinab\u00e8 Narcisse Yameogo (Coach adjoint) pour cette nouvelle mission jusqu&rsquo;\u00e0 la CAN 2025..<\/p>\n<p>MoussavouBilla<\/p>\n","protected":false},"excerpt":{"rendered":"<p>Le Technicien Portugais Paulo Duarte renouvelle son contrat avec le Togo jusqu&rsquo;\u00e0 la CAN 2025&#8230; Bien que pas qualifi\u00e9 pour la CAN ivoirienne la F\u00e9d\u00e9ration Togolaise dit avoir reconnu le progr\u00e8s de l&rsquo;\u00e9quipe du Togo depuis l&rsquo;arriv\u00e9e de Duarte. \u00ab\u00a0Au cours de son mandat initial, M. Paulo Duarte a d\u00e9montr\u00e9 un engagement sans faille envers [&hellip;]<\/p>\n","protected":false},"author":2,"featured_media":3825,"comment_status":"closed","ping_status":"open","sticky":false,"template":"","format":"standard","meta":{"_jetpack_memberships_contains_paid_content":false,"footnotes":"","jetpack_publicize_message":"","jetpack_publicize_feature_enabled":true,"jetpack_social_post_already_shared":true,"jetpack_social_options":{"image_generator_settings":{"template":"highway","default_image_id":0,"font":"","enabled":false},"version":2}},"categories":[10,5],"tags":[],"class_list":{"0":"post-3824","1":"post","2":"type-post","3":"status-publish","4":"format-standard","5":"has-post-thumbnail","7":"category-actualite","8":"category-football"},"yoast_head":"<!-- This site is optimized with the Yoast SEO plugin v27.5 - https:\/\/yoast.com\/product\/yoast-seo-wordpress\/ -->\n<title>Togo: Le Togo &quot;attache&quot; Paulo Duarte ! - le regard du sportif<\/title>\n<meta name=\"robots\" content=\"index, follow, max-snippet:-1, max-image-preview:large, max-video-preview:-1\" \/>\n<link rel=\"canonical\" href=\"https:\/\/oeilsportif.info\/index.php\/togo-le-togo-attache-paulo-duarte\/\" \/>\n<meta property=\"og:locale\" content=\"fr_FR\" \/>\n<meta property=\"og:type\" content=\"article\" \/>\n<meta property=\"og:title\" content=\"Togo: Le Togo &quot;attache&quot; Paulo Duarte ! - le regard du sportif\" \/>\n<meta property=\"og:description\" content=\"Le Technicien Portugais Paulo Duarte renouvelle son contrat avec le Togo jusqu&rsquo;\u00e0 la CAN 2025&#8230; Bien que pas qualifi\u00e9 pour la CAN ivoirienne la F\u00e9d\u00e9ration Togolaise dit avoir reconnu le progr\u00e8s de l&rsquo;\u00e9quipe du Togo depuis l&rsquo;arriv\u00e9e de Duarte. \u00ab\u00a0Au cours de son mandat initial, M. Paulo Duarte a d\u00e9montr\u00e9 un engagement sans faille envers [&hellip;]\" \/>\n<meta property=\"og:url\" content=\"https:\/\/oeilsportif.info\/index.php\/togo-le-togo-attache-paulo-duarte\/\" \/>\n<meta property=\"og:site_name\" content=\"le regard du sportif\" \/>\n<meta property=\"article:published_time\" content=\"2023-11-14T14:44:11+00:00\" \/>\n<meta property=\"og:image\" content=\"https:\/\/oeilsportif.info\/wp-content\/uploads\/2023\/11\/FB_IMG_1699972952524.jpg\" \/>\n\t<meta property=\"og:image:width\" content=\"756\" \/>\n\t<meta property=\"og:image:height\" content=\"587\" \/>\n\t<meta property=\"og:image:type\" content=\"image\/jpeg\" \/>\n<meta name=\"author\" content=\"L&#039;Equipe de la R\u00e9daction\" \/>\n<meta name=\"twitter:label1\" content=\"\u00c9crit par\" \/>\n\t<meta name=\"twitter:data1\" content=\"L&#039;Equipe de la R\u00e9daction\" \/>\n\t<meta name=\"twitter:label2\" content=\"Dur\u00e9e de lecture estim\u00e9e\" \/>\n\t<meta name=\"twitter:data2\" content=\"1 minute\" \/>\n<script type=\"application\/ld+json\" class=\"yoast-schema-graph\">{\"@context\":\"https:\\\/\\\/schema.org\",\"@graph\":[{\"@type\":\"Article\",\"@id\":\"https:\\\/\\\/oeilsportif.info\\\/index.php\\\/togo-le-togo-attache-paulo-duarte\\\/#article\",\"isPartOf\":{\"@id\":\"https:\\\/\\\/oeilsportif.info\\\/index.php\\\/togo-le-togo-attache-paulo-duarte\\\/\"},\"author\":{\"name\":\"L'Equipe de la R\u00e9daction\",\"@id\":\"https:\\\/\\\/oeilsportif.info\\\/#\\\/schema\\\/person\\\/cfbded294aa6095f7d96608d7905e9a1\"},\"headline\":\"Togo: Le Togo \u00ab\u00a0attache\u00a0\u00bb Paulo Duarte !\",\"datePublished\":\"2023-11-14T14:44:11+00:00\",\"mainEntityOfPage\":{\"@id\":\"https:\\\/\\\/oeilsportif.info\\\/index.php\\\/togo-le-togo-attache-paulo-duarte\\\/\"},\"wordCount\":128,\"image\":{\"@id\":\"https:\\\/\\\/oeilsportif.info\\\/index.php\\\/togo-le-togo-attache-paulo-duarte\\\/#primaryimage\"},\"thumbnailUrl\":\"https:\\\/\\\/i0.wp.com\\\/oeilsportif.info\\\/wp-content\\\/uploads\\\/2023\\\/11\\\/FB_IMG_1699972952524.jpg?fit=756%2C587&ssl=1\",\"articleSection\":[\"Actualit\u00e9\",\"Football\"],\"inLanguage\":\"fr-FR\"},{\"@type\":\"WebPage\",\"@id\":\"https:\\\/\\\/oeilsportif.info\\\/index.php\\\/togo-le-togo-attache-paulo-duarte\\\/\",\"url\":\"https:\\\/\\\/oeilsportif.info\\\/index.php\\\/togo-le-togo-attache-paulo-duarte\\\/\",\"name\":\"Togo: Le Togo \\\"attache\\\" Paulo Duarte ! - le regard du sportif\",\"isPartOf\":{\"@id\":\"https:\\\/\\\/oeilsportif.info\\\/#website\"},\"primaryImageOfPage\":{\"@id\":\"https:\\\/\\\/oeilsportif.info\\\/index.php\\\/togo-le-togo-attache-paulo-duarte\\\/#primaryimage\"},\"image\":{\"@id\":\"https:\\\/\\\/oeilsportif.info\\\/index.php\\\/togo-le-togo-attache-paulo-duarte\\\/#primaryimage\"},\"thumbnailUrl\":\"https:\\\/\\\/i0.wp.com\\\/oeilsportif.info\\\/wp-content\\\/uploads\\\/2023\\\/11\\\/FB_IMG_1699972952524.jpg?fit=756%2C587&ssl=1\",\"datePublished\":\"2023-11-14T14:44:11+00:00\",\"author\":{\"@id\":\"https:\\\/\\\/oeilsportif.info\\\/#\\\/schema\\\/person\\\/cfbded294aa6095f7d96608d7905e9a1\"},\"inLanguage\":\"fr-FR\",\"potentialAction\":[{\"@type\":\"ReadAction\",\"target\":[\"https:\\\/\\\/oeilsportif.info\\\/index.php\\\/togo-le-togo-attache-paulo-duarte\\\/\"]}]},{\"@type\":\"ImageObject\",\"inLanguage\":\"fr-FR\",\"@id\":\"https:\\\/\\\/oeilsportif.info\\\/index.php\\\/togo-le-togo-attache-paulo-duarte\\\/#primaryimage\",\"url\":\"https:\\\/\\\/i0.wp.com\\\/oeilsportif.info\\\/wp-content\\\/uploads\\\/2023\\\/11\\\/FB_IMG_1699972952524.jpg?fit=756%2C587&ssl=1\",\"contentUrl\":\"https:\\\/\\\/i0.wp.com\\\/oeilsportif.info\\\/wp-content\\\/uploads\\\/2023\\\/11\\\/FB_IMG_1699972952524.jpg?fit=756%2C587&ssl=1\",\"width\":756,\"height\":587},{\"@type\":\"WebSite\",\"@id\":\"https:\\\/\\\/oeilsportif.info\\\/#website\",\"url\":\"https:\\\/\\\/oeilsportif.info\\\/\",\"name\":\"le regard du sportif\",\"description\":\"\",\"potentialAction\":[{\"@type\":\"SearchAction\",\"target\":{\"@type\":\"EntryPoint\",\"urlTemplate\":\"https:\\\/\\\/oeilsportif.info\\\/?s={search_term_string}\"},\"query-input\":{\"@type\":\"PropertyValueSpecification\",\"valueRequired\":true,\"valueName\":\"search_term_string\"}}],\"inLanguage\":\"fr-FR\"},{\"@type\":\"Person\",\"@id\":\"https:\\\/\\\/oeilsportif.info\\\/#\\\/schema\\\/person\\\/cfbded294aa6095f7d96608d7905e9a1\",\"name\":\"L'Equipe de la R\u00e9daction\",\"image\":{\"@type\":\"ImageObject\",\"inLanguage\":\"fr-FR\",\"@id\":\"https:\\\/\\\/oeilsportif.info\\\/wp-content\\\/uploads\\\/2025\\\/07\\\/cropped-cropped-logo-os-96x96.jpeg\",\"url\":\"https:\\\/\\\/oeilsportif.info\\\/wp-content\\\/uploads\\\/2025\\\/07\\\/cropped-cropped-logo-os-96x96.jpeg\",\"contentUrl\":\"https:\\\/\\\/oeilsportif.info\\\/wp-content\\\/uploads\\\/2025\\\/07\\\/cropped-cropped-logo-os-96x96.jpeg\",\"caption\":\"L'Equipe de la R\u00e9daction\"},\"url\":\"https:\\\/\\\/oeilsportif.info\\\/index.php\\\/author\\\/tawel\\\/\"}]}<\/script>\n<!-- \/ Yoast SEO plugin. -->","yoast_head_json":{"title":"Togo: Le Togo \"attache\" Paulo Duarte ! - le regard du sportif","robots":{"index":"index","follow":"follow","max-snippet":"max-snippet:-1","max-image-preview":"max-image-preview:large","max-video-preview":"max-video-preview:-1"},"canonical":"https:\/\/oeilsportif.info\/index.php\/togo-le-togo-attache-paulo-duarte\/","og_locale":"fr_FR","og_type":"article","og_title":"Togo: Le Togo \"attache\" Paulo Duarte ! - le regard du sportif","og_description":"Le Technicien Portugais Paulo Duarte renouvelle son contrat avec le Togo jusqu&rsquo;\u00e0 la CAN 2025&#8230; Bien que pas qualifi\u00e9 pour la CAN ivoirienne la F\u00e9d\u00e9ration Togolaise dit avoir reconnu le progr\u00e8s de l&rsquo;\u00e9quipe du Togo depuis l&rsquo;arriv\u00e9e de Duarte. \u00ab\u00a0Au cours de son mandat initial, M. Paulo Duarte a d\u00e9montr\u00e9 un engagement sans faille envers [&hellip;]","og_url":"https:\/\/oeilsportif.info\/index.php\/togo-le-togo-attache-paulo-duarte\/","og_site_name":"le regard du sportif","article_published_time":"2023-11-14T14:44:11+00:00","og_image":[{"width":756,"height":587,"url":"https:\/\/oeilsportif.info\/wp-content\/uploads\/2023\/11\/FB_IMG_1699972952524.jpg","type":"image\/jpeg"}],"author":"L'Equipe de la R\u00e9daction","twitter_misc":{"\u00c9crit par":"L'Equipe de la R\u00e9daction","Dur\u00e9e de lecture estim\u00e9e":"1 minute"},"schema":{"@context":"https:\/\/schema.org","@graph":[{"@type":"Article","@id":"https:\/\/oeilsportif.info\/index.php\/togo-le-togo-attache-paulo-duarte\/#article","isPartOf":{"@id":"https:\/\/oeilsportif.info\/index.php\/togo-le-togo-attache-paulo-duarte\/"},"author":{"name":"L'Equipe de la R\u00e9daction","@id":"https:\/\/oeilsportif.info\/#\/schema\/person\/cfbded294aa6095f7d96608d7905e9a1"},"headline":"Togo: Le Togo \u00ab\u00a0attache\u00a0\u00bb Paulo Duarte !","datePublished":"2023-11-14T14:44:11+00:00","mainEntityOfPage":{"@id":"https:\/\/oeilsportif.info\/index.php\/togo-le-togo-attache-paulo-duarte\/"},"wordCount":128,"image":{"@id":"https:\/\/oeilsportif.info\/index.php\/togo-le-togo-attache-paulo-duarte\/#primaryimage"},"thumbnailUrl":"https:\/\/i0.wp.com\/oeilsportif.info\/wp-content\/uploads\/2023\/11\/FB_IMG_1699972952524.jpg?fit=756%2C587&ssl=1","articleSection":["Actualit\u00e9","Football"],"inLanguage":"fr-FR"},{"@type":"WebPage","@id":"https:\/\/oeilsportif.info\/index.php\/togo-le-togo-attache-paulo-duarte\/","url":"https:\/\/oeilsportif.info\/index.php\/togo-le-togo-attache-paulo-duarte\/","name":"Togo: Le Togo \"attache\" Paulo Duarte ! - le regard du sportif","isPartOf":{"@id":"https:\/\/oeilsportif.info\/#website"},"primaryImageOfPage":{"@id":"https:\/\/oeilsportif.info\/index.php\/togo-le-togo-attache-paulo-duarte\/#primaryimage"},"image":{"@id":"https:\/\/oeilsportif.info\/index.php\/togo-le-togo-attache-paulo-duarte\/#primaryimage"},"thumbnailUrl":"https:\/\/i0.wp.com\/oeilsportif.info\/wp-content\/uploads\/2023\/11\/FB_IMG_1699972952524.jpg?fit=756%2C587&ssl=1","datePublished":"2023-11-14T14:44:11+00:00","author":{"@id":"https:\/\/oeilsportif.info\/#\/schema\/person\/cfbded294aa6095f7d96608d7905e9a1"},"inLanguage":"fr-FR","potentialAction":[{"@type":"ReadAction","target":["https:\/\/oeilsportif.info\/index.php\/togo-le-togo-attache-paulo-duarte\/"]}]},{"@type":"ImageObject","inLanguage":"fr-FR","@id":"https:\/\/oeilsportif.info\/index.php\/togo-le-togo-attache-paulo-duarte\/#primaryimage","url":"https:\/\/i0.wp.com\/oeilsportif.info\/wp-content\/uploads\/2023\/11\/FB_IMG_1699972952524.jpg?fit=756%2C587&ssl=1","contentUrl":"https:\/\/i0.wp.com\/oeilsportif.info\/wp-content\/uploads\/2023\/11\/FB_IMG_1699972952524.jpg?fit=756%2C587&ssl=1","width":756,"height":587},{"@type":"WebSite","@id":"https:\/\/oeilsportif.info\/#website","url":"https:\/\/oeilsportif.info\/","name":"le regard du sportif","description":"","potentialAction":[{"@type":"SearchAction","target":{"@type":"EntryPoint","urlTemplate":"https:\/\/oeilsportif.info\/?s={search_term_string}"},"query-input":{"@type":"PropertyValueSpecification","valueRequired":true,"valueName":"search_term_string"}}],"inLanguage":"fr-FR"},{"@type":"Person","@id":"https:\/\/oeilsportif.info\/#\/schema\/person\/cfbded294aa6095f7d96608d7905e9a1","name":"L'Equipe de la R\u00e9daction","image":{"@type":"ImageObject","inLanguage":"fr-FR","@id":"https:\/\/oeilsportif.info\/wp-content\/uploads\/2025\/07\/cropped-cropped-logo-os-96x96.jpeg","url":"https:\/\/oeilsportif.info\/wp-content\/uploads\/2025\/07\/cropped-cropped-logo-os-96x96.jpeg","contentUrl":"https:\/\/oeilsportif.info\/wp-content\/uploads\/2025\/07\/cropped-cropped-logo-os-96x96.jpeg","caption":"L'Equipe de la R\u00e9daction"},"url":"https:\/\/oeilsportif.info\/index.php\/author\/tawel\/"}]}},"jetpack_publicize_connections":[],"jetpack_featured_media_url":"https:\/\/i0.wp.com\/oeilsportif.info\/wp-content\/uploads\/2023\/11\/FB_IMG_1699972952524.jpg?fit=756%2C587&ssl=1","jetpack-related-posts":[],"jetpack_sharing_enabled":true,"jetpack_likes_enabled":true,"jetpack_shortlink":"https:\/\/wp.me\/pgFE77-ZG","_links":{"self":[{"href":"https:\/\/oeilsportif.info\/index.php\/wp-json\/wp\/v2\/posts\/3824","targetHints":{"allow":["GET"]}}],"collection":[{"href":"https:\/\/oeilsportif.info\/index.php\/wp-json\/wp\/v2\/posts"}],"about":[{"href":"https:\/\/oeilsportif.info\/index.php\/wp-json\/wp\/v2\/types\/post"}],"author":[{"embeddable":true,"href":"https:\/\/oeilsportif.info\/index.php\/wp-json\/wp\/v2\/users\/2"}],"replies":[{"embeddable":true,"href":"https:\/\/oeilsportif.info\/index.php\/wp-json\/wp\/v2\/comments?post=3824"}],"version-history":[{"count":0,"href":"https:\/\/oeilsportif.info\/index.php\/wp-json\/wp\/v2\/posts\/3824\/revisions"}],"wp:featuredmedia":[{"embeddable":true,"href":"https:\/\/oeilsportif.info\/index.php\/wp-json\/wp\/v2\/media\/3825"}],"wp:attachment":[{"href":"https:\/\/oeilsportif.info\/index.php\/wp-json\/wp\/v2\/media?parent=3824"}],"wp:term":[{"taxonomy":"category","embeddable":true,"href":"https:\/\/oeilsportif.info\/index.php\/wp-json\/wp\/v2\/categories?post=3824"},{"taxonomy":"post_tag","embeddable":true,"href":"https:\/\/oeilsportif.info\/index.php\/wp-json\/wp\/v2\/tags?post=3824"}],"curies":[{"name":"wp","href":"https:\/\/api.w.org\/{rel}","templated":true}]}}