{"id":3813,"date":"2023-11-12T09:55:30","date_gmt":"2023-11-12T09:55:30","guid":{"rendered":"https:\/\/oeilsportif.info\/index.php\/?p=3813"},"modified":"2023-11-12T09:55:30","modified_gmt":"2023-11-12T09:55:30","slug":"officiel-andre-ayew-de-retour-en-ligue-1","status":"publish","type":"post","link":"https:\/\/oeilsportif.info\/index.php\/officiel-andre-ayew-de-retour-en-ligue-1\/","title":{"rendered":"Officiel\u202f: Andr\u00e9 Ayew de retour en Ligue 1\u202f!"},"content":{"rendered":"<p>Les rumeurs \u00e9taient sorties ce samedi matin, et l\u2019\u00e9pilogue intervient le soir m\u00eame. Comme annonc\u00e9 par Foot Mercato, Andr\u00e9 Ayew est de retour en Ligue 1 ! Le Ghan\u00e9en a pos\u00e9 ses valises au Havre, comme l\u2019a officialis\u00e9 le club doyen quelques minutes avant sa rencontre face \u00e0 Monaco. Quant \u00e0 la dur\u00e9e de son contrat, les Normands n\u2019ont encore rien d\u00e9voil\u00e9, alors qu\u2019il devrait probablement disputer la CAN cet hiver.<\/p>\n<p>&nbsp;<\/p>\n","protected":false},"excerpt":{"rendered":"<p>Les rumeurs \u00e9taient sorties ce samedi matin, et l\u2019\u00e9pilogue intervient le soir m\u00eame. Comme annonc\u00e9 par Foot Mercato, Andr\u00e9 Ayew est de retour en Ligue 1 ! Le Ghan\u00e9en a pos\u00e9 ses valises au Havre, comme l\u2019a officialis\u00e9 le club doyen quelques minutes avant sa rencontre face \u00e0 Monaco. Quant \u00e0 la dur\u00e9e de son [&hellip;]<\/p>\n","protected":false},"author":2,"featured_media":3814,"comment_status":"closed","ping_status":"open","sticky":false,"template":"","format":"standard","meta":{"_jetpack_memberships_contains_paid_content":false,"footnotes":"","jetpack_publicize_message":"","jetpack_publicize_feature_enabled":true,"jetpack_social_post_already_shared":true,"jetpack_social_options":{"image_generator_settings":{"template":"highway","default_image_id":0,"font":"","enabled":false},"version":2}},"categories":[10,5],"tags":[],"class_list":{"0":"post-3813","1":"post","2":"type-post","3":"status-publish","4":"format-standard","5":"has-post-thumbnail","7":"category-actualite","8":"category-football"},"yoast_head":"<!-- This site is optimized with the Yoast SEO plugin v27.5 - https:\/\/yoast.com\/product\/yoast-seo-wordpress\/ -->\n<title>Officiel\u202f: Andr\u00e9 Ayew de retour en Ligue 1\u202f! - le regard du sportif<\/title>\n<meta name=\"robots\" content=\"index, follow, max-snippet:-1, max-image-preview:large, max-video-preview:-1\" \/>\n<link rel=\"canonical\" href=\"https:\/\/oeilsportif.info\/index.php\/officiel-andre-ayew-de-retour-en-ligue-1\/\" \/>\n<meta property=\"og:locale\" content=\"fr_FR\" \/>\n<meta property=\"og:type\" content=\"article\" \/>\n<meta property=\"og:title\" content=\"Officiel\u202f: Andr\u00e9 Ayew de retour en Ligue 1\u202f! - le regard du sportif\" \/>\n<meta property=\"og:description\" content=\"Les rumeurs \u00e9taient sorties ce samedi matin, et l\u2019\u00e9pilogue intervient le soir m\u00eame. Comme annonc\u00e9 par Foot Mercato, Andr\u00e9 Ayew est de retour en Ligue 1 ! Le Ghan\u00e9en a pos\u00e9 ses valises au Havre, comme l\u2019a officialis\u00e9 le club doyen quelques minutes avant sa rencontre face \u00e0 Monaco. Quant \u00e0 la dur\u00e9e de son [&hellip;]\" \/>\n<meta property=\"og:url\" content=\"https:\/\/oeilsportif.info\/index.php\/officiel-andre-ayew-de-retour-en-ligue-1\/\" \/>\n<meta property=\"og:site_name\" content=\"le regard du sportif\" \/>\n<meta property=\"article:published_time\" content=\"2023-11-12T09:55:30+00:00\" \/>\n<meta property=\"og:image\" content=\"https:\/\/oeilsportif.info\/wp-content\/uploads\/2023\/11\/FB_IMG_1699782666055.jpg\" \/>\n\t<meta property=\"og:image:width\" content=\"1080\" \/>\n\t<meta property=\"og:image:height\" content=\"720\" \/>\n\t<meta property=\"og:image:type\" content=\"image\/jpeg\" \/>\n<meta name=\"author\" content=\"L&#039;Equipe de la R\u00e9daction\" \/>\n<meta name=\"twitter:label1\" content=\"\u00c9crit par\" \/>\n\t<meta name=\"twitter:data1\" content=\"L&#039;Equipe de la R\u00e9daction\" \/>\n\t<meta name=\"twitter:label2\" content=\"Dur\u00e9e de lecture estim\u00e9e\" \/>\n\t<meta name=\"twitter:data2\" content=\"1 minute\" \/>\n<script type=\"application\/ld+json\" class=\"yoast-schema-graph\">{\"@context\":\"https:\\\/\\\/schema.org\",\"@graph\":[{\"@type\":\"Article\",\"@id\":\"https:\\\/\\\/oeilsportif.info\\\/index.php\\\/officiel-andre-ayew-de-retour-en-ligue-1\\\/#article\",\"isPartOf\":{\"@id\":\"https:\\\/\\\/oeilsportif.info\\\/index.php\\\/officiel-andre-ayew-de-retour-en-ligue-1\\\/\"},\"author\":{\"name\":\"L'Equipe de la R\u00e9daction\",\"@id\":\"https:\\\/\\\/oeilsportif.info\\\/#\\\/schema\\\/person\\\/cfbded294aa6095f7d96608d7905e9a1\"},\"headline\":\"Officiel\u202f: Andr\u00e9 Ayew de retour en Ligue 1\u202f!\",\"datePublished\":\"2023-11-12T09:55:30+00:00\",\"mainEntityOfPage\":{\"@id\":\"https:\\\/\\\/oeilsportif.info\\\/index.php\\\/officiel-andre-ayew-de-retour-en-ligue-1\\\/\"},\"wordCount\":83,\"image\":{\"@id\":\"https:\\\/\\\/oeilsportif.info\\\/index.php\\\/officiel-andre-ayew-de-retour-en-ligue-1\\\/#primaryimage\"},\"thumbnailUrl\":\"https:\\\/\\\/i0.wp.com\\\/oeilsportif.info\\\/wp-content\\\/uploads\\\/2023\\\/11\\\/FB_IMG_1699782666055.jpg?fit=1080%2C720&ssl=1\",\"articleSection\":[\"Actualit\u00e9\",\"Football\"],\"inLanguage\":\"fr-FR\"},{\"@type\":\"WebPage\",\"@id\":\"https:\\\/\\\/oeilsportif.info\\\/index.php\\\/officiel-andre-ayew-de-retour-en-ligue-1\\\/\",\"url\":\"https:\\\/\\\/oeilsportif.info\\\/index.php\\\/officiel-andre-ayew-de-retour-en-ligue-1\\\/\",\"name\":\"Officiel\u202f: Andr\u00e9 Ayew de retour en Ligue 1\u202f! - le regard du sportif\",\"isPartOf\":{\"@id\":\"https:\\\/\\\/oeilsportif.info\\\/#website\"},\"primaryImageOfPage\":{\"@id\":\"https:\\\/\\\/oeilsportif.info\\\/index.php\\\/officiel-andre-ayew-de-retour-en-ligue-1\\\/#primaryimage\"},\"image\":{\"@id\":\"https:\\\/\\\/oeilsportif.info\\\/index.php\\\/officiel-andre-ayew-de-retour-en-ligue-1\\\/#primaryimage\"},\"thumbnailUrl\":\"https:\\\/\\\/i0.wp.com\\\/oeilsportif.info\\\/wp-content\\\/uploads\\\/2023\\\/11\\\/FB_IMG_1699782666055.jpg?fit=1080%2C720&ssl=1\",\"datePublished\":\"2023-11-12T09:55:30+00:00\",\"author\":{\"@id\":\"https:\\\/\\\/oeilsportif.info\\\/#\\\/schema\\\/person\\\/cfbded294aa6095f7d96608d7905e9a1\"},\"inLanguage\":\"fr-FR\",\"potentialAction\":[{\"@type\":\"ReadAction\",\"target\":[\"https:\\\/\\\/oeilsportif.info\\\/index.php\\\/officiel-andre-ayew-de-retour-en-ligue-1\\\/\"]}]},{\"@type\":\"ImageObject\",\"inLanguage\":\"fr-FR\",\"@id\":\"https:\\\/\\\/oeilsportif.info\\\/index.php\\\/officiel-andre-ayew-de-retour-en-ligue-1\\\/#primaryimage\",\"url\":\"https:\\\/\\\/i0.wp.com\\\/oeilsportif.info\\\/wp-content\\\/uploads\\\/2023\\\/11\\\/FB_IMG_1699782666055.jpg?fit=1080%2C720&ssl=1\",\"contentUrl\":\"https:\\\/\\\/i0.wp.com\\\/oeilsportif.info\\\/wp-content\\\/uploads\\\/2023\\\/11\\\/FB_IMG_1699782666055.jpg?fit=1080%2C720&ssl=1\",\"width\":1080,\"height\":720},{\"@type\":\"WebSite\",\"@id\":\"https:\\\/\\\/oeilsportif.info\\\/#website\",\"url\":\"https:\\\/\\\/oeilsportif.info\\\/\",\"name\":\"le regard du sportif\",\"description\":\"\",\"potentialAction\":[{\"@type\":\"SearchAction\",\"target\":{\"@type\":\"EntryPoint\",\"urlTemplate\":\"https:\\\/\\\/oeilsportif.info\\\/?s={search_term_string}\"},\"query-input\":{\"@type\":\"PropertyValueSpecification\",\"valueRequired\":true,\"valueName\":\"search_term_string\"}}],\"inLanguage\":\"fr-FR\"},{\"@type\":\"Person\",\"@id\":\"https:\\\/\\\/oeilsportif.info\\\/#\\\/schema\\\/person\\\/cfbded294aa6095f7d96608d7905e9a1\",\"name\":\"L'Equipe de la R\u00e9daction\",\"image\":{\"@type\":\"ImageObject\",\"inLanguage\":\"fr-FR\",\"@id\":\"https:\\\/\\\/oeilsportif.info\\\/wp-content\\\/uploads\\\/2025\\\/07\\\/cropped-cropped-logo-os-96x96.jpeg\",\"url\":\"https:\\\/\\\/oeilsportif.info\\\/wp-content\\\/uploads\\\/2025\\\/07\\\/cropped-cropped-logo-os-96x96.jpeg\",\"contentUrl\":\"https:\\\/\\\/oeilsportif.info\\\/wp-content\\\/uploads\\\/2025\\\/07\\\/cropped-cropped-logo-os-96x96.jpeg\",\"caption\":\"L'Equipe de la R\u00e9daction\"},\"url\":\"https:\\\/\\\/oeilsportif.info\\\/index.php\\\/author\\\/tawel\\\/\"}]}<\/script>\n<!-- \/ Yoast SEO plugin. -->","yoast_head_json":{"title":"Officiel\u202f: Andr\u00e9 Ayew de retour en Ligue 1\u202f! - le regard du sportif","robots":{"index":"index","follow":"follow","max-snippet":"max-snippet:-1","max-image-preview":"max-image-preview:large","max-video-preview":"max-video-preview:-1"},"canonical":"https:\/\/oeilsportif.info\/index.php\/officiel-andre-ayew-de-retour-en-ligue-1\/","og_locale":"fr_FR","og_type":"article","og_title":"Officiel\u202f: Andr\u00e9 Ayew de retour en Ligue 1\u202f! - le regard du sportif","og_description":"Les rumeurs \u00e9taient sorties ce samedi matin, et l\u2019\u00e9pilogue intervient le soir m\u00eame. Comme annonc\u00e9 par Foot Mercato, Andr\u00e9 Ayew est de retour en Ligue 1 ! Le Ghan\u00e9en a pos\u00e9 ses valises au Havre, comme l\u2019a officialis\u00e9 le club doyen quelques minutes avant sa rencontre face \u00e0 Monaco. Quant \u00e0 la dur\u00e9e de son [&hellip;]","og_url":"https:\/\/oeilsportif.info\/index.php\/officiel-andre-ayew-de-retour-en-ligue-1\/","og_site_name":"le regard du sportif","article_published_time":"2023-11-12T09:55:30+00:00","og_image":[{"width":1080,"height":720,"url":"https:\/\/oeilsportif.info\/wp-content\/uploads\/2023\/11\/FB_IMG_1699782666055.jpg","type":"image\/jpeg"}],"author":"L'Equipe de la R\u00e9daction","twitter_misc":{"\u00c9crit par":"L'Equipe de la R\u00e9daction","Dur\u00e9e de lecture estim\u00e9e":"1 minute"},"schema":{"@context":"https:\/\/schema.org","@graph":[{"@type":"Article","@id":"https:\/\/oeilsportif.info\/index.php\/officiel-andre-ayew-de-retour-en-ligue-1\/#article","isPartOf":{"@id":"https:\/\/oeilsportif.info\/index.php\/officiel-andre-ayew-de-retour-en-ligue-1\/"},"author":{"name":"L'Equipe de la R\u00e9daction","@id":"https:\/\/oeilsportif.info\/#\/schema\/person\/cfbded294aa6095f7d96608d7905e9a1"},"headline":"Officiel\u202f: Andr\u00e9 Ayew de retour en Ligue 1\u202f!","datePublished":"2023-11-12T09:55:30+00:00","mainEntityOfPage":{"@id":"https:\/\/oeilsportif.info\/index.php\/officiel-andre-ayew-de-retour-en-ligue-1\/"},"wordCount":83,"image":{"@id":"https:\/\/oeilsportif.info\/index.php\/officiel-andre-ayew-de-retour-en-ligue-1\/#primaryimage"},"thumbnailUrl":"https:\/\/i0.wp.com\/oeilsportif.info\/wp-content\/uploads\/2023\/11\/FB_IMG_1699782666055.jpg?fit=1080%2C720&ssl=1","articleSection":["Actualit\u00e9","Football"],"inLanguage":"fr-FR"},{"@type":"WebPage","@id":"https:\/\/oeilsportif.info\/index.php\/officiel-andre-ayew-de-retour-en-ligue-1\/","url":"https:\/\/oeilsportif.info\/index.php\/officiel-andre-ayew-de-retour-en-ligue-1\/","name":"Officiel\u202f: Andr\u00e9 Ayew de retour en Ligue 1\u202f! - le regard du sportif","isPartOf":{"@id":"https:\/\/oeilsportif.info\/#website"},"primaryImageOfPage":{"@id":"https:\/\/oeilsportif.info\/index.php\/officiel-andre-ayew-de-retour-en-ligue-1\/#primaryimage"},"image":{"@id":"https:\/\/oeilsportif.info\/index.php\/officiel-andre-ayew-de-retour-en-ligue-1\/#primaryimage"},"thumbnailUrl":"https:\/\/i0.wp.com\/oeilsportif.info\/wp-content\/uploads\/2023\/11\/FB_IMG_1699782666055.jpg?fit=1080%2C720&ssl=1","datePublished":"2023-11-12T09:55:30+00:00","author":{"@id":"https:\/\/oeilsportif.info\/#\/schema\/person\/cfbded294aa6095f7d96608d7905e9a1"},"inLanguage":"fr-FR","potentialAction":[{"@type":"ReadAction","target":["https:\/\/oeilsportif.info\/index.php\/officiel-andre-ayew-de-retour-en-ligue-1\/"]}]},{"@type":"ImageObject","inLanguage":"fr-FR","@id":"https:\/\/oeilsportif.info\/index.php\/officiel-andre-ayew-de-retour-en-ligue-1\/#primaryimage","url":"https:\/\/i0.wp.com\/oeilsportif.info\/wp-content\/uploads\/2023\/11\/FB_IMG_1699782666055.jpg?fit=1080%2C720&ssl=1","contentUrl":"https:\/\/i0.wp.com\/oeilsportif.info\/wp-content\/uploads\/2023\/11\/FB_IMG_1699782666055.jpg?fit=1080%2C720&ssl=1","width":1080,"height":720},{"@type":"WebSite","@id":"https:\/\/oeilsportif.info\/#website","url":"https:\/\/oeilsportif.info\/","name":"le regard du sportif","description":"","potentialAction":[{"@type":"SearchAction","target":{"@type":"EntryPoint","urlTemplate":"https:\/\/oeilsportif.info\/?s={search_term_string}"},"query-input":{"@type":"PropertyValueSpecification","valueRequired":true,"valueName":"search_term_string"}}],"inLanguage":"fr-FR"},{"@type":"Person","@id":"https:\/\/oeilsportif.info\/#\/schema\/person\/cfbded294aa6095f7d96608d7905e9a1","name":"L'Equipe de la R\u00e9daction","image":{"@type":"ImageObject","inLanguage":"fr-FR","@id":"https:\/\/oeilsportif.info\/wp-content\/uploads\/2025\/07\/cropped-cropped-logo-os-96x96.jpeg","url":"https:\/\/oeilsportif.info\/wp-content\/uploads\/2025\/07\/cropped-cropped-logo-os-96x96.jpeg","contentUrl":"https:\/\/oeilsportif.info\/wp-content\/uploads\/2025\/07\/cropped-cropped-logo-os-96x96.jpeg","caption":"L'Equipe de la R\u00e9daction"},"url":"https:\/\/oeilsportif.info\/index.php\/author\/tawel\/"}]}},"jetpack_publicize_connections":[],"jetpack_featured_media_url":"https:\/\/i0.wp.com\/oeilsportif.info\/wp-content\/uploads\/2023\/11\/FB_IMG_1699782666055.jpg?fit=1080%2C720&ssl=1","jetpack-related-posts":[],"jetpack_sharing_enabled":true,"jetpack_likes_enabled":true,"jetpack_shortlink":"https:\/\/wp.me\/pgFE77-Zv","_links":{"self":[{"href":"https:\/\/oeilsportif.info\/index.php\/wp-json\/wp\/v2\/posts\/3813","targetHints":{"allow":["GET"]}}],"collection":[{"href":"https:\/\/oeilsportif.info\/index.php\/wp-json\/wp\/v2\/posts"}],"about":[{"href":"https:\/\/oeilsportif.info\/index.php\/wp-json\/wp\/v2\/types\/post"}],"author":[{"embeddable":true,"href":"https:\/\/oeilsportif.info\/index.php\/wp-json\/wp\/v2\/users\/2"}],"replies":[{"embeddable":true,"href":"https:\/\/oeilsportif.info\/index.php\/wp-json\/wp\/v2\/comments?post=3813"}],"version-history":[{"count":0,"href":"https:\/\/oeilsportif.info\/index.php\/wp-json\/wp\/v2\/posts\/3813\/revisions"}],"wp:featuredmedia":[{"embeddable":true,"href":"https:\/\/oeilsportif.info\/index.php\/wp-json\/wp\/v2\/media\/3814"}],"wp:attachment":[{"href":"https:\/\/oeilsportif.info\/index.php\/wp-json\/wp\/v2\/media?parent=3813"}],"wp:term":[{"taxonomy":"category","embeddable":true,"href":"https:\/\/oeilsportif.info\/index.php\/wp-json\/wp\/v2\/categories?post=3813"},{"taxonomy":"post_tag","embeddable":true,"href":"https:\/\/oeilsportif.info\/index.php\/wp-json\/wp\/v2\/tags?post=3813"}],"curies":[{"name":"wp","href":"https:\/\/api.w.org\/{rel}","templated":true}]}}