{"id":3807,"date":"2023-11-11T14:50:52","date_gmt":"2023-11-11T14:50:52","guid":{"rendered":"https:\/\/oeilsportif.info\/index.php\/?p=3807"},"modified":"2023-11-12T09:56:10","modified_gmt":"2023-11-12T09:56:10","slug":"mondial-u17-le-senegal-bat-largentine-pour-son-entree-en-lice-avec-un-double-damara-diouf","status":"publish","type":"post","link":"https:\/\/oeilsportif.info\/index.php\/mondial-u17-le-senegal-bat-largentine-pour-son-entree-en-lice-avec-un-double-damara-diouf\/","title":{"rendered":"Mondial u17 : le S\u00e9n\u00e9gal bat l\u2019Argentine pour son entr\u00e9e en lice, avec un doubl\u00e9 d\u2019Amara Diouf"},"content":{"rendered":"<p><strong>Sur le plus petit des marges, le S\u00e9n\u00e9gal s\u2019est impos\u00e9 face \u00e0 l\u2019Argentine ce samedi pour son entr\u00e9e en mati\u00e8re \u00e0 la Coupe du monde des moins de 17 ans. Les Champions d\u2019Afrique en titre ont pu compter sur leur capitaine Amara Diouf, auteur d\u2019un doubl\u00e9.<\/strong><\/p>\n<p>Outrageusement domin\u00e9s dans le jeu, les hommes de Serigne Dia ont preuve de r\u00e9alisme. Port\u00e9s par le jeune crack de 14 ans, les Lionceaux ont eu besoin que de 6 minutes de jeu de prendre l\u2019avantage au score sur une belle frappe crois\u00e9e d\u2019Amara Diouf. Ce dernier, d\u00e9sormais confiant et tr\u00e8s \u00e0 l\u2019aise dans les un contre un, fait le break \u00e0 sept minutes de la fin du r\u00e9glementaire de la premi\u00e8re p\u00e9riode. Si la r\u00e9duction du score tardive de l\u2019Argentine, sur une erreur grossi\u00e8re du portier des Lionceaux, a relanc\u00e9 le suspens en fin de rencontre, le S\u00e9n\u00e9gal a su conserver son avantage (1-2).<\/p>\n<p>Naby Ahmad<\/p>\n","protected":false},"excerpt":{"rendered":"<p>Sur le plus petit des marges, le S\u00e9n\u00e9gal s\u2019est impos\u00e9 face \u00e0 l\u2019Argentine ce samedi pour son entr\u00e9e en mati\u00e8re \u00e0 la Coupe du monde des moins de 17 ans. Les Champions d\u2019Afrique en titre ont pu compter sur leur capitaine Amara Diouf, auteur d\u2019un doubl\u00e9. Outrageusement domin\u00e9s dans le jeu, les hommes de Serigne [&hellip;]<\/p>\n","protected":false},"author":2,"featured_media":3809,"comment_status":"closed","ping_status":"open","sticky":false,"template":"","format":"standard","meta":{"_jetpack_memberships_contains_paid_content":false,"footnotes":"","jetpack_publicize_message":"","jetpack_publicize_feature_enabled":true,"jetpack_social_post_already_shared":true,"jetpack_social_options":{"image_generator_settings":{"template":"highway","default_image_id":0,"font":"","enabled":false},"version":2}},"categories":[10,5],"tags":[],"class_list":{"0":"post-3807","1":"post","2":"type-post","3":"status-publish","4":"format-standard","5":"has-post-thumbnail","7":"category-actualite","8":"category-football"},"yoast_head":"<!-- This site is optimized with the Yoast SEO plugin v27.5 - https:\/\/yoast.com\/product\/yoast-seo-wordpress\/ -->\n<title>Mondial u17 : le S\u00e9n\u00e9gal bat l\u2019Argentine pour son entr\u00e9e en lice, avec un doubl\u00e9 d\u2019Amara Diouf - le regard du sportif<\/title>\n<meta name=\"robots\" content=\"index, follow, max-snippet:-1, max-image-preview:large, max-video-preview:-1\" \/>\n<link rel=\"canonical\" href=\"https:\/\/oeilsportif.info\/index.php\/mondial-u17-le-senegal-bat-largentine-pour-son-entree-en-lice-avec-un-double-damara-diouf\/\" \/>\n<meta property=\"og:locale\" content=\"fr_FR\" \/>\n<meta property=\"og:type\" content=\"article\" \/>\n<meta property=\"og:title\" content=\"Mondial u17 : le S\u00e9n\u00e9gal bat l\u2019Argentine pour son entr\u00e9e en lice, avec un doubl\u00e9 d\u2019Amara Diouf - le regard du sportif\" \/>\n<meta property=\"og:description\" content=\"Sur le plus petit des marges, le S\u00e9n\u00e9gal s\u2019est impos\u00e9 face \u00e0 l\u2019Argentine ce samedi pour son entr\u00e9e en mati\u00e8re \u00e0 la Coupe du monde des moins de 17 ans. Les Champions d\u2019Afrique en titre ont pu compter sur leur capitaine Amara Diouf, auteur d\u2019un doubl\u00e9. Outrageusement domin\u00e9s dans le jeu, les hommes de Serigne [&hellip;]\" \/>\n<meta property=\"og:url\" content=\"https:\/\/oeilsportif.info\/index.php\/mondial-u17-le-senegal-bat-largentine-pour-son-entree-en-lice-avec-un-double-damara-diouf\/\" \/>\n<meta property=\"og:site_name\" content=\"le regard du sportif\" \/>\n<meta property=\"article:published_time\" content=\"2023-11-11T14:50:52+00:00\" \/>\n<meta property=\"article:modified_time\" content=\"2023-11-12T09:56:10+00:00\" \/>\n<meta property=\"og:image\" content=\"https:\/\/oeilsportif.info\/wp-content\/uploads\/2023\/11\/FB_IMG_1699714121742.jpg\" \/>\n\t<meta property=\"og:image:width\" content=\"1080\" \/>\n\t<meta property=\"og:image:height\" content=\"720\" \/>\n\t<meta property=\"og:image:type\" content=\"image\/jpeg\" \/>\n<meta name=\"author\" content=\"L&#039;Equipe de la R\u00e9daction\" \/>\n<meta name=\"twitter:label1\" content=\"\u00c9crit par\" \/>\n\t<meta name=\"twitter:data1\" content=\"L&#039;Equipe de la R\u00e9daction\" \/>\n\t<meta name=\"twitter:label2\" content=\"Dur\u00e9e de lecture estim\u00e9e\" \/>\n\t<meta name=\"twitter:data2\" content=\"1 minute\" \/>\n<script type=\"application\/ld+json\" class=\"yoast-schema-graph\">{\"@context\":\"https:\\\/\\\/schema.org\",\"@graph\":[{\"@type\":\"Article\",\"@id\":\"https:\\\/\\\/oeilsportif.info\\\/index.php\\\/mondial-u17-le-senegal-bat-largentine-pour-son-entree-en-lice-avec-un-double-damara-diouf\\\/#article\",\"isPartOf\":{\"@id\":\"https:\\\/\\\/oeilsportif.info\\\/index.php\\\/mondial-u17-le-senegal-bat-largentine-pour-son-entree-en-lice-avec-un-double-damara-diouf\\\/\"},\"author\":{\"name\":\"L'Equipe de la R\u00e9daction\",\"@id\":\"https:\\\/\\\/oeilsportif.info\\\/#\\\/schema\\\/person\\\/cfbded294aa6095f7d96608d7905e9a1\"},\"headline\":\"Mondial u17 : le S\u00e9n\u00e9gal bat l\u2019Argentine pour son entr\u00e9e en lice, avec un doubl\u00e9 d\u2019Amara Diouf\",\"datePublished\":\"2023-11-11T14:50:52+00:00\",\"dateModified\":\"2023-11-12T09:56:10+00:00\",\"mainEntityOfPage\":{\"@id\":\"https:\\\/\\\/oeilsportif.info\\\/index.php\\\/mondial-u17-le-senegal-bat-largentine-pour-son-entree-en-lice-avec-un-double-damara-diouf\\\/\"},\"wordCount\":192,\"image\":{\"@id\":\"https:\\\/\\\/oeilsportif.info\\\/index.php\\\/mondial-u17-le-senegal-bat-largentine-pour-son-entree-en-lice-avec-un-double-damara-diouf\\\/#primaryimage\"},\"thumbnailUrl\":\"https:\\\/\\\/i0.wp.com\\\/oeilsportif.info\\\/wp-content\\\/uploads\\\/2023\\\/11\\\/FB_IMG_1699714121742.jpg?fit=1080%2C720&ssl=1\",\"articleSection\":[\"Actualit\u00e9\",\"Football\"],\"inLanguage\":\"fr-FR\"},{\"@type\":\"WebPage\",\"@id\":\"https:\\\/\\\/oeilsportif.info\\\/index.php\\\/mondial-u17-le-senegal-bat-largentine-pour-son-entree-en-lice-avec-un-double-damara-diouf\\\/\",\"url\":\"https:\\\/\\\/oeilsportif.info\\\/index.php\\\/mondial-u17-le-senegal-bat-largentine-pour-son-entree-en-lice-avec-un-double-damara-diouf\\\/\",\"name\":\"Mondial u17 : le S\u00e9n\u00e9gal bat l\u2019Argentine pour son entr\u00e9e en lice, avec un doubl\u00e9 d\u2019Amara Diouf - le regard du sportif\",\"isPartOf\":{\"@id\":\"https:\\\/\\\/oeilsportif.info\\\/#website\"},\"primaryImageOfPage\":{\"@id\":\"https:\\\/\\\/oeilsportif.info\\\/index.php\\\/mondial-u17-le-senegal-bat-largentine-pour-son-entree-en-lice-avec-un-double-damara-diouf\\\/#primaryimage\"},\"image\":{\"@id\":\"https:\\\/\\\/oeilsportif.info\\\/index.php\\\/mondial-u17-le-senegal-bat-largentine-pour-son-entree-en-lice-avec-un-double-damara-diouf\\\/#primaryimage\"},\"thumbnailUrl\":\"https:\\\/\\\/i0.wp.com\\\/oeilsportif.info\\\/wp-content\\\/uploads\\\/2023\\\/11\\\/FB_IMG_1699714121742.jpg?fit=1080%2C720&ssl=1\",\"datePublished\":\"2023-11-11T14:50:52+00:00\",\"dateModified\":\"2023-11-12T09:56:10+00:00\",\"author\":{\"@id\":\"https:\\\/\\\/oeilsportif.info\\\/#\\\/schema\\\/person\\\/cfbded294aa6095f7d96608d7905e9a1\"},\"inLanguage\":\"fr-FR\",\"potentialAction\":[{\"@type\":\"ReadAction\",\"target\":[\"https:\\\/\\\/oeilsportif.info\\\/index.php\\\/mondial-u17-le-senegal-bat-largentine-pour-son-entree-en-lice-avec-un-double-damara-diouf\\\/\"]}]},{\"@type\":\"ImageObject\",\"inLanguage\":\"fr-FR\",\"@id\":\"https:\\\/\\\/oeilsportif.info\\\/index.php\\\/mondial-u17-le-senegal-bat-largentine-pour-son-entree-en-lice-avec-un-double-damara-diouf\\\/#primaryimage\",\"url\":\"https:\\\/\\\/i0.wp.com\\\/oeilsportif.info\\\/wp-content\\\/uploads\\\/2023\\\/11\\\/FB_IMG_1699714121742.jpg?fit=1080%2C720&ssl=1\",\"contentUrl\":\"https:\\\/\\\/i0.wp.com\\\/oeilsportif.info\\\/wp-content\\\/uploads\\\/2023\\\/11\\\/FB_IMG_1699714121742.jpg?fit=1080%2C720&ssl=1\",\"width\":1080,\"height\":720},{\"@type\":\"WebSite\",\"@id\":\"https:\\\/\\\/oeilsportif.info\\\/#website\",\"url\":\"https:\\\/\\\/oeilsportif.info\\\/\",\"name\":\"le regard du sportif\",\"description\":\"\",\"potentialAction\":[{\"@type\":\"SearchAction\",\"target\":{\"@type\":\"EntryPoint\",\"urlTemplate\":\"https:\\\/\\\/oeilsportif.info\\\/?s={search_term_string}\"},\"query-input\":{\"@type\":\"PropertyValueSpecification\",\"valueRequired\":true,\"valueName\":\"search_term_string\"}}],\"inLanguage\":\"fr-FR\"},{\"@type\":\"Person\",\"@id\":\"https:\\\/\\\/oeilsportif.info\\\/#\\\/schema\\\/person\\\/cfbded294aa6095f7d96608d7905e9a1\",\"name\":\"L'Equipe de la R\u00e9daction\",\"image\":{\"@type\":\"ImageObject\",\"inLanguage\":\"fr-FR\",\"@id\":\"https:\\\/\\\/oeilsportif.info\\\/wp-content\\\/uploads\\\/2025\\\/07\\\/cropped-cropped-logo-os-96x96.jpeg\",\"url\":\"https:\\\/\\\/oeilsportif.info\\\/wp-content\\\/uploads\\\/2025\\\/07\\\/cropped-cropped-logo-os-96x96.jpeg\",\"contentUrl\":\"https:\\\/\\\/oeilsportif.info\\\/wp-content\\\/uploads\\\/2025\\\/07\\\/cropped-cropped-logo-os-96x96.jpeg\",\"caption\":\"L'Equipe de la R\u00e9daction\"},\"url\":\"https:\\\/\\\/oeilsportif.info\\\/index.php\\\/author\\\/tawel\\\/\"}]}<\/script>\n<!-- \/ Yoast SEO plugin. -->","yoast_head_json":{"title":"Mondial u17 : le S\u00e9n\u00e9gal bat l\u2019Argentine pour son entr\u00e9e en lice, avec un doubl\u00e9 d\u2019Amara Diouf - le regard du sportif","robots":{"index":"index","follow":"follow","max-snippet":"max-snippet:-1","max-image-preview":"max-image-preview:large","max-video-preview":"max-video-preview:-1"},"canonical":"https:\/\/oeilsportif.info\/index.php\/mondial-u17-le-senegal-bat-largentine-pour-son-entree-en-lice-avec-un-double-damara-diouf\/","og_locale":"fr_FR","og_type":"article","og_title":"Mondial u17 : le S\u00e9n\u00e9gal bat l\u2019Argentine pour son entr\u00e9e en lice, avec un doubl\u00e9 d\u2019Amara Diouf - le regard du sportif","og_description":"Sur le plus petit des marges, le S\u00e9n\u00e9gal s\u2019est impos\u00e9 face \u00e0 l\u2019Argentine ce samedi pour son entr\u00e9e en mati\u00e8re \u00e0 la Coupe du monde des moins de 17 ans. Les Champions d\u2019Afrique en titre ont pu compter sur leur capitaine Amara Diouf, auteur d\u2019un doubl\u00e9. Outrageusement domin\u00e9s dans le jeu, les hommes de Serigne [&hellip;]","og_url":"https:\/\/oeilsportif.info\/index.php\/mondial-u17-le-senegal-bat-largentine-pour-son-entree-en-lice-avec-un-double-damara-diouf\/","og_site_name":"le regard du sportif","article_published_time":"2023-11-11T14:50:52+00:00","article_modified_time":"2023-11-12T09:56:10+00:00","og_image":[{"width":1080,"height":720,"url":"https:\/\/oeilsportif.info\/wp-content\/uploads\/2023\/11\/FB_IMG_1699714121742.jpg","type":"image\/jpeg"}],"author":"L'Equipe de la R\u00e9daction","twitter_misc":{"\u00c9crit par":"L'Equipe de la R\u00e9daction","Dur\u00e9e de lecture estim\u00e9e":"1 minute"},"schema":{"@context":"https:\/\/schema.org","@graph":[{"@type":"Article","@id":"https:\/\/oeilsportif.info\/index.php\/mondial-u17-le-senegal-bat-largentine-pour-son-entree-en-lice-avec-un-double-damara-diouf\/#article","isPartOf":{"@id":"https:\/\/oeilsportif.info\/index.php\/mondial-u17-le-senegal-bat-largentine-pour-son-entree-en-lice-avec-un-double-damara-diouf\/"},"author":{"name":"L'Equipe de la R\u00e9daction","@id":"https:\/\/oeilsportif.info\/#\/schema\/person\/cfbded294aa6095f7d96608d7905e9a1"},"headline":"Mondial u17 : le S\u00e9n\u00e9gal bat l\u2019Argentine pour son entr\u00e9e en lice, avec un doubl\u00e9 d\u2019Amara Diouf","datePublished":"2023-11-11T14:50:52+00:00","dateModified":"2023-11-12T09:56:10+00:00","mainEntityOfPage":{"@id":"https:\/\/oeilsportif.info\/index.php\/mondial-u17-le-senegal-bat-largentine-pour-son-entree-en-lice-avec-un-double-damara-diouf\/"},"wordCount":192,"image":{"@id":"https:\/\/oeilsportif.info\/index.php\/mondial-u17-le-senegal-bat-largentine-pour-son-entree-en-lice-avec-un-double-damara-diouf\/#primaryimage"},"thumbnailUrl":"https:\/\/i0.wp.com\/oeilsportif.info\/wp-content\/uploads\/2023\/11\/FB_IMG_1699714121742.jpg?fit=1080%2C720&ssl=1","articleSection":["Actualit\u00e9","Football"],"inLanguage":"fr-FR"},{"@type":"WebPage","@id":"https:\/\/oeilsportif.info\/index.php\/mondial-u17-le-senegal-bat-largentine-pour-son-entree-en-lice-avec-un-double-damara-diouf\/","url":"https:\/\/oeilsportif.info\/index.php\/mondial-u17-le-senegal-bat-largentine-pour-son-entree-en-lice-avec-un-double-damara-diouf\/","name":"Mondial u17 : le S\u00e9n\u00e9gal bat l\u2019Argentine pour son entr\u00e9e en lice, avec un doubl\u00e9 d\u2019Amara Diouf - le regard du sportif","isPartOf":{"@id":"https:\/\/oeilsportif.info\/#website"},"primaryImageOfPage":{"@id":"https:\/\/oeilsportif.info\/index.php\/mondial-u17-le-senegal-bat-largentine-pour-son-entree-en-lice-avec-un-double-damara-diouf\/#primaryimage"},"image":{"@id":"https:\/\/oeilsportif.info\/index.php\/mondial-u17-le-senegal-bat-largentine-pour-son-entree-en-lice-avec-un-double-damara-diouf\/#primaryimage"},"thumbnailUrl":"https:\/\/i0.wp.com\/oeilsportif.info\/wp-content\/uploads\/2023\/11\/FB_IMG_1699714121742.jpg?fit=1080%2C720&ssl=1","datePublished":"2023-11-11T14:50:52+00:00","dateModified":"2023-11-12T09:56:10+00:00","author":{"@id":"https:\/\/oeilsportif.info\/#\/schema\/person\/cfbded294aa6095f7d96608d7905e9a1"},"inLanguage":"fr-FR","potentialAction":[{"@type":"ReadAction","target":["https:\/\/oeilsportif.info\/index.php\/mondial-u17-le-senegal-bat-largentine-pour-son-entree-en-lice-avec-un-double-damara-diouf\/"]}]},{"@type":"ImageObject","inLanguage":"fr-FR","@id":"https:\/\/oeilsportif.info\/index.php\/mondial-u17-le-senegal-bat-largentine-pour-son-entree-en-lice-avec-un-double-damara-diouf\/#primaryimage","url":"https:\/\/i0.wp.com\/oeilsportif.info\/wp-content\/uploads\/2023\/11\/FB_IMG_1699714121742.jpg?fit=1080%2C720&ssl=1","contentUrl":"https:\/\/i0.wp.com\/oeilsportif.info\/wp-content\/uploads\/2023\/11\/FB_IMG_1699714121742.jpg?fit=1080%2C720&ssl=1","width":1080,"height":720},{"@type":"WebSite","@id":"https:\/\/oeilsportif.info\/#website","url":"https:\/\/oeilsportif.info\/","name":"le regard du sportif","description":"","potentialAction":[{"@type":"SearchAction","target":{"@type":"EntryPoint","urlTemplate":"https:\/\/oeilsportif.info\/?s={search_term_string}"},"query-input":{"@type":"PropertyValueSpecification","valueRequired":true,"valueName":"search_term_string"}}],"inLanguage":"fr-FR"},{"@type":"Person","@id":"https:\/\/oeilsportif.info\/#\/schema\/person\/cfbded294aa6095f7d96608d7905e9a1","name":"L'Equipe de la R\u00e9daction","image":{"@type":"ImageObject","inLanguage":"fr-FR","@id":"https:\/\/oeilsportif.info\/wp-content\/uploads\/2025\/07\/cropped-cropped-logo-os-96x96.jpeg","url":"https:\/\/oeilsportif.info\/wp-content\/uploads\/2025\/07\/cropped-cropped-logo-os-96x96.jpeg","contentUrl":"https:\/\/oeilsportif.info\/wp-content\/uploads\/2025\/07\/cropped-cropped-logo-os-96x96.jpeg","caption":"L'Equipe de la R\u00e9daction"},"url":"https:\/\/oeilsportif.info\/index.php\/author\/tawel\/"}]}},"jetpack_publicize_connections":[],"jetpack_featured_media_url":"https:\/\/i0.wp.com\/oeilsportif.info\/wp-content\/uploads\/2023\/11\/FB_IMG_1699714121742.jpg?fit=1080%2C720&ssl=1","jetpack-related-posts":[],"jetpack_sharing_enabled":true,"jetpack_likes_enabled":true,"jetpack_shortlink":"https:\/\/wp.me\/pgFE77-Zp","_links":{"self":[{"href":"https:\/\/oeilsportif.info\/index.php\/wp-json\/wp\/v2\/posts\/3807","targetHints":{"allow":["GET"]}}],"collection":[{"href":"https:\/\/oeilsportif.info\/index.php\/wp-json\/wp\/v2\/posts"}],"about":[{"href":"https:\/\/oeilsportif.info\/index.php\/wp-json\/wp\/v2\/types\/post"}],"author":[{"embeddable":true,"href":"https:\/\/oeilsportif.info\/index.php\/wp-json\/wp\/v2\/users\/2"}],"replies":[{"embeddable":true,"href":"https:\/\/oeilsportif.info\/index.php\/wp-json\/wp\/v2\/comments?post=3807"}],"version-history":[{"count":0,"href":"https:\/\/oeilsportif.info\/index.php\/wp-json\/wp\/v2\/posts\/3807\/revisions"}],"wp:featuredmedia":[{"embeddable":true,"href":"https:\/\/oeilsportif.info\/index.php\/wp-json\/wp\/v2\/media\/3809"}],"wp:attachment":[{"href":"https:\/\/oeilsportif.info\/index.php\/wp-json\/wp\/v2\/media?parent=3807"}],"wp:term":[{"taxonomy":"category","embeddable":true,"href":"https:\/\/oeilsportif.info\/index.php\/wp-json\/wp\/v2\/categories?post=3807"},{"taxonomy":"post_tag","embeddable":true,"href":"https:\/\/oeilsportif.info\/index.php\/wp-json\/wp\/v2\/tags?post=3807"}],"curies":[{"name":"wp","href":"https:\/\/api.w.org\/{rel}","templated":true}]}}