{"id":3787,"date":"2023-11-07T12:01:56","date_gmt":"2023-11-07T12:01:56","guid":{"rendered":"https:\/\/oeilsportif.info\/index.php\/?p=3787"},"modified":"2023-11-07T12:01:56","modified_gmt":"2023-11-07T12:01:56","slug":"jean-louis-gasset-selectionneur-des-elephants-il-nous-faut-savoir-terminer-le-travail","status":"publish","type":"post","link":"https:\/\/oeilsportif.info\/index.php\/jean-louis-gasset-selectionneur-des-elephants-il-nous-faut-savoir-terminer-le-travail\/","title":{"rendered":"Jean-Louis Gasset (S\u00e9lectionneur des El\u00e9phants) : \u00ab Il nous faut savoir terminer le travail \u00bb"},"content":{"rendered":"<p>Les El\u00e9phants aborderont la phase des \u00e9liminatoires de la Coupe du monde 2026, le 17 novembre prochain. Avant cette \u00e9ch\u00e9ance, le S\u00e9lectionneur Jean-Louis Gasset fait un point de leurs derniers matchs, lance un message \u00e0 ses joueurs et affiche son optimisme dans cette interview accord\u00e9e \u00e0 la communication de la FIF.<\/p>\n<p><strong>Deux matchs amicaux intenses en octobre contre le Maroc, demi-finaliste du Mondial au Qatar et contre l\u2019Afrique du Sud, que retenez-vous essentiellement de ces deux rencontres ?<\/strong><\/p>\n<p>Le premier match, on jouait contre la r\u00e9f\u00e9rence du moment, l\u2019\u00e9quipe qui a montr\u00e9 l\u2019exemple et qui a donn\u00e9 confiance aux \u00e9quipes africaines en ayant un \u00e9tat d\u2019esprit irr\u00e9prochable. Contre cette \u00e9quipe qui est actuellement la meilleure, nous avons propos\u00e9 beaucoup de qualit\u00e9s dans le jeu. Nous nous sommes cr\u00e9\u00e9 pas mal d\u2019occasions et leur entra\u00eeneur a dit en conf\u00e9rence de presse \u00ab ils nous ont laiss\u00e9 en vie \u00bb. Et c\u2019est la v\u00e9rit\u00e9, parce qu\u2019on n\u2019a pas su enfoncer le clou. On menait 1 \u00e0 0 et on aurait d\u00fb avoir un avantage plus cons\u00e9quent. Donc \u00e0 l\u2019avenir, il va falloir savoir terminer le travail.<br \/>\nLe second match, nous avons jou\u00e9 avec pratiquement la m\u00eame \u00e9quipe. Les joueurs avaient un peu les jambes lourdes parce qu\u2019on avait que deux jours pleins de r\u00e9cup\u00e9ration et \u00e7a a \u00e9t\u00e9 difficile physiquement. C\u2019\u00e9tait laborieux, on avait du mal \u00e0 r\u00e9cup\u00e9rer le ballon contre une bonne \u00e9quipe, tr\u00e8s technique et tr\u00e8s \u00e0 l\u2019aise dans la transition. Elle nous a fait beaucoup courir pour r\u00e9cup\u00e9rer le ballon. Mais le positif, ce sont les qualit\u00e9s mentales de nos joueurs. On \u00e9tait men\u00e9 0-1 et les changements \u00e0 l\u2019heure de jeu, qui ont emport\u00e9 plus de dynamisme et de fra\u00eecheur, nous ont permis d\u2019\u00e9galiser.<br \/>\nSi on sch\u00e9matise, je peux dire que sur le premier match, on a montr\u00e9 qu\u2019on pouvait rivaliser avec une tr\u00e8s bonne \u00e9quipe au niveau du jeu, puisque c\u2019est nous qui avions le ballon, la possession et les occasions de but.<br \/>\nEt le deuxi\u00e8me match contre l\u2019Afrique du Sud, c\u2019est un sc\u00e9nario diff\u00e9rent o\u00f9 on n\u2019est moins bien rentr\u00e9 dans le match mais on n\u2019a pas accept\u00e9 de perdre. On a su mettre les ingr\u00e9dients possibles pour revenir au score et jouer pour le gagner. Je retiens que ce sont deux matchs qui nous permettent d\u2019avancer.<\/p>\n<p><strong>Les \u00e9liminatoires du Mondial 2026 d\u00e9marrent en novembre. \u00c0 quoi doit-on s\u2019attendre ?<\/strong><\/p>\n<p>Pour la premi\u00e8re fois, on va jouer deux matchs officiels. Puisque tous les matchs qu\u2019on a jou\u00e9s, c\u2019\u00e9taient des matchs amicaux et des matchs de poule o\u00f9 on \u00e9tait d\u00e9j\u00e0 qualifi\u00e9. Par contre, ces deux matchs de novembre, il y aura un gain. En trois jours, on va jouer six points pour la qualification pour la Coupe du monde 2026. Ce qui nous am\u00e8nera \u00e0 appr\u00e9hender le deuxi\u00e8me autrement.<\/p>\n<p><strong>Vous nous avez fait savoir que vous avez une palette d\u2019une cinquantaine de joueurs \u00e0 travers le monde. Comment arrivez-vous \u00e0 tous les suivre ?<\/strong><\/p>\n<p>Avec le staff, on essaie de voir pratiquement tous les joueurs qui sont dans notre liste. Chacun a sa mission. Que ce soit Ghislain Printant, Emerse Fae, Alain Gouamen\u00e9 et Florian, chacun a sa mission. On se r\u00e9partit les t\u00e2ches sur le week-end pour voir pratiquement tous les matchs. C\u2019est un gros travail qui s\u2019\u00e9tend parfois toute la semaine quand vous avez les joutes europ\u00e9ennes. Apr\u00e8s on \u00e9change entre nous sur ce qu\u2019on a vu et on donne le groupe en ayant le plus de renseignements possible sur chacun des joueurs.<\/p>\n<p><strong>La CAN approche inexorablement, qu\u2019attendez-vous de vos joueurs et quel message souhaiteriez-vous leur envoyer ?<\/strong><\/p>\n<p>Le message, c\u2019est que les choix seront difficiles parce qu\u2019il y a beaucoup de bons joueurs et il y a des postes qui sont tripl\u00e9s ou quadrupl\u00e9s. Nous leur demandons d\u2019avoir du temps de jeu pour qu\u2019ils soient en forme pour faire une comp\u00e9tition de ce niveau et de la r\u00e9gularit\u00e9, c\u2019est \u00e0 dire encha\u00eener les matchs pour avoir du rythme. D\u2019\u00eatre en confiance quand ils vont arriver. Et cela passe par les r\u00e9sultats dans leurs clubs. Nous leur demandons encore et surtout d\u2019avoir la mentalit\u00e9 voulue c\u2019est \u00e0 dire penser COLLECTIF !<\/p>\n<p><strong>Vous connaissez les attentes du public ivoirien. Un mot \u00e0 leur endroit<\/strong><\/p>\n<p>Nous sommes sur le bon chemin. On vient de jouer trois bonnes \u00e9quipes : le Mali, le Maroc et l\u2019Afrique du Sud. Contre le Mali, on a jou\u00e9 que 45 minutes. On n\u2019a certes manqu\u00e9 d\u2019efficacit\u00e9 mais dans le jeu, on \u00e9tait positionn\u00e9.<br \/>\nLe Maroc, on a rivalis\u00e9 et l\u2019Afrique du Sud, m\u00eame fatigu\u00e9, on a su avoir les ressources pour revenir dans le match et tout mettre en \u0153uvre pour le gagner. J\u2019ai la certitude qu\u2019on est en progr\u00e8s. On avance et on sera pr\u00eat le 13 janvier.<\/p>\n<p>FIF<\/p>\n","protected":false},"excerpt":{"rendered":"<p>Les El\u00e9phants aborderont la phase des \u00e9liminatoires de la Coupe du monde 2026, le 17 novembre prochain. Avant cette \u00e9ch\u00e9ance, le S\u00e9lectionneur Jean-Louis Gasset fait un point de leurs derniers matchs, lance un message \u00e0 ses joueurs et affiche son optimisme dans cette interview accord\u00e9e \u00e0 la communication de la FIF. Deux matchs amicaux intenses [&hellip;]<\/p>\n","protected":false},"author":2,"featured_media":3788,"comment_status":"closed","ping_status":"open","sticky":false,"template":"","format":"standard","meta":{"_jetpack_memberships_contains_paid_content":false,"footnotes":"","jetpack_publicize_message":"","jetpack_publicize_feature_enabled":true,"jetpack_social_post_already_shared":true,"jetpack_social_options":{"image_generator_settings":{"template":"highway","default_image_id":0,"font":"","enabled":false},"version":2}},"categories":[10,5],"tags":[],"class_list":{"0":"post-3787","1":"post","2":"type-post","3":"status-publish","4":"format-standard","5":"has-post-thumbnail","7":"category-actualite","8":"category-football"},"yoast_head":"<!-- This site is optimized with the Yoast SEO plugin v27.5 - https:\/\/yoast.com\/product\/yoast-seo-wordpress\/ -->\n<title>Jean-Louis Gasset (S\u00e9lectionneur des El\u00e9phants) : \u00ab Il nous faut savoir terminer le travail \u00bb - le regard du sportif<\/title>\n<meta name=\"robots\" content=\"index, follow, max-snippet:-1, max-image-preview:large, max-video-preview:-1\" \/>\n<link rel=\"canonical\" href=\"https:\/\/oeilsportif.info\/index.php\/jean-louis-gasset-selectionneur-des-elephants-il-nous-faut-savoir-terminer-le-travail\/\" \/>\n<meta property=\"og:locale\" content=\"fr_FR\" \/>\n<meta property=\"og:type\" content=\"article\" \/>\n<meta property=\"og:title\" content=\"Jean-Louis Gasset (S\u00e9lectionneur des El\u00e9phants) : \u00ab Il nous faut savoir terminer le travail \u00bb - le regard du sportif\" \/>\n<meta property=\"og:description\" content=\"Les El\u00e9phants aborderont la phase des \u00e9liminatoires de la Coupe du monde 2026, le 17 novembre prochain. Avant cette \u00e9ch\u00e9ance, le S\u00e9lectionneur Jean-Louis Gasset fait un point de leurs derniers matchs, lance un message \u00e0 ses joueurs et affiche son optimisme dans cette interview accord\u00e9e \u00e0 la communication de la FIF. Deux matchs amicaux intenses [&hellip;]\" \/>\n<meta property=\"og:url\" content=\"https:\/\/oeilsportif.info\/index.php\/jean-louis-gasset-selectionneur-des-elephants-il-nous-faut-savoir-terminer-le-travail\/\" \/>\n<meta property=\"og:site_name\" content=\"le regard du sportif\" \/>\n<meta property=\"article:published_time\" content=\"2023-11-07T12:01:56+00:00\" \/>\n<meta property=\"og:image\" content=\"https:\/\/oeilsportif.info\/wp-content\/uploads\/2023\/11\/FB_IMG_1699358374690.jpg\" \/>\n\t<meta property=\"og:image:width\" content=\"1079\" \/>\n\t<meta property=\"og:image:height\" content=\"720\" \/>\n\t<meta property=\"og:image:type\" content=\"image\/jpeg\" \/>\n<meta name=\"author\" content=\"L&#039;Equipe de la R\u00e9daction\" \/>\n<meta name=\"twitter:label1\" content=\"\u00c9crit par\" \/>\n\t<meta name=\"twitter:data1\" content=\"L&#039;Equipe de la R\u00e9daction\" \/>\n\t<meta name=\"twitter:label2\" content=\"Dur\u00e9e de lecture estim\u00e9e\" \/>\n\t<meta name=\"twitter:data2\" content=\"5 minutes\" \/>\n<script type=\"application\/ld+json\" class=\"yoast-schema-graph\">{\"@context\":\"https:\\\/\\\/schema.org\",\"@graph\":[{\"@type\":\"Article\",\"@id\":\"https:\\\/\\\/oeilsportif.info\\\/index.php\\\/jean-louis-gasset-selectionneur-des-elephants-il-nous-faut-savoir-terminer-le-travail\\\/#article\",\"isPartOf\":{\"@id\":\"https:\\\/\\\/oeilsportif.info\\\/index.php\\\/jean-louis-gasset-selectionneur-des-elephants-il-nous-faut-savoir-terminer-le-travail\\\/\"},\"author\":{\"name\":\"L'Equipe de la R\u00e9daction\",\"@id\":\"https:\\\/\\\/oeilsportif.info\\\/#\\\/schema\\\/person\\\/cfbded294aa6095f7d96608d7905e9a1\"},\"headline\":\"Jean-Louis Gasset (S\u00e9lectionneur des El\u00e9phants) : \u00ab Il nous faut savoir terminer le travail \u00bb\",\"datePublished\":\"2023-11-07T12:01:56+00:00\",\"mainEntityOfPage\":{\"@id\":\"https:\\\/\\\/oeilsportif.info\\\/index.php\\\/jean-louis-gasset-selectionneur-des-elephants-il-nous-faut-savoir-terminer-le-travail\\\/\"},\"wordCount\":865,\"image\":{\"@id\":\"https:\\\/\\\/oeilsportif.info\\\/index.php\\\/jean-louis-gasset-selectionneur-des-elephants-il-nous-faut-savoir-terminer-le-travail\\\/#primaryimage\"},\"thumbnailUrl\":\"https:\\\/\\\/i0.wp.com\\\/oeilsportif.info\\\/wp-content\\\/uploads\\\/2023\\\/11\\\/FB_IMG_1699358374690.jpg?fit=1079%2C720&ssl=1\",\"articleSection\":[\"Actualit\u00e9\",\"Football\"],\"inLanguage\":\"fr-FR\"},{\"@type\":\"WebPage\",\"@id\":\"https:\\\/\\\/oeilsportif.info\\\/index.php\\\/jean-louis-gasset-selectionneur-des-elephants-il-nous-faut-savoir-terminer-le-travail\\\/\",\"url\":\"https:\\\/\\\/oeilsportif.info\\\/index.php\\\/jean-louis-gasset-selectionneur-des-elephants-il-nous-faut-savoir-terminer-le-travail\\\/\",\"name\":\"Jean-Louis Gasset (S\u00e9lectionneur des El\u00e9phants) : \u00ab Il nous faut savoir terminer le travail \u00bb - le regard du sportif\",\"isPartOf\":{\"@id\":\"https:\\\/\\\/oeilsportif.info\\\/#website\"},\"primaryImageOfPage\":{\"@id\":\"https:\\\/\\\/oeilsportif.info\\\/index.php\\\/jean-louis-gasset-selectionneur-des-elephants-il-nous-faut-savoir-terminer-le-travail\\\/#primaryimage\"},\"image\":{\"@id\":\"https:\\\/\\\/oeilsportif.info\\\/index.php\\\/jean-louis-gasset-selectionneur-des-elephants-il-nous-faut-savoir-terminer-le-travail\\\/#primaryimage\"},\"thumbnailUrl\":\"https:\\\/\\\/i0.wp.com\\\/oeilsportif.info\\\/wp-content\\\/uploads\\\/2023\\\/11\\\/FB_IMG_1699358374690.jpg?fit=1079%2C720&ssl=1\",\"datePublished\":\"2023-11-07T12:01:56+00:00\",\"author\":{\"@id\":\"https:\\\/\\\/oeilsportif.info\\\/#\\\/schema\\\/person\\\/cfbded294aa6095f7d96608d7905e9a1\"},\"inLanguage\":\"fr-FR\",\"potentialAction\":[{\"@type\":\"ReadAction\",\"target\":[\"https:\\\/\\\/oeilsportif.info\\\/index.php\\\/jean-louis-gasset-selectionneur-des-elephants-il-nous-faut-savoir-terminer-le-travail\\\/\"]}]},{\"@type\":\"ImageObject\",\"inLanguage\":\"fr-FR\",\"@id\":\"https:\\\/\\\/oeilsportif.info\\\/index.php\\\/jean-louis-gasset-selectionneur-des-elephants-il-nous-faut-savoir-terminer-le-travail\\\/#primaryimage\",\"url\":\"https:\\\/\\\/i0.wp.com\\\/oeilsportif.info\\\/wp-content\\\/uploads\\\/2023\\\/11\\\/FB_IMG_1699358374690.jpg?fit=1079%2C720&ssl=1\",\"contentUrl\":\"https:\\\/\\\/i0.wp.com\\\/oeilsportif.info\\\/wp-content\\\/uploads\\\/2023\\\/11\\\/FB_IMG_1699358374690.jpg?fit=1079%2C720&ssl=1\",\"width\":1079,\"height\":720},{\"@type\":\"WebSite\",\"@id\":\"https:\\\/\\\/oeilsportif.info\\\/#website\",\"url\":\"https:\\\/\\\/oeilsportif.info\\\/\",\"name\":\"le regard du sportif\",\"description\":\"\",\"potentialAction\":[{\"@type\":\"SearchAction\",\"target\":{\"@type\":\"EntryPoint\",\"urlTemplate\":\"https:\\\/\\\/oeilsportif.info\\\/?s={search_term_string}\"},\"query-input\":{\"@type\":\"PropertyValueSpecification\",\"valueRequired\":true,\"valueName\":\"search_term_string\"}}],\"inLanguage\":\"fr-FR\"},{\"@type\":\"Person\",\"@id\":\"https:\\\/\\\/oeilsportif.info\\\/#\\\/schema\\\/person\\\/cfbded294aa6095f7d96608d7905e9a1\",\"name\":\"L'Equipe de la R\u00e9daction\",\"image\":{\"@type\":\"ImageObject\",\"inLanguage\":\"fr-FR\",\"@id\":\"https:\\\/\\\/oeilsportif.info\\\/wp-content\\\/uploads\\\/2025\\\/07\\\/cropped-cropped-logo-os-96x96.jpeg\",\"url\":\"https:\\\/\\\/oeilsportif.info\\\/wp-content\\\/uploads\\\/2025\\\/07\\\/cropped-cropped-logo-os-96x96.jpeg\",\"contentUrl\":\"https:\\\/\\\/oeilsportif.info\\\/wp-content\\\/uploads\\\/2025\\\/07\\\/cropped-cropped-logo-os-96x96.jpeg\",\"caption\":\"L'Equipe de la R\u00e9daction\"},\"url\":\"https:\\\/\\\/oeilsportif.info\\\/index.php\\\/author\\\/tawel\\\/\"}]}<\/script>\n<!-- \/ Yoast SEO plugin. -->","yoast_head_json":{"title":"Jean-Louis Gasset (S\u00e9lectionneur des El\u00e9phants) : \u00ab Il nous faut savoir terminer le travail \u00bb - le regard du sportif","robots":{"index":"index","follow":"follow","max-snippet":"max-snippet:-1","max-image-preview":"max-image-preview:large","max-video-preview":"max-video-preview:-1"},"canonical":"https:\/\/oeilsportif.info\/index.php\/jean-louis-gasset-selectionneur-des-elephants-il-nous-faut-savoir-terminer-le-travail\/","og_locale":"fr_FR","og_type":"article","og_title":"Jean-Louis Gasset (S\u00e9lectionneur des El\u00e9phants) : \u00ab Il nous faut savoir terminer le travail \u00bb - le regard du sportif","og_description":"Les El\u00e9phants aborderont la phase des \u00e9liminatoires de la Coupe du monde 2026, le 17 novembre prochain. Avant cette \u00e9ch\u00e9ance, le S\u00e9lectionneur Jean-Louis Gasset fait un point de leurs derniers matchs, lance un message \u00e0 ses joueurs et affiche son optimisme dans cette interview accord\u00e9e \u00e0 la communication de la FIF. Deux matchs amicaux intenses [&hellip;]","og_url":"https:\/\/oeilsportif.info\/index.php\/jean-louis-gasset-selectionneur-des-elephants-il-nous-faut-savoir-terminer-le-travail\/","og_site_name":"le regard du sportif","article_published_time":"2023-11-07T12:01:56+00:00","og_image":[{"width":1079,"height":720,"url":"https:\/\/oeilsportif.info\/wp-content\/uploads\/2023\/11\/FB_IMG_1699358374690.jpg","type":"image\/jpeg"}],"author":"L'Equipe de la R\u00e9daction","twitter_misc":{"\u00c9crit par":"L'Equipe de la R\u00e9daction","Dur\u00e9e de lecture estim\u00e9e":"5 minutes"},"schema":{"@context":"https:\/\/schema.org","@graph":[{"@type":"Article","@id":"https:\/\/oeilsportif.info\/index.php\/jean-louis-gasset-selectionneur-des-elephants-il-nous-faut-savoir-terminer-le-travail\/#article","isPartOf":{"@id":"https:\/\/oeilsportif.info\/index.php\/jean-louis-gasset-selectionneur-des-elephants-il-nous-faut-savoir-terminer-le-travail\/"},"author":{"name":"L'Equipe de la R\u00e9daction","@id":"https:\/\/oeilsportif.info\/#\/schema\/person\/cfbded294aa6095f7d96608d7905e9a1"},"headline":"Jean-Louis Gasset (S\u00e9lectionneur des El\u00e9phants) : \u00ab Il nous faut savoir terminer le travail \u00bb","datePublished":"2023-11-07T12:01:56+00:00","mainEntityOfPage":{"@id":"https:\/\/oeilsportif.info\/index.php\/jean-louis-gasset-selectionneur-des-elephants-il-nous-faut-savoir-terminer-le-travail\/"},"wordCount":865,"image":{"@id":"https:\/\/oeilsportif.info\/index.php\/jean-louis-gasset-selectionneur-des-elephants-il-nous-faut-savoir-terminer-le-travail\/#primaryimage"},"thumbnailUrl":"https:\/\/i0.wp.com\/oeilsportif.info\/wp-content\/uploads\/2023\/11\/FB_IMG_1699358374690.jpg?fit=1079%2C720&ssl=1","articleSection":["Actualit\u00e9","Football"],"inLanguage":"fr-FR"},{"@type":"WebPage","@id":"https:\/\/oeilsportif.info\/index.php\/jean-louis-gasset-selectionneur-des-elephants-il-nous-faut-savoir-terminer-le-travail\/","url":"https:\/\/oeilsportif.info\/index.php\/jean-louis-gasset-selectionneur-des-elephants-il-nous-faut-savoir-terminer-le-travail\/","name":"Jean-Louis Gasset (S\u00e9lectionneur des El\u00e9phants) : \u00ab Il nous faut savoir terminer le travail \u00bb - le regard du sportif","isPartOf":{"@id":"https:\/\/oeilsportif.info\/#website"},"primaryImageOfPage":{"@id":"https:\/\/oeilsportif.info\/index.php\/jean-louis-gasset-selectionneur-des-elephants-il-nous-faut-savoir-terminer-le-travail\/#primaryimage"},"image":{"@id":"https:\/\/oeilsportif.info\/index.php\/jean-louis-gasset-selectionneur-des-elephants-il-nous-faut-savoir-terminer-le-travail\/#primaryimage"},"thumbnailUrl":"https:\/\/i0.wp.com\/oeilsportif.info\/wp-content\/uploads\/2023\/11\/FB_IMG_1699358374690.jpg?fit=1079%2C720&ssl=1","datePublished":"2023-11-07T12:01:56+00:00","author":{"@id":"https:\/\/oeilsportif.info\/#\/schema\/person\/cfbded294aa6095f7d96608d7905e9a1"},"inLanguage":"fr-FR","potentialAction":[{"@type":"ReadAction","target":["https:\/\/oeilsportif.info\/index.php\/jean-louis-gasset-selectionneur-des-elephants-il-nous-faut-savoir-terminer-le-travail\/"]}]},{"@type":"ImageObject","inLanguage":"fr-FR","@id":"https:\/\/oeilsportif.info\/index.php\/jean-louis-gasset-selectionneur-des-elephants-il-nous-faut-savoir-terminer-le-travail\/#primaryimage","url":"https:\/\/i0.wp.com\/oeilsportif.info\/wp-content\/uploads\/2023\/11\/FB_IMG_1699358374690.jpg?fit=1079%2C720&ssl=1","contentUrl":"https:\/\/i0.wp.com\/oeilsportif.info\/wp-content\/uploads\/2023\/11\/FB_IMG_1699358374690.jpg?fit=1079%2C720&ssl=1","width":1079,"height":720},{"@type":"WebSite","@id":"https:\/\/oeilsportif.info\/#website","url":"https:\/\/oeilsportif.info\/","name":"le regard du sportif","description":"","potentialAction":[{"@type":"SearchAction","target":{"@type":"EntryPoint","urlTemplate":"https:\/\/oeilsportif.info\/?s={search_term_string}"},"query-input":{"@type":"PropertyValueSpecification","valueRequired":true,"valueName":"search_term_string"}}],"inLanguage":"fr-FR"},{"@type":"Person","@id":"https:\/\/oeilsportif.info\/#\/schema\/person\/cfbded294aa6095f7d96608d7905e9a1","name":"L'Equipe de la R\u00e9daction","image":{"@type":"ImageObject","inLanguage":"fr-FR","@id":"https:\/\/oeilsportif.info\/wp-content\/uploads\/2025\/07\/cropped-cropped-logo-os-96x96.jpeg","url":"https:\/\/oeilsportif.info\/wp-content\/uploads\/2025\/07\/cropped-cropped-logo-os-96x96.jpeg","contentUrl":"https:\/\/oeilsportif.info\/wp-content\/uploads\/2025\/07\/cropped-cropped-logo-os-96x96.jpeg","caption":"L'Equipe de la R\u00e9daction"},"url":"https:\/\/oeilsportif.info\/index.php\/author\/tawel\/"}]}},"jetpack_publicize_connections":[],"jetpack_featured_media_url":"https:\/\/i0.wp.com\/oeilsportif.info\/wp-content\/uploads\/2023\/11\/FB_IMG_1699358374690.jpg?fit=1079%2C720&ssl=1","jetpack-related-posts":[],"jetpack_sharing_enabled":true,"jetpack_likes_enabled":true,"jetpack_shortlink":"https:\/\/wp.me\/pgFE77-Z5","_links":{"self":[{"href":"https:\/\/oeilsportif.info\/index.php\/wp-json\/wp\/v2\/posts\/3787","targetHints":{"allow":["GET"]}}],"collection":[{"href":"https:\/\/oeilsportif.info\/index.php\/wp-json\/wp\/v2\/posts"}],"about":[{"href":"https:\/\/oeilsportif.info\/index.php\/wp-json\/wp\/v2\/types\/post"}],"author":[{"embeddable":true,"href":"https:\/\/oeilsportif.info\/index.php\/wp-json\/wp\/v2\/users\/2"}],"replies":[{"embeddable":true,"href":"https:\/\/oeilsportif.info\/index.php\/wp-json\/wp\/v2\/comments?post=3787"}],"version-history":[{"count":0,"href":"https:\/\/oeilsportif.info\/index.php\/wp-json\/wp\/v2\/posts\/3787\/revisions"}],"wp:featuredmedia":[{"embeddable":true,"href":"https:\/\/oeilsportif.info\/index.php\/wp-json\/wp\/v2\/media\/3788"}],"wp:attachment":[{"href":"https:\/\/oeilsportif.info\/index.php\/wp-json\/wp\/v2\/media?parent=3787"}],"wp:term":[{"taxonomy":"category","embeddable":true,"href":"https:\/\/oeilsportif.info\/index.php\/wp-json\/wp\/v2\/categories?post=3787"},{"taxonomy":"post_tag","embeddable":true,"href":"https:\/\/oeilsportif.info\/index.php\/wp-json\/wp\/v2\/tags?post=3787"}],"curies":[{"name":"wp","href":"https:\/\/api.w.org\/{rel}","templated":true}]}}