{"id":3784,"date":"2023-11-06T14:02:56","date_gmt":"2023-11-06T14:02:56","guid":{"rendered":"https:\/\/oeilsportif.info\/index.php\/?p=3784"},"modified":"2023-11-06T14:02:56","modified_gmt":"2023-11-06T14:02:56","slug":"congres-electif-feguifoot-la-date-du-25-novembre-nest-pas-tenable","status":"publish","type":"post","link":"https:\/\/oeilsportif.info\/index.php\/congres-electif-feguifoot-la-date-du-25-novembre-nest-pas-tenable\/","title":{"rendered":"Congr\u00e8s \u00e9lectif f\u00e9guifoot : \u00ab la date du 25 novembre n\u2019est pas tenable\u2026 \u00bb"},"content":{"rendered":"<p><strong>Dans un post sur notre page Facebook vers 19H, nous vous annoncions que le comit\u00e9 de normalisation de la f\u00e9d\u00e9ration guin\u00e9enne de football envisagerait une possibilit\u00e9 de reporter le congr\u00e8s \u00e9lectif pr\u00e9vu le 25 novembre 2023 \u00e0 Conakry. C\u2019est une information \u00e0 laquelle notre source accorde de l\u2019importance et insiste sur un possible glissement du calendrier d\u00e9j\u00e0 \u00e9tabli, si l\u2019\u00c9tat n\u2019intervient pas.<\/strong><\/p>\n<p>\u00ab\u00a0<em>La Dame du Conor continue (Mariama Sy). [Elle veut s\u2019appuyer sur] la commission \u00e9lectorale de recours et celle \u00e9lectorale pour faire pousser l\u2019\u00e9lection du 25 novembre. Elle veut que ces deux commissions disent \u00e0 la FIFA que la date du 25 novembre n\u2019est pas tenable. Parce que tout simplement elle est (\u00e0 la recherche du gain, ndlr), elle veut prendre l\u2019argent de la CAN C\u00f4te d\u2019Ivoire en attribuant non seulement des march\u00e9s de cette comp\u00e9tition \u00e0 son agence de voyage qui est reconnue partout dans le pays, mais aussi en \u00e9tant organisatrice au compte de la Guin\u00e9e. Imaginez-vous, le fort montant qui est d\u00e9bloqu\u00e9 pour le d\u00e9placement du Syli \u00e0 la CAN. L\u2019\u00c9tat devrait convoquer imm\u00e9diatement et urgemment cette dame du conor pour lui dire d\u2019arr\u00eater ses manigances<\/em>\u00a0\u00bb, laisse entendre une source inform\u00e9e \u00e0 notre r\u00e9daction.<\/p>\n<p>Selon le calendrier \u00e9tabli dans le cadre de la normalisation du football du football guin\u00e9en, l\u2019assembl\u00e9e g\u00e9n\u00e9rale extraordinaire devant \u00e9lire le futur bureau ex\u00e9cutif de la FEGUIFOOT est pr\u00e9vue le 25 Novembre 2023 \u00e0 Conakry. Ce programme reste pour l\u2019instant maintenu sauf changement de derni\u00e8re minute.<\/p>\n<p>Source : Africasport.org<\/p>\n","protected":false},"excerpt":{"rendered":"<p>Dans un post sur notre page Facebook vers 19H, nous vous annoncions que le comit\u00e9 de normalisation de la f\u00e9d\u00e9ration guin\u00e9enne de football envisagerait une possibilit\u00e9 de reporter le congr\u00e8s \u00e9lectif pr\u00e9vu le 25 novembre 2023 \u00e0 Conakry. C\u2019est une information \u00e0 laquelle notre source accorde de l\u2019importance et insiste sur un possible glissement du [&hellip;]<\/p>\n","protected":false},"author":2,"featured_media":3785,"comment_status":"closed","ping_status":"open","sticky":false,"template":"","format":"standard","meta":{"_jetpack_memberships_contains_paid_content":false,"footnotes":"","jetpack_publicize_message":"","jetpack_publicize_feature_enabled":true,"jetpack_social_post_already_shared":true,"jetpack_social_options":{"image_generator_settings":{"template":"highway","default_image_id":0,"font":"","enabled":false},"version":2}},"categories":[10,5],"tags":[],"class_list":{"0":"post-3784","1":"post","2":"type-post","3":"status-publish","4":"format-standard","5":"has-post-thumbnail","7":"category-actualite","8":"category-football"},"yoast_head":"<!-- This site is optimized with the Yoast SEO plugin v27.5 - https:\/\/yoast.com\/product\/yoast-seo-wordpress\/ -->\n<title>Congr\u00e8s \u00e9lectif f\u00e9guifoot : \u00ab la date du 25 novembre n\u2019est pas tenable\u2026 \u00bb - le regard du sportif<\/title>\n<meta name=\"robots\" content=\"index, follow, max-snippet:-1, max-image-preview:large, max-video-preview:-1\" \/>\n<link rel=\"canonical\" href=\"https:\/\/oeilsportif.info\/index.php\/congres-electif-feguifoot-la-date-du-25-novembre-nest-pas-tenable\/\" \/>\n<meta property=\"og:locale\" content=\"fr_FR\" \/>\n<meta property=\"og:type\" content=\"article\" \/>\n<meta property=\"og:title\" content=\"Congr\u00e8s \u00e9lectif f\u00e9guifoot : \u00ab la date du 25 novembre n\u2019est pas tenable\u2026 \u00bb - le regard du sportif\" \/>\n<meta property=\"og:description\" content=\"Dans un post sur notre page Facebook vers 19H, nous vous annoncions que le comit\u00e9 de normalisation de la f\u00e9d\u00e9ration guin\u00e9enne de football envisagerait une possibilit\u00e9 de reporter le congr\u00e8s \u00e9lectif pr\u00e9vu le 25 novembre 2023 \u00e0 Conakry. C\u2019est une information \u00e0 laquelle notre source accorde de l\u2019importance et insiste sur un possible glissement du [&hellip;]\" \/>\n<meta property=\"og:url\" content=\"https:\/\/oeilsportif.info\/index.php\/congres-electif-feguifoot-la-date-du-25-novembre-nest-pas-tenable\/\" \/>\n<meta property=\"og:site_name\" content=\"le regard du sportif\" \/>\n<meta property=\"article:published_time\" content=\"2023-11-06T14:02:56+00:00\" \/>\n<meta property=\"og:image\" content=\"https:\/\/oeilsportif.info\/wp-content\/uploads\/2023\/11\/FB_IMG_1699215486807.jpg\" \/>\n\t<meta property=\"og:image:width\" content=\"958\" \/>\n\t<meta property=\"og:image:height\" content=\"958\" \/>\n\t<meta property=\"og:image:type\" content=\"image\/jpeg\" \/>\n<meta name=\"author\" content=\"L&#039;Equipe de la R\u00e9daction\" \/>\n<meta name=\"twitter:label1\" content=\"\u00c9crit par\" \/>\n\t<meta name=\"twitter:data1\" content=\"L&#039;Equipe de la R\u00e9daction\" \/>\n\t<meta name=\"twitter:label2\" content=\"Dur\u00e9e de lecture estim\u00e9e\" \/>\n\t<meta name=\"twitter:data2\" content=\"2 minutes\" \/>\n<script type=\"application\/ld+json\" class=\"yoast-schema-graph\">{\"@context\":\"https:\\\/\\\/schema.org\",\"@graph\":[{\"@type\":\"Article\",\"@id\":\"https:\\\/\\\/oeilsportif.info\\\/index.php\\\/congres-electif-feguifoot-la-date-du-25-novembre-nest-pas-tenable\\\/#article\",\"isPartOf\":{\"@id\":\"https:\\\/\\\/oeilsportif.info\\\/index.php\\\/congres-electif-feguifoot-la-date-du-25-novembre-nest-pas-tenable\\\/\"},\"author\":{\"name\":\"L'Equipe de la R\u00e9daction\",\"@id\":\"https:\\\/\\\/oeilsportif.info\\\/#\\\/schema\\\/person\\\/cfbded294aa6095f7d96608d7905e9a1\"},\"headline\":\"Congr\u00e8s \u00e9lectif f\u00e9guifoot : \u00ab la date du 25 novembre n\u2019est pas tenable\u2026 \u00bb\",\"datePublished\":\"2023-11-06T14:02:56+00:00\",\"mainEntityOfPage\":{\"@id\":\"https:\\\/\\\/oeilsportif.info\\\/index.php\\\/congres-electif-feguifoot-la-date-du-25-novembre-nest-pas-tenable\\\/\"},\"wordCount\":282,\"image\":{\"@id\":\"https:\\\/\\\/oeilsportif.info\\\/index.php\\\/congres-electif-feguifoot-la-date-du-25-novembre-nest-pas-tenable\\\/#primaryimage\"},\"thumbnailUrl\":\"https:\\\/\\\/i0.wp.com\\\/oeilsportif.info\\\/wp-content\\\/uploads\\\/2023\\\/11\\\/FB_IMG_1699215486807.jpg?fit=958%2C958&ssl=1\",\"articleSection\":[\"Actualit\u00e9\",\"Football\"],\"inLanguage\":\"fr-FR\"},{\"@type\":\"WebPage\",\"@id\":\"https:\\\/\\\/oeilsportif.info\\\/index.php\\\/congres-electif-feguifoot-la-date-du-25-novembre-nest-pas-tenable\\\/\",\"url\":\"https:\\\/\\\/oeilsportif.info\\\/index.php\\\/congres-electif-feguifoot-la-date-du-25-novembre-nest-pas-tenable\\\/\",\"name\":\"Congr\u00e8s \u00e9lectif f\u00e9guifoot : \u00ab la date du 25 novembre n\u2019est pas tenable\u2026 \u00bb - le regard du sportif\",\"isPartOf\":{\"@id\":\"https:\\\/\\\/oeilsportif.info\\\/#website\"},\"primaryImageOfPage\":{\"@id\":\"https:\\\/\\\/oeilsportif.info\\\/index.php\\\/congres-electif-feguifoot-la-date-du-25-novembre-nest-pas-tenable\\\/#primaryimage\"},\"image\":{\"@id\":\"https:\\\/\\\/oeilsportif.info\\\/index.php\\\/congres-electif-feguifoot-la-date-du-25-novembre-nest-pas-tenable\\\/#primaryimage\"},\"thumbnailUrl\":\"https:\\\/\\\/i0.wp.com\\\/oeilsportif.info\\\/wp-content\\\/uploads\\\/2023\\\/11\\\/FB_IMG_1699215486807.jpg?fit=958%2C958&ssl=1\",\"datePublished\":\"2023-11-06T14:02:56+00:00\",\"author\":{\"@id\":\"https:\\\/\\\/oeilsportif.info\\\/#\\\/schema\\\/person\\\/cfbded294aa6095f7d96608d7905e9a1\"},\"inLanguage\":\"fr-FR\",\"potentialAction\":[{\"@type\":\"ReadAction\",\"target\":[\"https:\\\/\\\/oeilsportif.info\\\/index.php\\\/congres-electif-feguifoot-la-date-du-25-novembre-nest-pas-tenable\\\/\"]}]},{\"@type\":\"ImageObject\",\"inLanguage\":\"fr-FR\",\"@id\":\"https:\\\/\\\/oeilsportif.info\\\/index.php\\\/congres-electif-feguifoot-la-date-du-25-novembre-nest-pas-tenable\\\/#primaryimage\",\"url\":\"https:\\\/\\\/i0.wp.com\\\/oeilsportif.info\\\/wp-content\\\/uploads\\\/2023\\\/11\\\/FB_IMG_1699215486807.jpg?fit=958%2C958&ssl=1\",\"contentUrl\":\"https:\\\/\\\/i0.wp.com\\\/oeilsportif.info\\\/wp-content\\\/uploads\\\/2023\\\/11\\\/FB_IMG_1699215486807.jpg?fit=958%2C958&ssl=1\",\"width\":958,\"height\":958},{\"@type\":\"WebSite\",\"@id\":\"https:\\\/\\\/oeilsportif.info\\\/#website\",\"url\":\"https:\\\/\\\/oeilsportif.info\\\/\",\"name\":\"le regard du sportif\",\"description\":\"\",\"potentialAction\":[{\"@type\":\"SearchAction\",\"target\":{\"@type\":\"EntryPoint\",\"urlTemplate\":\"https:\\\/\\\/oeilsportif.info\\\/?s={search_term_string}\"},\"query-input\":{\"@type\":\"PropertyValueSpecification\",\"valueRequired\":true,\"valueName\":\"search_term_string\"}}],\"inLanguage\":\"fr-FR\"},{\"@type\":\"Person\",\"@id\":\"https:\\\/\\\/oeilsportif.info\\\/#\\\/schema\\\/person\\\/cfbded294aa6095f7d96608d7905e9a1\",\"name\":\"L'Equipe de la R\u00e9daction\",\"image\":{\"@type\":\"ImageObject\",\"inLanguage\":\"fr-FR\",\"@id\":\"https:\\\/\\\/oeilsportif.info\\\/wp-content\\\/uploads\\\/2025\\\/07\\\/cropped-cropped-logo-os-96x96.jpeg\",\"url\":\"https:\\\/\\\/oeilsportif.info\\\/wp-content\\\/uploads\\\/2025\\\/07\\\/cropped-cropped-logo-os-96x96.jpeg\",\"contentUrl\":\"https:\\\/\\\/oeilsportif.info\\\/wp-content\\\/uploads\\\/2025\\\/07\\\/cropped-cropped-logo-os-96x96.jpeg\",\"caption\":\"L'Equipe de la R\u00e9daction\"},\"url\":\"https:\\\/\\\/oeilsportif.info\\\/index.php\\\/author\\\/tawel\\\/\"}]}<\/script>\n<!-- \/ Yoast SEO plugin. -->","yoast_head_json":{"title":"Congr\u00e8s \u00e9lectif f\u00e9guifoot : \u00ab la date du 25 novembre n\u2019est pas tenable\u2026 \u00bb - le regard du sportif","robots":{"index":"index","follow":"follow","max-snippet":"max-snippet:-1","max-image-preview":"max-image-preview:large","max-video-preview":"max-video-preview:-1"},"canonical":"https:\/\/oeilsportif.info\/index.php\/congres-electif-feguifoot-la-date-du-25-novembre-nest-pas-tenable\/","og_locale":"fr_FR","og_type":"article","og_title":"Congr\u00e8s \u00e9lectif f\u00e9guifoot : \u00ab la date du 25 novembre n\u2019est pas tenable\u2026 \u00bb - le regard du sportif","og_description":"Dans un post sur notre page Facebook vers 19H, nous vous annoncions que le comit\u00e9 de normalisation de la f\u00e9d\u00e9ration guin\u00e9enne de football envisagerait une possibilit\u00e9 de reporter le congr\u00e8s \u00e9lectif pr\u00e9vu le 25 novembre 2023 \u00e0 Conakry. C\u2019est une information \u00e0 laquelle notre source accorde de l\u2019importance et insiste sur un possible glissement du [&hellip;]","og_url":"https:\/\/oeilsportif.info\/index.php\/congres-electif-feguifoot-la-date-du-25-novembre-nest-pas-tenable\/","og_site_name":"le regard du sportif","article_published_time":"2023-11-06T14:02:56+00:00","og_image":[{"width":958,"height":958,"url":"https:\/\/oeilsportif.info\/wp-content\/uploads\/2023\/11\/FB_IMG_1699215486807.jpg","type":"image\/jpeg"}],"author":"L'Equipe de la R\u00e9daction","twitter_misc":{"\u00c9crit par":"L'Equipe de la R\u00e9daction","Dur\u00e9e de lecture estim\u00e9e":"2 minutes"},"schema":{"@context":"https:\/\/schema.org","@graph":[{"@type":"Article","@id":"https:\/\/oeilsportif.info\/index.php\/congres-electif-feguifoot-la-date-du-25-novembre-nest-pas-tenable\/#article","isPartOf":{"@id":"https:\/\/oeilsportif.info\/index.php\/congres-electif-feguifoot-la-date-du-25-novembre-nest-pas-tenable\/"},"author":{"name":"L'Equipe de la R\u00e9daction","@id":"https:\/\/oeilsportif.info\/#\/schema\/person\/cfbded294aa6095f7d96608d7905e9a1"},"headline":"Congr\u00e8s \u00e9lectif f\u00e9guifoot : \u00ab la date du 25 novembre n\u2019est pas tenable\u2026 \u00bb","datePublished":"2023-11-06T14:02:56+00:00","mainEntityOfPage":{"@id":"https:\/\/oeilsportif.info\/index.php\/congres-electif-feguifoot-la-date-du-25-novembre-nest-pas-tenable\/"},"wordCount":282,"image":{"@id":"https:\/\/oeilsportif.info\/index.php\/congres-electif-feguifoot-la-date-du-25-novembre-nest-pas-tenable\/#primaryimage"},"thumbnailUrl":"https:\/\/i0.wp.com\/oeilsportif.info\/wp-content\/uploads\/2023\/11\/FB_IMG_1699215486807.jpg?fit=958%2C958&ssl=1","articleSection":["Actualit\u00e9","Football"],"inLanguage":"fr-FR"},{"@type":"WebPage","@id":"https:\/\/oeilsportif.info\/index.php\/congres-electif-feguifoot-la-date-du-25-novembre-nest-pas-tenable\/","url":"https:\/\/oeilsportif.info\/index.php\/congres-electif-feguifoot-la-date-du-25-novembre-nest-pas-tenable\/","name":"Congr\u00e8s \u00e9lectif f\u00e9guifoot : \u00ab la date du 25 novembre n\u2019est pas tenable\u2026 \u00bb - le regard du sportif","isPartOf":{"@id":"https:\/\/oeilsportif.info\/#website"},"primaryImageOfPage":{"@id":"https:\/\/oeilsportif.info\/index.php\/congres-electif-feguifoot-la-date-du-25-novembre-nest-pas-tenable\/#primaryimage"},"image":{"@id":"https:\/\/oeilsportif.info\/index.php\/congres-electif-feguifoot-la-date-du-25-novembre-nest-pas-tenable\/#primaryimage"},"thumbnailUrl":"https:\/\/i0.wp.com\/oeilsportif.info\/wp-content\/uploads\/2023\/11\/FB_IMG_1699215486807.jpg?fit=958%2C958&ssl=1","datePublished":"2023-11-06T14:02:56+00:00","author":{"@id":"https:\/\/oeilsportif.info\/#\/schema\/person\/cfbded294aa6095f7d96608d7905e9a1"},"inLanguage":"fr-FR","potentialAction":[{"@type":"ReadAction","target":["https:\/\/oeilsportif.info\/index.php\/congres-electif-feguifoot-la-date-du-25-novembre-nest-pas-tenable\/"]}]},{"@type":"ImageObject","inLanguage":"fr-FR","@id":"https:\/\/oeilsportif.info\/index.php\/congres-electif-feguifoot-la-date-du-25-novembre-nest-pas-tenable\/#primaryimage","url":"https:\/\/i0.wp.com\/oeilsportif.info\/wp-content\/uploads\/2023\/11\/FB_IMG_1699215486807.jpg?fit=958%2C958&ssl=1","contentUrl":"https:\/\/i0.wp.com\/oeilsportif.info\/wp-content\/uploads\/2023\/11\/FB_IMG_1699215486807.jpg?fit=958%2C958&ssl=1","width":958,"height":958},{"@type":"WebSite","@id":"https:\/\/oeilsportif.info\/#website","url":"https:\/\/oeilsportif.info\/","name":"le regard du sportif","description":"","potentialAction":[{"@type":"SearchAction","target":{"@type":"EntryPoint","urlTemplate":"https:\/\/oeilsportif.info\/?s={search_term_string}"},"query-input":{"@type":"PropertyValueSpecification","valueRequired":true,"valueName":"search_term_string"}}],"inLanguage":"fr-FR"},{"@type":"Person","@id":"https:\/\/oeilsportif.info\/#\/schema\/person\/cfbded294aa6095f7d96608d7905e9a1","name":"L'Equipe de la R\u00e9daction","image":{"@type":"ImageObject","inLanguage":"fr-FR","@id":"https:\/\/oeilsportif.info\/wp-content\/uploads\/2025\/07\/cropped-cropped-logo-os-96x96.jpeg","url":"https:\/\/oeilsportif.info\/wp-content\/uploads\/2025\/07\/cropped-cropped-logo-os-96x96.jpeg","contentUrl":"https:\/\/oeilsportif.info\/wp-content\/uploads\/2025\/07\/cropped-cropped-logo-os-96x96.jpeg","caption":"L'Equipe de la R\u00e9daction"},"url":"https:\/\/oeilsportif.info\/index.php\/author\/tawel\/"}]}},"jetpack_publicize_connections":[],"jetpack_featured_media_url":"https:\/\/i0.wp.com\/oeilsportif.info\/wp-content\/uploads\/2023\/11\/FB_IMG_1699215486807.jpg?fit=958%2C958&ssl=1","jetpack-related-posts":[],"jetpack_sharing_enabled":true,"jetpack_likes_enabled":true,"jetpack_shortlink":"https:\/\/wp.me\/pgFE77-Z2","_links":{"self":[{"href":"https:\/\/oeilsportif.info\/index.php\/wp-json\/wp\/v2\/posts\/3784","targetHints":{"allow":["GET"]}}],"collection":[{"href":"https:\/\/oeilsportif.info\/index.php\/wp-json\/wp\/v2\/posts"}],"about":[{"href":"https:\/\/oeilsportif.info\/index.php\/wp-json\/wp\/v2\/types\/post"}],"author":[{"embeddable":true,"href":"https:\/\/oeilsportif.info\/index.php\/wp-json\/wp\/v2\/users\/2"}],"replies":[{"embeddable":true,"href":"https:\/\/oeilsportif.info\/index.php\/wp-json\/wp\/v2\/comments?post=3784"}],"version-history":[{"count":0,"href":"https:\/\/oeilsportif.info\/index.php\/wp-json\/wp\/v2\/posts\/3784\/revisions"}],"wp:featuredmedia":[{"embeddable":true,"href":"https:\/\/oeilsportif.info\/index.php\/wp-json\/wp\/v2\/media\/3785"}],"wp:attachment":[{"href":"https:\/\/oeilsportif.info\/index.php\/wp-json\/wp\/v2\/media?parent=3784"}],"wp:term":[{"taxonomy":"category","embeddable":true,"href":"https:\/\/oeilsportif.info\/index.php\/wp-json\/wp\/v2\/categories?post=3784"},{"taxonomy":"post_tag","embeddable":true,"href":"https:\/\/oeilsportif.info\/index.php\/wp-json\/wp\/v2\/tags?post=3784"}],"curies":[{"name":"wp","href":"https:\/\/api.w.org\/{rel}","templated":true}]}}