{"id":3772,"date":"2023-11-03T20:10:53","date_gmt":"2023-11-03T20:10:53","guid":{"rendered":"https:\/\/oeilsportif.info\/index.php\/?p=3772"},"modified":"2023-11-03T20:10:53","modified_gmt":"2023-11-03T20:10:53","slug":"luefa-nouveau-partenaire-de-france-football-pour-lorganisation-du-ballon-dor","status":"publish","type":"post","link":"https:\/\/oeilsportif.info\/index.php\/luefa-nouveau-partenaire-de-france-football-pour-lorganisation-du-ballon-dor\/","title":{"rendered":"L&rsquo;UEFA nouveau partenaire de France Football pour l&rsquo;organisation du Ballon d&rsquo;Or"},"content":{"rendered":"<p>La conf\u00e9d\u00e9ration europ\u00e9enne va devenir, d\u00e8s 2024, le partenaire principal pour l&rsquo;organisation de la c\u00e9r\u00e9monie qui r\u00e9compense le meilleur et la meilleure joueuse du monde. L&rsquo;UEFA va mettre son expertise au service de la construction de la soir\u00e9e, en invitant les plus grandes stars, mais \u00e9galement en d\u00e9veloppant la partie commerciale de l&rsquo;\u00e9v\u00e9nement. S&rsquo;unir pour continuer \u00e0 grandir, au moment o\u00f9 le Ballon d&rsquo;Or \u00e9tend son influence dans le monde.<\/p>\n<p><strong>\u00ab On est tr\u00e8s heureux de s&rsquo;associer \u00e0 l&rsquo;UEFA pour coorganiser le Ballon d&rsquo;Or, explique Jean-\u00c9tienne Amaury, directeur g\u00e9n\u00e9ral du groupe Amaury, qui a discut\u00e9 directement, depuis le mois de juin, avec Aleksander Ceferin, le pr\u00e9sident de l&rsquo;UEFA. Il y a une histoire commune entre nous, car le Ballon d&rsquo;Or a \u00e9t\u00e9 cr\u00e9\u00e9 en 1956, un an apr\u00e8s la Coupe des clubs champions europ\u00e9ens, dont L&rsquo;\u00c9quipe est le co-cr\u00e9ateur. La c\u00e9r\u00e9monie a connu une \u00e9volution et s&rsquo;est d\u00e9sormais \u00e9tendue \u00e0 l&rsquo;\u00e9chelle mondiale. Un partenariat avec l&rsquo;UEFA a tout son sens parce que c&rsquo;est un acteur mondial, qui peut rassembler les acteurs et les grandes figures de ce sport. On va d\u00e9sormais acc\u00e9l\u00e9rer le profil international de cette c\u00e9r\u00e9monie. On a senti un enthousiasme tant avec son Pr\u00e9sident Aleksander Ceferin que les \u00e9quipes, qui nous a convaincus. \u00bb<\/strong><\/p>\n<p>&nbsp;<\/p>\n","protected":false},"excerpt":{"rendered":"<p>La conf\u00e9d\u00e9ration europ\u00e9enne va devenir, d\u00e8s 2024, le partenaire principal pour l&rsquo;organisation de la c\u00e9r\u00e9monie qui r\u00e9compense le meilleur et la meilleure joueuse du monde. L&rsquo;UEFA va mettre son expertise au service de la construction de la soir\u00e9e, en invitant les plus grandes stars, mais \u00e9galement en d\u00e9veloppant la partie commerciale de l&rsquo;\u00e9v\u00e9nement. S&rsquo;unir pour [&hellip;]<\/p>\n","protected":false},"author":2,"featured_media":3773,"comment_status":"closed","ping_status":"open","sticky":false,"template":"","format":"standard","meta":{"_jetpack_memberships_contains_paid_content":false,"footnotes":"","jetpack_publicize_message":"","jetpack_publicize_feature_enabled":true,"jetpack_social_post_already_shared":true,"jetpack_social_options":{"image_generator_settings":{"template":"highway","default_image_id":0,"font":"","enabled":false},"version":2}},"categories":[10,5],"tags":[],"class_list":{"0":"post-3772","1":"post","2":"type-post","3":"status-publish","4":"format-standard","5":"has-post-thumbnail","7":"category-actualite","8":"category-football"},"yoast_head":"<!-- This site is optimized with the Yoast SEO plugin v27.5 - https:\/\/yoast.com\/product\/yoast-seo-wordpress\/ -->\n<title>L&#039;UEFA nouveau partenaire de France Football pour l&#039;organisation du Ballon d&#039;Or - le regard du sportif<\/title>\n<meta name=\"robots\" content=\"index, follow, max-snippet:-1, max-image-preview:large, max-video-preview:-1\" \/>\n<link rel=\"canonical\" href=\"https:\/\/oeilsportif.info\/index.php\/luefa-nouveau-partenaire-de-france-football-pour-lorganisation-du-ballon-dor\/\" \/>\n<meta property=\"og:locale\" content=\"fr_FR\" \/>\n<meta property=\"og:type\" content=\"article\" \/>\n<meta property=\"og:title\" content=\"L&#039;UEFA nouveau partenaire de France Football pour l&#039;organisation du Ballon d&#039;Or - le regard du sportif\" \/>\n<meta property=\"og:description\" content=\"La conf\u00e9d\u00e9ration europ\u00e9enne va devenir, d\u00e8s 2024, le partenaire principal pour l&rsquo;organisation de la c\u00e9r\u00e9monie qui r\u00e9compense le meilleur et la meilleure joueuse du monde. L&rsquo;UEFA va mettre son expertise au service de la construction de la soir\u00e9e, en invitant les plus grandes stars, mais \u00e9galement en d\u00e9veloppant la partie commerciale de l&rsquo;\u00e9v\u00e9nement. S&rsquo;unir pour [&hellip;]\" \/>\n<meta property=\"og:url\" content=\"https:\/\/oeilsportif.info\/index.php\/luefa-nouveau-partenaire-de-france-football-pour-lorganisation-du-ballon-dor\/\" \/>\n<meta property=\"og:site_name\" content=\"le regard du sportif\" \/>\n<meta property=\"article:published_time\" content=\"2023-11-03T20:10:53+00:00\" \/>\n<meta property=\"og:image\" content=\"https:\/\/oeilsportif.info\/wp-content\/uploads\/2023\/11\/FB_IMG_1699041601336.jpg\" \/>\n\t<meta property=\"og:image:width\" content=\"1080\" \/>\n\t<meta property=\"og:image:height\" content=\"1350\" \/>\n\t<meta property=\"og:image:type\" content=\"image\/jpeg\" \/>\n<meta name=\"author\" content=\"L&#039;Equipe de la R\u00e9daction\" \/>\n<meta name=\"twitter:label1\" content=\"\u00c9crit par\" \/>\n\t<meta name=\"twitter:data1\" content=\"L&#039;Equipe de la R\u00e9daction\" \/>\n\t<meta name=\"twitter:label2\" content=\"Dur\u00e9e de lecture estim\u00e9e\" \/>\n\t<meta name=\"twitter:data2\" content=\"2 minutes\" \/>\n<script type=\"application\/ld+json\" class=\"yoast-schema-graph\">{\"@context\":\"https:\\\/\\\/schema.org\",\"@graph\":[{\"@type\":\"Article\",\"@id\":\"https:\\\/\\\/oeilsportif.info\\\/index.php\\\/luefa-nouveau-partenaire-de-france-football-pour-lorganisation-du-ballon-dor\\\/#article\",\"isPartOf\":{\"@id\":\"https:\\\/\\\/oeilsportif.info\\\/index.php\\\/luefa-nouveau-partenaire-de-france-football-pour-lorganisation-du-ballon-dor\\\/\"},\"author\":{\"name\":\"L'Equipe de la R\u00e9daction\",\"@id\":\"https:\\\/\\\/oeilsportif.info\\\/#\\\/schema\\\/person\\\/cfbded294aa6095f7d96608d7905e9a1\"},\"headline\":\"L&rsquo;UEFA nouveau partenaire de France Football pour l&rsquo;organisation du Ballon d&rsquo;Or\",\"datePublished\":\"2023-11-03T20:10:53+00:00\",\"mainEntityOfPage\":{\"@id\":\"https:\\\/\\\/oeilsportif.info\\\/index.php\\\/luefa-nouveau-partenaire-de-france-football-pour-lorganisation-du-ballon-dor\\\/\"},\"wordCount\":257,\"image\":{\"@id\":\"https:\\\/\\\/oeilsportif.info\\\/index.php\\\/luefa-nouveau-partenaire-de-france-football-pour-lorganisation-du-ballon-dor\\\/#primaryimage\"},\"thumbnailUrl\":\"https:\\\/\\\/i0.wp.com\\\/oeilsportif.info\\\/wp-content\\\/uploads\\\/2023\\\/11\\\/FB_IMG_1699041601336.jpg?fit=1080%2C1350&ssl=1\",\"articleSection\":[\"Actualit\u00e9\",\"Football\"],\"inLanguage\":\"fr-FR\"},{\"@type\":\"WebPage\",\"@id\":\"https:\\\/\\\/oeilsportif.info\\\/index.php\\\/luefa-nouveau-partenaire-de-france-football-pour-lorganisation-du-ballon-dor\\\/\",\"url\":\"https:\\\/\\\/oeilsportif.info\\\/index.php\\\/luefa-nouveau-partenaire-de-france-football-pour-lorganisation-du-ballon-dor\\\/\",\"name\":\"L'UEFA nouveau partenaire de France Football pour l'organisation du Ballon d'Or - le regard du sportif\",\"isPartOf\":{\"@id\":\"https:\\\/\\\/oeilsportif.info\\\/#website\"},\"primaryImageOfPage\":{\"@id\":\"https:\\\/\\\/oeilsportif.info\\\/index.php\\\/luefa-nouveau-partenaire-de-france-football-pour-lorganisation-du-ballon-dor\\\/#primaryimage\"},\"image\":{\"@id\":\"https:\\\/\\\/oeilsportif.info\\\/index.php\\\/luefa-nouveau-partenaire-de-france-football-pour-lorganisation-du-ballon-dor\\\/#primaryimage\"},\"thumbnailUrl\":\"https:\\\/\\\/i0.wp.com\\\/oeilsportif.info\\\/wp-content\\\/uploads\\\/2023\\\/11\\\/FB_IMG_1699041601336.jpg?fit=1080%2C1350&ssl=1\",\"datePublished\":\"2023-11-03T20:10:53+00:00\",\"author\":{\"@id\":\"https:\\\/\\\/oeilsportif.info\\\/#\\\/schema\\\/person\\\/cfbded294aa6095f7d96608d7905e9a1\"},\"inLanguage\":\"fr-FR\",\"potentialAction\":[{\"@type\":\"ReadAction\",\"target\":[\"https:\\\/\\\/oeilsportif.info\\\/index.php\\\/luefa-nouveau-partenaire-de-france-football-pour-lorganisation-du-ballon-dor\\\/\"]}]},{\"@type\":\"ImageObject\",\"inLanguage\":\"fr-FR\",\"@id\":\"https:\\\/\\\/oeilsportif.info\\\/index.php\\\/luefa-nouveau-partenaire-de-france-football-pour-lorganisation-du-ballon-dor\\\/#primaryimage\",\"url\":\"https:\\\/\\\/i0.wp.com\\\/oeilsportif.info\\\/wp-content\\\/uploads\\\/2023\\\/11\\\/FB_IMG_1699041601336.jpg?fit=1080%2C1350&ssl=1\",\"contentUrl\":\"https:\\\/\\\/i0.wp.com\\\/oeilsportif.info\\\/wp-content\\\/uploads\\\/2023\\\/11\\\/FB_IMG_1699041601336.jpg?fit=1080%2C1350&ssl=1\",\"width\":1080,\"height\":1350},{\"@type\":\"WebSite\",\"@id\":\"https:\\\/\\\/oeilsportif.info\\\/#website\",\"url\":\"https:\\\/\\\/oeilsportif.info\\\/\",\"name\":\"le regard du sportif\",\"description\":\"\",\"potentialAction\":[{\"@type\":\"SearchAction\",\"target\":{\"@type\":\"EntryPoint\",\"urlTemplate\":\"https:\\\/\\\/oeilsportif.info\\\/?s={search_term_string}\"},\"query-input\":{\"@type\":\"PropertyValueSpecification\",\"valueRequired\":true,\"valueName\":\"search_term_string\"}}],\"inLanguage\":\"fr-FR\"},{\"@type\":\"Person\",\"@id\":\"https:\\\/\\\/oeilsportif.info\\\/#\\\/schema\\\/person\\\/cfbded294aa6095f7d96608d7905e9a1\",\"name\":\"L'Equipe de la R\u00e9daction\",\"image\":{\"@type\":\"ImageObject\",\"inLanguage\":\"fr-FR\",\"@id\":\"https:\\\/\\\/oeilsportif.info\\\/wp-content\\\/uploads\\\/2025\\\/07\\\/cropped-cropped-logo-os-96x96.jpeg\",\"url\":\"https:\\\/\\\/oeilsportif.info\\\/wp-content\\\/uploads\\\/2025\\\/07\\\/cropped-cropped-logo-os-96x96.jpeg\",\"contentUrl\":\"https:\\\/\\\/oeilsportif.info\\\/wp-content\\\/uploads\\\/2025\\\/07\\\/cropped-cropped-logo-os-96x96.jpeg\",\"caption\":\"L'Equipe de la R\u00e9daction\"},\"url\":\"https:\\\/\\\/oeilsportif.info\\\/index.php\\\/author\\\/tawel\\\/\"}]}<\/script>\n<!-- \/ Yoast SEO plugin. -->","yoast_head_json":{"title":"L'UEFA nouveau partenaire de France Football pour l'organisation du Ballon d'Or - le regard du sportif","robots":{"index":"index","follow":"follow","max-snippet":"max-snippet:-1","max-image-preview":"max-image-preview:large","max-video-preview":"max-video-preview:-1"},"canonical":"https:\/\/oeilsportif.info\/index.php\/luefa-nouveau-partenaire-de-france-football-pour-lorganisation-du-ballon-dor\/","og_locale":"fr_FR","og_type":"article","og_title":"L'UEFA nouveau partenaire de France Football pour l'organisation du Ballon d'Or - le regard du sportif","og_description":"La conf\u00e9d\u00e9ration europ\u00e9enne va devenir, d\u00e8s 2024, le partenaire principal pour l&rsquo;organisation de la c\u00e9r\u00e9monie qui r\u00e9compense le meilleur et la meilleure joueuse du monde. L&rsquo;UEFA va mettre son expertise au service de la construction de la soir\u00e9e, en invitant les plus grandes stars, mais \u00e9galement en d\u00e9veloppant la partie commerciale de l&rsquo;\u00e9v\u00e9nement. S&rsquo;unir pour [&hellip;]","og_url":"https:\/\/oeilsportif.info\/index.php\/luefa-nouveau-partenaire-de-france-football-pour-lorganisation-du-ballon-dor\/","og_site_name":"le regard du sportif","article_published_time":"2023-11-03T20:10:53+00:00","og_image":[{"width":1080,"height":1350,"url":"https:\/\/oeilsportif.info\/wp-content\/uploads\/2023\/11\/FB_IMG_1699041601336.jpg","type":"image\/jpeg"}],"author":"L'Equipe de la R\u00e9daction","twitter_misc":{"\u00c9crit par":"L'Equipe de la R\u00e9daction","Dur\u00e9e de lecture estim\u00e9e":"2 minutes"},"schema":{"@context":"https:\/\/schema.org","@graph":[{"@type":"Article","@id":"https:\/\/oeilsportif.info\/index.php\/luefa-nouveau-partenaire-de-france-football-pour-lorganisation-du-ballon-dor\/#article","isPartOf":{"@id":"https:\/\/oeilsportif.info\/index.php\/luefa-nouveau-partenaire-de-france-football-pour-lorganisation-du-ballon-dor\/"},"author":{"name":"L'Equipe de la R\u00e9daction","@id":"https:\/\/oeilsportif.info\/#\/schema\/person\/cfbded294aa6095f7d96608d7905e9a1"},"headline":"L&rsquo;UEFA nouveau partenaire de France Football pour l&rsquo;organisation du Ballon d&rsquo;Or","datePublished":"2023-11-03T20:10:53+00:00","mainEntityOfPage":{"@id":"https:\/\/oeilsportif.info\/index.php\/luefa-nouveau-partenaire-de-france-football-pour-lorganisation-du-ballon-dor\/"},"wordCount":257,"image":{"@id":"https:\/\/oeilsportif.info\/index.php\/luefa-nouveau-partenaire-de-france-football-pour-lorganisation-du-ballon-dor\/#primaryimage"},"thumbnailUrl":"https:\/\/i0.wp.com\/oeilsportif.info\/wp-content\/uploads\/2023\/11\/FB_IMG_1699041601336.jpg?fit=1080%2C1350&ssl=1","articleSection":["Actualit\u00e9","Football"],"inLanguage":"fr-FR"},{"@type":"WebPage","@id":"https:\/\/oeilsportif.info\/index.php\/luefa-nouveau-partenaire-de-france-football-pour-lorganisation-du-ballon-dor\/","url":"https:\/\/oeilsportif.info\/index.php\/luefa-nouveau-partenaire-de-france-football-pour-lorganisation-du-ballon-dor\/","name":"L'UEFA nouveau partenaire de France Football pour l'organisation du Ballon d'Or - le regard du sportif","isPartOf":{"@id":"https:\/\/oeilsportif.info\/#website"},"primaryImageOfPage":{"@id":"https:\/\/oeilsportif.info\/index.php\/luefa-nouveau-partenaire-de-france-football-pour-lorganisation-du-ballon-dor\/#primaryimage"},"image":{"@id":"https:\/\/oeilsportif.info\/index.php\/luefa-nouveau-partenaire-de-france-football-pour-lorganisation-du-ballon-dor\/#primaryimage"},"thumbnailUrl":"https:\/\/i0.wp.com\/oeilsportif.info\/wp-content\/uploads\/2023\/11\/FB_IMG_1699041601336.jpg?fit=1080%2C1350&ssl=1","datePublished":"2023-11-03T20:10:53+00:00","author":{"@id":"https:\/\/oeilsportif.info\/#\/schema\/person\/cfbded294aa6095f7d96608d7905e9a1"},"inLanguage":"fr-FR","potentialAction":[{"@type":"ReadAction","target":["https:\/\/oeilsportif.info\/index.php\/luefa-nouveau-partenaire-de-france-football-pour-lorganisation-du-ballon-dor\/"]}]},{"@type":"ImageObject","inLanguage":"fr-FR","@id":"https:\/\/oeilsportif.info\/index.php\/luefa-nouveau-partenaire-de-france-football-pour-lorganisation-du-ballon-dor\/#primaryimage","url":"https:\/\/i0.wp.com\/oeilsportif.info\/wp-content\/uploads\/2023\/11\/FB_IMG_1699041601336.jpg?fit=1080%2C1350&ssl=1","contentUrl":"https:\/\/i0.wp.com\/oeilsportif.info\/wp-content\/uploads\/2023\/11\/FB_IMG_1699041601336.jpg?fit=1080%2C1350&ssl=1","width":1080,"height":1350},{"@type":"WebSite","@id":"https:\/\/oeilsportif.info\/#website","url":"https:\/\/oeilsportif.info\/","name":"le regard du sportif","description":"","potentialAction":[{"@type":"SearchAction","target":{"@type":"EntryPoint","urlTemplate":"https:\/\/oeilsportif.info\/?s={search_term_string}"},"query-input":{"@type":"PropertyValueSpecification","valueRequired":true,"valueName":"search_term_string"}}],"inLanguage":"fr-FR"},{"@type":"Person","@id":"https:\/\/oeilsportif.info\/#\/schema\/person\/cfbded294aa6095f7d96608d7905e9a1","name":"L'Equipe de la R\u00e9daction","image":{"@type":"ImageObject","inLanguage":"fr-FR","@id":"https:\/\/oeilsportif.info\/wp-content\/uploads\/2025\/07\/cropped-cropped-logo-os-96x96.jpeg","url":"https:\/\/oeilsportif.info\/wp-content\/uploads\/2025\/07\/cropped-cropped-logo-os-96x96.jpeg","contentUrl":"https:\/\/oeilsportif.info\/wp-content\/uploads\/2025\/07\/cropped-cropped-logo-os-96x96.jpeg","caption":"L'Equipe de la R\u00e9daction"},"url":"https:\/\/oeilsportif.info\/index.php\/author\/tawel\/"}]}},"jetpack_publicize_connections":[],"jetpack_featured_media_url":"https:\/\/i0.wp.com\/oeilsportif.info\/wp-content\/uploads\/2023\/11\/FB_IMG_1699041601336.jpg?fit=1080%2C1350&ssl=1","jetpack-related-posts":[],"jetpack_sharing_enabled":true,"jetpack_likes_enabled":true,"jetpack_shortlink":"https:\/\/wp.me\/pgFE77-YQ","_links":{"self":[{"href":"https:\/\/oeilsportif.info\/index.php\/wp-json\/wp\/v2\/posts\/3772","targetHints":{"allow":["GET"]}}],"collection":[{"href":"https:\/\/oeilsportif.info\/index.php\/wp-json\/wp\/v2\/posts"}],"about":[{"href":"https:\/\/oeilsportif.info\/index.php\/wp-json\/wp\/v2\/types\/post"}],"author":[{"embeddable":true,"href":"https:\/\/oeilsportif.info\/index.php\/wp-json\/wp\/v2\/users\/2"}],"replies":[{"embeddable":true,"href":"https:\/\/oeilsportif.info\/index.php\/wp-json\/wp\/v2\/comments?post=3772"}],"version-history":[{"count":0,"href":"https:\/\/oeilsportif.info\/index.php\/wp-json\/wp\/v2\/posts\/3772\/revisions"}],"wp:featuredmedia":[{"embeddable":true,"href":"https:\/\/oeilsportif.info\/index.php\/wp-json\/wp\/v2\/media\/3773"}],"wp:attachment":[{"href":"https:\/\/oeilsportif.info\/index.php\/wp-json\/wp\/v2\/media?parent=3772"}],"wp:term":[{"taxonomy":"category","embeddable":true,"href":"https:\/\/oeilsportif.info\/index.php\/wp-json\/wp\/v2\/categories?post=3772"},{"taxonomy":"post_tag","embeddable":true,"href":"https:\/\/oeilsportif.info\/index.php\/wp-json\/wp\/v2\/tags?post=3772"}],"curies":[{"name":"wp","href":"https:\/\/api.w.org\/{rel}","templated":true}]}}