{"id":3760,"date":"2023-11-01T21:46:59","date_gmt":"2023-11-01T21:46:59","guid":{"rendered":"https:\/\/oeilsportif.info\/index.php\/?p=3760"},"modified":"2023-11-01T21:46:59","modified_gmt":"2023-11-01T21:46:59","slug":"congres-electif-feguifoot-choix-de-bouba-sampil-ce-quecrit-mohamed-pacheco-sylla","status":"publish","type":"post","link":"https:\/\/oeilsportif.info\/index.php\/congres-electif-feguifoot-choix-de-bouba-sampil-ce-quecrit-mohamed-pacheco-sylla\/","title":{"rendered":"Congr\u00e8s \u00e9lectif F\u00e9guifoot : Choix de Bouba Sampil ce qu&rsquo;\u00e9crit Mohamed Pacheco Sylla"},"content":{"rendered":"<p dir=\"ltr\">Soutien ind\u00e9fectible \u00e0 la t\u00eate de la F\u00e9guifoot. Gr\u00e2ce au choix du magna immobilier et le pionnier de la d\u00e9fense de jeunesse guin\u00e9enne Kerfalla Camara Kpc, un prince nalou le grand basse c\u00f4tiers et figures embl\u00e9matiques un grand guerrier qui d\u00e9fend la cause commune \u00ab ma patrie avant tout.\u00bb<\/p>\n<p dir=\"ltr\">Cette transmission patriarcale de la couronne embl\u00e9matique reste encr\u00e9e en kpc rien que d\u2018aider les n\u00e9cessiteux qui se sont d\u00e9termin\u00e9s pour La d\u00e9fense des int\u00e9r\u00eats de la Guin\u00e9e. Le jeune p\u00e9tri de talent et connaisseur du football guin\u00e9en \u00e0 l\u2019occurrence Bouba Sampil, reste et demeure le choix du patron de Hafia \u00e0 la t\u00eate de la F\u00e9guifoot.<\/p>\n<p dir=\"ltr\">Ce choix n\u2019est nullement pas venu du hasard mais un constat patriotique et les talents habilet\u00e9 et aptitude de ce jeune visionnaire (bouba sampil), son leadership manag\u00e9riale et de loyaut\u00e9. Mr Kerfalla Camara KPC\u00a0 un guerrier multipolaire, un argentier reste droit dans ses bottes pour son soutien ind\u00e9fectible pour l\u2019\u00e9lection de ce jeune talentueux.<\/p>\n<p dir=\"ltr\">Kerfalla Camara KPC un multidimensionnel et richissime qui est pr\u00eat pour soutenir ce jeune car le football, il faut \u00eatre un magna pour supporter.<\/p>\n<p dir=\"ltr\">Votons pour bouba !<\/p>\n<p dir=\"ltr\">Aimer le football guin\u00e9en c\u2019est de voter pour bouba !<\/p>\n<p dir=\"ltr\">Ensemble nous vaincrons !<\/p>\n<p dir=\"ltr\"><strong>Mohamed Sylla Pacheco consultant et conseiller sp\u00e9cial de kpc\u00a0<\/strong><\/p>\n","protected":false},"excerpt":{"rendered":"<p>Soutien ind\u00e9fectible \u00e0 la t\u00eate de la F\u00e9guifoot. Gr\u00e2ce au choix du magna immobilier et le pionnier de la d\u00e9fense de jeunesse guin\u00e9enne Kerfalla Camara Kpc, un prince nalou le grand basse c\u00f4tiers et figures embl\u00e9matiques un grand guerrier qui d\u00e9fend la cause commune \u00ab ma patrie avant tout.\u00bb Cette transmission patriarcale de la couronne [&hellip;]<\/p>\n","protected":false},"author":2,"featured_media":3761,"comment_status":"closed","ping_status":"open","sticky":false,"template":"","format":"standard","meta":{"_jetpack_memberships_contains_paid_content":false,"footnotes":"","jetpack_publicize_message":"","jetpack_publicize_feature_enabled":true,"jetpack_social_post_already_shared":true,"jetpack_social_options":{"image_generator_settings":{"template":"highway","default_image_id":0,"font":"","enabled":false},"version":2}},"categories":[10,5],"tags":[],"class_list":{"0":"post-3760","1":"post","2":"type-post","3":"status-publish","4":"format-standard","5":"has-post-thumbnail","7":"category-actualite","8":"category-football"},"yoast_head":"<!-- This site is optimized with the Yoast SEO plugin v27.5 - https:\/\/yoast.com\/product\/yoast-seo-wordpress\/ -->\n<title>Congr\u00e8s \u00e9lectif F\u00e9guifoot : Choix de Bouba Sampil ce qu&#039;\u00e9crit Mohamed Pacheco Sylla - le regard du sportif<\/title>\n<meta name=\"robots\" content=\"index, follow, max-snippet:-1, max-image-preview:large, max-video-preview:-1\" \/>\n<link rel=\"canonical\" href=\"https:\/\/oeilsportif.info\/index.php\/congres-electif-feguifoot-choix-de-bouba-sampil-ce-quecrit-mohamed-pacheco-sylla\/\" \/>\n<meta property=\"og:locale\" content=\"fr_FR\" \/>\n<meta property=\"og:type\" content=\"article\" \/>\n<meta property=\"og:title\" content=\"Congr\u00e8s \u00e9lectif F\u00e9guifoot : Choix de Bouba Sampil ce qu&#039;\u00e9crit Mohamed Pacheco Sylla - le regard du sportif\" \/>\n<meta property=\"og:description\" content=\"Soutien ind\u00e9fectible \u00e0 la t\u00eate de la F\u00e9guifoot. Gr\u00e2ce au choix du magna immobilier et le pionnier de la d\u00e9fense de jeunesse guin\u00e9enne Kerfalla Camara Kpc, un prince nalou le grand basse c\u00f4tiers et figures embl\u00e9matiques un grand guerrier qui d\u00e9fend la cause commune \u00ab ma patrie avant tout.\u00bb Cette transmission patriarcale de la couronne [&hellip;]\" \/>\n<meta property=\"og:url\" content=\"https:\/\/oeilsportif.info\/index.php\/congres-electif-feguifoot-choix-de-bouba-sampil-ce-quecrit-mohamed-pacheco-sylla\/\" \/>\n<meta property=\"og:site_name\" content=\"le regard du sportif\" \/>\n<meta property=\"article:published_time\" content=\"2023-11-01T21:46:59+00:00\" \/>\n<meta property=\"og:image\" content=\"https:\/\/oeilsportif.info\/wp-content\/uploads\/2023\/11\/FB_IMG_1698875123086.jpg\" \/>\n\t<meta property=\"og:image:width\" content=\"720\" \/>\n\t<meta property=\"og:image:height\" content=\"677\" \/>\n\t<meta property=\"og:image:type\" content=\"image\/jpeg\" \/>\n<meta name=\"author\" content=\"L&#039;Equipe de la R\u00e9daction\" \/>\n<meta name=\"twitter:label1\" content=\"\u00c9crit par\" \/>\n\t<meta name=\"twitter:data1\" content=\"L&#039;Equipe de la R\u00e9daction\" \/>\n\t<meta name=\"twitter:label2\" content=\"Dur\u00e9e de lecture estim\u00e9e\" \/>\n\t<meta name=\"twitter:data2\" content=\"2 minutes\" \/>\n<script type=\"application\/ld+json\" class=\"yoast-schema-graph\">{\"@context\":\"https:\\\/\\\/schema.org\",\"@graph\":[{\"@type\":\"Article\",\"@id\":\"https:\\\/\\\/oeilsportif.info\\\/index.php\\\/congres-electif-feguifoot-choix-de-bouba-sampil-ce-quecrit-mohamed-pacheco-sylla\\\/#article\",\"isPartOf\":{\"@id\":\"https:\\\/\\\/oeilsportif.info\\\/index.php\\\/congres-electif-feguifoot-choix-de-bouba-sampil-ce-quecrit-mohamed-pacheco-sylla\\\/\"},\"author\":{\"name\":\"L'Equipe de la R\u00e9daction\",\"@id\":\"https:\\\/\\\/oeilsportif.info\\\/#\\\/schema\\\/person\\\/cfbded294aa6095f7d96608d7905e9a1\"},\"headline\":\"Congr\u00e8s \u00e9lectif F\u00e9guifoot : Choix de Bouba Sampil ce qu&rsquo;\u00e9crit Mohamed Pacheco Sylla\",\"datePublished\":\"2023-11-01T21:46:59+00:00\",\"mainEntityOfPage\":{\"@id\":\"https:\\\/\\\/oeilsportif.info\\\/index.php\\\/congres-electif-feguifoot-choix-de-bouba-sampil-ce-quecrit-mohamed-pacheco-sylla\\\/\"},\"wordCount\":251,\"image\":{\"@id\":\"https:\\\/\\\/oeilsportif.info\\\/index.php\\\/congres-electif-feguifoot-choix-de-bouba-sampil-ce-quecrit-mohamed-pacheco-sylla\\\/#primaryimage\"},\"thumbnailUrl\":\"https:\\\/\\\/i0.wp.com\\\/oeilsportif.info\\\/wp-content\\\/uploads\\\/2023\\\/11\\\/FB_IMG_1698875123086.jpg?fit=720%2C677&ssl=1\",\"articleSection\":[\"Actualit\u00e9\",\"Football\"],\"inLanguage\":\"fr-FR\"},{\"@type\":\"WebPage\",\"@id\":\"https:\\\/\\\/oeilsportif.info\\\/index.php\\\/congres-electif-feguifoot-choix-de-bouba-sampil-ce-quecrit-mohamed-pacheco-sylla\\\/\",\"url\":\"https:\\\/\\\/oeilsportif.info\\\/index.php\\\/congres-electif-feguifoot-choix-de-bouba-sampil-ce-quecrit-mohamed-pacheco-sylla\\\/\",\"name\":\"Congr\u00e8s \u00e9lectif F\u00e9guifoot : Choix de Bouba Sampil ce qu'\u00e9crit Mohamed Pacheco Sylla - le regard du sportif\",\"isPartOf\":{\"@id\":\"https:\\\/\\\/oeilsportif.info\\\/#website\"},\"primaryImageOfPage\":{\"@id\":\"https:\\\/\\\/oeilsportif.info\\\/index.php\\\/congres-electif-feguifoot-choix-de-bouba-sampil-ce-quecrit-mohamed-pacheco-sylla\\\/#primaryimage\"},\"image\":{\"@id\":\"https:\\\/\\\/oeilsportif.info\\\/index.php\\\/congres-electif-feguifoot-choix-de-bouba-sampil-ce-quecrit-mohamed-pacheco-sylla\\\/#primaryimage\"},\"thumbnailUrl\":\"https:\\\/\\\/i0.wp.com\\\/oeilsportif.info\\\/wp-content\\\/uploads\\\/2023\\\/11\\\/FB_IMG_1698875123086.jpg?fit=720%2C677&ssl=1\",\"datePublished\":\"2023-11-01T21:46:59+00:00\",\"author\":{\"@id\":\"https:\\\/\\\/oeilsportif.info\\\/#\\\/schema\\\/person\\\/cfbded294aa6095f7d96608d7905e9a1\"},\"inLanguage\":\"fr-FR\",\"potentialAction\":[{\"@type\":\"ReadAction\",\"target\":[\"https:\\\/\\\/oeilsportif.info\\\/index.php\\\/congres-electif-feguifoot-choix-de-bouba-sampil-ce-quecrit-mohamed-pacheco-sylla\\\/\"]}]},{\"@type\":\"ImageObject\",\"inLanguage\":\"fr-FR\",\"@id\":\"https:\\\/\\\/oeilsportif.info\\\/index.php\\\/congres-electif-feguifoot-choix-de-bouba-sampil-ce-quecrit-mohamed-pacheco-sylla\\\/#primaryimage\",\"url\":\"https:\\\/\\\/i0.wp.com\\\/oeilsportif.info\\\/wp-content\\\/uploads\\\/2023\\\/11\\\/FB_IMG_1698875123086.jpg?fit=720%2C677&ssl=1\",\"contentUrl\":\"https:\\\/\\\/i0.wp.com\\\/oeilsportif.info\\\/wp-content\\\/uploads\\\/2023\\\/11\\\/FB_IMG_1698875123086.jpg?fit=720%2C677&ssl=1\",\"width\":720,\"height\":677},{\"@type\":\"WebSite\",\"@id\":\"https:\\\/\\\/oeilsportif.info\\\/#website\",\"url\":\"https:\\\/\\\/oeilsportif.info\\\/\",\"name\":\"le regard du sportif\",\"description\":\"\",\"potentialAction\":[{\"@type\":\"SearchAction\",\"target\":{\"@type\":\"EntryPoint\",\"urlTemplate\":\"https:\\\/\\\/oeilsportif.info\\\/?s={search_term_string}\"},\"query-input\":{\"@type\":\"PropertyValueSpecification\",\"valueRequired\":true,\"valueName\":\"search_term_string\"}}],\"inLanguage\":\"fr-FR\"},{\"@type\":\"Person\",\"@id\":\"https:\\\/\\\/oeilsportif.info\\\/#\\\/schema\\\/person\\\/cfbded294aa6095f7d96608d7905e9a1\",\"name\":\"L'Equipe de la R\u00e9daction\",\"image\":{\"@type\":\"ImageObject\",\"inLanguage\":\"fr-FR\",\"@id\":\"https:\\\/\\\/oeilsportif.info\\\/wp-content\\\/uploads\\\/2025\\\/07\\\/cropped-cropped-logo-os-96x96.jpeg\",\"url\":\"https:\\\/\\\/oeilsportif.info\\\/wp-content\\\/uploads\\\/2025\\\/07\\\/cropped-cropped-logo-os-96x96.jpeg\",\"contentUrl\":\"https:\\\/\\\/oeilsportif.info\\\/wp-content\\\/uploads\\\/2025\\\/07\\\/cropped-cropped-logo-os-96x96.jpeg\",\"caption\":\"L'Equipe de la R\u00e9daction\"},\"url\":\"https:\\\/\\\/oeilsportif.info\\\/index.php\\\/author\\\/tawel\\\/\"}]}<\/script>\n<!-- \/ Yoast SEO plugin. -->","yoast_head_json":{"title":"Congr\u00e8s \u00e9lectif F\u00e9guifoot : Choix de Bouba Sampil ce qu'\u00e9crit Mohamed Pacheco Sylla - le regard du sportif","robots":{"index":"index","follow":"follow","max-snippet":"max-snippet:-1","max-image-preview":"max-image-preview:large","max-video-preview":"max-video-preview:-1"},"canonical":"https:\/\/oeilsportif.info\/index.php\/congres-electif-feguifoot-choix-de-bouba-sampil-ce-quecrit-mohamed-pacheco-sylla\/","og_locale":"fr_FR","og_type":"article","og_title":"Congr\u00e8s \u00e9lectif F\u00e9guifoot : Choix de Bouba Sampil ce qu'\u00e9crit Mohamed Pacheco Sylla - le regard du sportif","og_description":"Soutien ind\u00e9fectible \u00e0 la t\u00eate de la F\u00e9guifoot. Gr\u00e2ce au choix du magna immobilier et le pionnier de la d\u00e9fense de jeunesse guin\u00e9enne Kerfalla Camara Kpc, un prince nalou le grand basse c\u00f4tiers et figures embl\u00e9matiques un grand guerrier qui d\u00e9fend la cause commune \u00ab ma patrie avant tout.\u00bb Cette transmission patriarcale de la couronne [&hellip;]","og_url":"https:\/\/oeilsportif.info\/index.php\/congres-electif-feguifoot-choix-de-bouba-sampil-ce-quecrit-mohamed-pacheco-sylla\/","og_site_name":"le regard du sportif","article_published_time":"2023-11-01T21:46:59+00:00","og_image":[{"width":720,"height":677,"url":"https:\/\/oeilsportif.info\/wp-content\/uploads\/2023\/11\/FB_IMG_1698875123086.jpg","type":"image\/jpeg"}],"author":"L'Equipe de la R\u00e9daction","twitter_misc":{"\u00c9crit par":"L'Equipe de la R\u00e9daction","Dur\u00e9e de lecture estim\u00e9e":"2 minutes"},"schema":{"@context":"https:\/\/schema.org","@graph":[{"@type":"Article","@id":"https:\/\/oeilsportif.info\/index.php\/congres-electif-feguifoot-choix-de-bouba-sampil-ce-quecrit-mohamed-pacheco-sylla\/#article","isPartOf":{"@id":"https:\/\/oeilsportif.info\/index.php\/congres-electif-feguifoot-choix-de-bouba-sampil-ce-quecrit-mohamed-pacheco-sylla\/"},"author":{"name":"L'Equipe de la R\u00e9daction","@id":"https:\/\/oeilsportif.info\/#\/schema\/person\/cfbded294aa6095f7d96608d7905e9a1"},"headline":"Congr\u00e8s \u00e9lectif F\u00e9guifoot : Choix de Bouba Sampil ce qu&rsquo;\u00e9crit Mohamed Pacheco Sylla","datePublished":"2023-11-01T21:46:59+00:00","mainEntityOfPage":{"@id":"https:\/\/oeilsportif.info\/index.php\/congres-electif-feguifoot-choix-de-bouba-sampil-ce-quecrit-mohamed-pacheco-sylla\/"},"wordCount":251,"image":{"@id":"https:\/\/oeilsportif.info\/index.php\/congres-electif-feguifoot-choix-de-bouba-sampil-ce-quecrit-mohamed-pacheco-sylla\/#primaryimage"},"thumbnailUrl":"https:\/\/i0.wp.com\/oeilsportif.info\/wp-content\/uploads\/2023\/11\/FB_IMG_1698875123086.jpg?fit=720%2C677&ssl=1","articleSection":["Actualit\u00e9","Football"],"inLanguage":"fr-FR"},{"@type":"WebPage","@id":"https:\/\/oeilsportif.info\/index.php\/congres-electif-feguifoot-choix-de-bouba-sampil-ce-quecrit-mohamed-pacheco-sylla\/","url":"https:\/\/oeilsportif.info\/index.php\/congres-electif-feguifoot-choix-de-bouba-sampil-ce-quecrit-mohamed-pacheco-sylla\/","name":"Congr\u00e8s \u00e9lectif F\u00e9guifoot : Choix de Bouba Sampil ce qu'\u00e9crit Mohamed Pacheco Sylla - le regard du sportif","isPartOf":{"@id":"https:\/\/oeilsportif.info\/#website"},"primaryImageOfPage":{"@id":"https:\/\/oeilsportif.info\/index.php\/congres-electif-feguifoot-choix-de-bouba-sampil-ce-quecrit-mohamed-pacheco-sylla\/#primaryimage"},"image":{"@id":"https:\/\/oeilsportif.info\/index.php\/congres-electif-feguifoot-choix-de-bouba-sampil-ce-quecrit-mohamed-pacheco-sylla\/#primaryimage"},"thumbnailUrl":"https:\/\/i0.wp.com\/oeilsportif.info\/wp-content\/uploads\/2023\/11\/FB_IMG_1698875123086.jpg?fit=720%2C677&ssl=1","datePublished":"2023-11-01T21:46:59+00:00","author":{"@id":"https:\/\/oeilsportif.info\/#\/schema\/person\/cfbded294aa6095f7d96608d7905e9a1"},"inLanguage":"fr-FR","potentialAction":[{"@type":"ReadAction","target":["https:\/\/oeilsportif.info\/index.php\/congres-electif-feguifoot-choix-de-bouba-sampil-ce-quecrit-mohamed-pacheco-sylla\/"]}]},{"@type":"ImageObject","inLanguage":"fr-FR","@id":"https:\/\/oeilsportif.info\/index.php\/congres-electif-feguifoot-choix-de-bouba-sampil-ce-quecrit-mohamed-pacheco-sylla\/#primaryimage","url":"https:\/\/i0.wp.com\/oeilsportif.info\/wp-content\/uploads\/2023\/11\/FB_IMG_1698875123086.jpg?fit=720%2C677&ssl=1","contentUrl":"https:\/\/i0.wp.com\/oeilsportif.info\/wp-content\/uploads\/2023\/11\/FB_IMG_1698875123086.jpg?fit=720%2C677&ssl=1","width":720,"height":677},{"@type":"WebSite","@id":"https:\/\/oeilsportif.info\/#website","url":"https:\/\/oeilsportif.info\/","name":"le regard du sportif","description":"","potentialAction":[{"@type":"SearchAction","target":{"@type":"EntryPoint","urlTemplate":"https:\/\/oeilsportif.info\/?s={search_term_string}"},"query-input":{"@type":"PropertyValueSpecification","valueRequired":true,"valueName":"search_term_string"}}],"inLanguage":"fr-FR"},{"@type":"Person","@id":"https:\/\/oeilsportif.info\/#\/schema\/person\/cfbded294aa6095f7d96608d7905e9a1","name":"L'Equipe de la R\u00e9daction","image":{"@type":"ImageObject","inLanguage":"fr-FR","@id":"https:\/\/oeilsportif.info\/wp-content\/uploads\/2025\/07\/cropped-cropped-logo-os-96x96.jpeg","url":"https:\/\/oeilsportif.info\/wp-content\/uploads\/2025\/07\/cropped-cropped-logo-os-96x96.jpeg","contentUrl":"https:\/\/oeilsportif.info\/wp-content\/uploads\/2025\/07\/cropped-cropped-logo-os-96x96.jpeg","caption":"L'Equipe de la R\u00e9daction"},"url":"https:\/\/oeilsportif.info\/index.php\/author\/tawel\/"}]}},"jetpack_publicize_connections":[],"jetpack_featured_media_url":"https:\/\/i0.wp.com\/oeilsportif.info\/wp-content\/uploads\/2023\/11\/FB_IMG_1698875123086.jpg?fit=720%2C677&ssl=1","jetpack-related-posts":[],"jetpack_sharing_enabled":true,"jetpack_likes_enabled":true,"jetpack_shortlink":"https:\/\/wp.me\/pgFE77-YE","_links":{"self":[{"href":"https:\/\/oeilsportif.info\/index.php\/wp-json\/wp\/v2\/posts\/3760","targetHints":{"allow":["GET"]}}],"collection":[{"href":"https:\/\/oeilsportif.info\/index.php\/wp-json\/wp\/v2\/posts"}],"about":[{"href":"https:\/\/oeilsportif.info\/index.php\/wp-json\/wp\/v2\/types\/post"}],"author":[{"embeddable":true,"href":"https:\/\/oeilsportif.info\/index.php\/wp-json\/wp\/v2\/users\/2"}],"replies":[{"embeddable":true,"href":"https:\/\/oeilsportif.info\/index.php\/wp-json\/wp\/v2\/comments?post=3760"}],"version-history":[{"count":0,"href":"https:\/\/oeilsportif.info\/index.php\/wp-json\/wp\/v2\/posts\/3760\/revisions"}],"wp:featuredmedia":[{"embeddable":true,"href":"https:\/\/oeilsportif.info\/index.php\/wp-json\/wp\/v2\/media\/3761"}],"wp:attachment":[{"href":"https:\/\/oeilsportif.info\/index.php\/wp-json\/wp\/v2\/media?parent=3760"}],"wp:term":[{"taxonomy":"category","embeddable":true,"href":"https:\/\/oeilsportif.info\/index.php\/wp-json\/wp\/v2\/categories?post=3760"},{"taxonomy":"post_tag","embeddable":true,"href":"https:\/\/oeilsportif.info\/index.php\/wp-json\/wp\/v2\/tags?post=3760"}],"curies":[{"name":"wp","href":"https:\/\/api.w.org\/{rel}","templated":true}]}}