{"id":3750,"date":"2023-11-01T15:25:32","date_gmt":"2023-11-01T15:25:32","guid":{"rendered":"https:\/\/oeilsportif.info\/index.php\/?p=3750"},"modified":"2023-11-01T15:25:32","modified_gmt":"2023-11-01T15:25:32","slug":"caf-awards-2023-les-nommes-de-toutes-les-categories-devoiles","status":"publish","type":"post","link":"https:\/\/oeilsportif.info\/index.php\/caf-awards-2023-les-nommes-de-toutes-les-categories-devoiles\/","title":{"rendered":"CAF Awards 2023 : les nomm\u00e9s de toutes les cat\u00e9gories d\u00e9voil\u00e9s !"},"content":{"rendered":"<p><strong>Quelques heures apr\u00e8s avoir confirm\u00e9 mardi que la c\u00e9r\u00e9monie des\u00a0<a href=\"https:\/\/www.afrik-foot.com\/caf-awards-2023-date\" target=\"_blank\" rel=\"noopener\">CAF Awards 2023<\/a>\u00a0se tiendra le 11 d\u00e9cembre prochain \u00e0 Marrakech au Maroc, la Conf\u00e9d\u00e9ration africaine de football (CAF) a annonc\u00e9 ce mercredi les nomm\u00e9s dans les diff\u00e9rentes cat\u00e9gories masculines. Retrouvez dans cet article la liste des candidats pour chaque prix.<\/strong><\/p>\n<p>La CAF a pr\u00e9cis\u00e9 que les performances des nomm\u00e9s \u201c<em>enregistr\u00e9es entre\u00a0novembre 2022 et septembre 2023<\/em>\u201d ont \u00e9t\u00e9 prises en compte pour dresser ces listes r\u00e9alis\u00e9es par \u201c<em>un panel d&rsquo;experts techniques de la CAF<\/em>\u201c. Les nomm\u00e9es des cat\u00e9gories f\u00e9minines seront annonc\u00e9es ult\u00e9rieurement.<\/p>\n<h2>Joueur Africain de l&rsquo;ann\u00e9e<\/h2>\n<p><a href=\"https:\/\/i0.wp.com\/oeilsportif.info\/wp-content\/uploads\/2023\/11\/FB_IMG_1698852284313.jpg?ssl=1\"><img data-recalc-dims=\"1\" loading=\"lazy\" decoding=\"async\" class=\"alignnone size-full wp-image-3751\" src=\"https:\/\/i0.wp.com\/oeilsportif.info\/wp-content\/uploads\/2023\/11\/FB_IMG_1698852284313.jpg?resize=696%2C870&#038;ssl=1\" alt=\"\" width=\"696\" height=\"870\" srcset=\"https:\/\/i0.wp.com\/oeilsportif.info\/wp-content\/uploads\/2023\/11\/FB_IMG_1698852284313.jpg?w=768&amp;ssl=1 768w, https:\/\/i0.wp.com\/oeilsportif.info\/wp-content\/uploads\/2023\/11\/FB_IMG_1698852284313.jpg?resize=240%2C300&amp;ssl=1 240w, https:\/\/i0.wp.com\/oeilsportif.info\/wp-content\/uploads\/2023\/11\/FB_IMG_1698852284313.jpg?resize=696%2C870&amp;ssl=1 696w, https:\/\/i0.wp.com\/oeilsportif.info\/wp-content\/uploads\/2023\/11\/FB_IMG_1698852284313.jpg?resize=336%2C420&amp;ssl=1 336w\" sizes=\"auto, (max-width: 696px) 100vw, 696px\" \/><\/a><\/p>\n<p>&nbsp;<\/p>\n","protected":false},"excerpt":{"rendered":"<p>Quelques heures apr\u00e8s avoir confirm\u00e9 mardi que la c\u00e9r\u00e9monie des\u00a0CAF Awards 2023\u00a0se tiendra le 11 d\u00e9cembre prochain \u00e0 Marrakech au Maroc, la Conf\u00e9d\u00e9ration africaine de football (CAF) a annonc\u00e9 ce mercredi les nomm\u00e9s dans les diff\u00e9rentes cat\u00e9gories masculines. Retrouvez dans cet article la liste des candidats pour chaque prix. La CAF a pr\u00e9cis\u00e9 que les [&hellip;]<\/p>\n","protected":false},"author":2,"featured_media":3752,"comment_status":"closed","ping_status":"open","sticky":false,"template":"","format":"standard","meta":{"_jetpack_memberships_contains_paid_content":false,"footnotes":"","jetpack_publicize_message":"","jetpack_publicize_feature_enabled":true,"jetpack_social_post_already_shared":true,"jetpack_social_options":{"image_generator_settings":{"template":"highway","default_image_id":0,"font":"","enabled":false},"version":2}},"categories":[10,5],"tags":[],"class_list":{"0":"post-3750","1":"post","2":"type-post","3":"status-publish","4":"format-standard","5":"has-post-thumbnail","7":"category-actualite","8":"category-football"},"yoast_head":"<!-- This site is optimized with the Yoast SEO plugin v27.5 - https:\/\/yoast.com\/product\/yoast-seo-wordpress\/ -->\n<title>CAF Awards 2023 : les nomm\u00e9s de toutes les cat\u00e9gories d\u00e9voil\u00e9s ! - le regard du sportif<\/title>\n<meta name=\"robots\" content=\"index, follow, max-snippet:-1, max-image-preview:large, max-video-preview:-1\" \/>\n<link rel=\"canonical\" href=\"https:\/\/oeilsportif.info\/index.php\/caf-awards-2023-les-nommes-de-toutes-les-categories-devoiles\/\" \/>\n<meta property=\"og:locale\" content=\"fr_FR\" \/>\n<meta property=\"og:type\" content=\"article\" \/>\n<meta property=\"og:title\" content=\"CAF Awards 2023 : les nomm\u00e9s de toutes les cat\u00e9gories d\u00e9voil\u00e9s ! - le regard du sportif\" \/>\n<meta property=\"og:description\" content=\"Quelques heures apr\u00e8s avoir confirm\u00e9 mardi que la c\u00e9r\u00e9monie des\u00a0CAF Awards 2023\u00a0se tiendra le 11 d\u00e9cembre prochain \u00e0 Marrakech au Maroc, la Conf\u00e9d\u00e9ration africaine de football (CAF) a annonc\u00e9 ce mercredi les nomm\u00e9s dans les diff\u00e9rentes cat\u00e9gories masculines. Retrouvez dans cet article la liste des candidats pour chaque prix. La CAF a pr\u00e9cis\u00e9 que les [&hellip;]\" \/>\n<meta property=\"og:url\" content=\"https:\/\/oeilsportif.info\/index.php\/caf-awards-2023-les-nommes-de-toutes-les-categories-devoiles\/\" \/>\n<meta property=\"og:site_name\" content=\"le regard du sportif\" \/>\n<meta property=\"article:published_time\" content=\"2023-11-01T15:25:32+00:00\" \/>\n<meta property=\"og:image\" content=\"https:\/\/oeilsportif.info\/wp-content\/uploads\/2023\/11\/FB_IMG_1698836408792.jpg\" \/>\n\t<meta property=\"og:image:width\" content=\"1080\" \/>\n\t<meta property=\"og:image:height\" content=\"1384\" \/>\n\t<meta property=\"og:image:type\" content=\"image\/jpeg\" \/>\n<meta name=\"author\" content=\"L&#039;Equipe de la R\u00e9daction\" \/>\n<meta name=\"twitter:label1\" content=\"\u00c9crit par\" \/>\n\t<meta name=\"twitter:data1\" content=\"L&#039;Equipe de la R\u00e9daction\" \/>\n\t<meta name=\"twitter:label2\" content=\"Dur\u00e9e de lecture estim\u00e9e\" \/>\n\t<meta name=\"twitter:data2\" content=\"1 minute\" \/>\n<script type=\"application\/ld+json\" class=\"yoast-schema-graph\">{\"@context\":\"https:\\\/\\\/schema.org\",\"@graph\":[{\"@type\":\"Article\",\"@id\":\"https:\\\/\\\/oeilsportif.info\\\/index.php\\\/caf-awards-2023-les-nommes-de-toutes-les-categories-devoiles\\\/#article\",\"isPartOf\":{\"@id\":\"https:\\\/\\\/oeilsportif.info\\\/index.php\\\/caf-awards-2023-les-nommes-de-toutes-les-categories-devoiles\\\/\"},\"author\":{\"name\":\"L'Equipe de la R\u00e9daction\",\"@id\":\"https:\\\/\\\/oeilsportif.info\\\/#\\\/schema\\\/person\\\/cfbded294aa6095f7d96608d7905e9a1\"},\"headline\":\"CAF Awards 2023 : les nomm\u00e9s de toutes les cat\u00e9gories d\u00e9voil\u00e9s !\",\"datePublished\":\"2023-11-01T15:25:32+00:00\",\"mainEntityOfPage\":{\"@id\":\"https:\\\/\\\/oeilsportif.info\\\/index.php\\\/caf-awards-2023-les-nommes-de-toutes-les-categories-devoiles\\\/\"},\"wordCount\":128,\"image\":{\"@id\":\"https:\\\/\\\/oeilsportif.info\\\/index.php\\\/caf-awards-2023-les-nommes-de-toutes-les-categories-devoiles\\\/#primaryimage\"},\"thumbnailUrl\":\"https:\\\/\\\/i0.wp.com\\\/oeilsportif.info\\\/wp-content\\\/uploads\\\/2023\\\/11\\\/FB_IMG_1698836408792.jpg?fit=1080%2C1384&ssl=1\",\"articleSection\":[\"Actualit\u00e9\",\"Football\"],\"inLanguage\":\"fr-FR\"},{\"@type\":\"WebPage\",\"@id\":\"https:\\\/\\\/oeilsportif.info\\\/index.php\\\/caf-awards-2023-les-nommes-de-toutes-les-categories-devoiles\\\/\",\"url\":\"https:\\\/\\\/oeilsportif.info\\\/index.php\\\/caf-awards-2023-les-nommes-de-toutes-les-categories-devoiles\\\/\",\"name\":\"CAF Awards 2023 : les nomm\u00e9s de toutes les cat\u00e9gories d\u00e9voil\u00e9s ! - le regard du sportif\",\"isPartOf\":{\"@id\":\"https:\\\/\\\/oeilsportif.info\\\/#website\"},\"primaryImageOfPage\":{\"@id\":\"https:\\\/\\\/oeilsportif.info\\\/index.php\\\/caf-awards-2023-les-nommes-de-toutes-les-categories-devoiles\\\/#primaryimage\"},\"image\":{\"@id\":\"https:\\\/\\\/oeilsportif.info\\\/index.php\\\/caf-awards-2023-les-nommes-de-toutes-les-categories-devoiles\\\/#primaryimage\"},\"thumbnailUrl\":\"https:\\\/\\\/i0.wp.com\\\/oeilsportif.info\\\/wp-content\\\/uploads\\\/2023\\\/11\\\/FB_IMG_1698836408792.jpg?fit=1080%2C1384&ssl=1\",\"datePublished\":\"2023-11-01T15:25:32+00:00\",\"author\":{\"@id\":\"https:\\\/\\\/oeilsportif.info\\\/#\\\/schema\\\/person\\\/cfbded294aa6095f7d96608d7905e9a1\"},\"inLanguage\":\"fr-FR\",\"potentialAction\":[{\"@type\":\"ReadAction\",\"target\":[\"https:\\\/\\\/oeilsportif.info\\\/index.php\\\/caf-awards-2023-les-nommes-de-toutes-les-categories-devoiles\\\/\"]}]},{\"@type\":\"ImageObject\",\"inLanguage\":\"fr-FR\",\"@id\":\"https:\\\/\\\/oeilsportif.info\\\/index.php\\\/caf-awards-2023-les-nommes-de-toutes-les-categories-devoiles\\\/#primaryimage\",\"url\":\"https:\\\/\\\/i0.wp.com\\\/oeilsportif.info\\\/wp-content\\\/uploads\\\/2023\\\/11\\\/FB_IMG_1698836408792.jpg?fit=1080%2C1384&ssl=1\",\"contentUrl\":\"https:\\\/\\\/i0.wp.com\\\/oeilsportif.info\\\/wp-content\\\/uploads\\\/2023\\\/11\\\/FB_IMG_1698836408792.jpg?fit=1080%2C1384&ssl=1\",\"width\":1080,\"height\":1384},{\"@type\":\"WebSite\",\"@id\":\"https:\\\/\\\/oeilsportif.info\\\/#website\",\"url\":\"https:\\\/\\\/oeilsportif.info\\\/\",\"name\":\"le regard du sportif\",\"description\":\"\",\"potentialAction\":[{\"@type\":\"SearchAction\",\"target\":{\"@type\":\"EntryPoint\",\"urlTemplate\":\"https:\\\/\\\/oeilsportif.info\\\/?s={search_term_string}\"},\"query-input\":{\"@type\":\"PropertyValueSpecification\",\"valueRequired\":true,\"valueName\":\"search_term_string\"}}],\"inLanguage\":\"fr-FR\"},{\"@type\":\"Person\",\"@id\":\"https:\\\/\\\/oeilsportif.info\\\/#\\\/schema\\\/person\\\/cfbded294aa6095f7d96608d7905e9a1\",\"name\":\"L'Equipe de la R\u00e9daction\",\"image\":{\"@type\":\"ImageObject\",\"inLanguage\":\"fr-FR\",\"@id\":\"https:\\\/\\\/oeilsportif.info\\\/wp-content\\\/uploads\\\/2025\\\/07\\\/cropped-cropped-logo-os-96x96.jpeg\",\"url\":\"https:\\\/\\\/oeilsportif.info\\\/wp-content\\\/uploads\\\/2025\\\/07\\\/cropped-cropped-logo-os-96x96.jpeg\",\"contentUrl\":\"https:\\\/\\\/oeilsportif.info\\\/wp-content\\\/uploads\\\/2025\\\/07\\\/cropped-cropped-logo-os-96x96.jpeg\",\"caption\":\"L'Equipe de la R\u00e9daction\"},\"url\":\"https:\\\/\\\/oeilsportif.info\\\/index.php\\\/author\\\/tawel\\\/\"}]}<\/script>\n<!-- \/ Yoast SEO plugin. -->","yoast_head_json":{"title":"CAF Awards 2023 : les nomm\u00e9s de toutes les cat\u00e9gories d\u00e9voil\u00e9s ! - le regard du sportif","robots":{"index":"index","follow":"follow","max-snippet":"max-snippet:-1","max-image-preview":"max-image-preview:large","max-video-preview":"max-video-preview:-1"},"canonical":"https:\/\/oeilsportif.info\/index.php\/caf-awards-2023-les-nommes-de-toutes-les-categories-devoiles\/","og_locale":"fr_FR","og_type":"article","og_title":"CAF Awards 2023 : les nomm\u00e9s de toutes les cat\u00e9gories d\u00e9voil\u00e9s ! - le regard du sportif","og_description":"Quelques heures apr\u00e8s avoir confirm\u00e9 mardi que la c\u00e9r\u00e9monie des\u00a0CAF Awards 2023\u00a0se tiendra le 11 d\u00e9cembre prochain \u00e0 Marrakech au Maroc, la Conf\u00e9d\u00e9ration africaine de football (CAF) a annonc\u00e9 ce mercredi les nomm\u00e9s dans les diff\u00e9rentes cat\u00e9gories masculines. Retrouvez dans cet article la liste des candidats pour chaque prix. La CAF a pr\u00e9cis\u00e9 que les [&hellip;]","og_url":"https:\/\/oeilsportif.info\/index.php\/caf-awards-2023-les-nommes-de-toutes-les-categories-devoiles\/","og_site_name":"le regard du sportif","article_published_time":"2023-11-01T15:25:32+00:00","og_image":[{"width":1080,"height":1384,"url":"https:\/\/oeilsportif.info\/wp-content\/uploads\/2023\/11\/FB_IMG_1698836408792.jpg","type":"image\/jpeg"}],"author":"L'Equipe de la R\u00e9daction","twitter_misc":{"\u00c9crit par":"L'Equipe de la R\u00e9daction","Dur\u00e9e de lecture estim\u00e9e":"1 minute"},"schema":{"@context":"https:\/\/schema.org","@graph":[{"@type":"Article","@id":"https:\/\/oeilsportif.info\/index.php\/caf-awards-2023-les-nommes-de-toutes-les-categories-devoiles\/#article","isPartOf":{"@id":"https:\/\/oeilsportif.info\/index.php\/caf-awards-2023-les-nommes-de-toutes-les-categories-devoiles\/"},"author":{"name":"L'Equipe de la R\u00e9daction","@id":"https:\/\/oeilsportif.info\/#\/schema\/person\/cfbded294aa6095f7d96608d7905e9a1"},"headline":"CAF Awards 2023 : les nomm\u00e9s de toutes les cat\u00e9gories d\u00e9voil\u00e9s !","datePublished":"2023-11-01T15:25:32+00:00","mainEntityOfPage":{"@id":"https:\/\/oeilsportif.info\/index.php\/caf-awards-2023-les-nommes-de-toutes-les-categories-devoiles\/"},"wordCount":128,"image":{"@id":"https:\/\/oeilsportif.info\/index.php\/caf-awards-2023-les-nommes-de-toutes-les-categories-devoiles\/#primaryimage"},"thumbnailUrl":"https:\/\/i0.wp.com\/oeilsportif.info\/wp-content\/uploads\/2023\/11\/FB_IMG_1698836408792.jpg?fit=1080%2C1384&ssl=1","articleSection":["Actualit\u00e9","Football"],"inLanguage":"fr-FR"},{"@type":"WebPage","@id":"https:\/\/oeilsportif.info\/index.php\/caf-awards-2023-les-nommes-de-toutes-les-categories-devoiles\/","url":"https:\/\/oeilsportif.info\/index.php\/caf-awards-2023-les-nommes-de-toutes-les-categories-devoiles\/","name":"CAF Awards 2023 : les nomm\u00e9s de toutes les cat\u00e9gories d\u00e9voil\u00e9s ! - le regard du sportif","isPartOf":{"@id":"https:\/\/oeilsportif.info\/#website"},"primaryImageOfPage":{"@id":"https:\/\/oeilsportif.info\/index.php\/caf-awards-2023-les-nommes-de-toutes-les-categories-devoiles\/#primaryimage"},"image":{"@id":"https:\/\/oeilsportif.info\/index.php\/caf-awards-2023-les-nommes-de-toutes-les-categories-devoiles\/#primaryimage"},"thumbnailUrl":"https:\/\/i0.wp.com\/oeilsportif.info\/wp-content\/uploads\/2023\/11\/FB_IMG_1698836408792.jpg?fit=1080%2C1384&ssl=1","datePublished":"2023-11-01T15:25:32+00:00","author":{"@id":"https:\/\/oeilsportif.info\/#\/schema\/person\/cfbded294aa6095f7d96608d7905e9a1"},"inLanguage":"fr-FR","potentialAction":[{"@type":"ReadAction","target":["https:\/\/oeilsportif.info\/index.php\/caf-awards-2023-les-nommes-de-toutes-les-categories-devoiles\/"]}]},{"@type":"ImageObject","inLanguage":"fr-FR","@id":"https:\/\/oeilsportif.info\/index.php\/caf-awards-2023-les-nommes-de-toutes-les-categories-devoiles\/#primaryimage","url":"https:\/\/i0.wp.com\/oeilsportif.info\/wp-content\/uploads\/2023\/11\/FB_IMG_1698836408792.jpg?fit=1080%2C1384&ssl=1","contentUrl":"https:\/\/i0.wp.com\/oeilsportif.info\/wp-content\/uploads\/2023\/11\/FB_IMG_1698836408792.jpg?fit=1080%2C1384&ssl=1","width":1080,"height":1384},{"@type":"WebSite","@id":"https:\/\/oeilsportif.info\/#website","url":"https:\/\/oeilsportif.info\/","name":"le regard du sportif","description":"","potentialAction":[{"@type":"SearchAction","target":{"@type":"EntryPoint","urlTemplate":"https:\/\/oeilsportif.info\/?s={search_term_string}"},"query-input":{"@type":"PropertyValueSpecification","valueRequired":true,"valueName":"search_term_string"}}],"inLanguage":"fr-FR"},{"@type":"Person","@id":"https:\/\/oeilsportif.info\/#\/schema\/person\/cfbded294aa6095f7d96608d7905e9a1","name":"L'Equipe de la R\u00e9daction","image":{"@type":"ImageObject","inLanguage":"fr-FR","@id":"https:\/\/oeilsportif.info\/wp-content\/uploads\/2025\/07\/cropped-cropped-logo-os-96x96.jpeg","url":"https:\/\/oeilsportif.info\/wp-content\/uploads\/2025\/07\/cropped-cropped-logo-os-96x96.jpeg","contentUrl":"https:\/\/oeilsportif.info\/wp-content\/uploads\/2025\/07\/cropped-cropped-logo-os-96x96.jpeg","caption":"L'Equipe de la R\u00e9daction"},"url":"https:\/\/oeilsportif.info\/index.php\/author\/tawel\/"}]}},"jetpack_publicize_connections":[],"jetpack_featured_media_url":"https:\/\/i0.wp.com\/oeilsportif.info\/wp-content\/uploads\/2023\/11\/FB_IMG_1698836408792.jpg?fit=1080%2C1384&ssl=1","jetpack-related-posts":[],"jetpack_sharing_enabled":true,"jetpack_likes_enabled":true,"jetpack_shortlink":"https:\/\/wp.me\/pgFE77-Yu","_links":{"self":[{"href":"https:\/\/oeilsportif.info\/index.php\/wp-json\/wp\/v2\/posts\/3750","targetHints":{"allow":["GET"]}}],"collection":[{"href":"https:\/\/oeilsportif.info\/index.php\/wp-json\/wp\/v2\/posts"}],"about":[{"href":"https:\/\/oeilsportif.info\/index.php\/wp-json\/wp\/v2\/types\/post"}],"author":[{"embeddable":true,"href":"https:\/\/oeilsportif.info\/index.php\/wp-json\/wp\/v2\/users\/2"}],"replies":[{"embeddable":true,"href":"https:\/\/oeilsportif.info\/index.php\/wp-json\/wp\/v2\/comments?post=3750"}],"version-history":[{"count":0,"href":"https:\/\/oeilsportif.info\/index.php\/wp-json\/wp\/v2\/posts\/3750\/revisions"}],"wp:featuredmedia":[{"embeddable":true,"href":"https:\/\/oeilsportif.info\/index.php\/wp-json\/wp\/v2\/media\/3752"}],"wp:attachment":[{"href":"https:\/\/oeilsportif.info\/index.php\/wp-json\/wp\/v2\/media?parent=3750"}],"wp:term":[{"taxonomy":"category","embeddable":true,"href":"https:\/\/oeilsportif.info\/index.php\/wp-json\/wp\/v2\/categories?post=3750"},{"taxonomy":"post_tag","embeddable":true,"href":"https:\/\/oeilsportif.info\/index.php\/wp-json\/wp\/v2\/tags?post=3750"}],"curies":[{"name":"wp","href":"https:\/\/api.w.org\/{rel}","templated":true}]}}