{"id":374,"date":"2022-05-22T14:27:25","date_gmt":"2022-05-22T14:27:25","guid":{"rendered":"https:\/\/oeilsportif.info\/index.php\/?p=374"},"modified":"2022-05-22T14:27:25","modified_gmt":"2022-05-22T14:27:25","slug":"mohamed-kante-nouvelle-recrue-dodense-bien-faire-pour-moi-et-toute-la-guinee","status":"publish","type":"post","link":"https:\/\/oeilsportif.info\/index.php\/mohamed-kante-nouvelle-recrue-dodense-bien-faire-pour-moi-et-toute-la-guinee\/","title":{"rendered":"Mohamed Kant\u00e9 nouvelle recrue d\u00a0\u00bbOdense : \u00ab Bien faire pour moi et toute la Guin\u00e9e&#8230;\u00bb."},"content":{"rendered":"<p><strong>Apr\u00e8s la signature de son contrat en faveur de club Danois OB Odense, Mohamed Kefing Kant\u00e9 jusque-l\u00e0 attaquant du Hafia FC nous a livr\u00e9 ses sentiments avant son d\u00e9part pour Danemark. Un entretien dans lequel, le jeune attaquant guin\u00e9en s\u2019est dit int\u00e9ress\u00e9 par le projet de son nouveau club, il a ensuite remerci\u00e9 le Hafia FC pour le soutien, avant de promettre tout faire pour que toute la Guin\u00e9e soit fier de lui\u2026<\/strong><\/p>\n<p>Sur les sentiments qui l\u2019ont anim\u00e9 apr\u00e8s la signature de son contrat, Mohamed Kant\u00e9 a r\u00e9pondu : \u00ab <strong>Mes sentiments sont bons. Le projet du club Odens\u00e9 m\u2019a int\u00e9ress\u00e9, je l\u2019ai aim\u00e9. Moi aussi, je vais tout faire pour que je puisse m\u2019adopter pour honorer mes co\u00e9quipiers du Hafia FC, le pr\u00e9sident KPC qui a tout fait pour moi \u00bb.<\/strong> Visiblement content de son nouveau bail, le jeune attaquant a rench\u00e9ri : \u00ab <em><strong>Mes ambitions c\u2019est bien faire pour moi et pour toute la Guin\u00e9e, pour que le pr\u00e9sident ( Kerfalla Camara KPC) nlrd, mes parents et proches soient contents de moi. A moi de travailler, de se concentrer et faire tout possible pour y arriver \u00bb.<\/strong><\/em> Pour finir Kant\u00e9 s\u2019est adress\u00e9 \u00e0 tous ses fans : \u00ab <em><strong>Je dirai \u00e0 mes supporters, mes co\u00e9quipiers de me suivre m\u2019encourager pour que je puisse atteindre mon objectif \u00bb.<\/strong><\/em><\/p>\n<p><strong>S\u00e9kouna Camara<\/strong><\/p>\n","protected":false},"excerpt":{"rendered":"<p>Apr\u00e8s la signature de son contrat en faveur de club Danois OB Odense, Mohamed Kefing Kant\u00e9 jusque-l\u00e0 attaquant du Hafia FC nous a livr\u00e9 ses sentiments avant son d\u00e9part pour Danemark. Un entretien dans lequel, le jeune attaquant guin\u00e9en s\u2019est dit int\u00e9ress\u00e9 par le projet de son nouveau club, il a ensuite remerci\u00e9 le Hafia [&hellip;]<\/p>\n","protected":false},"author":2,"featured_media":375,"comment_status":"closed","ping_status":"open","sticky":false,"template":"","format":"standard","meta":{"_jetpack_memberships_contains_paid_content":false,"footnotes":"","jetpack_publicize_message":"","jetpack_publicize_feature_enabled":true,"jetpack_social_post_already_shared":true,"jetpack_social_options":{"image_generator_settings":{"template":"highway","default_image_id":0,"font":"","enabled":false},"version":2}},"categories":[5],"tags":[],"class_list":{"0":"post-374","1":"post","2":"type-post","3":"status-publish","4":"format-standard","5":"has-post-thumbnail","7":"category-football"},"yoast_head":"<!-- This site is optimized with the Yoast SEO plugin v27.5 - https:\/\/yoast.com\/product\/yoast-seo-wordpress\/ -->\n<title>Mohamed Kant\u00e9 nouvelle recrue d&quot;Odense : \u00ab Bien faire pour moi et toute la Guin\u00e9e...\u00bb. - le regard du sportif<\/title>\n<meta name=\"robots\" content=\"index, follow, max-snippet:-1, max-image-preview:large, max-video-preview:-1\" \/>\n<link rel=\"canonical\" href=\"https:\/\/oeilsportif.info\/index.php\/mohamed-kante-nouvelle-recrue-dodense-bien-faire-pour-moi-et-toute-la-guinee\/\" \/>\n<meta property=\"og:locale\" content=\"fr_FR\" \/>\n<meta property=\"og:type\" content=\"article\" \/>\n<meta property=\"og:title\" content=\"Mohamed Kant\u00e9 nouvelle recrue d&quot;Odense : \u00ab Bien faire pour moi et toute la Guin\u00e9e...\u00bb. - le regard du sportif\" \/>\n<meta property=\"og:description\" content=\"Apr\u00e8s la signature de son contrat en faveur de club Danois OB Odense, Mohamed Kefing Kant\u00e9 jusque-l\u00e0 attaquant du Hafia FC nous a livr\u00e9 ses sentiments avant son d\u00e9part pour Danemark. Un entretien dans lequel, le jeune attaquant guin\u00e9en s\u2019est dit int\u00e9ress\u00e9 par le projet de son nouveau club, il a ensuite remerci\u00e9 le Hafia [&hellip;]\" \/>\n<meta property=\"og:url\" content=\"https:\/\/oeilsportif.info\/index.php\/mohamed-kante-nouvelle-recrue-dodense-bien-faire-pour-moi-et-toute-la-guinee\/\" \/>\n<meta property=\"og:site_name\" content=\"le regard du sportif\" \/>\n<meta property=\"article:published_time\" content=\"2022-05-22T14:27:25+00:00\" \/>\n<meta property=\"og:image\" content=\"https:\/\/oeilsportif.info\/wp-content\/uploads\/2022\/05\/received_360076286188698.jpeg\" \/>\n\t<meta property=\"og:image:width\" content=\"1753\" \/>\n\t<meta property=\"og:image:height\" content=\"1125\" \/>\n\t<meta property=\"og:image:type\" content=\"image\/jpeg\" \/>\n<meta name=\"author\" content=\"L&#039;Equipe de la R\u00e9daction\" \/>\n<meta name=\"twitter:label1\" content=\"\u00c9crit par\" \/>\n\t<meta name=\"twitter:data1\" content=\"L&#039;Equipe de la R\u00e9daction\" \/>\n\t<meta name=\"twitter:label2\" content=\"Dur\u00e9e de lecture estim\u00e9e\" \/>\n\t<meta name=\"twitter:data2\" content=\"2 minutes\" \/>\n<script type=\"application\/ld+json\" class=\"yoast-schema-graph\">{\"@context\":\"https:\\\/\\\/schema.org\",\"@graph\":[{\"@type\":\"Article\",\"@id\":\"https:\\\/\\\/oeilsportif.info\\\/index.php\\\/mohamed-kante-nouvelle-recrue-dodense-bien-faire-pour-moi-et-toute-la-guinee\\\/#article\",\"isPartOf\":{\"@id\":\"https:\\\/\\\/oeilsportif.info\\\/index.php\\\/mohamed-kante-nouvelle-recrue-dodense-bien-faire-pour-moi-et-toute-la-guinee\\\/\"},\"author\":{\"name\":\"L'Equipe de la R\u00e9daction\",\"@id\":\"https:\\\/\\\/oeilsportif.info\\\/#\\\/schema\\\/person\\\/cfbded294aa6095f7d96608d7905e9a1\"},\"headline\":\"Mohamed Kant\u00e9 nouvelle recrue d\u00a0\u00bbOdense : \u00ab Bien faire pour moi et toute la Guin\u00e9e&#8230;\u00bb.\",\"datePublished\":\"2022-05-22T14:27:25+00:00\",\"mainEntityOfPage\":{\"@id\":\"https:\\\/\\\/oeilsportif.info\\\/index.php\\\/mohamed-kante-nouvelle-recrue-dodense-bien-faire-pour-moi-et-toute-la-guinee\\\/\"},\"wordCount\":248,\"image\":{\"@id\":\"https:\\\/\\\/oeilsportif.info\\\/index.php\\\/mohamed-kante-nouvelle-recrue-dodense-bien-faire-pour-moi-et-toute-la-guinee\\\/#primaryimage\"},\"thumbnailUrl\":\"https:\\\/\\\/i0.wp.com\\\/oeilsportif.info\\\/wp-content\\\/uploads\\\/2022\\\/05\\\/received_360076286188698.jpeg?fit=1753%2C1125&ssl=1\",\"articleSection\":[\"Football\"],\"inLanguage\":\"fr-FR\"},{\"@type\":\"WebPage\",\"@id\":\"https:\\\/\\\/oeilsportif.info\\\/index.php\\\/mohamed-kante-nouvelle-recrue-dodense-bien-faire-pour-moi-et-toute-la-guinee\\\/\",\"url\":\"https:\\\/\\\/oeilsportif.info\\\/index.php\\\/mohamed-kante-nouvelle-recrue-dodense-bien-faire-pour-moi-et-toute-la-guinee\\\/\",\"name\":\"Mohamed Kant\u00e9 nouvelle recrue d\\\"Odense : \u00ab Bien faire pour moi et toute la Guin\u00e9e...\u00bb. - le regard du sportif\",\"isPartOf\":{\"@id\":\"https:\\\/\\\/oeilsportif.info\\\/#website\"},\"primaryImageOfPage\":{\"@id\":\"https:\\\/\\\/oeilsportif.info\\\/index.php\\\/mohamed-kante-nouvelle-recrue-dodense-bien-faire-pour-moi-et-toute-la-guinee\\\/#primaryimage\"},\"image\":{\"@id\":\"https:\\\/\\\/oeilsportif.info\\\/index.php\\\/mohamed-kante-nouvelle-recrue-dodense-bien-faire-pour-moi-et-toute-la-guinee\\\/#primaryimage\"},\"thumbnailUrl\":\"https:\\\/\\\/i0.wp.com\\\/oeilsportif.info\\\/wp-content\\\/uploads\\\/2022\\\/05\\\/received_360076286188698.jpeg?fit=1753%2C1125&ssl=1\",\"datePublished\":\"2022-05-22T14:27:25+00:00\",\"author\":{\"@id\":\"https:\\\/\\\/oeilsportif.info\\\/#\\\/schema\\\/person\\\/cfbded294aa6095f7d96608d7905e9a1\"},\"inLanguage\":\"fr-FR\",\"potentialAction\":[{\"@type\":\"ReadAction\",\"target\":[\"https:\\\/\\\/oeilsportif.info\\\/index.php\\\/mohamed-kante-nouvelle-recrue-dodense-bien-faire-pour-moi-et-toute-la-guinee\\\/\"]}]},{\"@type\":\"ImageObject\",\"inLanguage\":\"fr-FR\",\"@id\":\"https:\\\/\\\/oeilsportif.info\\\/index.php\\\/mohamed-kante-nouvelle-recrue-dodense-bien-faire-pour-moi-et-toute-la-guinee\\\/#primaryimage\",\"url\":\"https:\\\/\\\/i0.wp.com\\\/oeilsportif.info\\\/wp-content\\\/uploads\\\/2022\\\/05\\\/received_360076286188698.jpeg?fit=1753%2C1125&ssl=1\",\"contentUrl\":\"https:\\\/\\\/i0.wp.com\\\/oeilsportif.info\\\/wp-content\\\/uploads\\\/2022\\\/05\\\/received_360076286188698.jpeg?fit=1753%2C1125&ssl=1\",\"width\":1753,\"height\":1125},{\"@type\":\"WebSite\",\"@id\":\"https:\\\/\\\/oeilsportif.info\\\/#website\",\"url\":\"https:\\\/\\\/oeilsportif.info\\\/\",\"name\":\"le regard du sportif\",\"description\":\"\",\"potentialAction\":[{\"@type\":\"SearchAction\",\"target\":{\"@type\":\"EntryPoint\",\"urlTemplate\":\"https:\\\/\\\/oeilsportif.info\\\/?s={search_term_string}\"},\"query-input\":{\"@type\":\"PropertyValueSpecification\",\"valueRequired\":true,\"valueName\":\"search_term_string\"}}],\"inLanguage\":\"fr-FR\"},{\"@type\":\"Person\",\"@id\":\"https:\\\/\\\/oeilsportif.info\\\/#\\\/schema\\\/person\\\/cfbded294aa6095f7d96608d7905e9a1\",\"name\":\"L'Equipe de la R\u00e9daction\",\"image\":{\"@type\":\"ImageObject\",\"inLanguage\":\"fr-FR\",\"@id\":\"https:\\\/\\\/oeilsportif.info\\\/wp-content\\\/uploads\\\/2025\\\/07\\\/cropped-cropped-logo-os-96x96.jpeg\",\"url\":\"https:\\\/\\\/oeilsportif.info\\\/wp-content\\\/uploads\\\/2025\\\/07\\\/cropped-cropped-logo-os-96x96.jpeg\",\"contentUrl\":\"https:\\\/\\\/oeilsportif.info\\\/wp-content\\\/uploads\\\/2025\\\/07\\\/cropped-cropped-logo-os-96x96.jpeg\",\"caption\":\"L'Equipe de la R\u00e9daction\"},\"url\":\"https:\\\/\\\/oeilsportif.info\\\/index.php\\\/author\\\/tawel\\\/\"}]}<\/script>\n<!-- \/ Yoast SEO plugin. -->","yoast_head_json":{"title":"Mohamed Kant\u00e9 nouvelle recrue d\"Odense : \u00ab Bien faire pour moi et toute la Guin\u00e9e...\u00bb. - le regard du sportif","robots":{"index":"index","follow":"follow","max-snippet":"max-snippet:-1","max-image-preview":"max-image-preview:large","max-video-preview":"max-video-preview:-1"},"canonical":"https:\/\/oeilsportif.info\/index.php\/mohamed-kante-nouvelle-recrue-dodense-bien-faire-pour-moi-et-toute-la-guinee\/","og_locale":"fr_FR","og_type":"article","og_title":"Mohamed Kant\u00e9 nouvelle recrue d\"Odense : \u00ab Bien faire pour moi et toute la Guin\u00e9e...\u00bb. - le regard du sportif","og_description":"Apr\u00e8s la signature de son contrat en faveur de club Danois OB Odense, Mohamed Kefing Kant\u00e9 jusque-l\u00e0 attaquant du Hafia FC nous a livr\u00e9 ses sentiments avant son d\u00e9part pour Danemark. Un entretien dans lequel, le jeune attaquant guin\u00e9en s\u2019est dit int\u00e9ress\u00e9 par le projet de son nouveau club, il a ensuite remerci\u00e9 le Hafia [&hellip;]","og_url":"https:\/\/oeilsportif.info\/index.php\/mohamed-kante-nouvelle-recrue-dodense-bien-faire-pour-moi-et-toute-la-guinee\/","og_site_name":"le regard du sportif","article_published_time":"2022-05-22T14:27:25+00:00","og_image":[{"width":1753,"height":1125,"url":"https:\/\/oeilsportif.info\/wp-content\/uploads\/2022\/05\/received_360076286188698.jpeg","type":"image\/jpeg"}],"author":"L'Equipe de la R\u00e9daction","twitter_misc":{"\u00c9crit par":"L'Equipe de la R\u00e9daction","Dur\u00e9e de lecture estim\u00e9e":"2 minutes"},"schema":{"@context":"https:\/\/schema.org","@graph":[{"@type":"Article","@id":"https:\/\/oeilsportif.info\/index.php\/mohamed-kante-nouvelle-recrue-dodense-bien-faire-pour-moi-et-toute-la-guinee\/#article","isPartOf":{"@id":"https:\/\/oeilsportif.info\/index.php\/mohamed-kante-nouvelle-recrue-dodense-bien-faire-pour-moi-et-toute-la-guinee\/"},"author":{"name":"L'Equipe de la R\u00e9daction","@id":"https:\/\/oeilsportif.info\/#\/schema\/person\/cfbded294aa6095f7d96608d7905e9a1"},"headline":"Mohamed Kant\u00e9 nouvelle recrue d\u00a0\u00bbOdense : \u00ab Bien faire pour moi et toute la Guin\u00e9e&#8230;\u00bb.","datePublished":"2022-05-22T14:27:25+00:00","mainEntityOfPage":{"@id":"https:\/\/oeilsportif.info\/index.php\/mohamed-kante-nouvelle-recrue-dodense-bien-faire-pour-moi-et-toute-la-guinee\/"},"wordCount":248,"image":{"@id":"https:\/\/oeilsportif.info\/index.php\/mohamed-kante-nouvelle-recrue-dodense-bien-faire-pour-moi-et-toute-la-guinee\/#primaryimage"},"thumbnailUrl":"https:\/\/i0.wp.com\/oeilsportif.info\/wp-content\/uploads\/2022\/05\/received_360076286188698.jpeg?fit=1753%2C1125&ssl=1","articleSection":["Football"],"inLanguage":"fr-FR"},{"@type":"WebPage","@id":"https:\/\/oeilsportif.info\/index.php\/mohamed-kante-nouvelle-recrue-dodense-bien-faire-pour-moi-et-toute-la-guinee\/","url":"https:\/\/oeilsportif.info\/index.php\/mohamed-kante-nouvelle-recrue-dodense-bien-faire-pour-moi-et-toute-la-guinee\/","name":"Mohamed Kant\u00e9 nouvelle recrue d\"Odense : \u00ab Bien faire pour moi et toute la Guin\u00e9e...\u00bb. - le regard du sportif","isPartOf":{"@id":"https:\/\/oeilsportif.info\/#website"},"primaryImageOfPage":{"@id":"https:\/\/oeilsportif.info\/index.php\/mohamed-kante-nouvelle-recrue-dodense-bien-faire-pour-moi-et-toute-la-guinee\/#primaryimage"},"image":{"@id":"https:\/\/oeilsportif.info\/index.php\/mohamed-kante-nouvelle-recrue-dodense-bien-faire-pour-moi-et-toute-la-guinee\/#primaryimage"},"thumbnailUrl":"https:\/\/i0.wp.com\/oeilsportif.info\/wp-content\/uploads\/2022\/05\/received_360076286188698.jpeg?fit=1753%2C1125&ssl=1","datePublished":"2022-05-22T14:27:25+00:00","author":{"@id":"https:\/\/oeilsportif.info\/#\/schema\/person\/cfbded294aa6095f7d96608d7905e9a1"},"inLanguage":"fr-FR","potentialAction":[{"@type":"ReadAction","target":["https:\/\/oeilsportif.info\/index.php\/mohamed-kante-nouvelle-recrue-dodense-bien-faire-pour-moi-et-toute-la-guinee\/"]}]},{"@type":"ImageObject","inLanguage":"fr-FR","@id":"https:\/\/oeilsportif.info\/index.php\/mohamed-kante-nouvelle-recrue-dodense-bien-faire-pour-moi-et-toute-la-guinee\/#primaryimage","url":"https:\/\/i0.wp.com\/oeilsportif.info\/wp-content\/uploads\/2022\/05\/received_360076286188698.jpeg?fit=1753%2C1125&ssl=1","contentUrl":"https:\/\/i0.wp.com\/oeilsportif.info\/wp-content\/uploads\/2022\/05\/received_360076286188698.jpeg?fit=1753%2C1125&ssl=1","width":1753,"height":1125},{"@type":"WebSite","@id":"https:\/\/oeilsportif.info\/#website","url":"https:\/\/oeilsportif.info\/","name":"le regard du sportif","description":"","potentialAction":[{"@type":"SearchAction","target":{"@type":"EntryPoint","urlTemplate":"https:\/\/oeilsportif.info\/?s={search_term_string}"},"query-input":{"@type":"PropertyValueSpecification","valueRequired":true,"valueName":"search_term_string"}}],"inLanguage":"fr-FR"},{"@type":"Person","@id":"https:\/\/oeilsportif.info\/#\/schema\/person\/cfbded294aa6095f7d96608d7905e9a1","name":"L'Equipe de la R\u00e9daction","image":{"@type":"ImageObject","inLanguage":"fr-FR","@id":"https:\/\/oeilsportif.info\/wp-content\/uploads\/2025\/07\/cropped-cropped-logo-os-96x96.jpeg","url":"https:\/\/oeilsportif.info\/wp-content\/uploads\/2025\/07\/cropped-cropped-logo-os-96x96.jpeg","contentUrl":"https:\/\/oeilsportif.info\/wp-content\/uploads\/2025\/07\/cropped-cropped-logo-os-96x96.jpeg","caption":"L'Equipe de la R\u00e9daction"},"url":"https:\/\/oeilsportif.info\/index.php\/author\/tawel\/"}]}},"jetpack_publicize_connections":[],"jetpack_featured_media_url":"https:\/\/i0.wp.com\/oeilsportif.info\/wp-content\/uploads\/2022\/05\/received_360076286188698.jpeg?fit=1753%2C1125&ssl=1","jetpack-related-posts":[],"jetpack_sharing_enabled":true,"jetpack_likes_enabled":true,"jetpack_shortlink":"https:\/\/wp.me\/pgFE77-62","_links":{"self":[{"href":"https:\/\/oeilsportif.info\/index.php\/wp-json\/wp\/v2\/posts\/374","targetHints":{"allow":["GET"]}}],"collection":[{"href":"https:\/\/oeilsportif.info\/index.php\/wp-json\/wp\/v2\/posts"}],"about":[{"href":"https:\/\/oeilsportif.info\/index.php\/wp-json\/wp\/v2\/types\/post"}],"author":[{"embeddable":true,"href":"https:\/\/oeilsportif.info\/index.php\/wp-json\/wp\/v2\/users\/2"}],"replies":[{"embeddable":true,"href":"https:\/\/oeilsportif.info\/index.php\/wp-json\/wp\/v2\/comments?post=374"}],"version-history":[{"count":0,"href":"https:\/\/oeilsportif.info\/index.php\/wp-json\/wp\/v2\/posts\/374\/revisions"}],"wp:featuredmedia":[{"embeddable":true,"href":"https:\/\/oeilsportif.info\/index.php\/wp-json\/wp\/v2\/media\/375"}],"wp:attachment":[{"href":"https:\/\/oeilsportif.info\/index.php\/wp-json\/wp\/v2\/media?parent=374"}],"wp:term":[{"taxonomy":"category","embeddable":true,"href":"https:\/\/oeilsportif.info\/index.php\/wp-json\/wp\/v2\/categories?post=374"},{"taxonomy":"post_tag","embeddable":true,"href":"https:\/\/oeilsportif.info\/index.php\/wp-json\/wp\/v2\/tags?post=374"}],"curies":[{"name":"wp","href":"https:\/\/api.w.org\/{rel}","templated":true}]}}