{"id":3707,"date":"2023-10-25T13:50:46","date_gmt":"2023-10-25T13:50:46","guid":{"rendered":"https:\/\/oeilsportif.info\/index.php\/?p=3707"},"modified":"2023-10-25T13:50:46","modified_gmt":"2023-10-25T13:50:46","slug":"les-defis-sont-enormes-le-discours-de-sadio-mane-apres-le-rachat-du-club-de-bourges-foot-18-video","status":"publish","type":"post","link":"https:\/\/oeilsportif.info\/index.php\/les-defis-sont-enormes-le-discours-de-sadio-mane-apres-le-rachat-du-club-de-bourges-foot-18-video\/","title":{"rendered":"\u00ab Les d\u00e9fis sont \u00e9normes \u00bb, le discours de Sadio Man\u00e9 apr\u00e8s le rachat du club de Bourges Foot 18 (vid\u00e9o)"},"content":{"rendered":"<p><strong>Sadio Man\u00e9 est devenu ce mercredi le nouveau pr\u00e9sident de Bourges Foot 18, club de 4e division fran\u00e7aise. Actuellement \u00e0 Riyadh, en Arabie Saoudite, l\u2019international s\u00e9n\u00e9galais a particip\u00e9 \u00e0 la conf\u00e9rence de presse de l\u2019annonce de son rachat du club par visio-conf\u00e9rence.<\/strong><\/p>\n<p>Face au maire de la ville de Bourges et autres responsables du club, Sadio Man\u00e9 a prononc\u00e9 ses premi\u00e8res paroles en tant que nouveau propri\u00e9taire du club semi-professionnel fran\u00e7ais.<\/p>\n<p><em>\u00ab\u00a0Nous allons travailler ensemble pour d\u00e9velopper et structurer le club. Il faudra essayer de mieux professionnaliser le club. Il est clair que les d\u00e9fis sont \u00e9normes, mais si la population de Bourges restent concern\u00e9s, je pense vraiment qu\u2019on y arrivera\u00a0\u00bb<\/em>, a d\u00e9clar\u00e9 Sadio Man\u00e9, promettant des garanties pour que le club puisse atteindre l\u2019\u00e9lite.<\/p>\n<p>Onze d&rsquo;Afrik<\/p>\n","protected":false},"excerpt":{"rendered":"<p>Sadio Man\u00e9 est devenu ce mercredi le nouveau pr\u00e9sident de Bourges Foot 18, club de 4e division fran\u00e7aise. Actuellement \u00e0 Riyadh, en Arabie Saoudite, l\u2019international s\u00e9n\u00e9galais a particip\u00e9 \u00e0 la conf\u00e9rence de presse de l\u2019annonce de son rachat du club par visio-conf\u00e9rence. Face au maire de la ville de Bourges et autres responsables du club, [&hellip;]<\/p>\n","protected":false},"author":2,"featured_media":3708,"comment_status":"closed","ping_status":"open","sticky":false,"template":"","format":"standard","meta":{"_jetpack_memberships_contains_paid_content":false,"footnotes":"","jetpack_publicize_message":"","jetpack_publicize_feature_enabled":true,"jetpack_social_post_already_shared":true,"jetpack_social_options":{"image_generator_settings":{"template":"highway","default_image_id":0,"font":"","enabled":false},"version":2}},"categories":[10,5],"tags":[],"class_list":{"0":"post-3707","1":"post","2":"type-post","3":"status-publish","4":"format-standard","5":"has-post-thumbnail","7":"category-actualite","8":"category-football"},"yoast_head":"<!-- This site is optimized with the Yoast SEO plugin v27.5 - https:\/\/yoast.com\/product\/yoast-seo-wordpress\/ -->\n<title>\u00ab Les d\u00e9fis sont \u00e9normes \u00bb, le discours de Sadio Man\u00e9 apr\u00e8s le rachat du club de Bourges Foot 18 (vid\u00e9o) - le regard du sportif<\/title>\n<meta name=\"robots\" content=\"index, follow, max-snippet:-1, max-image-preview:large, max-video-preview:-1\" \/>\n<link rel=\"canonical\" href=\"https:\/\/oeilsportif.info\/index.php\/les-defis-sont-enormes-le-discours-de-sadio-mane-apres-le-rachat-du-club-de-bourges-foot-18-video\/\" \/>\n<meta property=\"og:locale\" content=\"fr_FR\" \/>\n<meta property=\"og:type\" content=\"article\" \/>\n<meta property=\"og:title\" content=\"\u00ab Les d\u00e9fis sont \u00e9normes \u00bb, le discours de Sadio Man\u00e9 apr\u00e8s le rachat du club de Bourges Foot 18 (vid\u00e9o) - le regard du sportif\" \/>\n<meta property=\"og:description\" content=\"Sadio Man\u00e9 est devenu ce mercredi le nouveau pr\u00e9sident de Bourges Foot 18, club de 4e division fran\u00e7aise. Actuellement \u00e0 Riyadh, en Arabie Saoudite, l\u2019international s\u00e9n\u00e9galais a particip\u00e9 \u00e0 la conf\u00e9rence de presse de l\u2019annonce de son rachat du club par visio-conf\u00e9rence. Face au maire de la ville de Bourges et autres responsables du club, [&hellip;]\" \/>\n<meta property=\"og:url\" content=\"https:\/\/oeilsportif.info\/index.php\/les-defis-sont-enormes-le-discours-de-sadio-mane-apres-le-rachat-du-club-de-bourges-foot-18-video\/\" \/>\n<meta property=\"og:site_name\" content=\"le regard du sportif\" \/>\n<meta property=\"article:published_time\" content=\"2023-10-25T13:50:46+00:00\" \/>\n<meta property=\"og:image\" content=\"https:\/\/oeilsportif.info\/wp-content\/uploads\/2023\/10\/FB_IMG_1698241825967.jpg\" \/>\n\t<meta property=\"og:image:width\" content=\"800\" \/>\n\t<meta property=\"og:image:height\" content=\"878\" \/>\n\t<meta property=\"og:image:type\" content=\"image\/jpeg\" \/>\n<meta name=\"author\" content=\"L&#039;Equipe de la R\u00e9daction\" \/>\n<meta name=\"twitter:label1\" content=\"\u00c9crit par\" \/>\n\t<meta name=\"twitter:data1\" content=\"L&#039;Equipe de la R\u00e9daction\" \/>\n\t<meta name=\"twitter:label2\" content=\"Dur\u00e9e de lecture estim\u00e9e\" \/>\n\t<meta name=\"twitter:data2\" content=\"1 minute\" \/>\n<script type=\"application\/ld+json\" class=\"yoast-schema-graph\">{\"@context\":\"https:\\\/\\\/schema.org\",\"@graph\":[{\"@type\":\"Article\",\"@id\":\"https:\\\/\\\/oeilsportif.info\\\/index.php\\\/les-defis-sont-enormes-le-discours-de-sadio-mane-apres-le-rachat-du-club-de-bourges-foot-18-video\\\/#article\",\"isPartOf\":{\"@id\":\"https:\\\/\\\/oeilsportif.info\\\/index.php\\\/les-defis-sont-enormes-le-discours-de-sadio-mane-apres-le-rachat-du-club-de-bourges-foot-18-video\\\/\"},\"author\":{\"name\":\"L'Equipe de la R\u00e9daction\",\"@id\":\"https:\\\/\\\/oeilsportif.info\\\/#\\\/schema\\\/person\\\/cfbded294aa6095f7d96608d7905e9a1\"},\"headline\":\"\u00ab Les d\u00e9fis sont \u00e9normes \u00bb, le discours de Sadio Man\u00e9 apr\u00e8s le rachat du club de Bourges Foot 18 (vid\u00e9o)\",\"datePublished\":\"2023-10-25T13:50:46+00:00\",\"mainEntityOfPage\":{\"@id\":\"https:\\\/\\\/oeilsportif.info\\\/index.php\\\/les-defis-sont-enormes-le-discours-de-sadio-mane-apres-le-rachat-du-club-de-bourges-foot-18-video\\\/\"},\"wordCount\":163,\"image\":{\"@id\":\"https:\\\/\\\/oeilsportif.info\\\/index.php\\\/les-defis-sont-enormes-le-discours-de-sadio-mane-apres-le-rachat-du-club-de-bourges-foot-18-video\\\/#primaryimage\"},\"thumbnailUrl\":\"https:\\\/\\\/i0.wp.com\\\/oeilsportif.info\\\/wp-content\\\/uploads\\\/2023\\\/10\\\/FB_IMG_1698241825967.jpg?fit=800%2C878&ssl=1\",\"articleSection\":[\"Actualit\u00e9\",\"Football\"],\"inLanguage\":\"fr-FR\"},{\"@type\":\"WebPage\",\"@id\":\"https:\\\/\\\/oeilsportif.info\\\/index.php\\\/les-defis-sont-enormes-le-discours-de-sadio-mane-apres-le-rachat-du-club-de-bourges-foot-18-video\\\/\",\"url\":\"https:\\\/\\\/oeilsportif.info\\\/index.php\\\/les-defis-sont-enormes-le-discours-de-sadio-mane-apres-le-rachat-du-club-de-bourges-foot-18-video\\\/\",\"name\":\"\u00ab Les d\u00e9fis sont \u00e9normes \u00bb, le discours de Sadio Man\u00e9 apr\u00e8s le rachat du club de Bourges Foot 18 (vid\u00e9o) - le regard du sportif\",\"isPartOf\":{\"@id\":\"https:\\\/\\\/oeilsportif.info\\\/#website\"},\"primaryImageOfPage\":{\"@id\":\"https:\\\/\\\/oeilsportif.info\\\/index.php\\\/les-defis-sont-enormes-le-discours-de-sadio-mane-apres-le-rachat-du-club-de-bourges-foot-18-video\\\/#primaryimage\"},\"image\":{\"@id\":\"https:\\\/\\\/oeilsportif.info\\\/index.php\\\/les-defis-sont-enormes-le-discours-de-sadio-mane-apres-le-rachat-du-club-de-bourges-foot-18-video\\\/#primaryimage\"},\"thumbnailUrl\":\"https:\\\/\\\/i0.wp.com\\\/oeilsportif.info\\\/wp-content\\\/uploads\\\/2023\\\/10\\\/FB_IMG_1698241825967.jpg?fit=800%2C878&ssl=1\",\"datePublished\":\"2023-10-25T13:50:46+00:00\",\"author\":{\"@id\":\"https:\\\/\\\/oeilsportif.info\\\/#\\\/schema\\\/person\\\/cfbded294aa6095f7d96608d7905e9a1\"},\"inLanguage\":\"fr-FR\",\"potentialAction\":[{\"@type\":\"ReadAction\",\"target\":[\"https:\\\/\\\/oeilsportif.info\\\/index.php\\\/les-defis-sont-enormes-le-discours-de-sadio-mane-apres-le-rachat-du-club-de-bourges-foot-18-video\\\/\"]}]},{\"@type\":\"ImageObject\",\"inLanguage\":\"fr-FR\",\"@id\":\"https:\\\/\\\/oeilsportif.info\\\/index.php\\\/les-defis-sont-enormes-le-discours-de-sadio-mane-apres-le-rachat-du-club-de-bourges-foot-18-video\\\/#primaryimage\",\"url\":\"https:\\\/\\\/i0.wp.com\\\/oeilsportif.info\\\/wp-content\\\/uploads\\\/2023\\\/10\\\/FB_IMG_1698241825967.jpg?fit=800%2C878&ssl=1\",\"contentUrl\":\"https:\\\/\\\/i0.wp.com\\\/oeilsportif.info\\\/wp-content\\\/uploads\\\/2023\\\/10\\\/FB_IMG_1698241825967.jpg?fit=800%2C878&ssl=1\",\"width\":800,\"height\":878},{\"@type\":\"WebSite\",\"@id\":\"https:\\\/\\\/oeilsportif.info\\\/#website\",\"url\":\"https:\\\/\\\/oeilsportif.info\\\/\",\"name\":\"le regard du sportif\",\"description\":\"\",\"potentialAction\":[{\"@type\":\"SearchAction\",\"target\":{\"@type\":\"EntryPoint\",\"urlTemplate\":\"https:\\\/\\\/oeilsportif.info\\\/?s={search_term_string}\"},\"query-input\":{\"@type\":\"PropertyValueSpecification\",\"valueRequired\":true,\"valueName\":\"search_term_string\"}}],\"inLanguage\":\"fr-FR\"},{\"@type\":\"Person\",\"@id\":\"https:\\\/\\\/oeilsportif.info\\\/#\\\/schema\\\/person\\\/cfbded294aa6095f7d96608d7905e9a1\",\"name\":\"L'Equipe de la R\u00e9daction\",\"image\":{\"@type\":\"ImageObject\",\"inLanguage\":\"fr-FR\",\"@id\":\"https:\\\/\\\/oeilsportif.info\\\/wp-content\\\/uploads\\\/2025\\\/07\\\/cropped-cropped-logo-os-96x96.jpeg\",\"url\":\"https:\\\/\\\/oeilsportif.info\\\/wp-content\\\/uploads\\\/2025\\\/07\\\/cropped-cropped-logo-os-96x96.jpeg\",\"contentUrl\":\"https:\\\/\\\/oeilsportif.info\\\/wp-content\\\/uploads\\\/2025\\\/07\\\/cropped-cropped-logo-os-96x96.jpeg\",\"caption\":\"L'Equipe de la R\u00e9daction\"},\"url\":\"https:\\\/\\\/oeilsportif.info\\\/index.php\\\/author\\\/tawel\\\/\"}]}<\/script>\n<!-- \/ Yoast SEO plugin. -->","yoast_head_json":{"title":"\u00ab Les d\u00e9fis sont \u00e9normes \u00bb, le discours de Sadio Man\u00e9 apr\u00e8s le rachat du club de Bourges Foot 18 (vid\u00e9o) - le regard du sportif","robots":{"index":"index","follow":"follow","max-snippet":"max-snippet:-1","max-image-preview":"max-image-preview:large","max-video-preview":"max-video-preview:-1"},"canonical":"https:\/\/oeilsportif.info\/index.php\/les-defis-sont-enormes-le-discours-de-sadio-mane-apres-le-rachat-du-club-de-bourges-foot-18-video\/","og_locale":"fr_FR","og_type":"article","og_title":"\u00ab Les d\u00e9fis sont \u00e9normes \u00bb, le discours de Sadio Man\u00e9 apr\u00e8s le rachat du club de Bourges Foot 18 (vid\u00e9o) - le regard du sportif","og_description":"Sadio Man\u00e9 est devenu ce mercredi le nouveau pr\u00e9sident de Bourges Foot 18, club de 4e division fran\u00e7aise. Actuellement \u00e0 Riyadh, en Arabie Saoudite, l\u2019international s\u00e9n\u00e9galais a particip\u00e9 \u00e0 la conf\u00e9rence de presse de l\u2019annonce de son rachat du club par visio-conf\u00e9rence. Face au maire de la ville de Bourges et autres responsables du club, [&hellip;]","og_url":"https:\/\/oeilsportif.info\/index.php\/les-defis-sont-enormes-le-discours-de-sadio-mane-apres-le-rachat-du-club-de-bourges-foot-18-video\/","og_site_name":"le regard du sportif","article_published_time":"2023-10-25T13:50:46+00:00","og_image":[{"width":800,"height":878,"url":"https:\/\/oeilsportif.info\/wp-content\/uploads\/2023\/10\/FB_IMG_1698241825967.jpg","type":"image\/jpeg"}],"author":"L'Equipe de la R\u00e9daction","twitter_misc":{"\u00c9crit par":"L'Equipe de la R\u00e9daction","Dur\u00e9e de lecture estim\u00e9e":"1 minute"},"schema":{"@context":"https:\/\/schema.org","@graph":[{"@type":"Article","@id":"https:\/\/oeilsportif.info\/index.php\/les-defis-sont-enormes-le-discours-de-sadio-mane-apres-le-rachat-du-club-de-bourges-foot-18-video\/#article","isPartOf":{"@id":"https:\/\/oeilsportif.info\/index.php\/les-defis-sont-enormes-le-discours-de-sadio-mane-apres-le-rachat-du-club-de-bourges-foot-18-video\/"},"author":{"name":"L'Equipe de la R\u00e9daction","@id":"https:\/\/oeilsportif.info\/#\/schema\/person\/cfbded294aa6095f7d96608d7905e9a1"},"headline":"\u00ab Les d\u00e9fis sont \u00e9normes \u00bb, le discours de Sadio Man\u00e9 apr\u00e8s le rachat du club de Bourges Foot 18 (vid\u00e9o)","datePublished":"2023-10-25T13:50:46+00:00","mainEntityOfPage":{"@id":"https:\/\/oeilsportif.info\/index.php\/les-defis-sont-enormes-le-discours-de-sadio-mane-apres-le-rachat-du-club-de-bourges-foot-18-video\/"},"wordCount":163,"image":{"@id":"https:\/\/oeilsportif.info\/index.php\/les-defis-sont-enormes-le-discours-de-sadio-mane-apres-le-rachat-du-club-de-bourges-foot-18-video\/#primaryimage"},"thumbnailUrl":"https:\/\/i0.wp.com\/oeilsportif.info\/wp-content\/uploads\/2023\/10\/FB_IMG_1698241825967.jpg?fit=800%2C878&ssl=1","articleSection":["Actualit\u00e9","Football"],"inLanguage":"fr-FR"},{"@type":"WebPage","@id":"https:\/\/oeilsportif.info\/index.php\/les-defis-sont-enormes-le-discours-de-sadio-mane-apres-le-rachat-du-club-de-bourges-foot-18-video\/","url":"https:\/\/oeilsportif.info\/index.php\/les-defis-sont-enormes-le-discours-de-sadio-mane-apres-le-rachat-du-club-de-bourges-foot-18-video\/","name":"\u00ab Les d\u00e9fis sont \u00e9normes \u00bb, le discours de Sadio Man\u00e9 apr\u00e8s le rachat du club de Bourges Foot 18 (vid\u00e9o) - le regard du sportif","isPartOf":{"@id":"https:\/\/oeilsportif.info\/#website"},"primaryImageOfPage":{"@id":"https:\/\/oeilsportif.info\/index.php\/les-defis-sont-enormes-le-discours-de-sadio-mane-apres-le-rachat-du-club-de-bourges-foot-18-video\/#primaryimage"},"image":{"@id":"https:\/\/oeilsportif.info\/index.php\/les-defis-sont-enormes-le-discours-de-sadio-mane-apres-le-rachat-du-club-de-bourges-foot-18-video\/#primaryimage"},"thumbnailUrl":"https:\/\/i0.wp.com\/oeilsportif.info\/wp-content\/uploads\/2023\/10\/FB_IMG_1698241825967.jpg?fit=800%2C878&ssl=1","datePublished":"2023-10-25T13:50:46+00:00","author":{"@id":"https:\/\/oeilsportif.info\/#\/schema\/person\/cfbded294aa6095f7d96608d7905e9a1"},"inLanguage":"fr-FR","potentialAction":[{"@type":"ReadAction","target":["https:\/\/oeilsportif.info\/index.php\/les-defis-sont-enormes-le-discours-de-sadio-mane-apres-le-rachat-du-club-de-bourges-foot-18-video\/"]}]},{"@type":"ImageObject","inLanguage":"fr-FR","@id":"https:\/\/oeilsportif.info\/index.php\/les-defis-sont-enormes-le-discours-de-sadio-mane-apres-le-rachat-du-club-de-bourges-foot-18-video\/#primaryimage","url":"https:\/\/i0.wp.com\/oeilsportif.info\/wp-content\/uploads\/2023\/10\/FB_IMG_1698241825967.jpg?fit=800%2C878&ssl=1","contentUrl":"https:\/\/i0.wp.com\/oeilsportif.info\/wp-content\/uploads\/2023\/10\/FB_IMG_1698241825967.jpg?fit=800%2C878&ssl=1","width":800,"height":878},{"@type":"WebSite","@id":"https:\/\/oeilsportif.info\/#website","url":"https:\/\/oeilsportif.info\/","name":"le regard du sportif","description":"","potentialAction":[{"@type":"SearchAction","target":{"@type":"EntryPoint","urlTemplate":"https:\/\/oeilsportif.info\/?s={search_term_string}"},"query-input":{"@type":"PropertyValueSpecification","valueRequired":true,"valueName":"search_term_string"}}],"inLanguage":"fr-FR"},{"@type":"Person","@id":"https:\/\/oeilsportif.info\/#\/schema\/person\/cfbded294aa6095f7d96608d7905e9a1","name":"L'Equipe de la R\u00e9daction","image":{"@type":"ImageObject","inLanguage":"fr-FR","@id":"https:\/\/oeilsportif.info\/wp-content\/uploads\/2025\/07\/cropped-cropped-logo-os-96x96.jpeg","url":"https:\/\/oeilsportif.info\/wp-content\/uploads\/2025\/07\/cropped-cropped-logo-os-96x96.jpeg","contentUrl":"https:\/\/oeilsportif.info\/wp-content\/uploads\/2025\/07\/cropped-cropped-logo-os-96x96.jpeg","caption":"L'Equipe de la R\u00e9daction"},"url":"https:\/\/oeilsportif.info\/index.php\/author\/tawel\/"}]}},"jetpack_publicize_connections":[],"jetpack_featured_media_url":"https:\/\/i0.wp.com\/oeilsportif.info\/wp-content\/uploads\/2023\/10\/FB_IMG_1698241825967.jpg?fit=800%2C878&ssl=1","jetpack-related-posts":[],"jetpack_sharing_enabled":true,"jetpack_likes_enabled":true,"jetpack_shortlink":"https:\/\/wp.me\/pgFE77-XN","_links":{"self":[{"href":"https:\/\/oeilsportif.info\/index.php\/wp-json\/wp\/v2\/posts\/3707","targetHints":{"allow":["GET"]}}],"collection":[{"href":"https:\/\/oeilsportif.info\/index.php\/wp-json\/wp\/v2\/posts"}],"about":[{"href":"https:\/\/oeilsportif.info\/index.php\/wp-json\/wp\/v2\/types\/post"}],"author":[{"embeddable":true,"href":"https:\/\/oeilsportif.info\/index.php\/wp-json\/wp\/v2\/users\/2"}],"replies":[{"embeddable":true,"href":"https:\/\/oeilsportif.info\/index.php\/wp-json\/wp\/v2\/comments?post=3707"}],"version-history":[{"count":0,"href":"https:\/\/oeilsportif.info\/index.php\/wp-json\/wp\/v2\/posts\/3707\/revisions"}],"wp:featuredmedia":[{"embeddable":true,"href":"https:\/\/oeilsportif.info\/index.php\/wp-json\/wp\/v2\/media\/3708"}],"wp:attachment":[{"href":"https:\/\/oeilsportif.info\/index.php\/wp-json\/wp\/v2\/media?parent=3707"}],"wp:term":[{"taxonomy":"category","embeddable":true,"href":"https:\/\/oeilsportif.info\/index.php\/wp-json\/wp\/v2\/categories?post=3707"},{"taxonomy":"post_tag","embeddable":true,"href":"https:\/\/oeilsportif.info\/index.php\/wp-json\/wp\/v2\/tags?post=3707"}],"curies":[{"name":"wp","href":"https:\/\/api.w.org\/{rel}","templated":true}]}}