{"id":3689,"date":"2023-10-24T08:36:37","date_gmt":"2023-10-24T08:36:37","guid":{"rendered":"https:\/\/oeilsportif.info\/index.php\/?p=3689"},"modified":"2023-10-24T08:41:03","modified_gmt":"2023-10-24T08:41:03","slug":"can-2023-pokou-le-ballon-officiel-devoile","status":"publish","type":"post","link":"https:\/\/oeilsportif.info\/index.php\/can-2023-pokou-le-ballon-officiel-devoile\/","title":{"rendered":"CAN 2023 : \u201cPokou\u201d, le ballon officiel d\u00e9voil\u00e9 !"},"content":{"rendered":"<p><strong>A exactement deux mois et 21 jours du d\u00e9but de la\u00a0<a href=\"https:\/\/www.afrik-foot.com\/can-2023-tirage-senegal-maroc-rdc-algerie-cote-ivoire\" target=\"_blank\" rel=\"noopener\">CAN 2023<\/a>, la Conf\u00e9d\u00e9ration africaine de football (CAF) et l\u2019\u00e9quipementier Puma ont pr\u00e9sent\u00e9 le ballon officiel de la comp\u00e9tition ce lundi.<\/strong><\/p>\n<p>Il avait \u00e9t\u00e9 pr\u00e9sent\u00e9 une premi\u00e8re fois, furtivement, le 12 octobre dernier, en marge de la c\u00e9r\u00e9monie de tirage au sort de la phase finale de la CAN, pr\u00e9vue du 13 janvier au 11 f\u00e9vrier 2024 en\u00a0<a href=\"https:\/\/www.afrik-foot.com\/ebimpe-stade-pelouse-polemique-cote-ivoire-can-2023\" target=\"_blank\" rel=\"noopener\"><strong>C\u00f4te d\u2019Ivoire<\/strong><\/a>. Le ballon officiel de cette 34<sup>e<\/sup>\u00a0\u00e9dition, puisque c\u2019est ce dont il s\u2019agit, avait \u00e9t\u00e9 port\u00e9 par Erwan \u00c9douard Pokou, fils de la l\u00e9gende ivoirienne au poste d\u2019attaquant Laurent Pokou (30 s\u00e9lections, 21 buts).<a href=\"https:\/\/i0.wp.com\/oeilsportif.info\/wp-content\/uploads\/2023\/10\/FB_IMG_1698136438313.jpg?ssl=1\"><img data-recalc-dims=\"1\" loading=\"lazy\" decoding=\"async\" class=\"alignnone size-full wp-image-3692\" src=\"https:\/\/i0.wp.com\/oeilsportif.info\/wp-content\/uploads\/2023\/10\/FB_IMG_1698136438313.jpg?resize=696%2C870&#038;ssl=1\" alt=\"\" width=\"696\" height=\"870\" srcset=\"https:\/\/i0.wp.com\/oeilsportif.info\/wp-content\/uploads\/2023\/10\/FB_IMG_1698136438313.jpg?w=1080&amp;ssl=1 1080w, https:\/\/i0.wp.com\/oeilsportif.info\/wp-content\/uploads\/2023\/10\/FB_IMG_1698136438313.jpg?resize=240%2C300&amp;ssl=1 240w, https:\/\/i0.wp.com\/oeilsportif.info\/wp-content\/uploads\/2023\/10\/FB_IMG_1698136438313.jpg?resize=819%2C1024&amp;ssl=1 819w, https:\/\/i0.wp.com\/oeilsportif.info\/wp-content\/uploads\/2023\/10\/FB_IMG_1698136438313.jpg?resize=768%2C960&amp;ssl=1 768w, https:\/\/i0.wp.com\/oeilsportif.info\/wp-content\/uploads\/2023\/10\/FB_IMG_1698136438313.jpg?resize=696%2C870&amp;ssl=1 696w, https:\/\/i0.wp.com\/oeilsportif.info\/wp-content\/uploads\/2023\/10\/FB_IMG_1698136438313.jpg?resize=1068%2C1335&amp;ssl=1 1068w, https:\/\/i0.wp.com\/oeilsportif.info\/wp-content\/uploads\/2023\/10\/FB_IMG_1698136438313.jpg?resize=336%2C420&amp;ssl=1 336w\" sizes=\"auto, (max-width: 696px) 100vw, 696px\" \/><\/a><\/p>\n<p>Onze jours plus tard, ce lundi 23 octobre 2023, la CAF et le sponsor officiel Puma ont officiellement d\u00e9voil\u00e9 le cuir qui sera la principale attraction de la comp\u00e9tition. Celui-ci affiche sur son enveloppe ext\u00e9rieure blanche des motifs orange et verts, renvoyant \u00e0 deux des trois couleurs du drapeau ivoirien. Comme mentionn\u00e9 sur le site officiel de la CAF, il incorpore\u00a0<em>\u00ab\u00a0les derni\u00e8res technologies qui r\u00e9volutionneront le jeu sur le continent et au-del\u00e0\u00a0\u00bb<\/em>.<a href=\"https:\/\/i0.wp.com\/oeilsportif.info\/wp-content\/uploads\/2023\/10\/FB_IMG_1698136440725.jpg?ssl=1\"><img data-recalc-dims=\"1\" loading=\"lazy\" decoding=\"async\" class=\"alignnone size-full wp-image-3691\" src=\"https:\/\/i0.wp.com\/oeilsportif.info\/wp-content\/uploads\/2023\/10\/FB_IMG_1698136440725.jpg?resize=696%2C696&#038;ssl=1\" alt=\"\" width=\"696\" height=\"696\" srcset=\"https:\/\/i0.wp.com\/oeilsportif.info\/wp-content\/uploads\/2023\/10\/FB_IMG_1698136440725.jpg?w=1080&amp;ssl=1 1080w, https:\/\/i0.wp.com\/oeilsportif.info\/wp-content\/uploads\/2023\/10\/FB_IMG_1698136440725.jpg?resize=300%2C300&amp;ssl=1 300w, https:\/\/i0.wp.com\/oeilsportif.info\/wp-content\/uploads\/2023\/10\/FB_IMG_1698136440725.jpg?resize=1024%2C1024&amp;ssl=1 1024w, https:\/\/i0.wp.com\/oeilsportif.info\/wp-content\/uploads\/2023\/10\/FB_IMG_1698136440725.jpg?resize=150%2C150&amp;ssl=1 150w, https:\/\/i0.wp.com\/oeilsportif.info\/wp-content\/uploads\/2023\/10\/FB_IMG_1698136440725.jpg?resize=768%2C768&amp;ssl=1 768w, https:\/\/i0.wp.com\/oeilsportif.info\/wp-content\/uploads\/2023\/10\/FB_IMG_1698136440725.jpg?resize=696%2C696&amp;ssl=1 696w, https:\/\/i0.wp.com\/oeilsportif.info\/wp-content\/uploads\/2023\/10\/FB_IMG_1698136440725.jpg?resize=1068%2C1068&amp;ssl=1 1068w, https:\/\/i0.wp.com\/oeilsportif.info\/wp-content\/uploads\/2023\/10\/FB_IMG_1698136440725.jpg?resize=420%2C420&amp;ssl=1 420w\" sizes=\"auto, (max-width: 696px) 100vw, 696px\" \/><\/a><\/p>\n<p>Il a \u00e9t\u00e9 nomm\u00e9 \u00ab\u00a0Pokou\u00a0\u00bb en hommage \u00e0 l\u2019ancien buteur embl\u00e9matique des \u00c9l\u00e9phants Laurent Pokou,\u00a0<a href=\"https:\/\/www.afrik-foot.com\/cote-d-ivoire-laurent-pokou-n-est-plus\" target=\"_blank\" rel=\"noopener\"><strong>d\u00e9c\u00e9d\u00e9 en 2016 \u00e0 l\u2019\u00e2ge de 69 ans<\/strong><\/a>.\u00a0<em>\u00ab\u00a0C&rsquo;est un moment \u00e9mouvant pour ma famille\u00a0\u00bb<\/em>, a r\u00e9agi Erwan Pokou dans des propos rapport\u00e9s ce lundi par le site officiel de la CAF.\u00a0<em>\u00ab\u00a0C&rsquo;est un grand honneur pour mon d\u00e9funt p\u00e8re, qui a consacr\u00e9 sa vie au football ivoirien, de voir que le ballon officiel de la CAN en C\u00f4te d&rsquo;Ivoire porte son nom. La famille appr\u00e9cie les engagements de la CAF et du COCAN dans cette c\u00e9l\u00e9bration des h\u00e9ros et des h\u00e9ro\u00efnes du football africain. Cela va motiver et inspirer les g\u00e9n\u00e9rations futures \u00e0 suivre leur exemple\u00a0\u00bb<\/em>, a-t-il ajout\u00e9.<a href=\"https:\/\/i0.wp.com\/oeilsportif.info\/wp-content\/uploads\/2023\/10\/FB_IMG_1698136442854-1.jpg?ssl=1\"><img data-recalc-dims=\"1\" loading=\"lazy\" decoding=\"async\" class=\"alignnone size-full wp-image-3695\" src=\"https:\/\/i0.wp.com\/oeilsportif.info\/wp-content\/uploads\/2023\/10\/FB_IMG_1698136442854-1.jpg?resize=696%2C696&#038;ssl=1\" alt=\"\" width=\"696\" height=\"696\" srcset=\"https:\/\/i0.wp.com\/oeilsportif.info\/wp-content\/uploads\/2023\/10\/FB_IMG_1698136442854-1.jpg?w=1080&amp;ssl=1 1080w, https:\/\/i0.wp.com\/oeilsportif.info\/wp-content\/uploads\/2023\/10\/FB_IMG_1698136442854-1.jpg?resize=300%2C300&amp;ssl=1 300w, https:\/\/i0.wp.com\/oeilsportif.info\/wp-content\/uploads\/2023\/10\/FB_IMG_1698136442854-1.jpg?resize=1024%2C1024&amp;ssl=1 1024w, https:\/\/i0.wp.com\/oeilsportif.info\/wp-content\/uploads\/2023\/10\/FB_IMG_1698136442854-1.jpg?resize=150%2C150&amp;ssl=1 150w, https:\/\/i0.wp.com\/oeilsportif.info\/wp-content\/uploads\/2023\/10\/FB_IMG_1698136442854-1.jpg?resize=768%2C768&amp;ssl=1 768w, https:\/\/i0.wp.com\/oeilsportif.info\/wp-content\/uploads\/2023\/10\/FB_IMG_1698136442854-1.jpg?resize=696%2C696&amp;ssl=1 696w, https:\/\/i0.wp.com\/oeilsportif.info\/wp-content\/uploads\/2023\/10\/FB_IMG_1698136442854-1.jpg?resize=1068%2C1068&amp;ssl=1 1068w, https:\/\/i0.wp.com\/oeilsportif.info\/wp-content\/uploads\/2023\/10\/FB_IMG_1698136442854-1.jpg?resize=420%2C420&amp;ssl=1 420w\" sizes=\"auto, (max-width: 696px) 100vw, 696px\" \/><\/a><\/p>\n<p>C\u2019est la deuxi\u00e8me fois que le nom de l\u2019ancien goleador de l\u2019ASEC Mimosas, du Stade Rennais et l\u2019AS Nancy sert notoirement de bapt\u00eame dans le cadre footballistique. Auparavant, le stade de San Pedro, qui sera un des th\u00e9\u00e2tres des matches de la prochaine CAN, a h\u00e9rit\u00e9 de son appellation en avril dernier.<a href=\"https:\/\/i0.wp.com\/oeilsportif.info\/wp-content\/uploads\/2023\/10\/FB_IMG_1698136432281.jpg?ssl=1\"><img data-recalc-dims=\"1\" loading=\"lazy\" decoding=\"async\" class=\"alignnone size-full wp-image-3690\" src=\"https:\/\/i0.wp.com\/oeilsportif.info\/wp-content\/uploads\/2023\/10\/FB_IMG_1698136432281.jpg?resize=696%2C393&#038;ssl=1\" alt=\"\" width=\"696\" height=\"393\" srcset=\"https:\/\/i0.wp.com\/oeilsportif.info\/wp-content\/uploads\/2023\/10\/FB_IMG_1698136432281.jpg?w=828&amp;ssl=1 828w, https:\/\/i0.wp.com\/oeilsportif.info\/wp-content\/uploads\/2023\/10\/FB_IMG_1698136432281.jpg?resize=300%2C170&amp;ssl=1 300w, https:\/\/i0.wp.com\/oeilsportif.info\/wp-content\/uploads\/2023\/10\/FB_IMG_1698136432281.jpg?resize=768%2C434&amp;ssl=1 768w, https:\/\/i0.wp.com\/oeilsportif.info\/wp-content\/uploads\/2023\/10\/FB_IMG_1698136432281.jpg?resize=696%2C393&amp;ssl=1 696w, https:\/\/i0.wp.com\/oeilsportif.info\/wp-content\/uploads\/2023\/10\/FB_IMG_1698136432281.jpg?resize=743%2C420&amp;ssl=1 743w\" sizes=\"auto, (max-width: 696px) 100vw, 696px\" \/><\/a><\/p>\n<p>Avec ses 14 buts en phase finale, Laurent Pokou a \u00e9t\u00e9 le meilleur buteur de l\u2019histoire de la CAN pendant plus de 30 ans, avant d\u2019\u00eatre d\u00e9tr\u00f4n\u00e9 en 2008 par le Camerounais Samuel Eto\u2019o, nouveau recordman avec 18 r\u00e9alisations. Deux fois demi-finalistes (1968, 1970), il d\u00e9tient \u00e0 ce jour le record de buts marqu\u00e9s par un joueur lors d\u2019un match de phase finale de la CAN. \u00c0 l\u2019occasion du 3<sup>e<\/sup>\u00a0match de groupe, en f\u00e9vrier 1970, \u00ab l\u2019homme d\u2019Asmara \u00bb avait en effet inscrit un quintupl\u00e9 in\u00e9dit pour la victoire de la Selephanto face \u00e0 l\u2019\u00c9thiopie (6-1).<\/p>\n<p>Source : Afrik-Foot<\/p>\n","protected":false},"excerpt":{"rendered":"<p>A exactement deux mois et 21 jours du d\u00e9but de la\u00a0CAN 2023, la Conf\u00e9d\u00e9ration africaine de football (CAF) et l\u2019\u00e9quipementier Puma ont pr\u00e9sent\u00e9 le ballon officiel de la comp\u00e9tition ce lundi. Il avait \u00e9t\u00e9 pr\u00e9sent\u00e9 une premi\u00e8re fois, furtivement, le 12 octobre dernier, en marge de la c\u00e9r\u00e9monie de tirage au sort de la phase [&hellip;]<\/p>\n","protected":false},"author":2,"featured_media":3692,"comment_status":"closed","ping_status":"open","sticky":false,"template":"","format":"standard","meta":{"_jetpack_memberships_contains_paid_content":false,"footnotes":"","jetpack_publicize_message":"","jetpack_publicize_feature_enabled":true,"jetpack_social_post_already_shared":true,"jetpack_social_options":{"image_generator_settings":{"template":"highway","default_image_id":0,"font":"","enabled":false},"version":2}},"categories":[10,5],"tags":[],"class_list":{"0":"post-3689","1":"post","2":"type-post","3":"status-publish","4":"format-standard","5":"has-post-thumbnail","7":"category-actualite","8":"category-football"},"yoast_head":"<!-- This site is optimized with the Yoast SEO plugin v27.5 - https:\/\/yoast.com\/product\/yoast-seo-wordpress\/ -->\n<title>CAN 2023 : \u201cPokou\u201d, le ballon officiel d\u00e9voil\u00e9 ! - le regard du sportif<\/title>\n<meta name=\"robots\" content=\"index, follow, max-snippet:-1, max-image-preview:large, max-video-preview:-1\" \/>\n<link rel=\"canonical\" href=\"https:\/\/oeilsportif.info\/index.php\/can-2023-pokou-le-ballon-officiel-devoile\/\" \/>\n<meta property=\"og:locale\" content=\"fr_FR\" \/>\n<meta property=\"og:type\" content=\"article\" \/>\n<meta property=\"og:title\" content=\"CAN 2023 : \u201cPokou\u201d, le ballon officiel d\u00e9voil\u00e9 ! - le regard du sportif\" \/>\n<meta property=\"og:description\" content=\"A exactement deux mois et 21 jours du d\u00e9but de la\u00a0CAN 2023, la Conf\u00e9d\u00e9ration africaine de football (CAF) et l\u2019\u00e9quipementier Puma ont pr\u00e9sent\u00e9 le ballon officiel de la comp\u00e9tition ce lundi. Il avait \u00e9t\u00e9 pr\u00e9sent\u00e9 une premi\u00e8re fois, furtivement, le 12 octobre dernier, en marge de la c\u00e9r\u00e9monie de tirage au sort de la phase [&hellip;]\" \/>\n<meta property=\"og:url\" content=\"https:\/\/oeilsportif.info\/index.php\/can-2023-pokou-le-ballon-officiel-devoile\/\" \/>\n<meta property=\"og:site_name\" content=\"le regard du sportif\" \/>\n<meta property=\"article:published_time\" content=\"2023-10-24T08:36:37+00:00\" \/>\n<meta property=\"article:modified_time\" content=\"2023-10-24T08:41:03+00:00\" \/>\n<meta property=\"og:image\" content=\"https:\/\/oeilsportif.info\/wp-content\/uploads\/2023\/10\/FB_IMG_1698136438313.jpg\" \/>\n\t<meta property=\"og:image:width\" content=\"1080\" \/>\n\t<meta property=\"og:image:height\" content=\"1350\" \/>\n\t<meta property=\"og:image:type\" content=\"image\/jpeg\" \/>\n<meta name=\"author\" content=\"L&#039;Equipe de la R\u00e9daction\" \/>\n<meta name=\"twitter:label1\" content=\"\u00c9crit par\" \/>\n\t<meta name=\"twitter:data1\" content=\"L&#039;Equipe de la R\u00e9daction\" \/>\n\t<meta name=\"twitter:label2\" content=\"Dur\u00e9e de lecture estim\u00e9e\" \/>\n\t<meta name=\"twitter:data2\" content=\"4 minutes\" \/>\n<script type=\"application\/ld+json\" class=\"yoast-schema-graph\">{\"@context\":\"https:\\\/\\\/schema.org\",\"@graph\":[{\"@type\":\"Article\",\"@id\":\"https:\\\/\\\/oeilsportif.info\\\/index.php\\\/can-2023-pokou-le-ballon-officiel-devoile\\\/#article\",\"isPartOf\":{\"@id\":\"https:\\\/\\\/oeilsportif.info\\\/index.php\\\/can-2023-pokou-le-ballon-officiel-devoile\\\/\"},\"author\":{\"name\":\"L'Equipe de la R\u00e9daction\",\"@id\":\"https:\\\/\\\/oeilsportif.info\\\/#\\\/schema\\\/person\\\/cfbded294aa6095f7d96608d7905e9a1\"},\"headline\":\"CAN 2023 : \u201cPokou\u201d, le ballon officiel d\u00e9voil\u00e9 !\",\"datePublished\":\"2023-10-24T08:36:37+00:00\",\"dateModified\":\"2023-10-24T08:41:03+00:00\",\"mainEntityOfPage\":{\"@id\":\"https:\\\/\\\/oeilsportif.info\\\/index.php\\\/can-2023-pokou-le-ballon-officiel-devoile\\\/\"},\"wordCount\":491,\"image\":{\"@id\":\"https:\\\/\\\/oeilsportif.info\\\/index.php\\\/can-2023-pokou-le-ballon-officiel-devoile\\\/#primaryimage\"},\"thumbnailUrl\":\"https:\\\/\\\/i0.wp.com\\\/oeilsportif.info\\\/wp-content\\\/uploads\\\/2023\\\/10\\\/FB_IMG_1698136438313.jpg?fit=1080%2C1350&ssl=1\",\"articleSection\":[\"Actualit\u00e9\",\"Football\"],\"inLanguage\":\"fr-FR\"},{\"@type\":\"WebPage\",\"@id\":\"https:\\\/\\\/oeilsportif.info\\\/index.php\\\/can-2023-pokou-le-ballon-officiel-devoile\\\/\",\"url\":\"https:\\\/\\\/oeilsportif.info\\\/index.php\\\/can-2023-pokou-le-ballon-officiel-devoile\\\/\",\"name\":\"CAN 2023 : \u201cPokou\u201d, le ballon officiel d\u00e9voil\u00e9 ! - le regard du sportif\",\"isPartOf\":{\"@id\":\"https:\\\/\\\/oeilsportif.info\\\/#website\"},\"primaryImageOfPage\":{\"@id\":\"https:\\\/\\\/oeilsportif.info\\\/index.php\\\/can-2023-pokou-le-ballon-officiel-devoile\\\/#primaryimage\"},\"image\":{\"@id\":\"https:\\\/\\\/oeilsportif.info\\\/index.php\\\/can-2023-pokou-le-ballon-officiel-devoile\\\/#primaryimage\"},\"thumbnailUrl\":\"https:\\\/\\\/i0.wp.com\\\/oeilsportif.info\\\/wp-content\\\/uploads\\\/2023\\\/10\\\/FB_IMG_1698136438313.jpg?fit=1080%2C1350&ssl=1\",\"datePublished\":\"2023-10-24T08:36:37+00:00\",\"dateModified\":\"2023-10-24T08:41:03+00:00\",\"author\":{\"@id\":\"https:\\\/\\\/oeilsportif.info\\\/#\\\/schema\\\/person\\\/cfbded294aa6095f7d96608d7905e9a1\"},\"inLanguage\":\"fr-FR\",\"potentialAction\":[{\"@type\":\"ReadAction\",\"target\":[\"https:\\\/\\\/oeilsportif.info\\\/index.php\\\/can-2023-pokou-le-ballon-officiel-devoile\\\/\"]}]},{\"@type\":\"ImageObject\",\"inLanguage\":\"fr-FR\",\"@id\":\"https:\\\/\\\/oeilsportif.info\\\/index.php\\\/can-2023-pokou-le-ballon-officiel-devoile\\\/#primaryimage\",\"url\":\"https:\\\/\\\/i0.wp.com\\\/oeilsportif.info\\\/wp-content\\\/uploads\\\/2023\\\/10\\\/FB_IMG_1698136438313.jpg?fit=1080%2C1350&ssl=1\",\"contentUrl\":\"https:\\\/\\\/i0.wp.com\\\/oeilsportif.info\\\/wp-content\\\/uploads\\\/2023\\\/10\\\/FB_IMG_1698136438313.jpg?fit=1080%2C1350&ssl=1\",\"width\":1080,\"height\":1350},{\"@type\":\"WebSite\",\"@id\":\"https:\\\/\\\/oeilsportif.info\\\/#website\",\"url\":\"https:\\\/\\\/oeilsportif.info\\\/\",\"name\":\"le regard du sportif\",\"description\":\"\",\"potentialAction\":[{\"@type\":\"SearchAction\",\"target\":{\"@type\":\"EntryPoint\",\"urlTemplate\":\"https:\\\/\\\/oeilsportif.info\\\/?s={search_term_string}\"},\"query-input\":{\"@type\":\"PropertyValueSpecification\",\"valueRequired\":true,\"valueName\":\"search_term_string\"}}],\"inLanguage\":\"fr-FR\"},{\"@type\":\"Person\",\"@id\":\"https:\\\/\\\/oeilsportif.info\\\/#\\\/schema\\\/person\\\/cfbded294aa6095f7d96608d7905e9a1\",\"name\":\"L'Equipe de la R\u00e9daction\",\"image\":{\"@type\":\"ImageObject\",\"inLanguage\":\"fr-FR\",\"@id\":\"https:\\\/\\\/oeilsportif.info\\\/wp-content\\\/uploads\\\/2025\\\/07\\\/cropped-cropped-logo-os-96x96.jpeg\",\"url\":\"https:\\\/\\\/oeilsportif.info\\\/wp-content\\\/uploads\\\/2025\\\/07\\\/cropped-cropped-logo-os-96x96.jpeg\",\"contentUrl\":\"https:\\\/\\\/oeilsportif.info\\\/wp-content\\\/uploads\\\/2025\\\/07\\\/cropped-cropped-logo-os-96x96.jpeg\",\"caption\":\"L'Equipe de la R\u00e9daction\"},\"url\":\"https:\\\/\\\/oeilsportif.info\\\/index.php\\\/author\\\/tawel\\\/\"}]}<\/script>\n<!-- \/ Yoast SEO plugin. -->","yoast_head_json":{"title":"CAN 2023 : \u201cPokou\u201d, le ballon officiel d\u00e9voil\u00e9 ! - le regard du sportif","robots":{"index":"index","follow":"follow","max-snippet":"max-snippet:-1","max-image-preview":"max-image-preview:large","max-video-preview":"max-video-preview:-1"},"canonical":"https:\/\/oeilsportif.info\/index.php\/can-2023-pokou-le-ballon-officiel-devoile\/","og_locale":"fr_FR","og_type":"article","og_title":"CAN 2023 : \u201cPokou\u201d, le ballon officiel d\u00e9voil\u00e9 ! - le regard du sportif","og_description":"A exactement deux mois et 21 jours du d\u00e9but de la\u00a0CAN 2023, la Conf\u00e9d\u00e9ration africaine de football (CAF) et l\u2019\u00e9quipementier Puma ont pr\u00e9sent\u00e9 le ballon officiel de la comp\u00e9tition ce lundi. Il avait \u00e9t\u00e9 pr\u00e9sent\u00e9 une premi\u00e8re fois, furtivement, le 12 octobre dernier, en marge de la c\u00e9r\u00e9monie de tirage au sort de la phase [&hellip;]","og_url":"https:\/\/oeilsportif.info\/index.php\/can-2023-pokou-le-ballon-officiel-devoile\/","og_site_name":"le regard du sportif","article_published_time":"2023-10-24T08:36:37+00:00","article_modified_time":"2023-10-24T08:41:03+00:00","og_image":[{"width":1080,"height":1350,"url":"https:\/\/oeilsportif.info\/wp-content\/uploads\/2023\/10\/FB_IMG_1698136438313.jpg","type":"image\/jpeg"}],"author":"L'Equipe de la R\u00e9daction","twitter_misc":{"\u00c9crit par":"L'Equipe de la R\u00e9daction","Dur\u00e9e de lecture estim\u00e9e":"4 minutes"},"schema":{"@context":"https:\/\/schema.org","@graph":[{"@type":"Article","@id":"https:\/\/oeilsportif.info\/index.php\/can-2023-pokou-le-ballon-officiel-devoile\/#article","isPartOf":{"@id":"https:\/\/oeilsportif.info\/index.php\/can-2023-pokou-le-ballon-officiel-devoile\/"},"author":{"name":"L'Equipe de la R\u00e9daction","@id":"https:\/\/oeilsportif.info\/#\/schema\/person\/cfbded294aa6095f7d96608d7905e9a1"},"headline":"CAN 2023 : \u201cPokou\u201d, le ballon officiel d\u00e9voil\u00e9 !","datePublished":"2023-10-24T08:36:37+00:00","dateModified":"2023-10-24T08:41:03+00:00","mainEntityOfPage":{"@id":"https:\/\/oeilsportif.info\/index.php\/can-2023-pokou-le-ballon-officiel-devoile\/"},"wordCount":491,"image":{"@id":"https:\/\/oeilsportif.info\/index.php\/can-2023-pokou-le-ballon-officiel-devoile\/#primaryimage"},"thumbnailUrl":"https:\/\/i0.wp.com\/oeilsportif.info\/wp-content\/uploads\/2023\/10\/FB_IMG_1698136438313.jpg?fit=1080%2C1350&ssl=1","articleSection":["Actualit\u00e9","Football"],"inLanguage":"fr-FR"},{"@type":"WebPage","@id":"https:\/\/oeilsportif.info\/index.php\/can-2023-pokou-le-ballon-officiel-devoile\/","url":"https:\/\/oeilsportif.info\/index.php\/can-2023-pokou-le-ballon-officiel-devoile\/","name":"CAN 2023 : \u201cPokou\u201d, le ballon officiel d\u00e9voil\u00e9 ! - le regard du sportif","isPartOf":{"@id":"https:\/\/oeilsportif.info\/#website"},"primaryImageOfPage":{"@id":"https:\/\/oeilsportif.info\/index.php\/can-2023-pokou-le-ballon-officiel-devoile\/#primaryimage"},"image":{"@id":"https:\/\/oeilsportif.info\/index.php\/can-2023-pokou-le-ballon-officiel-devoile\/#primaryimage"},"thumbnailUrl":"https:\/\/i0.wp.com\/oeilsportif.info\/wp-content\/uploads\/2023\/10\/FB_IMG_1698136438313.jpg?fit=1080%2C1350&ssl=1","datePublished":"2023-10-24T08:36:37+00:00","dateModified":"2023-10-24T08:41:03+00:00","author":{"@id":"https:\/\/oeilsportif.info\/#\/schema\/person\/cfbded294aa6095f7d96608d7905e9a1"},"inLanguage":"fr-FR","potentialAction":[{"@type":"ReadAction","target":["https:\/\/oeilsportif.info\/index.php\/can-2023-pokou-le-ballon-officiel-devoile\/"]}]},{"@type":"ImageObject","inLanguage":"fr-FR","@id":"https:\/\/oeilsportif.info\/index.php\/can-2023-pokou-le-ballon-officiel-devoile\/#primaryimage","url":"https:\/\/i0.wp.com\/oeilsportif.info\/wp-content\/uploads\/2023\/10\/FB_IMG_1698136438313.jpg?fit=1080%2C1350&ssl=1","contentUrl":"https:\/\/i0.wp.com\/oeilsportif.info\/wp-content\/uploads\/2023\/10\/FB_IMG_1698136438313.jpg?fit=1080%2C1350&ssl=1","width":1080,"height":1350},{"@type":"WebSite","@id":"https:\/\/oeilsportif.info\/#website","url":"https:\/\/oeilsportif.info\/","name":"le regard du sportif","description":"","potentialAction":[{"@type":"SearchAction","target":{"@type":"EntryPoint","urlTemplate":"https:\/\/oeilsportif.info\/?s={search_term_string}"},"query-input":{"@type":"PropertyValueSpecification","valueRequired":true,"valueName":"search_term_string"}}],"inLanguage":"fr-FR"},{"@type":"Person","@id":"https:\/\/oeilsportif.info\/#\/schema\/person\/cfbded294aa6095f7d96608d7905e9a1","name":"L'Equipe de la R\u00e9daction","image":{"@type":"ImageObject","inLanguage":"fr-FR","@id":"https:\/\/oeilsportif.info\/wp-content\/uploads\/2025\/07\/cropped-cropped-logo-os-96x96.jpeg","url":"https:\/\/oeilsportif.info\/wp-content\/uploads\/2025\/07\/cropped-cropped-logo-os-96x96.jpeg","contentUrl":"https:\/\/oeilsportif.info\/wp-content\/uploads\/2025\/07\/cropped-cropped-logo-os-96x96.jpeg","caption":"L'Equipe de la R\u00e9daction"},"url":"https:\/\/oeilsportif.info\/index.php\/author\/tawel\/"}]}},"jetpack_publicize_connections":[],"jetpack_featured_media_url":"https:\/\/i0.wp.com\/oeilsportif.info\/wp-content\/uploads\/2023\/10\/FB_IMG_1698136438313.jpg?fit=1080%2C1350&ssl=1","jetpack-related-posts":[],"jetpack_sharing_enabled":true,"jetpack_likes_enabled":true,"jetpack_shortlink":"https:\/\/wp.me\/pgFE77-Xv","_links":{"self":[{"href":"https:\/\/oeilsportif.info\/index.php\/wp-json\/wp\/v2\/posts\/3689","targetHints":{"allow":["GET"]}}],"collection":[{"href":"https:\/\/oeilsportif.info\/index.php\/wp-json\/wp\/v2\/posts"}],"about":[{"href":"https:\/\/oeilsportif.info\/index.php\/wp-json\/wp\/v2\/types\/post"}],"author":[{"embeddable":true,"href":"https:\/\/oeilsportif.info\/index.php\/wp-json\/wp\/v2\/users\/2"}],"replies":[{"embeddable":true,"href":"https:\/\/oeilsportif.info\/index.php\/wp-json\/wp\/v2\/comments?post=3689"}],"version-history":[{"count":0,"href":"https:\/\/oeilsportif.info\/index.php\/wp-json\/wp\/v2\/posts\/3689\/revisions"}],"wp:featuredmedia":[{"embeddable":true,"href":"https:\/\/oeilsportif.info\/index.php\/wp-json\/wp\/v2\/media\/3692"}],"wp:attachment":[{"href":"https:\/\/oeilsportif.info\/index.php\/wp-json\/wp\/v2\/media?parent=3689"}],"wp:term":[{"taxonomy":"category","embeddable":true,"href":"https:\/\/oeilsportif.info\/index.php\/wp-json\/wp\/v2\/categories?post=3689"},{"taxonomy":"post_tag","embeddable":true,"href":"https:\/\/oeilsportif.info\/index.php\/wp-json\/wp\/v2\/tags?post=3689"}],"curies":[{"name":"wp","href":"https:\/\/api.w.org\/{rel}","templated":true}]}}