{"id":3675,"date":"2023-10-17T11:49:01","date_gmt":"2023-10-17T11:49:01","guid":{"rendered":"https:\/\/oeilsportif.info\/index.php\/?p=3675"},"modified":"2023-10-17T11:49:01","modified_gmt":"2023-10-17T11:49:01","slug":"fin-du-stage-ma-fifa-dames-2023","status":"publish","type":"post","link":"https:\/\/oeilsportif.info\/index.php\/fin-du-stage-ma-fifa-dames-2023\/","title":{"rendered":"FIN DU STAGE MA FIFA DAMES 2023"},"content":{"rendered":"<p><strong>Le stage MA FIFA 2023 destin\u00e9 aux arbitres Dames a pris fin ce lundi 16 octobre 2023.<\/strong><\/p>\n<p>Depuis le 12 octobre 2023, les arbitres Dames de Guin\u00e9e \u00e9taient \u00e0 l\u2019\u00e9cole de la FIFA. Durant cinq jours, 20 participantes ont travaill\u00e9 en th\u00e9orie et en pratiques deux instructeurs de l\u2019instance du football mondial dans le cadre de leur perfectionnement.<\/p>\n<p>La c\u00e9r\u00e9monie de cl\u00f4ture de ce stage a \u00e9t\u00e9 pr\u00e9sid\u00e9 par Monsieur Lancinet Ke\u00efta KABASSAN, secr\u00e9taire g\u00e9n\u00e9ral de la F\u00e9d\u00e9ration Guin\u00e9enne de Football en pr\u00e9sence du G\u00e9n\u00e9ral Zakaria CAMARA, vice-pr\u00e9sident de la Commission des Arbitres (CA) et des membres de la CA.<\/p>\n<figure id=\"attachment_8326\" class=\"wp-caption aligncenter\" aria-describedby=\"caption-attachment-8326\"><img data-recalc-dims=\"1\" loading=\"lazy\" decoding=\"async\" class=\"size-large wp-image-8326\" src=\"https:\/\/i0.wp.com\/www.feguifoot.com\/wp-content\/uploads\/2022\/08\/General-Zakaria-Camara--658x434.jpg?resize=640%2C422&#038;ssl=1\" alt=\"\" width=\"640\" height=\"422\" \/><figcaption id=\"caption-attachment-8326\" class=\"wp-caption-text\">G\u00e9n\u00e9ral Zakaria CAMARA, vice-pr\u00e9sident<\/figcaption><\/figure>\n<p><strong>G\u00e9n\u00e9ral Zakaria CAMARA, vice-pr\u00e9sident CA\u00a0:<\/strong>\u00a0\u00ab\u00a0C\u2019est le lieu de remercier et f\u00e9liciter les experts de la FIFA ici pr\u00e9sents pour le niveau des d\u00e9bats impos\u00e9s et entretenus. Le Comit\u00e9 de Normalisation qui dirige les destin\u00e9s de notre association nationale avec \u00e0 la t\u00eate Madame Mariama SY, a raison de pr\u00e9f\u00e9rer la formation continue de nos arbitres.<\/p>\n<p>La commission dans cette lanc\u00e9e ne m\u00e9nagera aucun effort pour relever cette dynamique sur toute l\u2019\u00e9tendue du territoire. Nous souhaitons \u00e0 nos fr\u00e8res et amis instructeurs de la FIFA un tr\u00e8s bon retour dans leurs pays respectifs.<\/p>\n<p>Aux participantes, la commission des arbitres, les exhorte \u00e0 plus d\u2019abn\u00e9gation et \u00e0 faire preuve de bonne conduite tant sur le plan national et international\u00a0\u00bb.<\/p>\n<p><strong><img data-recalc-dims=\"1\" loading=\"lazy\" decoding=\"async\" class=\"wp-image-8321 size-large\" src=\"https:\/\/i0.wp.com\/www.feguifoot.com\/wp-content\/uploads\/2022\/08\/IMG_2193-655x434.jpg?resize=655%2C434&#038;ssl=1\" alt=\"\" width=\"655\" height=\"434\" \/>Fanta KABA, porte-parole des participantes :<\/strong>\u00a0\u00ab\u00a0Nous arbitres et arbitres assistantes tenons \u00e0 remercier la F\u00e9d\u00e9ration Guin\u00e9enne de Football pour avoir initi\u00e9 ce stage MA Dames qui est une premi\u00e8re en R\u00e9publique de Guin\u00e9e. Nous vous en sommes reconnaissantes. Nos remerciements \u00e0 l\u2019endroit de la FIFA qui nous a accord\u00e9 ce stage.<\/p>\n<p>Pendant cinq jours, nous avons travaill\u00e9 sans r\u00e9pits dans les domaines physiques et pratiques. Nous sortons de ce stage avec des outils qui nous permettrons de comprendre le football et bien pouvoir de prendre de bonnes d\u00e9cisions.<\/p>\n<p>Nous souhaitons que de telles stages se multiplient pour am\u00e9liorer nos comp\u00e9tentes afin d\u2019avoir dans un proche avenir des arbitres \u00e0 la CAN, \u00e0 la Coupe du Monde F\u00e9minine et pourquoi pas \u00e0 la CAN S\u00e9nior masculine.<\/p>\n<p>Pour que ce r\u00eave devient r\u00e9alit\u00e9, il faudra un ou deux terrains d\u2019entra\u00eenement, multiplier le nombre de stage au niveau des r\u00e9gions administratives et la zone sp\u00e9ciale de Conakry et mettre \u00e0 dispositions des instructeurs nationaux du mat\u00e9riel du travail. Nous disons \u00e9galement merci \u00e0 la commission des arbitres de la F\u00e9d\u00e9ration Guin\u00e9enne de Football\u00a0\u00bb.<\/p>\n<p><img data-recalc-dims=\"1\" loading=\"lazy\" decoding=\"async\" class=\"size-large wp-image-8319\" src=\"https:\/\/i0.wp.com\/www.feguifoot.com\/wp-content\/uploads\/2022\/08\/IMG_2195-585x434.jpg?resize=585%2C434&#038;ssl=1\" alt=\"\" width=\"585\" height=\"434\" \/><\/p>\n<p><strong>J\u00e9rome EFONG, instructeur FIFA\u00a0:<\/strong>\u00a0\u00ab\u00a0J\u2019aime bien le dire, une f\u00e9d\u00e9ration quelque soient les membres qui la compose, quelques soit la commission, quand ce comit\u00e9 a mis le doigt sur la formation \u00e0 tous les niveaux l\u2019association membre aura des \u00e9lites.<\/p>\n<p>Nous vous remercions pour cela, parce qu\u2019il faut que vous fassiez un dossier pour demander un stage de ce genre \u00e0 la FIFA et la FIFA vous l\u2019a accord\u00e9. Je me suis senti chez moi, merci pour cela parce qu\u2019il n\u2019y a que comme \u00e7a que l\u2019Afrique va avancer. Que le football africain va avancer. Que l\u2019arbitrage africain va avancer et plus particuli\u00e8rement l\u2019arbitrage f\u00e9minin.<\/p>\n<p>J\u2019ai eu un pincement au c\u0153ur lorsque j\u2019ai appris que c\u2019est la premi\u00e8re fois qu\u2019un stage f\u00e9minin de ce genre est organis\u00e9 ici en Guin\u00e9e. \u00c7a me donne un pincement au c\u0153ur parce que cela me donne l\u2019impression que vous \u00eates un peu en retard. C\u2019est pourquoi je me permets de le dire. On va \u00e0 gauche, \u00e0 droite, dans d\u2019autres associations membres pour la m\u00eame cause. Les autres ont d\u00e9j\u00e0 pris de l\u2019avance. \u00c7a serait bien qu\u2019il y ait un stage des instructeurs. Sans de bons instructeurs nous ne pourrons pas avoir de bons artistes\u00a0\u00bb.<\/p>\n<figure id=\"attachment_8319\" class=\"wp-caption aligncenter\" aria-describedby=\"caption-attachment-8319\"><figcaption id=\"caption-attachment-8319\" class=\"wp-caption-text\">J\u00e9rome EFONG, instructeur FIFA<\/figcaption><\/figure>\n<figure id=\"attachment_8320\" class=\"wp-caption aligncenter\" aria-describedby=\"caption-attachment-8320\"><img data-recalc-dims=\"1\" loading=\"lazy\" decoding=\"async\" class=\"size-large wp-image-8320\" src=\"https:\/\/i0.wp.com\/www.feguifoot.com\/wp-content\/uploads\/2022\/08\/IMG_2194-655x434.jpg?resize=640%2C424&#038;ssl=1\" alt=\"\" width=\"640\" height=\"424\" \/><figcaption id=\"caption-attachment-8320\" class=\"wp-caption-text\">Lancinet Ke\u00efta KABASSAN, secr\u00e9taire g\u00e9n\u00e9ral FGF<\/figcaption><\/figure>\n","protected":false},"excerpt":{"rendered":"<p>Le stage MA FIFA 2023 destin\u00e9 aux arbitres Dames a pris fin ce lundi 16 octobre 2023. Depuis le 12 octobre 2023, les arbitres Dames de Guin\u00e9e \u00e9taient \u00e0 l\u2019\u00e9cole de la FIFA. Durant cinq jours, 20 participantes ont travaill\u00e9 en th\u00e9orie et en pratiques deux instructeurs de l\u2019instance du football mondial dans le cadre [&hellip;]<\/p>\n","protected":false},"author":2,"featured_media":3676,"comment_status":"closed","ping_status":"open","sticky":false,"template":"","format":"standard","meta":{"_jetpack_memberships_contains_paid_content":false,"footnotes":"","jetpack_publicize_message":"","jetpack_publicize_feature_enabled":true,"jetpack_social_post_already_shared":true,"jetpack_social_options":{"image_generator_settings":{"template":"highway","default_image_id":0,"font":"","enabled":false},"version":2}},"categories":[10,5],"tags":[],"class_list":{"0":"post-3675","1":"post","2":"type-post","3":"status-publish","4":"format-standard","5":"has-post-thumbnail","7":"category-actualite","8":"category-football"},"yoast_head":"<!-- This site is optimized with the Yoast SEO plugin v27.5 - https:\/\/yoast.com\/product\/yoast-seo-wordpress\/ -->\n<title>FIN DU STAGE MA FIFA DAMES 2023 - le regard du sportif<\/title>\n<meta name=\"robots\" content=\"index, follow, max-snippet:-1, max-image-preview:large, max-video-preview:-1\" \/>\n<link rel=\"canonical\" href=\"https:\/\/oeilsportif.info\/index.php\/fin-du-stage-ma-fifa-dames-2023\/\" \/>\n<meta property=\"og:locale\" content=\"fr_FR\" \/>\n<meta property=\"og:type\" content=\"article\" \/>\n<meta property=\"og:title\" content=\"FIN DU STAGE MA FIFA DAMES 2023 - le regard du sportif\" \/>\n<meta property=\"og:description\" content=\"Le stage MA FIFA 2023 destin\u00e9 aux arbitres Dames a pris fin ce lundi 16 octobre 2023. Depuis le 12 octobre 2023, les arbitres Dames de Guin\u00e9e \u00e9taient \u00e0 l\u2019\u00e9cole de la FIFA. Durant cinq jours, 20 participantes ont travaill\u00e9 en th\u00e9orie et en pratiques deux instructeurs de l\u2019instance du football mondial dans le cadre [&hellip;]\" \/>\n<meta property=\"og:url\" content=\"https:\/\/oeilsportif.info\/index.php\/fin-du-stage-ma-fifa-dames-2023\/\" \/>\n<meta property=\"og:site_name\" content=\"le regard du sportif\" \/>\n<meta property=\"article:published_time\" content=\"2023-10-17T11:49:01+00:00\" \/>\n<meta property=\"og:image\" content=\"https:\/\/oeilsportif.info\/wp-content\/uploads\/2023\/10\/FB_IMG_1697543308690.jpg\" \/>\n\t<meta property=\"og:image:width\" content=\"996\" \/>\n\t<meta property=\"og:image:height\" content=\"664\" \/>\n\t<meta property=\"og:image:type\" content=\"image\/jpeg\" \/>\n<meta name=\"author\" content=\"L&#039;Equipe de la R\u00e9daction\" \/>\n<meta name=\"twitter:label1\" content=\"\u00c9crit par\" \/>\n\t<meta name=\"twitter:data1\" content=\"L&#039;Equipe de la R\u00e9daction\" \/>\n\t<meta name=\"twitter:label2\" content=\"Dur\u00e9e de lecture estim\u00e9e\" \/>\n\t<meta name=\"twitter:data2\" content=\"4 minutes\" \/>\n<script type=\"application\/ld+json\" class=\"yoast-schema-graph\">{\"@context\":\"https:\\\/\\\/schema.org\",\"@graph\":[{\"@type\":\"Article\",\"@id\":\"https:\\\/\\\/oeilsportif.info\\\/index.php\\\/fin-du-stage-ma-fifa-dames-2023\\\/#article\",\"isPartOf\":{\"@id\":\"https:\\\/\\\/oeilsportif.info\\\/index.php\\\/fin-du-stage-ma-fifa-dames-2023\\\/\"},\"author\":{\"name\":\"L'Equipe de la R\u00e9daction\",\"@id\":\"https:\\\/\\\/oeilsportif.info\\\/#\\\/schema\\\/person\\\/cfbded294aa6095f7d96608d7905e9a1\"},\"headline\":\"FIN DU STAGE MA FIFA DAMES 2023\",\"datePublished\":\"2023-10-17T11:49:01+00:00\",\"mainEntityOfPage\":{\"@id\":\"https:\\\/\\\/oeilsportif.info\\\/index.php\\\/fin-du-stage-ma-fifa-dames-2023\\\/\"},\"wordCount\":697,\"image\":{\"@id\":\"https:\\\/\\\/oeilsportif.info\\\/index.php\\\/fin-du-stage-ma-fifa-dames-2023\\\/#primaryimage\"},\"thumbnailUrl\":\"https:\\\/\\\/i0.wp.com\\\/oeilsportif.info\\\/wp-content\\\/uploads\\\/2023\\\/10\\\/FB_IMG_1697543308690.jpg?fit=996%2C664&ssl=1\",\"articleSection\":[\"Actualit\u00e9\",\"Football\"],\"inLanguage\":\"fr-FR\"},{\"@type\":\"WebPage\",\"@id\":\"https:\\\/\\\/oeilsportif.info\\\/index.php\\\/fin-du-stage-ma-fifa-dames-2023\\\/\",\"url\":\"https:\\\/\\\/oeilsportif.info\\\/index.php\\\/fin-du-stage-ma-fifa-dames-2023\\\/\",\"name\":\"FIN DU STAGE MA FIFA DAMES 2023 - le regard du sportif\",\"isPartOf\":{\"@id\":\"https:\\\/\\\/oeilsportif.info\\\/#website\"},\"primaryImageOfPage\":{\"@id\":\"https:\\\/\\\/oeilsportif.info\\\/index.php\\\/fin-du-stage-ma-fifa-dames-2023\\\/#primaryimage\"},\"image\":{\"@id\":\"https:\\\/\\\/oeilsportif.info\\\/index.php\\\/fin-du-stage-ma-fifa-dames-2023\\\/#primaryimage\"},\"thumbnailUrl\":\"https:\\\/\\\/i0.wp.com\\\/oeilsportif.info\\\/wp-content\\\/uploads\\\/2023\\\/10\\\/FB_IMG_1697543308690.jpg?fit=996%2C664&ssl=1\",\"datePublished\":\"2023-10-17T11:49:01+00:00\",\"author\":{\"@id\":\"https:\\\/\\\/oeilsportif.info\\\/#\\\/schema\\\/person\\\/cfbded294aa6095f7d96608d7905e9a1\"},\"inLanguage\":\"fr-FR\",\"potentialAction\":[{\"@type\":\"ReadAction\",\"target\":[\"https:\\\/\\\/oeilsportif.info\\\/index.php\\\/fin-du-stage-ma-fifa-dames-2023\\\/\"]}]},{\"@type\":\"ImageObject\",\"inLanguage\":\"fr-FR\",\"@id\":\"https:\\\/\\\/oeilsportif.info\\\/index.php\\\/fin-du-stage-ma-fifa-dames-2023\\\/#primaryimage\",\"url\":\"https:\\\/\\\/i0.wp.com\\\/oeilsportif.info\\\/wp-content\\\/uploads\\\/2023\\\/10\\\/FB_IMG_1697543308690.jpg?fit=996%2C664&ssl=1\",\"contentUrl\":\"https:\\\/\\\/i0.wp.com\\\/oeilsportif.info\\\/wp-content\\\/uploads\\\/2023\\\/10\\\/FB_IMG_1697543308690.jpg?fit=996%2C664&ssl=1\",\"width\":996,\"height\":664},{\"@type\":\"WebSite\",\"@id\":\"https:\\\/\\\/oeilsportif.info\\\/#website\",\"url\":\"https:\\\/\\\/oeilsportif.info\\\/\",\"name\":\"le regard du sportif\",\"description\":\"\",\"potentialAction\":[{\"@type\":\"SearchAction\",\"target\":{\"@type\":\"EntryPoint\",\"urlTemplate\":\"https:\\\/\\\/oeilsportif.info\\\/?s={search_term_string}\"},\"query-input\":{\"@type\":\"PropertyValueSpecification\",\"valueRequired\":true,\"valueName\":\"search_term_string\"}}],\"inLanguage\":\"fr-FR\"},{\"@type\":\"Person\",\"@id\":\"https:\\\/\\\/oeilsportif.info\\\/#\\\/schema\\\/person\\\/cfbded294aa6095f7d96608d7905e9a1\",\"name\":\"L'Equipe de la R\u00e9daction\",\"image\":{\"@type\":\"ImageObject\",\"inLanguage\":\"fr-FR\",\"@id\":\"https:\\\/\\\/oeilsportif.info\\\/wp-content\\\/uploads\\\/2025\\\/07\\\/cropped-cropped-logo-os-96x96.jpeg\",\"url\":\"https:\\\/\\\/oeilsportif.info\\\/wp-content\\\/uploads\\\/2025\\\/07\\\/cropped-cropped-logo-os-96x96.jpeg\",\"contentUrl\":\"https:\\\/\\\/oeilsportif.info\\\/wp-content\\\/uploads\\\/2025\\\/07\\\/cropped-cropped-logo-os-96x96.jpeg\",\"caption\":\"L'Equipe de la R\u00e9daction\"},\"url\":\"https:\\\/\\\/oeilsportif.info\\\/index.php\\\/author\\\/tawel\\\/\"}]}<\/script>\n<!-- \/ Yoast SEO plugin. -->","yoast_head_json":{"title":"FIN DU STAGE MA FIFA DAMES 2023 - le regard du sportif","robots":{"index":"index","follow":"follow","max-snippet":"max-snippet:-1","max-image-preview":"max-image-preview:large","max-video-preview":"max-video-preview:-1"},"canonical":"https:\/\/oeilsportif.info\/index.php\/fin-du-stage-ma-fifa-dames-2023\/","og_locale":"fr_FR","og_type":"article","og_title":"FIN DU STAGE MA FIFA DAMES 2023 - le regard du sportif","og_description":"Le stage MA FIFA 2023 destin\u00e9 aux arbitres Dames a pris fin ce lundi 16 octobre 2023. Depuis le 12 octobre 2023, les arbitres Dames de Guin\u00e9e \u00e9taient \u00e0 l\u2019\u00e9cole de la FIFA. Durant cinq jours, 20 participantes ont travaill\u00e9 en th\u00e9orie et en pratiques deux instructeurs de l\u2019instance du football mondial dans le cadre [&hellip;]","og_url":"https:\/\/oeilsportif.info\/index.php\/fin-du-stage-ma-fifa-dames-2023\/","og_site_name":"le regard du sportif","article_published_time":"2023-10-17T11:49:01+00:00","og_image":[{"width":996,"height":664,"url":"https:\/\/oeilsportif.info\/wp-content\/uploads\/2023\/10\/FB_IMG_1697543308690.jpg","type":"image\/jpeg"}],"author":"L'Equipe de la R\u00e9daction","twitter_misc":{"\u00c9crit par":"L'Equipe de la R\u00e9daction","Dur\u00e9e de lecture estim\u00e9e":"4 minutes"},"schema":{"@context":"https:\/\/schema.org","@graph":[{"@type":"Article","@id":"https:\/\/oeilsportif.info\/index.php\/fin-du-stage-ma-fifa-dames-2023\/#article","isPartOf":{"@id":"https:\/\/oeilsportif.info\/index.php\/fin-du-stage-ma-fifa-dames-2023\/"},"author":{"name":"L'Equipe de la R\u00e9daction","@id":"https:\/\/oeilsportif.info\/#\/schema\/person\/cfbded294aa6095f7d96608d7905e9a1"},"headline":"FIN DU STAGE MA FIFA DAMES 2023","datePublished":"2023-10-17T11:49:01+00:00","mainEntityOfPage":{"@id":"https:\/\/oeilsportif.info\/index.php\/fin-du-stage-ma-fifa-dames-2023\/"},"wordCount":697,"image":{"@id":"https:\/\/oeilsportif.info\/index.php\/fin-du-stage-ma-fifa-dames-2023\/#primaryimage"},"thumbnailUrl":"https:\/\/i0.wp.com\/oeilsportif.info\/wp-content\/uploads\/2023\/10\/FB_IMG_1697543308690.jpg?fit=996%2C664&ssl=1","articleSection":["Actualit\u00e9","Football"],"inLanguage":"fr-FR"},{"@type":"WebPage","@id":"https:\/\/oeilsportif.info\/index.php\/fin-du-stage-ma-fifa-dames-2023\/","url":"https:\/\/oeilsportif.info\/index.php\/fin-du-stage-ma-fifa-dames-2023\/","name":"FIN DU STAGE MA FIFA DAMES 2023 - le regard du sportif","isPartOf":{"@id":"https:\/\/oeilsportif.info\/#website"},"primaryImageOfPage":{"@id":"https:\/\/oeilsportif.info\/index.php\/fin-du-stage-ma-fifa-dames-2023\/#primaryimage"},"image":{"@id":"https:\/\/oeilsportif.info\/index.php\/fin-du-stage-ma-fifa-dames-2023\/#primaryimage"},"thumbnailUrl":"https:\/\/i0.wp.com\/oeilsportif.info\/wp-content\/uploads\/2023\/10\/FB_IMG_1697543308690.jpg?fit=996%2C664&ssl=1","datePublished":"2023-10-17T11:49:01+00:00","author":{"@id":"https:\/\/oeilsportif.info\/#\/schema\/person\/cfbded294aa6095f7d96608d7905e9a1"},"inLanguage":"fr-FR","potentialAction":[{"@type":"ReadAction","target":["https:\/\/oeilsportif.info\/index.php\/fin-du-stage-ma-fifa-dames-2023\/"]}]},{"@type":"ImageObject","inLanguage":"fr-FR","@id":"https:\/\/oeilsportif.info\/index.php\/fin-du-stage-ma-fifa-dames-2023\/#primaryimage","url":"https:\/\/i0.wp.com\/oeilsportif.info\/wp-content\/uploads\/2023\/10\/FB_IMG_1697543308690.jpg?fit=996%2C664&ssl=1","contentUrl":"https:\/\/i0.wp.com\/oeilsportif.info\/wp-content\/uploads\/2023\/10\/FB_IMG_1697543308690.jpg?fit=996%2C664&ssl=1","width":996,"height":664},{"@type":"WebSite","@id":"https:\/\/oeilsportif.info\/#website","url":"https:\/\/oeilsportif.info\/","name":"le regard du sportif","description":"","potentialAction":[{"@type":"SearchAction","target":{"@type":"EntryPoint","urlTemplate":"https:\/\/oeilsportif.info\/?s={search_term_string}"},"query-input":{"@type":"PropertyValueSpecification","valueRequired":true,"valueName":"search_term_string"}}],"inLanguage":"fr-FR"},{"@type":"Person","@id":"https:\/\/oeilsportif.info\/#\/schema\/person\/cfbded294aa6095f7d96608d7905e9a1","name":"L'Equipe de la R\u00e9daction","image":{"@type":"ImageObject","inLanguage":"fr-FR","@id":"https:\/\/oeilsportif.info\/wp-content\/uploads\/2025\/07\/cropped-cropped-logo-os-96x96.jpeg","url":"https:\/\/oeilsportif.info\/wp-content\/uploads\/2025\/07\/cropped-cropped-logo-os-96x96.jpeg","contentUrl":"https:\/\/oeilsportif.info\/wp-content\/uploads\/2025\/07\/cropped-cropped-logo-os-96x96.jpeg","caption":"L'Equipe de la R\u00e9daction"},"url":"https:\/\/oeilsportif.info\/index.php\/author\/tawel\/"}]}},"jetpack_publicize_connections":[],"jetpack_featured_media_url":"https:\/\/i0.wp.com\/oeilsportif.info\/wp-content\/uploads\/2023\/10\/FB_IMG_1697543308690.jpg?fit=996%2C664&ssl=1","jetpack-related-posts":[],"jetpack_sharing_enabled":true,"jetpack_likes_enabled":true,"jetpack_shortlink":"https:\/\/wp.me\/pgFE77-Xh","_links":{"self":[{"href":"https:\/\/oeilsportif.info\/index.php\/wp-json\/wp\/v2\/posts\/3675","targetHints":{"allow":["GET"]}}],"collection":[{"href":"https:\/\/oeilsportif.info\/index.php\/wp-json\/wp\/v2\/posts"}],"about":[{"href":"https:\/\/oeilsportif.info\/index.php\/wp-json\/wp\/v2\/types\/post"}],"author":[{"embeddable":true,"href":"https:\/\/oeilsportif.info\/index.php\/wp-json\/wp\/v2\/users\/2"}],"replies":[{"embeddable":true,"href":"https:\/\/oeilsportif.info\/index.php\/wp-json\/wp\/v2\/comments?post=3675"}],"version-history":[{"count":0,"href":"https:\/\/oeilsportif.info\/index.php\/wp-json\/wp\/v2\/posts\/3675\/revisions"}],"wp:featuredmedia":[{"embeddable":true,"href":"https:\/\/oeilsportif.info\/index.php\/wp-json\/wp\/v2\/media\/3676"}],"wp:attachment":[{"href":"https:\/\/oeilsportif.info\/index.php\/wp-json\/wp\/v2\/media?parent=3675"}],"wp:term":[{"taxonomy":"category","embeddable":true,"href":"https:\/\/oeilsportif.info\/index.php\/wp-json\/wp\/v2\/categories?post=3675"},{"taxonomy":"post_tag","embeddable":true,"href":"https:\/\/oeilsportif.info\/index.php\/wp-json\/wp\/v2\/tags?post=3675"}],"curies":[{"name":"wp","href":"https:\/\/api.w.org\/{rel}","templated":true}]}}