{"id":3672,"date":"2023-10-17T11:41:39","date_gmt":"2023-10-17T11:41:39","guid":{"rendered":"https:\/\/oeilsportif.info\/index.php\/?p=3672"},"modified":"2023-10-17T11:41:39","modified_gmt":"2023-10-17T11:41:39","slug":"aliou-cisse-sur-son-choix-tactique-ambitieux-face-au-cameroun-je-sais-que-vous-allez-dire-khamoul-gatt-mais","status":"publish","type":"post","link":"https:\/\/oeilsportif.info\/index.php\/aliou-cisse-sur-son-choix-tactique-ambitieux-face-au-cameroun-je-sais-que-vous-allez-dire-khamoul-gatt-mais\/","title":{"rendered":"Aliou Ciss\u00e9 sur son choix tactique ambitieux face au Cameroun : \u00ab Je sais que vous allez dire \u00ab khamoul gatt \u00bb, mais\u2026\u00bb"},"content":{"rendered":"<p><strong><span id=\"p88\"><span id=\"96\" class=\"s-rg\">Aliou<\/span>\u00a0<span id=\"97\" class=\"s-rg\">Ciss\u00e9<\/span>\u00a0\u00e9tait en conf\u00e9rence de presse, apr\u00e8s la victoire du S\u00e9n\u00e9gal contre le Cameroun.<\/span><span id=\"p89\">\u00a0Le s\u00e9lectionneur des Lions de la\u00a0<span id=\"98\" class=\"s-rg\">T\u00e9ranga<\/span>\u00a0est revenu en d\u00e9tail sur son changement tactique op\u00e9r\u00e9 lors de la victoire contre l\u2019\u00e9quipe de Rigobert Song.<\/span><\/strong><\/p>\n<div id=\"r89-video-outstream-wrapper\"><\/div>\n<p><span id=\"p115\">Le S\u00e9n\u00e9gal a renou\u00e9 avec la victoire contre le Cameroun ce lundi, apr\u00e8s son faux pas contre l\u2019Alg\u00e9rie en septembre dernier.<\/span><span id=\"p91\">\u00a0Une victoire importante, qui redonne le sourire aux hommes d\u2019<span id=\"100\" class=\"s-rg\">Aliou<\/span>\u00a0<span id=\"101\" class=\"s-rg\">Ciss\u00e9<\/span>, \u00e0\u00a0quelques mois de la CAN.<\/span><\/p>\n<p><span id=\"p92\">Face au Cameroun,\u00a0<a href=\"https:\/\/www.onzedafrik.com\/afrique\/cameroun\/2023\/10\/16\/aliou-cisse-se-moque-de-rigobert-song-depuis-quil-sait-quon-va-les-jouer-je-ne-lai-30380.html\"><span id=\"104\" class=\"s-rg\">Aliou<\/span>\u00a0<span id=\"105\" class=\"s-rg\">Ciss\u00e9<\/span><\/a>\u00a0a changement de tactique pour affronter les champions d\u2019Afrique 2017.<\/span><span id=\"p116\">\u00a0L\u2019\u00e9quipe du S\u00e9n\u00e9gal qui \u00e9volue souvent avec un 4-3-3, est pass\u00e9e en mode 3-4-3 contre le Cameroun.<\/span><span id=\"p94\">\u00a0Un changement tactique que\u00a0<span id=\"108\" class=\"s-rg\">Ciss\u00e9<\/span>\u00a0a expliqu\u00e9 en conf\u00e9rence de presse.<\/span><span id=\"p95\">\u00a0<\/span><\/p>\n<p><em>\u00ab Il n\u2019y pas de syst\u00e8me imperfectible ou perfectible. Chaque syst\u00e8me a ses avantages et ses inconv\u00e9nients. Depuis le match contre le B\u00e9nin, on est en train d\u2019apporter une nouvelle fa\u00e7on de jouer qui s\u2019est confirm\u00e9e contre le Br\u00e9sil et contre l\u2019Alg\u00e9rie. On essaie de changer. Mais j\u2019ai envie de dire que nous restons toujours sur notre 4-3-3 initial. Bien s\u00fbr, on l\u2019a modul\u00e9 par rapport \u00e0 l\u2019animation. Ce qui est important, ce n\u2019est pas vraiment le poste, c\u2019est le positionnement. Je ne vais pas m\u2019aventurer (sur notre tactique) parce que nos adversaires nous regardent.\u00bb<\/em><\/p>\n<p><span id=\"p109\"><span id=\"111\" class=\"s-rg\">Aliou<\/span>\u00a0Ciss\u00e9, qui\u00a0a expliqu\u00e9 que le 4-3-3 n\u2019est pas une nouveaut\u00e9 dans son syst\u00e8me, a pr\u00e9f\u00e9r\u00e9 de\u00a0ne pas\u00a0d\u00e9voiler\u00a0toutes\u00a0ces cartes avant la CAN.<\/span><span id=\"p110\">\u00a0Le s\u00e9lectionneur a aussi profit\u00e9 de l\u2019occasion pour lancer une petite pique \u00e0 ses d\u00e9tracteurs.<\/span><\/p>\n<p><em>\u00ab On est en train de faire une modulation dans notre 4-3-3 et \u00e7a ne date pas d\u2019aujourd\u2019hui. Il y a eu beaucoup de d\u00e9bats sur le positionnement de Kr\u00e9pin Diatta, mais, en r\u00e9alit\u00e9, il n\u2019a pratiquement pas jou\u00e9 arri\u00e8re droit, sauf si notre bloc \u00e9tait bas. Je ne veux pas rentrer dans certains d\u00e9tails. Cette conf\u00e9rence de presse est regarder par tous les adversaires. Il est difficile pour un entra\u00eeneur de rentrer \u00e0 l\u2019int\u00e9rieur de ces tactiques en conf\u00e9rence de presse. Donc, je fuis un peu vous question. Je sais que vous allez dire \u00ab khamoul gatt, khamoul dara mais garawoul\u2019 (rires). \u00bb<\/em><\/p>\n<p>Source : Onze D&rsquo;Afrik<\/p>\n","protected":false},"excerpt":{"rendered":"<p>Aliou\u00a0Ciss\u00e9\u00a0\u00e9tait en conf\u00e9rence de presse, apr\u00e8s la victoire du S\u00e9n\u00e9gal contre le Cameroun.\u00a0Le s\u00e9lectionneur des Lions de la\u00a0T\u00e9ranga\u00a0est revenu en d\u00e9tail sur son changement tactique op\u00e9r\u00e9 lors de la victoire contre l\u2019\u00e9quipe de Rigobert Song. Le S\u00e9n\u00e9gal a renou\u00e9 avec la victoire contre le Cameroun ce lundi, apr\u00e8s son faux pas contre l\u2019Alg\u00e9rie en septembre [&hellip;]<\/p>\n","protected":false},"author":2,"featured_media":3673,"comment_status":"closed","ping_status":"open","sticky":false,"template":"","format":"standard","meta":{"_jetpack_memberships_contains_paid_content":false,"footnotes":"","jetpack_publicize_message":"","jetpack_publicize_feature_enabled":true,"jetpack_social_post_already_shared":true,"jetpack_social_options":{"image_generator_settings":{"template":"highway","default_image_id":0,"font":"","enabled":false},"version":2}},"categories":[10,5],"tags":[],"class_list":{"0":"post-3672","1":"post","2":"type-post","3":"status-publish","4":"format-standard","5":"has-post-thumbnail","7":"category-actualite","8":"category-football"},"yoast_head":"<!-- This site is optimized with the Yoast SEO plugin v27.5 - https:\/\/yoast.com\/product\/yoast-seo-wordpress\/ -->\n<title>Aliou Ciss\u00e9 sur son choix tactique ambitieux face au Cameroun : \u00ab Je sais que vous allez dire \u00ab khamoul gatt \u00bb, mais\u2026\u00bb - le regard du sportif<\/title>\n<meta name=\"robots\" content=\"index, follow, max-snippet:-1, max-image-preview:large, max-video-preview:-1\" \/>\n<link rel=\"canonical\" href=\"https:\/\/oeilsportif.info\/index.php\/aliou-cisse-sur-son-choix-tactique-ambitieux-face-au-cameroun-je-sais-que-vous-allez-dire-khamoul-gatt-mais\/\" \/>\n<meta property=\"og:locale\" content=\"fr_FR\" \/>\n<meta property=\"og:type\" content=\"article\" \/>\n<meta property=\"og:title\" content=\"Aliou Ciss\u00e9 sur son choix tactique ambitieux face au Cameroun : \u00ab Je sais que vous allez dire \u00ab khamoul gatt \u00bb, mais\u2026\u00bb - le regard du sportif\" \/>\n<meta property=\"og:description\" content=\"Aliou\u00a0Ciss\u00e9\u00a0\u00e9tait en conf\u00e9rence de presse, apr\u00e8s la victoire du S\u00e9n\u00e9gal contre le Cameroun.\u00a0Le s\u00e9lectionneur des Lions de la\u00a0T\u00e9ranga\u00a0est revenu en d\u00e9tail sur son changement tactique op\u00e9r\u00e9 lors de la victoire contre l\u2019\u00e9quipe de Rigobert Song. Le S\u00e9n\u00e9gal a renou\u00e9 avec la victoire contre le Cameroun ce lundi, apr\u00e8s son faux pas contre l\u2019Alg\u00e9rie en septembre [&hellip;]\" \/>\n<meta property=\"og:url\" content=\"https:\/\/oeilsportif.info\/index.php\/aliou-cisse-sur-son-choix-tactique-ambitieux-face-au-cameroun-je-sais-que-vous-allez-dire-khamoul-gatt-mais\/\" \/>\n<meta property=\"og:site_name\" content=\"le regard du sportif\" \/>\n<meta property=\"article:published_time\" content=\"2023-10-17T11:41:39+00:00\" \/>\n<meta property=\"og:image\" content=\"https:\/\/oeilsportif.info\/wp-content\/uploads\/2023\/10\/FB_IMG_1697542870438.jpg\" \/>\n\t<meta property=\"og:image:width\" content=\"712\" \/>\n\t<meta property=\"og:image:height\" content=\"702\" \/>\n\t<meta property=\"og:image:type\" content=\"image\/jpeg\" \/>\n<meta name=\"author\" content=\"L&#039;Equipe de la R\u00e9daction\" \/>\n<meta name=\"twitter:label1\" content=\"\u00c9crit par\" \/>\n\t<meta name=\"twitter:data1\" content=\"L&#039;Equipe de la R\u00e9daction\" \/>\n\t<meta name=\"twitter:label2\" content=\"Dur\u00e9e de lecture estim\u00e9e\" \/>\n\t<meta name=\"twitter:data2\" content=\"2 minutes\" \/>\n<script type=\"application\/ld+json\" class=\"yoast-schema-graph\">{\"@context\":\"https:\\\/\\\/schema.org\",\"@graph\":[{\"@type\":\"Article\",\"@id\":\"https:\\\/\\\/oeilsportif.info\\\/index.php\\\/aliou-cisse-sur-son-choix-tactique-ambitieux-face-au-cameroun-je-sais-que-vous-allez-dire-khamoul-gatt-mais\\\/#article\",\"isPartOf\":{\"@id\":\"https:\\\/\\\/oeilsportif.info\\\/index.php\\\/aliou-cisse-sur-son-choix-tactique-ambitieux-face-au-cameroun-je-sais-que-vous-allez-dire-khamoul-gatt-mais\\\/\"},\"author\":{\"name\":\"L'Equipe de la R\u00e9daction\",\"@id\":\"https:\\\/\\\/oeilsportif.info\\\/#\\\/schema\\\/person\\\/cfbded294aa6095f7d96608d7905e9a1\"},\"headline\":\"Aliou Ciss\u00e9 sur son choix tactique ambitieux face au Cameroun : \u00ab Je sais que vous allez dire \u00ab khamoul gatt \u00bb, mais\u2026\u00bb\",\"datePublished\":\"2023-10-17T11:41:39+00:00\",\"mainEntityOfPage\":{\"@id\":\"https:\\\/\\\/oeilsportif.info\\\/index.php\\\/aliou-cisse-sur-son-choix-tactique-ambitieux-face-au-cameroun-je-sais-que-vous-allez-dire-khamoul-gatt-mais\\\/\"},\"wordCount\":442,\"image\":{\"@id\":\"https:\\\/\\\/oeilsportif.info\\\/index.php\\\/aliou-cisse-sur-son-choix-tactique-ambitieux-face-au-cameroun-je-sais-que-vous-allez-dire-khamoul-gatt-mais\\\/#primaryimage\"},\"thumbnailUrl\":\"https:\\\/\\\/i0.wp.com\\\/oeilsportif.info\\\/wp-content\\\/uploads\\\/2023\\\/10\\\/FB_IMG_1697542870438.jpg?fit=712%2C702&ssl=1\",\"articleSection\":[\"Actualit\u00e9\",\"Football\"],\"inLanguage\":\"fr-FR\"},{\"@type\":\"WebPage\",\"@id\":\"https:\\\/\\\/oeilsportif.info\\\/index.php\\\/aliou-cisse-sur-son-choix-tactique-ambitieux-face-au-cameroun-je-sais-que-vous-allez-dire-khamoul-gatt-mais\\\/\",\"url\":\"https:\\\/\\\/oeilsportif.info\\\/index.php\\\/aliou-cisse-sur-son-choix-tactique-ambitieux-face-au-cameroun-je-sais-que-vous-allez-dire-khamoul-gatt-mais\\\/\",\"name\":\"Aliou Ciss\u00e9 sur son choix tactique ambitieux face au Cameroun : \u00ab Je sais que vous allez dire \u00ab khamoul gatt \u00bb, mais\u2026\u00bb - le regard du sportif\",\"isPartOf\":{\"@id\":\"https:\\\/\\\/oeilsportif.info\\\/#website\"},\"primaryImageOfPage\":{\"@id\":\"https:\\\/\\\/oeilsportif.info\\\/index.php\\\/aliou-cisse-sur-son-choix-tactique-ambitieux-face-au-cameroun-je-sais-que-vous-allez-dire-khamoul-gatt-mais\\\/#primaryimage\"},\"image\":{\"@id\":\"https:\\\/\\\/oeilsportif.info\\\/index.php\\\/aliou-cisse-sur-son-choix-tactique-ambitieux-face-au-cameroun-je-sais-que-vous-allez-dire-khamoul-gatt-mais\\\/#primaryimage\"},\"thumbnailUrl\":\"https:\\\/\\\/i0.wp.com\\\/oeilsportif.info\\\/wp-content\\\/uploads\\\/2023\\\/10\\\/FB_IMG_1697542870438.jpg?fit=712%2C702&ssl=1\",\"datePublished\":\"2023-10-17T11:41:39+00:00\",\"author\":{\"@id\":\"https:\\\/\\\/oeilsportif.info\\\/#\\\/schema\\\/person\\\/cfbded294aa6095f7d96608d7905e9a1\"},\"inLanguage\":\"fr-FR\",\"potentialAction\":[{\"@type\":\"ReadAction\",\"target\":[\"https:\\\/\\\/oeilsportif.info\\\/index.php\\\/aliou-cisse-sur-son-choix-tactique-ambitieux-face-au-cameroun-je-sais-que-vous-allez-dire-khamoul-gatt-mais\\\/\"]}]},{\"@type\":\"ImageObject\",\"inLanguage\":\"fr-FR\",\"@id\":\"https:\\\/\\\/oeilsportif.info\\\/index.php\\\/aliou-cisse-sur-son-choix-tactique-ambitieux-face-au-cameroun-je-sais-que-vous-allez-dire-khamoul-gatt-mais\\\/#primaryimage\",\"url\":\"https:\\\/\\\/i0.wp.com\\\/oeilsportif.info\\\/wp-content\\\/uploads\\\/2023\\\/10\\\/FB_IMG_1697542870438.jpg?fit=712%2C702&ssl=1\",\"contentUrl\":\"https:\\\/\\\/i0.wp.com\\\/oeilsportif.info\\\/wp-content\\\/uploads\\\/2023\\\/10\\\/FB_IMG_1697542870438.jpg?fit=712%2C702&ssl=1\",\"width\":712,\"height\":702},{\"@type\":\"WebSite\",\"@id\":\"https:\\\/\\\/oeilsportif.info\\\/#website\",\"url\":\"https:\\\/\\\/oeilsportif.info\\\/\",\"name\":\"le regard du sportif\",\"description\":\"\",\"potentialAction\":[{\"@type\":\"SearchAction\",\"target\":{\"@type\":\"EntryPoint\",\"urlTemplate\":\"https:\\\/\\\/oeilsportif.info\\\/?s={search_term_string}\"},\"query-input\":{\"@type\":\"PropertyValueSpecification\",\"valueRequired\":true,\"valueName\":\"search_term_string\"}}],\"inLanguage\":\"fr-FR\"},{\"@type\":\"Person\",\"@id\":\"https:\\\/\\\/oeilsportif.info\\\/#\\\/schema\\\/person\\\/cfbded294aa6095f7d96608d7905e9a1\",\"name\":\"L'Equipe de la R\u00e9daction\",\"image\":{\"@type\":\"ImageObject\",\"inLanguage\":\"fr-FR\",\"@id\":\"https:\\\/\\\/oeilsportif.info\\\/wp-content\\\/uploads\\\/2025\\\/07\\\/cropped-cropped-logo-os-96x96.jpeg\",\"url\":\"https:\\\/\\\/oeilsportif.info\\\/wp-content\\\/uploads\\\/2025\\\/07\\\/cropped-cropped-logo-os-96x96.jpeg\",\"contentUrl\":\"https:\\\/\\\/oeilsportif.info\\\/wp-content\\\/uploads\\\/2025\\\/07\\\/cropped-cropped-logo-os-96x96.jpeg\",\"caption\":\"L'Equipe de la R\u00e9daction\"},\"url\":\"https:\\\/\\\/oeilsportif.info\\\/index.php\\\/author\\\/tawel\\\/\"}]}<\/script>\n<!-- \/ Yoast SEO plugin. -->","yoast_head_json":{"title":"Aliou Ciss\u00e9 sur son choix tactique ambitieux face au Cameroun : \u00ab Je sais que vous allez dire \u00ab khamoul gatt \u00bb, mais\u2026\u00bb - le regard du sportif","robots":{"index":"index","follow":"follow","max-snippet":"max-snippet:-1","max-image-preview":"max-image-preview:large","max-video-preview":"max-video-preview:-1"},"canonical":"https:\/\/oeilsportif.info\/index.php\/aliou-cisse-sur-son-choix-tactique-ambitieux-face-au-cameroun-je-sais-que-vous-allez-dire-khamoul-gatt-mais\/","og_locale":"fr_FR","og_type":"article","og_title":"Aliou Ciss\u00e9 sur son choix tactique ambitieux face au Cameroun : \u00ab Je sais que vous allez dire \u00ab khamoul gatt \u00bb, mais\u2026\u00bb - le regard du sportif","og_description":"Aliou\u00a0Ciss\u00e9\u00a0\u00e9tait en conf\u00e9rence de presse, apr\u00e8s la victoire du S\u00e9n\u00e9gal contre le Cameroun.\u00a0Le s\u00e9lectionneur des Lions de la\u00a0T\u00e9ranga\u00a0est revenu en d\u00e9tail sur son changement tactique op\u00e9r\u00e9 lors de la victoire contre l\u2019\u00e9quipe de Rigobert Song. Le S\u00e9n\u00e9gal a renou\u00e9 avec la victoire contre le Cameroun ce lundi, apr\u00e8s son faux pas contre l\u2019Alg\u00e9rie en septembre [&hellip;]","og_url":"https:\/\/oeilsportif.info\/index.php\/aliou-cisse-sur-son-choix-tactique-ambitieux-face-au-cameroun-je-sais-que-vous-allez-dire-khamoul-gatt-mais\/","og_site_name":"le regard du sportif","article_published_time":"2023-10-17T11:41:39+00:00","og_image":[{"width":712,"height":702,"url":"https:\/\/oeilsportif.info\/wp-content\/uploads\/2023\/10\/FB_IMG_1697542870438.jpg","type":"image\/jpeg"}],"author":"L'Equipe de la R\u00e9daction","twitter_misc":{"\u00c9crit par":"L'Equipe de la R\u00e9daction","Dur\u00e9e de lecture estim\u00e9e":"2 minutes"},"schema":{"@context":"https:\/\/schema.org","@graph":[{"@type":"Article","@id":"https:\/\/oeilsportif.info\/index.php\/aliou-cisse-sur-son-choix-tactique-ambitieux-face-au-cameroun-je-sais-que-vous-allez-dire-khamoul-gatt-mais\/#article","isPartOf":{"@id":"https:\/\/oeilsportif.info\/index.php\/aliou-cisse-sur-son-choix-tactique-ambitieux-face-au-cameroun-je-sais-que-vous-allez-dire-khamoul-gatt-mais\/"},"author":{"name":"L'Equipe de la R\u00e9daction","@id":"https:\/\/oeilsportif.info\/#\/schema\/person\/cfbded294aa6095f7d96608d7905e9a1"},"headline":"Aliou Ciss\u00e9 sur son choix tactique ambitieux face au Cameroun : \u00ab Je sais que vous allez dire \u00ab khamoul gatt \u00bb, mais\u2026\u00bb","datePublished":"2023-10-17T11:41:39+00:00","mainEntityOfPage":{"@id":"https:\/\/oeilsportif.info\/index.php\/aliou-cisse-sur-son-choix-tactique-ambitieux-face-au-cameroun-je-sais-que-vous-allez-dire-khamoul-gatt-mais\/"},"wordCount":442,"image":{"@id":"https:\/\/oeilsportif.info\/index.php\/aliou-cisse-sur-son-choix-tactique-ambitieux-face-au-cameroun-je-sais-que-vous-allez-dire-khamoul-gatt-mais\/#primaryimage"},"thumbnailUrl":"https:\/\/i0.wp.com\/oeilsportif.info\/wp-content\/uploads\/2023\/10\/FB_IMG_1697542870438.jpg?fit=712%2C702&ssl=1","articleSection":["Actualit\u00e9","Football"],"inLanguage":"fr-FR"},{"@type":"WebPage","@id":"https:\/\/oeilsportif.info\/index.php\/aliou-cisse-sur-son-choix-tactique-ambitieux-face-au-cameroun-je-sais-que-vous-allez-dire-khamoul-gatt-mais\/","url":"https:\/\/oeilsportif.info\/index.php\/aliou-cisse-sur-son-choix-tactique-ambitieux-face-au-cameroun-je-sais-que-vous-allez-dire-khamoul-gatt-mais\/","name":"Aliou Ciss\u00e9 sur son choix tactique ambitieux face au Cameroun : \u00ab Je sais que vous allez dire \u00ab khamoul gatt \u00bb, mais\u2026\u00bb - le regard du sportif","isPartOf":{"@id":"https:\/\/oeilsportif.info\/#website"},"primaryImageOfPage":{"@id":"https:\/\/oeilsportif.info\/index.php\/aliou-cisse-sur-son-choix-tactique-ambitieux-face-au-cameroun-je-sais-que-vous-allez-dire-khamoul-gatt-mais\/#primaryimage"},"image":{"@id":"https:\/\/oeilsportif.info\/index.php\/aliou-cisse-sur-son-choix-tactique-ambitieux-face-au-cameroun-je-sais-que-vous-allez-dire-khamoul-gatt-mais\/#primaryimage"},"thumbnailUrl":"https:\/\/i0.wp.com\/oeilsportif.info\/wp-content\/uploads\/2023\/10\/FB_IMG_1697542870438.jpg?fit=712%2C702&ssl=1","datePublished":"2023-10-17T11:41:39+00:00","author":{"@id":"https:\/\/oeilsportif.info\/#\/schema\/person\/cfbded294aa6095f7d96608d7905e9a1"},"inLanguage":"fr-FR","potentialAction":[{"@type":"ReadAction","target":["https:\/\/oeilsportif.info\/index.php\/aliou-cisse-sur-son-choix-tactique-ambitieux-face-au-cameroun-je-sais-que-vous-allez-dire-khamoul-gatt-mais\/"]}]},{"@type":"ImageObject","inLanguage":"fr-FR","@id":"https:\/\/oeilsportif.info\/index.php\/aliou-cisse-sur-son-choix-tactique-ambitieux-face-au-cameroun-je-sais-que-vous-allez-dire-khamoul-gatt-mais\/#primaryimage","url":"https:\/\/i0.wp.com\/oeilsportif.info\/wp-content\/uploads\/2023\/10\/FB_IMG_1697542870438.jpg?fit=712%2C702&ssl=1","contentUrl":"https:\/\/i0.wp.com\/oeilsportif.info\/wp-content\/uploads\/2023\/10\/FB_IMG_1697542870438.jpg?fit=712%2C702&ssl=1","width":712,"height":702},{"@type":"WebSite","@id":"https:\/\/oeilsportif.info\/#website","url":"https:\/\/oeilsportif.info\/","name":"le regard du sportif","description":"","potentialAction":[{"@type":"SearchAction","target":{"@type":"EntryPoint","urlTemplate":"https:\/\/oeilsportif.info\/?s={search_term_string}"},"query-input":{"@type":"PropertyValueSpecification","valueRequired":true,"valueName":"search_term_string"}}],"inLanguage":"fr-FR"},{"@type":"Person","@id":"https:\/\/oeilsportif.info\/#\/schema\/person\/cfbded294aa6095f7d96608d7905e9a1","name":"L'Equipe de la R\u00e9daction","image":{"@type":"ImageObject","inLanguage":"fr-FR","@id":"https:\/\/oeilsportif.info\/wp-content\/uploads\/2025\/07\/cropped-cropped-logo-os-96x96.jpeg","url":"https:\/\/oeilsportif.info\/wp-content\/uploads\/2025\/07\/cropped-cropped-logo-os-96x96.jpeg","contentUrl":"https:\/\/oeilsportif.info\/wp-content\/uploads\/2025\/07\/cropped-cropped-logo-os-96x96.jpeg","caption":"L'Equipe de la R\u00e9daction"},"url":"https:\/\/oeilsportif.info\/index.php\/author\/tawel\/"}]}},"jetpack_publicize_connections":[],"jetpack_featured_media_url":"https:\/\/i0.wp.com\/oeilsportif.info\/wp-content\/uploads\/2023\/10\/FB_IMG_1697542870438.jpg?fit=712%2C702&ssl=1","jetpack-related-posts":[],"jetpack_sharing_enabled":true,"jetpack_likes_enabled":true,"jetpack_shortlink":"https:\/\/wp.me\/pgFE77-Xe","_links":{"self":[{"href":"https:\/\/oeilsportif.info\/index.php\/wp-json\/wp\/v2\/posts\/3672","targetHints":{"allow":["GET"]}}],"collection":[{"href":"https:\/\/oeilsportif.info\/index.php\/wp-json\/wp\/v2\/posts"}],"about":[{"href":"https:\/\/oeilsportif.info\/index.php\/wp-json\/wp\/v2\/types\/post"}],"author":[{"embeddable":true,"href":"https:\/\/oeilsportif.info\/index.php\/wp-json\/wp\/v2\/users\/2"}],"replies":[{"embeddable":true,"href":"https:\/\/oeilsportif.info\/index.php\/wp-json\/wp\/v2\/comments?post=3672"}],"version-history":[{"count":0,"href":"https:\/\/oeilsportif.info\/index.php\/wp-json\/wp\/v2\/posts\/3672\/revisions"}],"wp:featuredmedia":[{"embeddable":true,"href":"https:\/\/oeilsportif.info\/index.php\/wp-json\/wp\/v2\/media\/3673"}],"wp:attachment":[{"href":"https:\/\/oeilsportif.info\/index.php\/wp-json\/wp\/v2\/media?parent=3672"}],"wp:term":[{"taxonomy":"category","embeddable":true,"href":"https:\/\/oeilsportif.info\/index.php\/wp-json\/wp\/v2\/categories?post=3672"},{"taxonomy":"post_tag","embeddable":true,"href":"https:\/\/oeilsportif.info\/index.php\/wp-json\/wp\/v2\/tags?post=3672"}],"curies":[{"name":"wp","href":"https:\/\/api.w.org\/{rel}","templated":true}]}}