{"id":3669,"date":"2023-10-17T10:42:31","date_gmt":"2023-10-17T10:42:31","guid":{"rendered":"https:\/\/oeilsportif.info\/index.php\/?p=3669"},"modified":"2023-10-17T10:42:31","modified_gmt":"2023-10-17T10:42:31","slug":"ballon-dor-2023-selon-les-premieres-rumeurs-lionel-messi-devrait-etre-sacre-pour-la-8e-fois","status":"publish","type":"post","link":"https:\/\/oeilsportif.info\/index.php\/ballon-dor-2023-selon-les-premieres-rumeurs-lionel-messi-devrait-etre-sacre-pour-la-8e-fois\/","title":{"rendered":"BALLON D&rsquo;OR 2023: SELON LES PREMI\u00c8RES RUMEURS, LIONEL MESSI DEVRAIT \u00caTRE SACR\u00c9 POUR LA 8E FOIS"},"content":{"rendered":"<p><strong>Selon Sport, le prix d\u00e9cern\u00e9 par France Football devrait \u00e9choir au champion du monde argentin Lionel Messi, septuple laur\u00e9at et sacr\u00e9 en 2021. Il succ\u00e9derait au Fran\u00e7ais Karim Benzema.<\/strong><\/p>\n<p>En lice pour le Ballon d\u2019or pour la sixi\u00e8me fois cette ann\u00e9e,\u00a0<a class=\"internal_link\" title=\"France-\u00c9cosse: la grimace de Mbapp\u00e9 en d\u00e9couvrant l'\u00e9tat de la pelouse \u00e0 Pierre-Mauroy\" href=\"https:\/\/rmcsport.bfmtv.com\/football\/equipe-de-france\/france-ecosse-la-grimace-de-mbappe-en-decouvrant-l-etat-de-la-pelouse-a-pierre-mauroy_AV-202310160875.html\">Kylian Mbapp\u00e9<\/a>\u00a0devra a priori encore patienter avant de d\u00e9crocher la cons\u00e9cration ultime pour un joueur de football. Quatri\u00e8me en 2018 (son meilleur classement depuis 2017), le prodige de Bondy a beau \u00eatre consid\u00e9r\u00e9 en France comme \u00ab\u00a0le meilleur joueur du monde\u00a0\u00bb, il devrait \u00eatre devanc\u00e9 au moins par\u00a0<a class=\"internal_link\" title=\"Lionel Messi\" href=\"https:\/\/rmcsport.bfmtv.com\/football\/lionel-messi_DN-201411260316.html\">Lionel Messi<\/a>, selon\u00a0<a class=\"external_link\" href=\"https:\/\/www.sport.es\/es\/noticias\/barca\/aitona-bonmati-leo-messi-balon-93412002\" target=\"_blank\" rel=\"noopener\">Sport<\/a>, confirmant ainsi les premi\u00e8res tendances qui circulaient.<\/p>\n<p>Le quotidien catalan annonce ce mardi matin que le champion du monde argentin soul\u00e8vera son 8e Ballon d\u2019or lors de la c\u00e9r\u00e9monie qui se tiendra le 30 octobre \u00e0 Paris, au th\u00e9\u00e2tre du Ch\u00e2telet. Avec sept troph\u00e9es \u00e0 son actif (2009, 2010, 2011, 2012, 2015, 2019, 2021), Lionel Messi est le joueur le plus titr\u00e9, devant Cristiano Ronaldo, qui en compte cinq (2008, 2013, 2014, 2016, 2017).<\/p>\n<p>RMC<\/p>\n","protected":false},"excerpt":{"rendered":"<p>Selon Sport, le prix d\u00e9cern\u00e9 par France Football devrait \u00e9choir au champion du monde argentin Lionel Messi, septuple laur\u00e9at et sacr\u00e9 en 2021. Il succ\u00e9derait au Fran\u00e7ais Karim Benzema. En lice pour le Ballon d\u2019or pour la sixi\u00e8me fois cette ann\u00e9e,\u00a0Kylian Mbapp\u00e9\u00a0devra a priori encore patienter avant de d\u00e9crocher la cons\u00e9cration ultime pour un joueur [&hellip;]<\/p>\n","protected":false},"author":2,"featured_media":3670,"comment_status":"closed","ping_status":"open","sticky":false,"template":"","format":"standard","meta":{"_jetpack_memberships_contains_paid_content":false,"footnotes":"","jetpack_publicize_message":"","jetpack_publicize_feature_enabled":true,"jetpack_social_post_already_shared":true,"jetpack_social_options":{"image_generator_settings":{"template":"highway","default_image_id":0,"font":"","enabled":false},"version":2}},"categories":[10,5],"tags":[],"class_list":{"0":"post-3669","1":"post","2":"type-post","3":"status-publish","4":"format-standard","5":"has-post-thumbnail","7":"category-actualite","8":"category-football"},"yoast_head":"<!-- This site is optimized with the Yoast SEO plugin v27.5 - https:\/\/yoast.com\/product\/yoast-seo-wordpress\/ -->\n<title>BALLON D&#039;OR 2023: SELON LES PREMI\u00c8RES RUMEURS, LIONEL MESSI DEVRAIT \u00caTRE SACR\u00c9 POUR LA 8E FOIS - le regard du sportif<\/title>\n<meta name=\"robots\" content=\"index, follow, max-snippet:-1, max-image-preview:large, max-video-preview:-1\" \/>\n<link rel=\"canonical\" href=\"https:\/\/oeilsportif.info\/index.php\/ballon-dor-2023-selon-les-premieres-rumeurs-lionel-messi-devrait-etre-sacre-pour-la-8e-fois\/\" \/>\n<meta property=\"og:locale\" content=\"fr_FR\" \/>\n<meta property=\"og:type\" content=\"article\" \/>\n<meta property=\"og:title\" content=\"BALLON D&#039;OR 2023: SELON LES PREMI\u00c8RES RUMEURS, LIONEL MESSI DEVRAIT \u00caTRE SACR\u00c9 POUR LA 8E FOIS - le regard du sportif\" \/>\n<meta property=\"og:description\" content=\"Selon Sport, le prix d\u00e9cern\u00e9 par France Football devrait \u00e9choir au champion du monde argentin Lionel Messi, septuple laur\u00e9at et sacr\u00e9 en 2021. Il succ\u00e9derait au Fran\u00e7ais Karim Benzema. En lice pour le Ballon d\u2019or pour la sixi\u00e8me fois cette ann\u00e9e,\u00a0Kylian Mbapp\u00e9\u00a0devra a priori encore patienter avant de d\u00e9crocher la cons\u00e9cration ultime pour un joueur [&hellip;]\" \/>\n<meta property=\"og:url\" content=\"https:\/\/oeilsportif.info\/index.php\/ballon-dor-2023-selon-les-premieres-rumeurs-lionel-messi-devrait-etre-sacre-pour-la-8e-fois\/\" \/>\n<meta property=\"og:site_name\" content=\"le regard du sportif\" \/>\n<meta property=\"article:published_time\" content=\"2023-10-17T10:42:31+00:00\" \/>\n<meta property=\"og:image\" content=\"https:\/\/oeilsportif.info\/wp-content\/uploads\/2023\/10\/FB_IMG_1697539326684.jpg\" \/>\n\t<meta property=\"og:image:width\" content=\"900\" \/>\n\t<meta property=\"og:image:height\" content=\"900\" \/>\n\t<meta property=\"og:image:type\" content=\"image\/jpeg\" \/>\n<meta name=\"author\" content=\"L&#039;Equipe de la R\u00e9daction\" \/>\n<meta name=\"twitter:label1\" content=\"\u00c9crit par\" \/>\n\t<meta name=\"twitter:data1\" content=\"L&#039;Equipe de la R\u00e9daction\" \/>\n\t<meta name=\"twitter:label2\" content=\"Dur\u00e9e de lecture estim\u00e9e\" \/>\n\t<meta name=\"twitter:data2\" content=\"1 minute\" \/>\n<script type=\"application\/ld+json\" class=\"yoast-schema-graph\">{\"@context\":\"https:\\\/\\\/schema.org\",\"@graph\":[{\"@type\":\"Article\",\"@id\":\"https:\\\/\\\/oeilsportif.info\\\/index.php\\\/ballon-dor-2023-selon-les-premieres-rumeurs-lionel-messi-devrait-etre-sacre-pour-la-8e-fois\\\/#article\",\"isPartOf\":{\"@id\":\"https:\\\/\\\/oeilsportif.info\\\/index.php\\\/ballon-dor-2023-selon-les-premieres-rumeurs-lionel-messi-devrait-etre-sacre-pour-la-8e-fois\\\/\"},\"author\":{\"name\":\"L'Equipe de la R\u00e9daction\",\"@id\":\"https:\\\/\\\/oeilsportif.info\\\/#\\\/schema\\\/person\\\/cfbded294aa6095f7d96608d7905e9a1\"},\"headline\":\"BALLON D&rsquo;OR 2023: SELON LES PREMI\u00c8RES RUMEURS, LIONEL MESSI DEVRAIT \u00caTRE SACR\u00c9 POUR LA 8E FOIS\",\"datePublished\":\"2023-10-17T10:42:31+00:00\",\"mainEntityOfPage\":{\"@id\":\"https:\\\/\\\/oeilsportif.info\\\/index.php\\\/ballon-dor-2023-selon-les-premieres-rumeurs-lionel-messi-devrait-etre-sacre-pour-la-8e-fois\\\/\"},\"wordCount\":187,\"image\":{\"@id\":\"https:\\\/\\\/oeilsportif.info\\\/index.php\\\/ballon-dor-2023-selon-les-premieres-rumeurs-lionel-messi-devrait-etre-sacre-pour-la-8e-fois\\\/#primaryimage\"},\"thumbnailUrl\":\"https:\\\/\\\/i0.wp.com\\\/oeilsportif.info\\\/wp-content\\\/uploads\\\/2023\\\/10\\\/FB_IMG_1697539326684.jpg?fit=900%2C900&ssl=1\",\"articleSection\":[\"Actualit\u00e9\",\"Football\"],\"inLanguage\":\"fr-FR\"},{\"@type\":\"WebPage\",\"@id\":\"https:\\\/\\\/oeilsportif.info\\\/index.php\\\/ballon-dor-2023-selon-les-premieres-rumeurs-lionel-messi-devrait-etre-sacre-pour-la-8e-fois\\\/\",\"url\":\"https:\\\/\\\/oeilsportif.info\\\/index.php\\\/ballon-dor-2023-selon-les-premieres-rumeurs-lionel-messi-devrait-etre-sacre-pour-la-8e-fois\\\/\",\"name\":\"BALLON D'OR 2023: SELON LES PREMI\u00c8RES RUMEURS, LIONEL MESSI DEVRAIT \u00caTRE SACR\u00c9 POUR LA 8E FOIS - le regard du sportif\",\"isPartOf\":{\"@id\":\"https:\\\/\\\/oeilsportif.info\\\/#website\"},\"primaryImageOfPage\":{\"@id\":\"https:\\\/\\\/oeilsportif.info\\\/index.php\\\/ballon-dor-2023-selon-les-premieres-rumeurs-lionel-messi-devrait-etre-sacre-pour-la-8e-fois\\\/#primaryimage\"},\"image\":{\"@id\":\"https:\\\/\\\/oeilsportif.info\\\/index.php\\\/ballon-dor-2023-selon-les-premieres-rumeurs-lionel-messi-devrait-etre-sacre-pour-la-8e-fois\\\/#primaryimage\"},\"thumbnailUrl\":\"https:\\\/\\\/i0.wp.com\\\/oeilsportif.info\\\/wp-content\\\/uploads\\\/2023\\\/10\\\/FB_IMG_1697539326684.jpg?fit=900%2C900&ssl=1\",\"datePublished\":\"2023-10-17T10:42:31+00:00\",\"author\":{\"@id\":\"https:\\\/\\\/oeilsportif.info\\\/#\\\/schema\\\/person\\\/cfbded294aa6095f7d96608d7905e9a1\"},\"inLanguage\":\"fr-FR\",\"potentialAction\":[{\"@type\":\"ReadAction\",\"target\":[\"https:\\\/\\\/oeilsportif.info\\\/index.php\\\/ballon-dor-2023-selon-les-premieres-rumeurs-lionel-messi-devrait-etre-sacre-pour-la-8e-fois\\\/\"]}]},{\"@type\":\"ImageObject\",\"inLanguage\":\"fr-FR\",\"@id\":\"https:\\\/\\\/oeilsportif.info\\\/index.php\\\/ballon-dor-2023-selon-les-premieres-rumeurs-lionel-messi-devrait-etre-sacre-pour-la-8e-fois\\\/#primaryimage\",\"url\":\"https:\\\/\\\/i0.wp.com\\\/oeilsportif.info\\\/wp-content\\\/uploads\\\/2023\\\/10\\\/FB_IMG_1697539326684.jpg?fit=900%2C900&ssl=1\",\"contentUrl\":\"https:\\\/\\\/i0.wp.com\\\/oeilsportif.info\\\/wp-content\\\/uploads\\\/2023\\\/10\\\/FB_IMG_1697539326684.jpg?fit=900%2C900&ssl=1\",\"width\":900,\"height\":900},{\"@type\":\"WebSite\",\"@id\":\"https:\\\/\\\/oeilsportif.info\\\/#website\",\"url\":\"https:\\\/\\\/oeilsportif.info\\\/\",\"name\":\"le regard du sportif\",\"description\":\"\",\"potentialAction\":[{\"@type\":\"SearchAction\",\"target\":{\"@type\":\"EntryPoint\",\"urlTemplate\":\"https:\\\/\\\/oeilsportif.info\\\/?s={search_term_string}\"},\"query-input\":{\"@type\":\"PropertyValueSpecification\",\"valueRequired\":true,\"valueName\":\"search_term_string\"}}],\"inLanguage\":\"fr-FR\"},{\"@type\":\"Person\",\"@id\":\"https:\\\/\\\/oeilsportif.info\\\/#\\\/schema\\\/person\\\/cfbded294aa6095f7d96608d7905e9a1\",\"name\":\"L'Equipe de la R\u00e9daction\",\"image\":{\"@type\":\"ImageObject\",\"inLanguage\":\"fr-FR\",\"@id\":\"https:\\\/\\\/oeilsportif.info\\\/wp-content\\\/uploads\\\/2025\\\/07\\\/cropped-cropped-logo-os-96x96.jpeg\",\"url\":\"https:\\\/\\\/oeilsportif.info\\\/wp-content\\\/uploads\\\/2025\\\/07\\\/cropped-cropped-logo-os-96x96.jpeg\",\"contentUrl\":\"https:\\\/\\\/oeilsportif.info\\\/wp-content\\\/uploads\\\/2025\\\/07\\\/cropped-cropped-logo-os-96x96.jpeg\",\"caption\":\"L'Equipe de la R\u00e9daction\"},\"url\":\"https:\\\/\\\/oeilsportif.info\\\/index.php\\\/author\\\/tawel\\\/\"}]}<\/script>\n<!-- \/ Yoast SEO plugin. -->","yoast_head_json":{"title":"BALLON D'OR 2023: SELON LES PREMI\u00c8RES RUMEURS, LIONEL MESSI DEVRAIT \u00caTRE SACR\u00c9 POUR LA 8E FOIS - le regard du sportif","robots":{"index":"index","follow":"follow","max-snippet":"max-snippet:-1","max-image-preview":"max-image-preview:large","max-video-preview":"max-video-preview:-1"},"canonical":"https:\/\/oeilsportif.info\/index.php\/ballon-dor-2023-selon-les-premieres-rumeurs-lionel-messi-devrait-etre-sacre-pour-la-8e-fois\/","og_locale":"fr_FR","og_type":"article","og_title":"BALLON D'OR 2023: SELON LES PREMI\u00c8RES RUMEURS, LIONEL MESSI DEVRAIT \u00caTRE SACR\u00c9 POUR LA 8E FOIS - le regard du sportif","og_description":"Selon Sport, le prix d\u00e9cern\u00e9 par France Football devrait \u00e9choir au champion du monde argentin Lionel Messi, septuple laur\u00e9at et sacr\u00e9 en 2021. Il succ\u00e9derait au Fran\u00e7ais Karim Benzema. En lice pour le Ballon d\u2019or pour la sixi\u00e8me fois cette ann\u00e9e,\u00a0Kylian Mbapp\u00e9\u00a0devra a priori encore patienter avant de d\u00e9crocher la cons\u00e9cration ultime pour un joueur [&hellip;]","og_url":"https:\/\/oeilsportif.info\/index.php\/ballon-dor-2023-selon-les-premieres-rumeurs-lionel-messi-devrait-etre-sacre-pour-la-8e-fois\/","og_site_name":"le regard du sportif","article_published_time":"2023-10-17T10:42:31+00:00","og_image":[{"width":900,"height":900,"url":"https:\/\/oeilsportif.info\/wp-content\/uploads\/2023\/10\/FB_IMG_1697539326684.jpg","type":"image\/jpeg"}],"author":"L'Equipe de la R\u00e9daction","twitter_misc":{"\u00c9crit par":"L'Equipe de la R\u00e9daction","Dur\u00e9e de lecture estim\u00e9e":"1 minute"},"schema":{"@context":"https:\/\/schema.org","@graph":[{"@type":"Article","@id":"https:\/\/oeilsportif.info\/index.php\/ballon-dor-2023-selon-les-premieres-rumeurs-lionel-messi-devrait-etre-sacre-pour-la-8e-fois\/#article","isPartOf":{"@id":"https:\/\/oeilsportif.info\/index.php\/ballon-dor-2023-selon-les-premieres-rumeurs-lionel-messi-devrait-etre-sacre-pour-la-8e-fois\/"},"author":{"name":"L'Equipe de la R\u00e9daction","@id":"https:\/\/oeilsportif.info\/#\/schema\/person\/cfbded294aa6095f7d96608d7905e9a1"},"headline":"BALLON D&rsquo;OR 2023: SELON LES PREMI\u00c8RES RUMEURS, LIONEL MESSI DEVRAIT \u00caTRE SACR\u00c9 POUR LA 8E FOIS","datePublished":"2023-10-17T10:42:31+00:00","mainEntityOfPage":{"@id":"https:\/\/oeilsportif.info\/index.php\/ballon-dor-2023-selon-les-premieres-rumeurs-lionel-messi-devrait-etre-sacre-pour-la-8e-fois\/"},"wordCount":187,"image":{"@id":"https:\/\/oeilsportif.info\/index.php\/ballon-dor-2023-selon-les-premieres-rumeurs-lionel-messi-devrait-etre-sacre-pour-la-8e-fois\/#primaryimage"},"thumbnailUrl":"https:\/\/i0.wp.com\/oeilsportif.info\/wp-content\/uploads\/2023\/10\/FB_IMG_1697539326684.jpg?fit=900%2C900&ssl=1","articleSection":["Actualit\u00e9","Football"],"inLanguage":"fr-FR"},{"@type":"WebPage","@id":"https:\/\/oeilsportif.info\/index.php\/ballon-dor-2023-selon-les-premieres-rumeurs-lionel-messi-devrait-etre-sacre-pour-la-8e-fois\/","url":"https:\/\/oeilsportif.info\/index.php\/ballon-dor-2023-selon-les-premieres-rumeurs-lionel-messi-devrait-etre-sacre-pour-la-8e-fois\/","name":"BALLON D'OR 2023: SELON LES PREMI\u00c8RES RUMEURS, LIONEL MESSI DEVRAIT \u00caTRE SACR\u00c9 POUR LA 8E FOIS - le regard du sportif","isPartOf":{"@id":"https:\/\/oeilsportif.info\/#website"},"primaryImageOfPage":{"@id":"https:\/\/oeilsportif.info\/index.php\/ballon-dor-2023-selon-les-premieres-rumeurs-lionel-messi-devrait-etre-sacre-pour-la-8e-fois\/#primaryimage"},"image":{"@id":"https:\/\/oeilsportif.info\/index.php\/ballon-dor-2023-selon-les-premieres-rumeurs-lionel-messi-devrait-etre-sacre-pour-la-8e-fois\/#primaryimage"},"thumbnailUrl":"https:\/\/i0.wp.com\/oeilsportif.info\/wp-content\/uploads\/2023\/10\/FB_IMG_1697539326684.jpg?fit=900%2C900&ssl=1","datePublished":"2023-10-17T10:42:31+00:00","author":{"@id":"https:\/\/oeilsportif.info\/#\/schema\/person\/cfbded294aa6095f7d96608d7905e9a1"},"inLanguage":"fr-FR","potentialAction":[{"@type":"ReadAction","target":["https:\/\/oeilsportif.info\/index.php\/ballon-dor-2023-selon-les-premieres-rumeurs-lionel-messi-devrait-etre-sacre-pour-la-8e-fois\/"]}]},{"@type":"ImageObject","inLanguage":"fr-FR","@id":"https:\/\/oeilsportif.info\/index.php\/ballon-dor-2023-selon-les-premieres-rumeurs-lionel-messi-devrait-etre-sacre-pour-la-8e-fois\/#primaryimage","url":"https:\/\/i0.wp.com\/oeilsportif.info\/wp-content\/uploads\/2023\/10\/FB_IMG_1697539326684.jpg?fit=900%2C900&ssl=1","contentUrl":"https:\/\/i0.wp.com\/oeilsportif.info\/wp-content\/uploads\/2023\/10\/FB_IMG_1697539326684.jpg?fit=900%2C900&ssl=1","width":900,"height":900},{"@type":"WebSite","@id":"https:\/\/oeilsportif.info\/#website","url":"https:\/\/oeilsportif.info\/","name":"le regard du sportif","description":"","potentialAction":[{"@type":"SearchAction","target":{"@type":"EntryPoint","urlTemplate":"https:\/\/oeilsportif.info\/?s={search_term_string}"},"query-input":{"@type":"PropertyValueSpecification","valueRequired":true,"valueName":"search_term_string"}}],"inLanguage":"fr-FR"},{"@type":"Person","@id":"https:\/\/oeilsportif.info\/#\/schema\/person\/cfbded294aa6095f7d96608d7905e9a1","name":"L'Equipe de la R\u00e9daction","image":{"@type":"ImageObject","inLanguage":"fr-FR","@id":"https:\/\/oeilsportif.info\/wp-content\/uploads\/2025\/07\/cropped-cropped-logo-os-96x96.jpeg","url":"https:\/\/oeilsportif.info\/wp-content\/uploads\/2025\/07\/cropped-cropped-logo-os-96x96.jpeg","contentUrl":"https:\/\/oeilsportif.info\/wp-content\/uploads\/2025\/07\/cropped-cropped-logo-os-96x96.jpeg","caption":"L'Equipe de la R\u00e9daction"},"url":"https:\/\/oeilsportif.info\/index.php\/author\/tawel\/"}]}},"jetpack_publicize_connections":[],"jetpack_featured_media_url":"https:\/\/i0.wp.com\/oeilsportif.info\/wp-content\/uploads\/2023\/10\/FB_IMG_1697539326684.jpg?fit=900%2C900&ssl=1","jetpack-related-posts":[],"jetpack_sharing_enabled":true,"jetpack_likes_enabled":true,"jetpack_shortlink":"https:\/\/wp.me\/pgFE77-Xb","_links":{"self":[{"href":"https:\/\/oeilsportif.info\/index.php\/wp-json\/wp\/v2\/posts\/3669","targetHints":{"allow":["GET"]}}],"collection":[{"href":"https:\/\/oeilsportif.info\/index.php\/wp-json\/wp\/v2\/posts"}],"about":[{"href":"https:\/\/oeilsportif.info\/index.php\/wp-json\/wp\/v2\/types\/post"}],"author":[{"embeddable":true,"href":"https:\/\/oeilsportif.info\/index.php\/wp-json\/wp\/v2\/users\/2"}],"replies":[{"embeddable":true,"href":"https:\/\/oeilsportif.info\/index.php\/wp-json\/wp\/v2\/comments?post=3669"}],"version-history":[{"count":0,"href":"https:\/\/oeilsportif.info\/index.php\/wp-json\/wp\/v2\/posts\/3669\/revisions"}],"wp:featuredmedia":[{"embeddable":true,"href":"https:\/\/oeilsportif.info\/index.php\/wp-json\/wp\/v2\/media\/3670"}],"wp:attachment":[{"href":"https:\/\/oeilsportif.info\/index.php\/wp-json\/wp\/v2\/media?parent=3669"}],"wp:term":[{"taxonomy":"category","embeddable":true,"href":"https:\/\/oeilsportif.info\/index.php\/wp-json\/wp\/v2\/categories?post=3669"},{"taxonomy":"post_tag","embeddable":true,"href":"https:\/\/oeilsportif.info\/index.php\/wp-json\/wp\/v2\/tags?post=3669"}],"curies":[{"name":"wp","href":"https:\/\/api.w.org\/{rel}","templated":true}]}}