{"id":3666,"date":"2023-10-17T10:34:50","date_gmt":"2023-10-17T10:34:50","guid":{"rendered":"https:\/\/oeilsportif.info\/index.php\/?p=3666"},"modified":"2023-10-17T10:34:50","modified_gmt":"2023-10-17T10:34:50","slug":"rigobert-song-sur-la-can-2023-jespere-que-le-senegal-ne-va-pas-enchainer-un-deuxieme","status":"publish","type":"post","link":"https:\/\/oeilsportif.info\/index.php\/rigobert-song-sur-la-can-2023-jespere-que-le-senegal-ne-va-pas-enchainer-un-deuxieme\/","title":{"rendered":"Rigobert Song sur la CAN 2023 : \u00ab J\u2019esp\u00e8re que le S\u00e9n\u00e9gal ne va pas encha\u00eener un deuxi\u00e8me\u2026\u00bb"},"content":{"rendered":"<p><strong><span id=\"p56\">Apr\u00e8s la d\u00e9faite contre le S\u00e9n\u00e9gal, Rigobert Song s\u2019est exprim\u00e9 sur les Lions de la\u00a0<span id=\"58\" class=\"s-rg\">T\u00e9ranga<\/span>\u00a0en conf\u00e9rence de presse.<\/span><\/strong><span id=\"p57\"><strong>\u00a0Interrog\u00e9 sur les possibilit\u00e9s de voir le S\u00e9n\u00e9gal remport\u00e9, son deuxi\u00e8me CAN en C\u00f4te d\u2019Ivoire, Song a \u00e9mis un souhait qui ne va pas plaire aux supporters s\u00e9n\u00e9galais<\/strong>.<\/span><\/p>\n<p><span id=\"p59\">Le S\u00e9n\u00e9gal a domin\u00e9 le Cameroun sur le score d\u2019un but \u00e0 z\u00e9ro.<\/span><span id=\"p60\">\u00a0C\u2019est Sadio\u00a0<span id=\"62\" class=\"s-rg\">Man\u00e9<\/span>, qui a donn\u00e9 l\u2019avantage au S\u00e9n\u00e9gal dans cette rencontre, en marquant un penalty.<\/span><span id=\"p61\">\u00a0<\/span><\/p>\n<p><span id=\"p63\">En conf\u00e9rence de presse d\u2019apr\u00e8s-match,\u00a0<a href=\"https:\/\/www.onzedafrik.com\/afrique\/cameroun\/2023\/10\/16\/aliou-cisse-se-moque-de-rigobert-song-depuis-quil-sait-quon-va-les-jouer-je-ne-lai-30380.html\">Rigobert Song<\/a>\u00a0a r\u00e9pondu aux questions des journalistes.<\/span><span id=\"p64\">\u00a0Le s\u00e9lectionneur des Lions Indomptables a \u00e9voqu\u00e9 sa situation, apr\u00e8s la d\u00e9faite contre le S\u00e9n\u00e9gal.<\/span><\/p>\n<p><span id=\"p65\">\u00cates-vous en danger apr\u00e8s la d\u00e9faite face au\u00a0S\u00e9n\u00e9gal\u00a0?<\/span><\/p>\n<p><em><span id=\"p66\">\u00ab Il n\u2019y a pas une th\u00e9orie du danger.<\/span><span id=\"p67\">\u00a0On disputait un match amical et vous avez vu qu\u2019on a tourn\u00e9 l\u2019effectif pour voir presque tout le monde.<\/span><span id=\"p68\">\u00a0<span id=\"72\" class=\"s-ve\">C\u2019\u00e9tait<\/span>\u00a0pas mauvais m\u00eame si le r\u00e9sultat est n\u00e9gatif.<\/span><span id=\"p69\">\u00a0En premi\u00e8re mi-temps, c\u2019\u00e9tait plus difficile, car mes joueurs avaient du mal \u00e0 se situer, mais en seconde p\u00e9riode, on a fait entrer les jeunes et on a eu du mieux.<\/span><span id=\"p70\">\u00a0Je pense que d\u2019ici la CAN, on va trouver les ingr\u00e9dients pour aller dans cette comp\u00e9tition avec plus de certitudes.<\/span><span id=\"p71\">\u00a0Ce match va nous permettre de rectifier nos failles d\u00e8s \u00e0 pr\u00e9sent en esp\u00e9rant que tout le monde revient.\u00bb<\/span><\/em><\/p>\n<p><span id=\"p73\">Pourquoi est-il si difficile de conserver son titre de champion d\u2019Afrique ?<\/span><span id=\"p74\">\u00a0Pensez-vous que le S\u00e9n\u00e9gal en soit capable ?<\/span><\/p>\n<p><em><span id=\"p75\">\u00ab\u00a0Les g\u00e9n\u00e9rations changent.<\/span><span id=\"p76\">\u00a0On voit ce qui se passe maintenant avec le d\u00e9veloppement du football africain.<\/span><span id=\"p77\">\u00a0Il est difficile de garder son titre de champion d\u2019Afrique parce qu\u2019en face, il n\u2019y a plus de petites \u00e9quipes et c\u2019est ce qui fait le charme de la comp\u00e9tition qui est la CAN.<\/span><span id=\"p78\">\u00a0J\u2019esp\u00e8re que le S\u00e9n\u00e9gal ne va pas encha\u00eener avec un deuxi\u00e8me titre comme on l\u2019a fait en 2000 et 2002\u2026<\/span><span id=\"p79\">\u00a0\u00bb<\/span><\/em><\/p>\n<p>Source : Onze d&rsquo;Afrik<\/p>\n","protected":false},"excerpt":{"rendered":"<p>Apr\u00e8s la d\u00e9faite contre le S\u00e9n\u00e9gal, Rigobert Song s\u2019est exprim\u00e9 sur les Lions de la\u00a0T\u00e9ranga\u00a0en conf\u00e9rence de presse.\u00a0Interrog\u00e9 sur les possibilit\u00e9s de voir le S\u00e9n\u00e9gal remport\u00e9, son deuxi\u00e8me CAN en C\u00f4te d\u2019Ivoire, Song a \u00e9mis un souhait qui ne va pas plaire aux supporters s\u00e9n\u00e9galais. Le S\u00e9n\u00e9gal a domin\u00e9 le Cameroun sur le score d\u2019un [&hellip;]<\/p>\n","protected":false},"author":2,"featured_media":3667,"comment_status":"closed","ping_status":"open","sticky":false,"template":"","format":"standard","meta":{"_jetpack_memberships_contains_paid_content":false,"footnotes":"","jetpack_publicize_message":"","jetpack_publicize_feature_enabled":true,"jetpack_social_post_already_shared":true,"jetpack_social_options":{"image_generator_settings":{"template":"highway","default_image_id":0,"font":"","enabled":false},"version":2}},"categories":[10,5],"tags":[],"class_list":{"0":"post-3666","1":"post","2":"type-post","3":"status-publish","4":"format-standard","5":"has-post-thumbnail","7":"category-actualite","8":"category-football"},"yoast_head":"<!-- This site is optimized with the Yoast SEO plugin v27.5 - https:\/\/yoast.com\/product\/yoast-seo-wordpress\/ -->\n<title>Rigobert Song sur la CAN 2023 : \u00ab J\u2019esp\u00e8re que le S\u00e9n\u00e9gal ne va pas encha\u00eener un deuxi\u00e8me\u2026\u00bb - le regard du sportif<\/title>\n<meta name=\"robots\" content=\"index, follow, max-snippet:-1, max-image-preview:large, max-video-preview:-1\" \/>\n<link rel=\"canonical\" href=\"https:\/\/oeilsportif.info\/index.php\/rigobert-song-sur-la-can-2023-jespere-que-le-senegal-ne-va-pas-enchainer-un-deuxieme\/\" \/>\n<meta property=\"og:locale\" content=\"fr_FR\" \/>\n<meta property=\"og:type\" content=\"article\" \/>\n<meta property=\"og:title\" content=\"Rigobert Song sur la CAN 2023 : \u00ab J\u2019esp\u00e8re que le S\u00e9n\u00e9gal ne va pas encha\u00eener un deuxi\u00e8me\u2026\u00bb - le regard du sportif\" \/>\n<meta property=\"og:description\" content=\"Apr\u00e8s la d\u00e9faite contre le S\u00e9n\u00e9gal, Rigobert Song s\u2019est exprim\u00e9 sur les Lions de la\u00a0T\u00e9ranga\u00a0en conf\u00e9rence de presse.\u00a0Interrog\u00e9 sur les possibilit\u00e9s de voir le S\u00e9n\u00e9gal remport\u00e9, son deuxi\u00e8me CAN en C\u00f4te d\u2019Ivoire, Song a \u00e9mis un souhait qui ne va pas plaire aux supporters s\u00e9n\u00e9galais. Le S\u00e9n\u00e9gal a domin\u00e9 le Cameroun sur le score d\u2019un [&hellip;]\" \/>\n<meta property=\"og:url\" content=\"https:\/\/oeilsportif.info\/index.php\/rigobert-song-sur-la-can-2023-jespere-que-le-senegal-ne-va-pas-enchainer-un-deuxieme\/\" \/>\n<meta property=\"og:site_name\" content=\"le regard du sportif\" \/>\n<meta property=\"article:published_time\" content=\"2023-10-17T10:34:50+00:00\" \/>\n<meta property=\"og:image\" content=\"https:\/\/oeilsportif.info\/wp-content\/uploads\/2023\/10\/Screenshot_20231017_103210_Facebook.jpg\" \/>\n\t<meta property=\"og:image:width\" content=\"966\" \/>\n\t<meta property=\"og:image:height\" content=\"684\" \/>\n\t<meta property=\"og:image:type\" content=\"image\/jpeg\" \/>\n<meta name=\"author\" content=\"L&#039;Equipe de la R\u00e9daction\" \/>\n<meta name=\"twitter:label1\" content=\"\u00c9crit par\" \/>\n\t<meta name=\"twitter:data1\" content=\"L&#039;Equipe de la R\u00e9daction\" \/>\n\t<meta name=\"twitter:label2\" content=\"Dur\u00e9e de lecture estim\u00e9e\" \/>\n\t<meta name=\"twitter:data2\" content=\"2 minutes\" \/>\n<script type=\"application\/ld+json\" class=\"yoast-schema-graph\">{\"@context\":\"https:\\\/\\\/schema.org\",\"@graph\":[{\"@type\":\"Article\",\"@id\":\"https:\\\/\\\/oeilsportif.info\\\/index.php\\\/rigobert-song-sur-la-can-2023-jespere-que-le-senegal-ne-va-pas-enchainer-un-deuxieme\\\/#article\",\"isPartOf\":{\"@id\":\"https:\\\/\\\/oeilsportif.info\\\/index.php\\\/rigobert-song-sur-la-can-2023-jespere-que-le-senegal-ne-va-pas-enchainer-un-deuxieme\\\/\"},\"author\":{\"name\":\"L'Equipe de la R\u00e9daction\",\"@id\":\"https:\\\/\\\/oeilsportif.info\\\/#\\\/schema\\\/person\\\/cfbded294aa6095f7d96608d7905e9a1\"},\"headline\":\"Rigobert Song sur la CAN 2023 : \u00ab J\u2019esp\u00e8re que le S\u00e9n\u00e9gal ne va pas encha\u00eener un deuxi\u00e8me\u2026\u00bb\",\"datePublished\":\"2023-10-17T10:34:50+00:00\",\"mainEntityOfPage\":{\"@id\":\"https:\\\/\\\/oeilsportif.info\\\/index.php\\\/rigobert-song-sur-la-can-2023-jespere-que-le-senegal-ne-va-pas-enchainer-un-deuxieme\\\/\"},\"wordCount\":399,\"image\":{\"@id\":\"https:\\\/\\\/oeilsportif.info\\\/index.php\\\/rigobert-song-sur-la-can-2023-jespere-que-le-senegal-ne-va-pas-enchainer-un-deuxieme\\\/#primaryimage\"},\"thumbnailUrl\":\"https:\\\/\\\/i0.wp.com\\\/oeilsportif.info\\\/wp-content\\\/uploads\\\/2023\\\/10\\\/Screenshot_20231017_103210_Facebook.jpg?fit=966%2C684&ssl=1\",\"articleSection\":[\"Actualit\u00e9\",\"Football\"],\"inLanguage\":\"fr-FR\"},{\"@type\":\"WebPage\",\"@id\":\"https:\\\/\\\/oeilsportif.info\\\/index.php\\\/rigobert-song-sur-la-can-2023-jespere-que-le-senegal-ne-va-pas-enchainer-un-deuxieme\\\/\",\"url\":\"https:\\\/\\\/oeilsportif.info\\\/index.php\\\/rigobert-song-sur-la-can-2023-jespere-que-le-senegal-ne-va-pas-enchainer-un-deuxieme\\\/\",\"name\":\"Rigobert Song sur la CAN 2023 : \u00ab J\u2019esp\u00e8re que le S\u00e9n\u00e9gal ne va pas encha\u00eener un deuxi\u00e8me\u2026\u00bb - le regard du sportif\",\"isPartOf\":{\"@id\":\"https:\\\/\\\/oeilsportif.info\\\/#website\"},\"primaryImageOfPage\":{\"@id\":\"https:\\\/\\\/oeilsportif.info\\\/index.php\\\/rigobert-song-sur-la-can-2023-jespere-que-le-senegal-ne-va-pas-enchainer-un-deuxieme\\\/#primaryimage\"},\"image\":{\"@id\":\"https:\\\/\\\/oeilsportif.info\\\/index.php\\\/rigobert-song-sur-la-can-2023-jespere-que-le-senegal-ne-va-pas-enchainer-un-deuxieme\\\/#primaryimage\"},\"thumbnailUrl\":\"https:\\\/\\\/i0.wp.com\\\/oeilsportif.info\\\/wp-content\\\/uploads\\\/2023\\\/10\\\/Screenshot_20231017_103210_Facebook.jpg?fit=966%2C684&ssl=1\",\"datePublished\":\"2023-10-17T10:34:50+00:00\",\"author\":{\"@id\":\"https:\\\/\\\/oeilsportif.info\\\/#\\\/schema\\\/person\\\/cfbded294aa6095f7d96608d7905e9a1\"},\"inLanguage\":\"fr-FR\",\"potentialAction\":[{\"@type\":\"ReadAction\",\"target\":[\"https:\\\/\\\/oeilsportif.info\\\/index.php\\\/rigobert-song-sur-la-can-2023-jespere-que-le-senegal-ne-va-pas-enchainer-un-deuxieme\\\/\"]}]},{\"@type\":\"ImageObject\",\"inLanguage\":\"fr-FR\",\"@id\":\"https:\\\/\\\/oeilsportif.info\\\/index.php\\\/rigobert-song-sur-la-can-2023-jespere-que-le-senegal-ne-va-pas-enchainer-un-deuxieme\\\/#primaryimage\",\"url\":\"https:\\\/\\\/i0.wp.com\\\/oeilsportif.info\\\/wp-content\\\/uploads\\\/2023\\\/10\\\/Screenshot_20231017_103210_Facebook.jpg?fit=966%2C684&ssl=1\",\"contentUrl\":\"https:\\\/\\\/i0.wp.com\\\/oeilsportif.info\\\/wp-content\\\/uploads\\\/2023\\\/10\\\/Screenshot_20231017_103210_Facebook.jpg?fit=966%2C684&ssl=1\",\"width\":966,\"height\":684},{\"@type\":\"WebSite\",\"@id\":\"https:\\\/\\\/oeilsportif.info\\\/#website\",\"url\":\"https:\\\/\\\/oeilsportif.info\\\/\",\"name\":\"le regard du sportif\",\"description\":\"\",\"potentialAction\":[{\"@type\":\"SearchAction\",\"target\":{\"@type\":\"EntryPoint\",\"urlTemplate\":\"https:\\\/\\\/oeilsportif.info\\\/?s={search_term_string}\"},\"query-input\":{\"@type\":\"PropertyValueSpecification\",\"valueRequired\":true,\"valueName\":\"search_term_string\"}}],\"inLanguage\":\"fr-FR\"},{\"@type\":\"Person\",\"@id\":\"https:\\\/\\\/oeilsportif.info\\\/#\\\/schema\\\/person\\\/cfbded294aa6095f7d96608d7905e9a1\",\"name\":\"L'Equipe de la R\u00e9daction\",\"image\":{\"@type\":\"ImageObject\",\"inLanguage\":\"fr-FR\",\"@id\":\"https:\\\/\\\/oeilsportif.info\\\/wp-content\\\/uploads\\\/2025\\\/07\\\/cropped-cropped-logo-os-96x96.jpeg\",\"url\":\"https:\\\/\\\/oeilsportif.info\\\/wp-content\\\/uploads\\\/2025\\\/07\\\/cropped-cropped-logo-os-96x96.jpeg\",\"contentUrl\":\"https:\\\/\\\/oeilsportif.info\\\/wp-content\\\/uploads\\\/2025\\\/07\\\/cropped-cropped-logo-os-96x96.jpeg\",\"caption\":\"L'Equipe de la R\u00e9daction\"},\"url\":\"https:\\\/\\\/oeilsportif.info\\\/index.php\\\/author\\\/tawel\\\/\"}]}<\/script>\n<!-- \/ Yoast SEO plugin. -->","yoast_head_json":{"title":"Rigobert Song sur la CAN 2023 : \u00ab J\u2019esp\u00e8re que le S\u00e9n\u00e9gal ne va pas encha\u00eener un deuxi\u00e8me\u2026\u00bb - le regard du sportif","robots":{"index":"index","follow":"follow","max-snippet":"max-snippet:-1","max-image-preview":"max-image-preview:large","max-video-preview":"max-video-preview:-1"},"canonical":"https:\/\/oeilsportif.info\/index.php\/rigobert-song-sur-la-can-2023-jespere-que-le-senegal-ne-va-pas-enchainer-un-deuxieme\/","og_locale":"fr_FR","og_type":"article","og_title":"Rigobert Song sur la CAN 2023 : \u00ab J\u2019esp\u00e8re que le S\u00e9n\u00e9gal ne va pas encha\u00eener un deuxi\u00e8me\u2026\u00bb - le regard du sportif","og_description":"Apr\u00e8s la d\u00e9faite contre le S\u00e9n\u00e9gal, Rigobert Song s\u2019est exprim\u00e9 sur les Lions de la\u00a0T\u00e9ranga\u00a0en conf\u00e9rence de presse.\u00a0Interrog\u00e9 sur les possibilit\u00e9s de voir le S\u00e9n\u00e9gal remport\u00e9, son deuxi\u00e8me CAN en C\u00f4te d\u2019Ivoire, Song a \u00e9mis un souhait qui ne va pas plaire aux supporters s\u00e9n\u00e9galais. Le S\u00e9n\u00e9gal a domin\u00e9 le Cameroun sur le score d\u2019un [&hellip;]","og_url":"https:\/\/oeilsportif.info\/index.php\/rigobert-song-sur-la-can-2023-jespere-que-le-senegal-ne-va-pas-enchainer-un-deuxieme\/","og_site_name":"le regard du sportif","article_published_time":"2023-10-17T10:34:50+00:00","og_image":[{"width":966,"height":684,"url":"https:\/\/oeilsportif.info\/wp-content\/uploads\/2023\/10\/Screenshot_20231017_103210_Facebook.jpg","type":"image\/jpeg"}],"author":"L'Equipe de la R\u00e9daction","twitter_misc":{"\u00c9crit par":"L'Equipe de la R\u00e9daction","Dur\u00e9e de lecture estim\u00e9e":"2 minutes"},"schema":{"@context":"https:\/\/schema.org","@graph":[{"@type":"Article","@id":"https:\/\/oeilsportif.info\/index.php\/rigobert-song-sur-la-can-2023-jespere-que-le-senegal-ne-va-pas-enchainer-un-deuxieme\/#article","isPartOf":{"@id":"https:\/\/oeilsportif.info\/index.php\/rigobert-song-sur-la-can-2023-jespere-que-le-senegal-ne-va-pas-enchainer-un-deuxieme\/"},"author":{"name":"L'Equipe de la R\u00e9daction","@id":"https:\/\/oeilsportif.info\/#\/schema\/person\/cfbded294aa6095f7d96608d7905e9a1"},"headline":"Rigobert Song sur la CAN 2023 : \u00ab J\u2019esp\u00e8re que le S\u00e9n\u00e9gal ne va pas encha\u00eener un deuxi\u00e8me\u2026\u00bb","datePublished":"2023-10-17T10:34:50+00:00","mainEntityOfPage":{"@id":"https:\/\/oeilsportif.info\/index.php\/rigobert-song-sur-la-can-2023-jespere-que-le-senegal-ne-va-pas-enchainer-un-deuxieme\/"},"wordCount":399,"image":{"@id":"https:\/\/oeilsportif.info\/index.php\/rigobert-song-sur-la-can-2023-jespere-que-le-senegal-ne-va-pas-enchainer-un-deuxieme\/#primaryimage"},"thumbnailUrl":"https:\/\/i0.wp.com\/oeilsportif.info\/wp-content\/uploads\/2023\/10\/Screenshot_20231017_103210_Facebook.jpg?fit=966%2C684&ssl=1","articleSection":["Actualit\u00e9","Football"],"inLanguage":"fr-FR"},{"@type":"WebPage","@id":"https:\/\/oeilsportif.info\/index.php\/rigobert-song-sur-la-can-2023-jespere-que-le-senegal-ne-va-pas-enchainer-un-deuxieme\/","url":"https:\/\/oeilsportif.info\/index.php\/rigobert-song-sur-la-can-2023-jespere-que-le-senegal-ne-va-pas-enchainer-un-deuxieme\/","name":"Rigobert Song sur la CAN 2023 : \u00ab J\u2019esp\u00e8re que le S\u00e9n\u00e9gal ne va pas encha\u00eener un deuxi\u00e8me\u2026\u00bb - le regard du sportif","isPartOf":{"@id":"https:\/\/oeilsportif.info\/#website"},"primaryImageOfPage":{"@id":"https:\/\/oeilsportif.info\/index.php\/rigobert-song-sur-la-can-2023-jespere-que-le-senegal-ne-va-pas-enchainer-un-deuxieme\/#primaryimage"},"image":{"@id":"https:\/\/oeilsportif.info\/index.php\/rigobert-song-sur-la-can-2023-jespere-que-le-senegal-ne-va-pas-enchainer-un-deuxieme\/#primaryimage"},"thumbnailUrl":"https:\/\/i0.wp.com\/oeilsportif.info\/wp-content\/uploads\/2023\/10\/Screenshot_20231017_103210_Facebook.jpg?fit=966%2C684&ssl=1","datePublished":"2023-10-17T10:34:50+00:00","author":{"@id":"https:\/\/oeilsportif.info\/#\/schema\/person\/cfbded294aa6095f7d96608d7905e9a1"},"inLanguage":"fr-FR","potentialAction":[{"@type":"ReadAction","target":["https:\/\/oeilsportif.info\/index.php\/rigobert-song-sur-la-can-2023-jespere-que-le-senegal-ne-va-pas-enchainer-un-deuxieme\/"]}]},{"@type":"ImageObject","inLanguage":"fr-FR","@id":"https:\/\/oeilsportif.info\/index.php\/rigobert-song-sur-la-can-2023-jespere-que-le-senegal-ne-va-pas-enchainer-un-deuxieme\/#primaryimage","url":"https:\/\/i0.wp.com\/oeilsportif.info\/wp-content\/uploads\/2023\/10\/Screenshot_20231017_103210_Facebook.jpg?fit=966%2C684&ssl=1","contentUrl":"https:\/\/i0.wp.com\/oeilsportif.info\/wp-content\/uploads\/2023\/10\/Screenshot_20231017_103210_Facebook.jpg?fit=966%2C684&ssl=1","width":966,"height":684},{"@type":"WebSite","@id":"https:\/\/oeilsportif.info\/#website","url":"https:\/\/oeilsportif.info\/","name":"le regard du sportif","description":"","potentialAction":[{"@type":"SearchAction","target":{"@type":"EntryPoint","urlTemplate":"https:\/\/oeilsportif.info\/?s={search_term_string}"},"query-input":{"@type":"PropertyValueSpecification","valueRequired":true,"valueName":"search_term_string"}}],"inLanguage":"fr-FR"},{"@type":"Person","@id":"https:\/\/oeilsportif.info\/#\/schema\/person\/cfbded294aa6095f7d96608d7905e9a1","name":"L'Equipe de la R\u00e9daction","image":{"@type":"ImageObject","inLanguage":"fr-FR","@id":"https:\/\/oeilsportif.info\/wp-content\/uploads\/2025\/07\/cropped-cropped-logo-os-96x96.jpeg","url":"https:\/\/oeilsportif.info\/wp-content\/uploads\/2025\/07\/cropped-cropped-logo-os-96x96.jpeg","contentUrl":"https:\/\/oeilsportif.info\/wp-content\/uploads\/2025\/07\/cropped-cropped-logo-os-96x96.jpeg","caption":"L'Equipe de la R\u00e9daction"},"url":"https:\/\/oeilsportif.info\/index.php\/author\/tawel\/"}]}},"jetpack_publicize_connections":[],"jetpack_featured_media_url":"https:\/\/i0.wp.com\/oeilsportif.info\/wp-content\/uploads\/2023\/10\/Screenshot_20231017_103210_Facebook.jpg?fit=966%2C684&ssl=1","jetpack-related-posts":[],"jetpack_sharing_enabled":true,"jetpack_likes_enabled":true,"jetpack_shortlink":"https:\/\/wp.me\/pgFE77-X8","_links":{"self":[{"href":"https:\/\/oeilsportif.info\/index.php\/wp-json\/wp\/v2\/posts\/3666","targetHints":{"allow":["GET"]}}],"collection":[{"href":"https:\/\/oeilsportif.info\/index.php\/wp-json\/wp\/v2\/posts"}],"about":[{"href":"https:\/\/oeilsportif.info\/index.php\/wp-json\/wp\/v2\/types\/post"}],"author":[{"embeddable":true,"href":"https:\/\/oeilsportif.info\/index.php\/wp-json\/wp\/v2\/users\/2"}],"replies":[{"embeddable":true,"href":"https:\/\/oeilsportif.info\/index.php\/wp-json\/wp\/v2\/comments?post=3666"}],"version-history":[{"count":0,"href":"https:\/\/oeilsportif.info\/index.php\/wp-json\/wp\/v2\/posts\/3666\/revisions"}],"wp:featuredmedia":[{"embeddable":true,"href":"https:\/\/oeilsportif.info\/index.php\/wp-json\/wp\/v2\/media\/3667"}],"wp:attachment":[{"href":"https:\/\/oeilsportif.info\/index.php\/wp-json\/wp\/v2\/media?parent=3666"}],"wp:term":[{"taxonomy":"category","embeddable":true,"href":"https:\/\/oeilsportif.info\/index.php\/wp-json\/wp\/v2\/categories?post=3666"},{"taxonomy":"post_tag","embeddable":true,"href":"https:\/\/oeilsportif.info\/index.php\/wp-json\/wp\/v2\/tags?post=3666"}],"curies":[{"name":"wp","href":"https:\/\/api.w.org\/{rel}","templated":true}]}}