{"id":3656,"date":"2023-10-15T12:35:16","date_gmt":"2023-10-15T12:35:16","guid":{"rendered":"https:\/\/oeilsportif.info\/index.php\/?p=3656"},"modified":"2023-10-15T12:35:16","modified_gmt":"2023-10-15T12:35:16","slug":"syli-dans-le-groupe-de-la-mort-il-suffit-juste-de-mettre-le-coeur-et-dy-croire","status":"publish","type":"post","link":"https:\/\/oeilsportif.info\/index.php\/syli-dans-le-groupe-de-la-mort-il-suffit-juste-de-mettre-le-coeur-et-dy-croire\/","title":{"rendered":"Syli dans le groupe de la mort : \u2018\u2019il suffit juste de mettre le c\u0153ur et d\u2019y croire\u2026\u2019\u2019"},"content":{"rendered":"<p><strong>Depuis apr\u00e8s le tirage au sort de la 34\u00e8me \u00e9dition de la CAN Cote d\u2019Ivoire 2023, pr\u00e9vue en janvier \u2013 f\u00e9vrier 2024, les r\u00e9actions ne cessent chez les acteurs du football guin\u00e9en. Au cours dudit tirage effectu\u00e9 ce jeudi dernier, la Guin\u00e9e s\u2019est vue dans le groupe C en compagnie du S\u00e9n\u00e9gal, Cameroun et la Gambie, qualifi\u00e9 par tous groupe de la mort. Une certitude que notre interlocuteur, l\u2019entra\u00eeneur de l\u2019\u00e9quipe nationale scolaire Aly Badara Ciss\u00e9 ne peut nier, mais crois bien aux chances du Syli dans ce groupe.<\/strong><\/p>\n<p>Champion d\u2019Afrique avec les \u00e9coliers U15 \u00e0 Durban et 7\u00e8me au rang mondial avec ceux de U18 \u00e0 Rabat, le technicien scolaire estime qu\u2019 :\u00a0<em><strong>\u201cen mati\u00e8re de footbal tout est possible, il suffit juste de mettre le c\u0153ur et d\u2019y croire avec de tr\u00e8s bonne pr\u00e9paration. Aujourd\u2019hui, c\u2019est une \u00e9quipe que nous avons au sein du Syli et il va falloir travailler sur la tactique, pour qu\u2019il ait de la coh\u00e9sion, solidarit\u00e9 dans le jeu. Parce que, le plus souvent on le voit quand l\u2019\u00e9quipe joue, il y\u2019a la fichure entre la defense et le milieu et le milieu et l\u2019attaque. Donc, il faut que l\u2019entra\u00eeneur travaille sur tous ces aspects pour qu\u2019on fasse une meilleure CAN.\u201d<\/strong><\/em>, estime t-il.<\/p>\n<p>Parlant des adversaires, Aly Badara Ciss\u00e9 croit qu\u2019ils ne sont pas imbattables comme le pense certains. Ils sont jouables, il va falloir faire un bon d\u00e9but pour la suite de la comp\u00e9tition.<\/p>\n<p><em><strong>\u201cVous savez le S\u00e9n\u00e9gal n\u2019avait pas battu la Guin\u00e9e lors de la derni\u00e8re CAN au Cameroun, c\u2019est un pays que nous pouvons prendre. Le Cameroun aussi, nous avons l\u2019habitude de jouer contre lui et notre premier match d\u2019ailleurs sera contre ce pays de Samuel Eto\u2019o. Il faut tout faire pour gagner le Cameroun y compris face \u00e0 la Gambie en second match, qui nous qualifierait au second tour de la comp\u00e9tition. J\u2019en suis s\u00fbr et certain que nous pouvons passer au second tour.\u201d<\/strong><\/em>, a-t-il conclu.<\/p>\n<p>La Guin\u00e9e dans ce groupe, entamera par le Cameroun, ensuite la Gambie et pour finir avec le S\u00e9n\u00e9gal. Tous ses matches se joueront \u00e0 Yamoussoukro.<\/p>\n<p>&nbsp;<\/p>\n<p>Kaba Diakit\u00e9 pour Fatala.info +224 627 10 61 56<\/p>\n","protected":false},"excerpt":{"rendered":"<p>Depuis apr\u00e8s le tirage au sort de la 34\u00e8me \u00e9dition de la CAN Cote d\u2019Ivoire 2023, pr\u00e9vue en janvier \u2013 f\u00e9vrier 2024, les r\u00e9actions ne cessent chez les acteurs du football guin\u00e9en. Au cours dudit tirage effectu\u00e9 ce jeudi dernier, la Guin\u00e9e s\u2019est vue dans le groupe C en compagnie du S\u00e9n\u00e9gal, Cameroun et la [&hellip;]<\/p>\n","protected":false},"author":2,"featured_media":3657,"comment_status":"closed","ping_status":"open","sticky":false,"template":"","format":"standard","meta":{"_jetpack_memberships_contains_paid_content":false,"footnotes":"","jetpack_publicize_message":"","jetpack_publicize_feature_enabled":true,"jetpack_social_post_already_shared":true,"jetpack_social_options":{"image_generator_settings":{"template":"highway","default_image_id":0,"font":"","enabled":false},"version":2}},"categories":[10,5],"tags":[],"class_list":{"0":"post-3656","1":"post","2":"type-post","3":"status-publish","4":"format-standard","5":"has-post-thumbnail","7":"category-actualite","8":"category-football"},"yoast_head":"<!-- This site is optimized with the Yoast SEO plugin v27.5 - https:\/\/yoast.com\/product\/yoast-seo-wordpress\/ -->\n<title>Syli dans le groupe de la mort : \u2018\u2019il suffit juste de mettre le c\u0153ur et d\u2019y croire\u2026\u2019\u2019 - le regard du sportif<\/title>\n<meta name=\"robots\" content=\"index, follow, max-snippet:-1, max-image-preview:large, max-video-preview:-1\" \/>\n<link rel=\"canonical\" href=\"https:\/\/oeilsportif.info\/index.php\/syli-dans-le-groupe-de-la-mort-il-suffit-juste-de-mettre-le-coeur-et-dy-croire\/\" \/>\n<meta property=\"og:locale\" content=\"fr_FR\" \/>\n<meta property=\"og:type\" content=\"article\" \/>\n<meta property=\"og:title\" content=\"Syli dans le groupe de la mort : \u2018\u2019il suffit juste de mettre le c\u0153ur et d\u2019y croire\u2026\u2019\u2019 - le regard du sportif\" \/>\n<meta property=\"og:description\" content=\"Depuis apr\u00e8s le tirage au sort de la 34\u00e8me \u00e9dition de la CAN Cote d\u2019Ivoire 2023, pr\u00e9vue en janvier \u2013 f\u00e9vrier 2024, les r\u00e9actions ne cessent chez les acteurs du football guin\u00e9en. Au cours dudit tirage effectu\u00e9 ce jeudi dernier, la Guin\u00e9e s\u2019est vue dans le groupe C en compagnie du S\u00e9n\u00e9gal, Cameroun et la [&hellip;]\" \/>\n<meta property=\"og:url\" content=\"https:\/\/oeilsportif.info\/index.php\/syli-dans-le-groupe-de-la-mort-il-suffit-juste-de-mettre-le-coeur-et-dy-croire\/\" \/>\n<meta property=\"og:site_name\" content=\"le regard du sportif\" \/>\n<meta property=\"article:published_time\" content=\"2023-10-15T12:35:16+00:00\" \/>\n<meta property=\"og:image\" content=\"https:\/\/oeilsportif.info\/wp-content\/uploads\/2023\/10\/Screenshot_20231015_123239_Chrome.jpg\" \/>\n\t<meta property=\"og:image:width\" content=\"1051\" \/>\n\t<meta property=\"og:image:height\" content=\"792\" \/>\n\t<meta property=\"og:image:type\" content=\"image\/jpeg\" \/>\n<meta name=\"author\" content=\"L&#039;Equipe de la R\u00e9daction\" \/>\n<meta name=\"twitter:label1\" content=\"\u00c9crit par\" \/>\n\t<meta name=\"twitter:data1\" content=\"L&#039;Equipe de la R\u00e9daction\" \/>\n\t<meta name=\"twitter:label2\" content=\"Dur\u00e9e de lecture estim\u00e9e\" \/>\n\t<meta name=\"twitter:data2\" content=\"2 minutes\" \/>\n<script type=\"application\/ld+json\" class=\"yoast-schema-graph\">{\"@context\":\"https:\\\/\\\/schema.org\",\"@graph\":[{\"@type\":\"Article\",\"@id\":\"https:\\\/\\\/oeilsportif.info\\\/index.php\\\/syli-dans-le-groupe-de-la-mort-il-suffit-juste-de-mettre-le-coeur-et-dy-croire\\\/#article\",\"isPartOf\":{\"@id\":\"https:\\\/\\\/oeilsportif.info\\\/index.php\\\/syli-dans-le-groupe-de-la-mort-il-suffit-juste-de-mettre-le-coeur-et-dy-croire\\\/\"},\"author\":{\"name\":\"L'Equipe de la R\u00e9daction\",\"@id\":\"https:\\\/\\\/oeilsportif.info\\\/#\\\/schema\\\/person\\\/cfbded294aa6095f7d96608d7905e9a1\"},\"headline\":\"Syli dans le groupe de la mort : \u2018\u2019il suffit juste de mettre le c\u0153ur et d\u2019y croire\u2026\u2019\u2019\",\"datePublished\":\"2023-10-15T12:35:16+00:00\",\"mainEntityOfPage\":{\"@id\":\"https:\\\/\\\/oeilsportif.info\\\/index.php\\\/syli-dans-le-groupe-de-la-mort-il-suffit-juste-de-mettre-le-coeur-et-dy-croire\\\/\"},\"wordCount\":415,\"image\":{\"@id\":\"https:\\\/\\\/oeilsportif.info\\\/index.php\\\/syli-dans-le-groupe-de-la-mort-il-suffit-juste-de-mettre-le-coeur-et-dy-croire\\\/#primaryimage\"},\"thumbnailUrl\":\"https:\\\/\\\/i0.wp.com\\\/oeilsportif.info\\\/wp-content\\\/uploads\\\/2023\\\/10\\\/Screenshot_20231015_123239_Chrome.jpg?fit=1051%2C792&ssl=1\",\"articleSection\":[\"Actualit\u00e9\",\"Football\"],\"inLanguage\":\"fr-FR\"},{\"@type\":\"WebPage\",\"@id\":\"https:\\\/\\\/oeilsportif.info\\\/index.php\\\/syli-dans-le-groupe-de-la-mort-il-suffit-juste-de-mettre-le-coeur-et-dy-croire\\\/\",\"url\":\"https:\\\/\\\/oeilsportif.info\\\/index.php\\\/syli-dans-le-groupe-de-la-mort-il-suffit-juste-de-mettre-le-coeur-et-dy-croire\\\/\",\"name\":\"Syli dans le groupe de la mort : \u2018\u2019il suffit juste de mettre le c\u0153ur et d\u2019y croire\u2026\u2019\u2019 - le regard du sportif\",\"isPartOf\":{\"@id\":\"https:\\\/\\\/oeilsportif.info\\\/#website\"},\"primaryImageOfPage\":{\"@id\":\"https:\\\/\\\/oeilsportif.info\\\/index.php\\\/syli-dans-le-groupe-de-la-mort-il-suffit-juste-de-mettre-le-coeur-et-dy-croire\\\/#primaryimage\"},\"image\":{\"@id\":\"https:\\\/\\\/oeilsportif.info\\\/index.php\\\/syli-dans-le-groupe-de-la-mort-il-suffit-juste-de-mettre-le-coeur-et-dy-croire\\\/#primaryimage\"},\"thumbnailUrl\":\"https:\\\/\\\/i0.wp.com\\\/oeilsportif.info\\\/wp-content\\\/uploads\\\/2023\\\/10\\\/Screenshot_20231015_123239_Chrome.jpg?fit=1051%2C792&ssl=1\",\"datePublished\":\"2023-10-15T12:35:16+00:00\",\"author\":{\"@id\":\"https:\\\/\\\/oeilsportif.info\\\/#\\\/schema\\\/person\\\/cfbded294aa6095f7d96608d7905e9a1\"},\"inLanguage\":\"fr-FR\",\"potentialAction\":[{\"@type\":\"ReadAction\",\"target\":[\"https:\\\/\\\/oeilsportif.info\\\/index.php\\\/syli-dans-le-groupe-de-la-mort-il-suffit-juste-de-mettre-le-coeur-et-dy-croire\\\/\"]}]},{\"@type\":\"ImageObject\",\"inLanguage\":\"fr-FR\",\"@id\":\"https:\\\/\\\/oeilsportif.info\\\/index.php\\\/syli-dans-le-groupe-de-la-mort-il-suffit-juste-de-mettre-le-coeur-et-dy-croire\\\/#primaryimage\",\"url\":\"https:\\\/\\\/i0.wp.com\\\/oeilsportif.info\\\/wp-content\\\/uploads\\\/2023\\\/10\\\/Screenshot_20231015_123239_Chrome.jpg?fit=1051%2C792&ssl=1\",\"contentUrl\":\"https:\\\/\\\/i0.wp.com\\\/oeilsportif.info\\\/wp-content\\\/uploads\\\/2023\\\/10\\\/Screenshot_20231015_123239_Chrome.jpg?fit=1051%2C792&ssl=1\",\"width\":1051,\"height\":792},{\"@type\":\"WebSite\",\"@id\":\"https:\\\/\\\/oeilsportif.info\\\/#website\",\"url\":\"https:\\\/\\\/oeilsportif.info\\\/\",\"name\":\"le regard du sportif\",\"description\":\"\",\"potentialAction\":[{\"@type\":\"SearchAction\",\"target\":{\"@type\":\"EntryPoint\",\"urlTemplate\":\"https:\\\/\\\/oeilsportif.info\\\/?s={search_term_string}\"},\"query-input\":{\"@type\":\"PropertyValueSpecification\",\"valueRequired\":true,\"valueName\":\"search_term_string\"}}],\"inLanguage\":\"fr-FR\"},{\"@type\":\"Person\",\"@id\":\"https:\\\/\\\/oeilsportif.info\\\/#\\\/schema\\\/person\\\/cfbded294aa6095f7d96608d7905e9a1\",\"name\":\"L'Equipe de la R\u00e9daction\",\"image\":{\"@type\":\"ImageObject\",\"inLanguage\":\"fr-FR\",\"@id\":\"https:\\\/\\\/oeilsportif.info\\\/wp-content\\\/uploads\\\/2025\\\/07\\\/cropped-cropped-logo-os-96x96.jpeg\",\"url\":\"https:\\\/\\\/oeilsportif.info\\\/wp-content\\\/uploads\\\/2025\\\/07\\\/cropped-cropped-logo-os-96x96.jpeg\",\"contentUrl\":\"https:\\\/\\\/oeilsportif.info\\\/wp-content\\\/uploads\\\/2025\\\/07\\\/cropped-cropped-logo-os-96x96.jpeg\",\"caption\":\"L'Equipe de la R\u00e9daction\"},\"url\":\"https:\\\/\\\/oeilsportif.info\\\/index.php\\\/author\\\/tawel\\\/\"}]}<\/script>\n<!-- \/ Yoast SEO plugin. -->","yoast_head_json":{"title":"Syli dans le groupe de la mort : \u2018\u2019il suffit juste de mettre le c\u0153ur et d\u2019y croire\u2026\u2019\u2019 - le regard du sportif","robots":{"index":"index","follow":"follow","max-snippet":"max-snippet:-1","max-image-preview":"max-image-preview:large","max-video-preview":"max-video-preview:-1"},"canonical":"https:\/\/oeilsportif.info\/index.php\/syli-dans-le-groupe-de-la-mort-il-suffit-juste-de-mettre-le-coeur-et-dy-croire\/","og_locale":"fr_FR","og_type":"article","og_title":"Syli dans le groupe de la mort : \u2018\u2019il suffit juste de mettre le c\u0153ur et d\u2019y croire\u2026\u2019\u2019 - le regard du sportif","og_description":"Depuis apr\u00e8s le tirage au sort de la 34\u00e8me \u00e9dition de la CAN Cote d\u2019Ivoire 2023, pr\u00e9vue en janvier \u2013 f\u00e9vrier 2024, les r\u00e9actions ne cessent chez les acteurs du football guin\u00e9en. Au cours dudit tirage effectu\u00e9 ce jeudi dernier, la Guin\u00e9e s\u2019est vue dans le groupe C en compagnie du S\u00e9n\u00e9gal, Cameroun et la [&hellip;]","og_url":"https:\/\/oeilsportif.info\/index.php\/syli-dans-le-groupe-de-la-mort-il-suffit-juste-de-mettre-le-coeur-et-dy-croire\/","og_site_name":"le regard du sportif","article_published_time":"2023-10-15T12:35:16+00:00","og_image":[{"width":1051,"height":792,"url":"https:\/\/oeilsportif.info\/wp-content\/uploads\/2023\/10\/Screenshot_20231015_123239_Chrome.jpg","type":"image\/jpeg"}],"author":"L'Equipe de la R\u00e9daction","twitter_misc":{"\u00c9crit par":"L'Equipe de la R\u00e9daction","Dur\u00e9e de lecture estim\u00e9e":"2 minutes"},"schema":{"@context":"https:\/\/schema.org","@graph":[{"@type":"Article","@id":"https:\/\/oeilsportif.info\/index.php\/syli-dans-le-groupe-de-la-mort-il-suffit-juste-de-mettre-le-coeur-et-dy-croire\/#article","isPartOf":{"@id":"https:\/\/oeilsportif.info\/index.php\/syli-dans-le-groupe-de-la-mort-il-suffit-juste-de-mettre-le-coeur-et-dy-croire\/"},"author":{"name":"L'Equipe de la R\u00e9daction","@id":"https:\/\/oeilsportif.info\/#\/schema\/person\/cfbded294aa6095f7d96608d7905e9a1"},"headline":"Syli dans le groupe de la mort : \u2018\u2019il suffit juste de mettre le c\u0153ur et d\u2019y croire\u2026\u2019\u2019","datePublished":"2023-10-15T12:35:16+00:00","mainEntityOfPage":{"@id":"https:\/\/oeilsportif.info\/index.php\/syli-dans-le-groupe-de-la-mort-il-suffit-juste-de-mettre-le-coeur-et-dy-croire\/"},"wordCount":415,"image":{"@id":"https:\/\/oeilsportif.info\/index.php\/syli-dans-le-groupe-de-la-mort-il-suffit-juste-de-mettre-le-coeur-et-dy-croire\/#primaryimage"},"thumbnailUrl":"https:\/\/i0.wp.com\/oeilsportif.info\/wp-content\/uploads\/2023\/10\/Screenshot_20231015_123239_Chrome.jpg?fit=1051%2C792&ssl=1","articleSection":["Actualit\u00e9","Football"],"inLanguage":"fr-FR"},{"@type":"WebPage","@id":"https:\/\/oeilsportif.info\/index.php\/syli-dans-le-groupe-de-la-mort-il-suffit-juste-de-mettre-le-coeur-et-dy-croire\/","url":"https:\/\/oeilsportif.info\/index.php\/syli-dans-le-groupe-de-la-mort-il-suffit-juste-de-mettre-le-coeur-et-dy-croire\/","name":"Syli dans le groupe de la mort : \u2018\u2019il suffit juste de mettre le c\u0153ur et d\u2019y croire\u2026\u2019\u2019 - le regard du sportif","isPartOf":{"@id":"https:\/\/oeilsportif.info\/#website"},"primaryImageOfPage":{"@id":"https:\/\/oeilsportif.info\/index.php\/syli-dans-le-groupe-de-la-mort-il-suffit-juste-de-mettre-le-coeur-et-dy-croire\/#primaryimage"},"image":{"@id":"https:\/\/oeilsportif.info\/index.php\/syli-dans-le-groupe-de-la-mort-il-suffit-juste-de-mettre-le-coeur-et-dy-croire\/#primaryimage"},"thumbnailUrl":"https:\/\/i0.wp.com\/oeilsportif.info\/wp-content\/uploads\/2023\/10\/Screenshot_20231015_123239_Chrome.jpg?fit=1051%2C792&ssl=1","datePublished":"2023-10-15T12:35:16+00:00","author":{"@id":"https:\/\/oeilsportif.info\/#\/schema\/person\/cfbded294aa6095f7d96608d7905e9a1"},"inLanguage":"fr-FR","potentialAction":[{"@type":"ReadAction","target":["https:\/\/oeilsportif.info\/index.php\/syli-dans-le-groupe-de-la-mort-il-suffit-juste-de-mettre-le-coeur-et-dy-croire\/"]}]},{"@type":"ImageObject","inLanguage":"fr-FR","@id":"https:\/\/oeilsportif.info\/index.php\/syli-dans-le-groupe-de-la-mort-il-suffit-juste-de-mettre-le-coeur-et-dy-croire\/#primaryimage","url":"https:\/\/i0.wp.com\/oeilsportif.info\/wp-content\/uploads\/2023\/10\/Screenshot_20231015_123239_Chrome.jpg?fit=1051%2C792&ssl=1","contentUrl":"https:\/\/i0.wp.com\/oeilsportif.info\/wp-content\/uploads\/2023\/10\/Screenshot_20231015_123239_Chrome.jpg?fit=1051%2C792&ssl=1","width":1051,"height":792},{"@type":"WebSite","@id":"https:\/\/oeilsportif.info\/#website","url":"https:\/\/oeilsportif.info\/","name":"le regard du sportif","description":"","potentialAction":[{"@type":"SearchAction","target":{"@type":"EntryPoint","urlTemplate":"https:\/\/oeilsportif.info\/?s={search_term_string}"},"query-input":{"@type":"PropertyValueSpecification","valueRequired":true,"valueName":"search_term_string"}}],"inLanguage":"fr-FR"},{"@type":"Person","@id":"https:\/\/oeilsportif.info\/#\/schema\/person\/cfbded294aa6095f7d96608d7905e9a1","name":"L'Equipe de la R\u00e9daction","image":{"@type":"ImageObject","inLanguage":"fr-FR","@id":"https:\/\/oeilsportif.info\/wp-content\/uploads\/2025\/07\/cropped-cropped-logo-os-96x96.jpeg","url":"https:\/\/oeilsportif.info\/wp-content\/uploads\/2025\/07\/cropped-cropped-logo-os-96x96.jpeg","contentUrl":"https:\/\/oeilsportif.info\/wp-content\/uploads\/2025\/07\/cropped-cropped-logo-os-96x96.jpeg","caption":"L'Equipe de la R\u00e9daction"},"url":"https:\/\/oeilsportif.info\/index.php\/author\/tawel\/"}]}},"jetpack_publicize_connections":[],"jetpack_featured_media_url":"https:\/\/i0.wp.com\/oeilsportif.info\/wp-content\/uploads\/2023\/10\/Screenshot_20231015_123239_Chrome.jpg?fit=1051%2C792&ssl=1","jetpack-related-posts":[],"jetpack_sharing_enabled":true,"jetpack_likes_enabled":true,"jetpack_shortlink":"https:\/\/wp.me\/pgFE77-WY","_links":{"self":[{"href":"https:\/\/oeilsportif.info\/index.php\/wp-json\/wp\/v2\/posts\/3656","targetHints":{"allow":["GET"]}}],"collection":[{"href":"https:\/\/oeilsportif.info\/index.php\/wp-json\/wp\/v2\/posts"}],"about":[{"href":"https:\/\/oeilsportif.info\/index.php\/wp-json\/wp\/v2\/types\/post"}],"author":[{"embeddable":true,"href":"https:\/\/oeilsportif.info\/index.php\/wp-json\/wp\/v2\/users\/2"}],"replies":[{"embeddable":true,"href":"https:\/\/oeilsportif.info\/index.php\/wp-json\/wp\/v2\/comments?post=3656"}],"version-history":[{"count":0,"href":"https:\/\/oeilsportif.info\/index.php\/wp-json\/wp\/v2\/posts\/3656\/revisions"}],"wp:featuredmedia":[{"embeddable":true,"href":"https:\/\/oeilsportif.info\/index.php\/wp-json\/wp\/v2\/media\/3657"}],"wp:attachment":[{"href":"https:\/\/oeilsportif.info\/index.php\/wp-json\/wp\/v2\/media?parent=3656"}],"wp:term":[{"taxonomy":"category","embeddable":true,"href":"https:\/\/oeilsportif.info\/index.php\/wp-json\/wp\/v2\/categories?post=3656"},{"taxonomy":"post_tag","embeddable":true,"href":"https:\/\/oeilsportif.info\/index.php\/wp-json\/wp\/v2\/tags?post=3656"}],"curies":[{"name":"wp","href":"https:\/\/api.w.org\/{rel}","templated":true}]}}