{"id":3652,"date":"2023-10-15T00:06:22","date_gmt":"2023-10-15T00:06:22","guid":{"rendered":"https:\/\/oeilsportif.info\/index.php\/?p=3652"},"modified":"2023-10-15T00:06:22","modified_gmt":"2023-10-15T00:06:22","slug":"eliminatoires-mondialfeminin-u20-les-u20-maliennes-qualifiees-pour-le-prochain-tour","status":"publish","type":"post","link":"https:\/\/oeilsportif.info\/index.php\/eliminatoires-mondialfeminin-u20-les-u20-maliennes-qualifiees-pour-le-prochain-tour\/","title":{"rendered":"\u00c9LIMINATOIRES MONDIALFEMININ U20: LES U20 MALIENNES QUALIFI\u00c9ES POUR LE PROCHAIN TOUR"},"content":{"rendered":"<p>Vainqueur du match aller jou\u00e9 le dimanche 8<br \/>\noctobre, sur le score de 1-0, l&rsquo;\u00e9quipe nationale<br \/>\nf\u00e9minine des moins de 20 ans du Mali s&rsquo;est<br \/>\ninclin\u00e9e de justesse le vendredi 13 octobre<br \/>\nface \u00e0 son homologue alg\u00e9rienne (2-1) en<br \/>\nmatch retour comptant pour le 2e tour<br \/>\n\u00e9liminatoire de la Coupe du monde U20.<\/p>\n<p>Malgr\u00e9 cette courte d\u00e9faite, la s\u00e9lection<br \/>\nnationale Juniors, qui a r\u00e9ussi \u00e0 marquer lors<br \/>\nde la double confrontation, s&rsquo;est qualifi\u00e9e pour<br \/>\nle prochain des \u00e9liminatoires d&rsquo;une Coupe du<br \/>\nmonde U20 dont la phase finale est prevue du<br \/>\n31 ao\u00fbt au 22 septembre 2024 en Colombie<br \/>\nPour rappel, la prise en charge de l&rsquo;\u00e9quipe<br \/>\nnationale est totalement support\u00e9e par le<br \/>\nComit\u00e9 ex\u00e9cutif de la F\u00e9d\u00e9ration Malienne de football<\/p>\n<p>Source : FMF<\/p>\n","protected":false},"excerpt":{"rendered":"<p>Vainqueur du match aller jou\u00e9 le dimanche 8 octobre, sur le score de 1-0, l&rsquo;\u00e9quipe nationale f\u00e9minine des moins de 20 ans du Mali s&rsquo;est inclin\u00e9e de justesse le vendredi 13 octobre face \u00e0 son homologue alg\u00e9rienne (2-1) en match retour comptant pour le 2e tour \u00e9liminatoire de la Coupe du monde U20. Malgr\u00e9 cette [&hellip;]<\/p>\n","protected":false},"author":2,"featured_media":3653,"comment_status":"closed","ping_status":"open","sticky":false,"template":"","format":"standard","meta":{"_jetpack_memberships_contains_paid_content":false,"footnotes":"","jetpack_publicize_message":"","jetpack_publicize_feature_enabled":true,"jetpack_social_post_already_shared":true,"jetpack_social_options":{"image_generator_settings":{"template":"highway","default_image_id":0,"font":"","enabled":false},"version":2}},"categories":[10,5],"tags":[],"class_list":{"0":"post-3652","1":"post","2":"type-post","3":"status-publish","4":"format-standard","5":"has-post-thumbnail","7":"category-actualite","8":"category-football"},"yoast_head":"<!-- This site is optimized with the Yoast SEO plugin v27.5 - https:\/\/yoast.com\/product\/yoast-seo-wordpress\/ -->\n<title>\u00c9LIMINATOIRES MONDIALFEMININ U20: LES U20 MALIENNES QUALIFI\u00c9ES POUR LE PROCHAIN TOUR - le regard du sportif<\/title>\n<meta name=\"robots\" content=\"index, follow, max-snippet:-1, max-image-preview:large, max-video-preview:-1\" \/>\n<link rel=\"canonical\" href=\"https:\/\/oeilsportif.info\/index.php\/eliminatoires-mondialfeminin-u20-les-u20-maliennes-qualifiees-pour-le-prochain-tour\/\" \/>\n<meta property=\"og:locale\" content=\"fr_FR\" \/>\n<meta property=\"og:type\" content=\"article\" \/>\n<meta property=\"og:title\" content=\"\u00c9LIMINATOIRES MONDIALFEMININ U20: LES U20 MALIENNES QUALIFI\u00c9ES POUR LE PROCHAIN TOUR - le regard du sportif\" \/>\n<meta property=\"og:description\" content=\"Vainqueur du match aller jou\u00e9 le dimanche 8 octobre, sur le score de 1-0, l&rsquo;\u00e9quipe nationale f\u00e9minine des moins de 20 ans du Mali s&rsquo;est inclin\u00e9e de justesse le vendredi 13 octobre face \u00e0 son homologue alg\u00e9rienne (2-1) en match retour comptant pour le 2e tour \u00e9liminatoire de la Coupe du monde U20. Malgr\u00e9 cette [&hellip;]\" \/>\n<meta property=\"og:url\" content=\"https:\/\/oeilsportif.info\/index.php\/eliminatoires-mondialfeminin-u20-les-u20-maliennes-qualifiees-pour-le-prochain-tour\/\" \/>\n<meta property=\"og:site_name\" content=\"le regard du sportif\" \/>\n<meta property=\"article:published_time\" content=\"2023-10-15T00:06:22+00:00\" \/>\n<meta property=\"og:image\" content=\"https:\/\/oeilsportif.info\/wp-content\/uploads\/2023\/10\/Screenshot_20231015_000234_Facebook.jpg\" \/>\n\t<meta property=\"og:image:width\" content=\"993\" \/>\n\t<meta property=\"og:image:height\" content=\"580\" \/>\n\t<meta property=\"og:image:type\" content=\"image\/jpeg\" \/>\n<meta name=\"author\" content=\"L&#039;Equipe de la R\u00e9daction\" \/>\n<meta name=\"twitter:label1\" content=\"\u00c9crit par\" \/>\n\t<meta name=\"twitter:data1\" content=\"L&#039;Equipe de la R\u00e9daction\" \/>\n\t<meta name=\"twitter:label2\" content=\"Dur\u00e9e de lecture estim\u00e9e\" \/>\n\t<meta name=\"twitter:data2\" content=\"1 minute\" \/>\n<script type=\"application\/ld+json\" class=\"yoast-schema-graph\">{\"@context\":\"https:\\\/\\\/schema.org\",\"@graph\":[{\"@type\":\"Article\",\"@id\":\"https:\\\/\\\/oeilsportif.info\\\/index.php\\\/eliminatoires-mondialfeminin-u20-les-u20-maliennes-qualifiees-pour-le-prochain-tour\\\/#article\",\"isPartOf\":{\"@id\":\"https:\\\/\\\/oeilsportif.info\\\/index.php\\\/eliminatoires-mondialfeminin-u20-les-u20-maliennes-qualifiees-pour-le-prochain-tour\\\/\"},\"author\":{\"name\":\"L'Equipe de la R\u00e9daction\",\"@id\":\"https:\\\/\\\/oeilsportif.info\\\/#\\\/schema\\\/person\\\/cfbded294aa6095f7d96608d7905e9a1\"},\"headline\":\"\u00c9LIMINATOIRES MONDIALFEMININ U20: LES U20 MALIENNES QUALIFI\u00c9ES POUR LE PROCHAIN TOUR\",\"datePublished\":\"2023-10-15T00:06:22+00:00\",\"mainEntityOfPage\":{\"@id\":\"https:\\\/\\\/oeilsportif.info\\\/index.php\\\/eliminatoires-mondialfeminin-u20-les-u20-maliennes-qualifiees-pour-le-prochain-tour\\\/\"},\"wordCount\":143,\"image\":{\"@id\":\"https:\\\/\\\/oeilsportif.info\\\/index.php\\\/eliminatoires-mondialfeminin-u20-les-u20-maliennes-qualifiees-pour-le-prochain-tour\\\/#primaryimage\"},\"thumbnailUrl\":\"https:\\\/\\\/i0.wp.com\\\/oeilsportif.info\\\/wp-content\\\/uploads\\\/2023\\\/10\\\/Screenshot_20231015_000234_Facebook.jpg?fit=993%2C580&ssl=1\",\"articleSection\":[\"Actualit\u00e9\",\"Football\"],\"inLanguage\":\"fr-FR\"},{\"@type\":\"WebPage\",\"@id\":\"https:\\\/\\\/oeilsportif.info\\\/index.php\\\/eliminatoires-mondialfeminin-u20-les-u20-maliennes-qualifiees-pour-le-prochain-tour\\\/\",\"url\":\"https:\\\/\\\/oeilsportif.info\\\/index.php\\\/eliminatoires-mondialfeminin-u20-les-u20-maliennes-qualifiees-pour-le-prochain-tour\\\/\",\"name\":\"\u00c9LIMINATOIRES MONDIALFEMININ U20: LES U20 MALIENNES QUALIFI\u00c9ES POUR LE PROCHAIN TOUR - le regard du sportif\",\"isPartOf\":{\"@id\":\"https:\\\/\\\/oeilsportif.info\\\/#website\"},\"primaryImageOfPage\":{\"@id\":\"https:\\\/\\\/oeilsportif.info\\\/index.php\\\/eliminatoires-mondialfeminin-u20-les-u20-maliennes-qualifiees-pour-le-prochain-tour\\\/#primaryimage\"},\"image\":{\"@id\":\"https:\\\/\\\/oeilsportif.info\\\/index.php\\\/eliminatoires-mondialfeminin-u20-les-u20-maliennes-qualifiees-pour-le-prochain-tour\\\/#primaryimage\"},\"thumbnailUrl\":\"https:\\\/\\\/i0.wp.com\\\/oeilsportif.info\\\/wp-content\\\/uploads\\\/2023\\\/10\\\/Screenshot_20231015_000234_Facebook.jpg?fit=993%2C580&ssl=1\",\"datePublished\":\"2023-10-15T00:06:22+00:00\",\"author\":{\"@id\":\"https:\\\/\\\/oeilsportif.info\\\/#\\\/schema\\\/person\\\/cfbded294aa6095f7d96608d7905e9a1\"},\"inLanguage\":\"fr-FR\",\"potentialAction\":[{\"@type\":\"ReadAction\",\"target\":[\"https:\\\/\\\/oeilsportif.info\\\/index.php\\\/eliminatoires-mondialfeminin-u20-les-u20-maliennes-qualifiees-pour-le-prochain-tour\\\/\"]}]},{\"@type\":\"ImageObject\",\"inLanguage\":\"fr-FR\",\"@id\":\"https:\\\/\\\/oeilsportif.info\\\/index.php\\\/eliminatoires-mondialfeminin-u20-les-u20-maliennes-qualifiees-pour-le-prochain-tour\\\/#primaryimage\",\"url\":\"https:\\\/\\\/i0.wp.com\\\/oeilsportif.info\\\/wp-content\\\/uploads\\\/2023\\\/10\\\/Screenshot_20231015_000234_Facebook.jpg?fit=993%2C580&ssl=1\",\"contentUrl\":\"https:\\\/\\\/i0.wp.com\\\/oeilsportif.info\\\/wp-content\\\/uploads\\\/2023\\\/10\\\/Screenshot_20231015_000234_Facebook.jpg?fit=993%2C580&ssl=1\",\"width\":993,\"height\":580},{\"@type\":\"WebSite\",\"@id\":\"https:\\\/\\\/oeilsportif.info\\\/#website\",\"url\":\"https:\\\/\\\/oeilsportif.info\\\/\",\"name\":\"le regard du sportif\",\"description\":\"\",\"potentialAction\":[{\"@type\":\"SearchAction\",\"target\":{\"@type\":\"EntryPoint\",\"urlTemplate\":\"https:\\\/\\\/oeilsportif.info\\\/?s={search_term_string}\"},\"query-input\":{\"@type\":\"PropertyValueSpecification\",\"valueRequired\":true,\"valueName\":\"search_term_string\"}}],\"inLanguage\":\"fr-FR\"},{\"@type\":\"Person\",\"@id\":\"https:\\\/\\\/oeilsportif.info\\\/#\\\/schema\\\/person\\\/cfbded294aa6095f7d96608d7905e9a1\",\"name\":\"L'Equipe de la R\u00e9daction\",\"image\":{\"@type\":\"ImageObject\",\"inLanguage\":\"fr-FR\",\"@id\":\"https:\\\/\\\/oeilsportif.info\\\/wp-content\\\/uploads\\\/2025\\\/07\\\/cropped-cropped-logo-os-96x96.jpeg\",\"url\":\"https:\\\/\\\/oeilsportif.info\\\/wp-content\\\/uploads\\\/2025\\\/07\\\/cropped-cropped-logo-os-96x96.jpeg\",\"contentUrl\":\"https:\\\/\\\/oeilsportif.info\\\/wp-content\\\/uploads\\\/2025\\\/07\\\/cropped-cropped-logo-os-96x96.jpeg\",\"caption\":\"L'Equipe de la R\u00e9daction\"},\"url\":\"https:\\\/\\\/oeilsportif.info\\\/index.php\\\/author\\\/tawel\\\/\"}]}<\/script>\n<!-- \/ Yoast SEO plugin. -->","yoast_head_json":{"title":"\u00c9LIMINATOIRES MONDIALFEMININ U20: LES U20 MALIENNES QUALIFI\u00c9ES POUR LE PROCHAIN TOUR - le regard du sportif","robots":{"index":"index","follow":"follow","max-snippet":"max-snippet:-1","max-image-preview":"max-image-preview:large","max-video-preview":"max-video-preview:-1"},"canonical":"https:\/\/oeilsportif.info\/index.php\/eliminatoires-mondialfeminin-u20-les-u20-maliennes-qualifiees-pour-le-prochain-tour\/","og_locale":"fr_FR","og_type":"article","og_title":"\u00c9LIMINATOIRES MONDIALFEMININ U20: LES U20 MALIENNES QUALIFI\u00c9ES POUR LE PROCHAIN TOUR - le regard du sportif","og_description":"Vainqueur du match aller jou\u00e9 le dimanche 8 octobre, sur le score de 1-0, l&rsquo;\u00e9quipe nationale f\u00e9minine des moins de 20 ans du Mali s&rsquo;est inclin\u00e9e de justesse le vendredi 13 octobre face \u00e0 son homologue alg\u00e9rienne (2-1) en match retour comptant pour le 2e tour \u00e9liminatoire de la Coupe du monde U20. Malgr\u00e9 cette [&hellip;]","og_url":"https:\/\/oeilsportif.info\/index.php\/eliminatoires-mondialfeminin-u20-les-u20-maliennes-qualifiees-pour-le-prochain-tour\/","og_site_name":"le regard du sportif","article_published_time":"2023-10-15T00:06:22+00:00","og_image":[{"width":993,"height":580,"url":"https:\/\/oeilsportif.info\/wp-content\/uploads\/2023\/10\/Screenshot_20231015_000234_Facebook.jpg","type":"image\/jpeg"}],"author":"L'Equipe de la R\u00e9daction","twitter_misc":{"\u00c9crit par":"L'Equipe de la R\u00e9daction","Dur\u00e9e de lecture estim\u00e9e":"1 minute"},"schema":{"@context":"https:\/\/schema.org","@graph":[{"@type":"Article","@id":"https:\/\/oeilsportif.info\/index.php\/eliminatoires-mondialfeminin-u20-les-u20-maliennes-qualifiees-pour-le-prochain-tour\/#article","isPartOf":{"@id":"https:\/\/oeilsportif.info\/index.php\/eliminatoires-mondialfeminin-u20-les-u20-maliennes-qualifiees-pour-le-prochain-tour\/"},"author":{"name":"L'Equipe de la R\u00e9daction","@id":"https:\/\/oeilsportif.info\/#\/schema\/person\/cfbded294aa6095f7d96608d7905e9a1"},"headline":"\u00c9LIMINATOIRES MONDIALFEMININ U20: LES U20 MALIENNES QUALIFI\u00c9ES POUR LE PROCHAIN TOUR","datePublished":"2023-10-15T00:06:22+00:00","mainEntityOfPage":{"@id":"https:\/\/oeilsportif.info\/index.php\/eliminatoires-mondialfeminin-u20-les-u20-maliennes-qualifiees-pour-le-prochain-tour\/"},"wordCount":143,"image":{"@id":"https:\/\/oeilsportif.info\/index.php\/eliminatoires-mondialfeminin-u20-les-u20-maliennes-qualifiees-pour-le-prochain-tour\/#primaryimage"},"thumbnailUrl":"https:\/\/i0.wp.com\/oeilsportif.info\/wp-content\/uploads\/2023\/10\/Screenshot_20231015_000234_Facebook.jpg?fit=993%2C580&ssl=1","articleSection":["Actualit\u00e9","Football"],"inLanguage":"fr-FR"},{"@type":"WebPage","@id":"https:\/\/oeilsportif.info\/index.php\/eliminatoires-mondialfeminin-u20-les-u20-maliennes-qualifiees-pour-le-prochain-tour\/","url":"https:\/\/oeilsportif.info\/index.php\/eliminatoires-mondialfeminin-u20-les-u20-maliennes-qualifiees-pour-le-prochain-tour\/","name":"\u00c9LIMINATOIRES MONDIALFEMININ U20: LES U20 MALIENNES QUALIFI\u00c9ES POUR LE PROCHAIN TOUR - le regard du sportif","isPartOf":{"@id":"https:\/\/oeilsportif.info\/#website"},"primaryImageOfPage":{"@id":"https:\/\/oeilsportif.info\/index.php\/eliminatoires-mondialfeminin-u20-les-u20-maliennes-qualifiees-pour-le-prochain-tour\/#primaryimage"},"image":{"@id":"https:\/\/oeilsportif.info\/index.php\/eliminatoires-mondialfeminin-u20-les-u20-maliennes-qualifiees-pour-le-prochain-tour\/#primaryimage"},"thumbnailUrl":"https:\/\/i0.wp.com\/oeilsportif.info\/wp-content\/uploads\/2023\/10\/Screenshot_20231015_000234_Facebook.jpg?fit=993%2C580&ssl=1","datePublished":"2023-10-15T00:06:22+00:00","author":{"@id":"https:\/\/oeilsportif.info\/#\/schema\/person\/cfbded294aa6095f7d96608d7905e9a1"},"inLanguage":"fr-FR","potentialAction":[{"@type":"ReadAction","target":["https:\/\/oeilsportif.info\/index.php\/eliminatoires-mondialfeminin-u20-les-u20-maliennes-qualifiees-pour-le-prochain-tour\/"]}]},{"@type":"ImageObject","inLanguage":"fr-FR","@id":"https:\/\/oeilsportif.info\/index.php\/eliminatoires-mondialfeminin-u20-les-u20-maliennes-qualifiees-pour-le-prochain-tour\/#primaryimage","url":"https:\/\/i0.wp.com\/oeilsportif.info\/wp-content\/uploads\/2023\/10\/Screenshot_20231015_000234_Facebook.jpg?fit=993%2C580&ssl=1","contentUrl":"https:\/\/i0.wp.com\/oeilsportif.info\/wp-content\/uploads\/2023\/10\/Screenshot_20231015_000234_Facebook.jpg?fit=993%2C580&ssl=1","width":993,"height":580},{"@type":"WebSite","@id":"https:\/\/oeilsportif.info\/#website","url":"https:\/\/oeilsportif.info\/","name":"le regard du sportif","description":"","potentialAction":[{"@type":"SearchAction","target":{"@type":"EntryPoint","urlTemplate":"https:\/\/oeilsportif.info\/?s={search_term_string}"},"query-input":{"@type":"PropertyValueSpecification","valueRequired":true,"valueName":"search_term_string"}}],"inLanguage":"fr-FR"},{"@type":"Person","@id":"https:\/\/oeilsportif.info\/#\/schema\/person\/cfbded294aa6095f7d96608d7905e9a1","name":"L'Equipe de la R\u00e9daction","image":{"@type":"ImageObject","inLanguage":"fr-FR","@id":"https:\/\/oeilsportif.info\/wp-content\/uploads\/2025\/07\/cropped-cropped-logo-os-96x96.jpeg","url":"https:\/\/oeilsportif.info\/wp-content\/uploads\/2025\/07\/cropped-cropped-logo-os-96x96.jpeg","contentUrl":"https:\/\/oeilsportif.info\/wp-content\/uploads\/2025\/07\/cropped-cropped-logo-os-96x96.jpeg","caption":"L'Equipe de la R\u00e9daction"},"url":"https:\/\/oeilsportif.info\/index.php\/author\/tawel\/"}]}},"jetpack_publicize_connections":[],"jetpack_featured_media_url":"https:\/\/i0.wp.com\/oeilsportif.info\/wp-content\/uploads\/2023\/10\/Screenshot_20231015_000234_Facebook.jpg?fit=993%2C580&ssl=1","jetpack-related-posts":[],"jetpack_sharing_enabled":true,"jetpack_likes_enabled":true,"jetpack_shortlink":"https:\/\/wp.me\/pgFE77-WU","_links":{"self":[{"href":"https:\/\/oeilsportif.info\/index.php\/wp-json\/wp\/v2\/posts\/3652","targetHints":{"allow":["GET"]}}],"collection":[{"href":"https:\/\/oeilsportif.info\/index.php\/wp-json\/wp\/v2\/posts"}],"about":[{"href":"https:\/\/oeilsportif.info\/index.php\/wp-json\/wp\/v2\/types\/post"}],"author":[{"embeddable":true,"href":"https:\/\/oeilsportif.info\/index.php\/wp-json\/wp\/v2\/users\/2"}],"replies":[{"embeddable":true,"href":"https:\/\/oeilsportif.info\/index.php\/wp-json\/wp\/v2\/comments?post=3652"}],"version-history":[{"count":0,"href":"https:\/\/oeilsportif.info\/index.php\/wp-json\/wp\/v2\/posts\/3652\/revisions"}],"wp:featuredmedia":[{"embeddable":true,"href":"https:\/\/oeilsportif.info\/index.php\/wp-json\/wp\/v2\/media\/3653"}],"wp:attachment":[{"href":"https:\/\/oeilsportif.info\/index.php\/wp-json\/wp\/v2\/media?parent=3652"}],"wp:term":[{"taxonomy":"category","embeddable":true,"href":"https:\/\/oeilsportif.info\/index.php\/wp-json\/wp\/v2\/categories?post=3652"},{"taxonomy":"post_tag","embeddable":true,"href":"https:\/\/oeilsportif.info\/index.php\/wp-json\/wp\/v2\/tags?post=3652"}],"curies":[{"name":"wp","href":"https:\/\/api.w.org\/{rel}","templated":true}]}}