{"id":3649,"date":"2023-10-15T00:00:23","date_gmt":"2023-10-15T00:00:23","guid":{"rendered":"https:\/\/oeilsportif.info\/index.php\/?p=3649"},"modified":"2023-10-15T00:08:47","modified_gmt":"2023-10-15T00:08:47","slug":"amical-pas-de-vainqueur-entre-la-cote-divoire-et-le-maroc","status":"publish","type":"post","link":"https:\/\/oeilsportif.info\/index.php\/amical-pas-de-vainqueur-entre-la-cote-divoire-et-le-maroc\/","title":{"rendered":"Amical : Pas de vainqueur entre la Cote d\u2019Ivoire et le Maroc"},"content":{"rendered":"<p>Ce fut l\u2019une des affiches les plus attendues des journ\u00e9es FIFA du mois d\u2019octobre. La Cote d\u2019Ivoire, pays h\u00f4te de la prochaine CAN, accueillait le Maroc, demi-finaliste de la\u00a0 derni\u00e8re Coupe du monde, au Stade F\u00e9lix-Houphou\u00ebt-Boigny pour un match amical de pr\u00e9paration.<\/p>\n<p>Tr\u00e8s entreprenants d\u00e8s l\u2019entame de la rencontre, les Locaux ont concr\u00e9tis\u00e9 leur domination sur le fil de la premi\u00e8re p\u00e9riode. Le buteur du Borussia Dortmund, S\u00e9bastien Haller, a ouvert le score \u00e0 la 45e minute de jeu sur un magnifique pichenette. Une domination qui s\u2019est av\u00e9r\u00e9e moins fructueuse en deuxi\u00e8me mi-temps. De leur cot\u00e9s, les Visiteurs\u00a0 ont aussi \u00e9galement profit\u00e9 de leur temps fort avec un Ayoub El-Kaabi opportuniste. L\u2019attaquant d\u2019Olympiakos a remis les compteurs \u00e0 \u00e9galit\u00e9 dans le dernier quart d\u2019heure, en profitant d\u2019une erreur du gardien de but ivoirien Yahia Fofana.1-1 score final. Pour les prochaines \u00e9ch\u00e9ances, la Cote d\u2019Ivoire d\u00e9fiera l\u2019Afrique du Sud mardi 17 octobre, tandis que le\u00a0<a href=\"https:\/\/www.onzedafrik.com\/afrique\/maroc\/2023\/10\/14\/can-2023-regragui-je-mexcuse-aupres-du-peuple-marocain-mais-30323.html\">Maroc<\/a>\u00a0recevra le Lib\u00e9ria le m\u00eame jour et \u00e0 la m\u00eame heur (19 heures GMT).<\/p>\n<p>Source : Onze d&rsquo;Afrique<\/p>\n","protected":false},"excerpt":{"rendered":"<p>Ce fut l\u2019une des affiches les plus attendues des journ\u00e9es FIFA du mois d\u2019octobre. La Cote d\u2019Ivoire, pays h\u00f4te de la prochaine CAN, accueillait le Maroc, demi-finaliste de la\u00a0 derni\u00e8re Coupe du monde, au Stade F\u00e9lix-Houphou\u00ebt-Boigny pour un match amical de pr\u00e9paration. Tr\u00e8s entreprenants d\u00e8s l\u2019entame de la rencontre, les Locaux ont concr\u00e9tis\u00e9 leur domination [&hellip;]<\/p>\n","protected":false},"author":2,"featured_media":3650,"comment_status":"closed","ping_status":"open","sticky":false,"template":"","format":"standard","meta":{"_jetpack_memberships_contains_paid_content":false,"footnotes":"","jetpack_publicize_message":"","jetpack_publicize_feature_enabled":true,"jetpack_social_post_already_shared":true,"jetpack_social_options":{"image_generator_settings":{"template":"highway","default_image_id":0,"font":"","enabled":false},"version":2}},"categories":[10,5],"tags":[],"class_list":{"0":"post-3649","1":"post","2":"type-post","3":"status-publish","4":"format-standard","5":"has-post-thumbnail","7":"category-actualite","8":"category-football"},"yoast_head":"<!-- This site is optimized with the Yoast SEO plugin v27.5 - https:\/\/yoast.com\/product\/yoast-seo-wordpress\/ -->\n<title>Amical : Pas de vainqueur entre la Cote d\u2019Ivoire et le Maroc - le regard du sportif<\/title>\n<meta name=\"robots\" content=\"index, follow, max-snippet:-1, max-image-preview:large, max-video-preview:-1\" \/>\n<link rel=\"canonical\" href=\"https:\/\/oeilsportif.info\/index.php\/amical-pas-de-vainqueur-entre-la-cote-divoire-et-le-maroc\/\" \/>\n<meta property=\"og:locale\" content=\"fr_FR\" \/>\n<meta property=\"og:type\" content=\"article\" \/>\n<meta property=\"og:title\" content=\"Amical : Pas de vainqueur entre la Cote d\u2019Ivoire et le Maroc - le regard du sportif\" \/>\n<meta property=\"og:description\" content=\"Ce fut l\u2019une des affiches les plus attendues des journ\u00e9es FIFA du mois d\u2019octobre. La Cote d\u2019Ivoire, pays h\u00f4te de la prochaine CAN, accueillait le Maroc, demi-finaliste de la\u00a0 derni\u00e8re Coupe du monde, au Stade F\u00e9lix-Houphou\u00ebt-Boigny pour un match amical de pr\u00e9paration. Tr\u00e8s entreprenants d\u00e8s l\u2019entame de la rencontre, les Locaux ont concr\u00e9tis\u00e9 leur domination [&hellip;]\" \/>\n<meta property=\"og:url\" content=\"https:\/\/oeilsportif.info\/index.php\/amical-pas-de-vainqueur-entre-la-cote-divoire-et-le-maroc\/\" \/>\n<meta property=\"og:site_name\" content=\"le regard du sportif\" \/>\n<meta property=\"article:published_time\" content=\"2023-10-15T00:00:23+00:00\" \/>\n<meta property=\"article:modified_time\" content=\"2023-10-15T00:08:47+00:00\" \/>\n<meta property=\"og:image\" content=\"https:\/\/oeilsportif.info\/wp-content\/uploads\/2023\/10\/FB_IMG_1697327998414.jpg\" \/>\n\t<meta property=\"og:image:width\" content=\"1080\" \/>\n\t<meta property=\"og:image:height\" content=\"720\" \/>\n\t<meta property=\"og:image:type\" content=\"image\/jpeg\" \/>\n<meta name=\"author\" content=\"L&#039;Equipe de la R\u00e9daction\" \/>\n<meta name=\"twitter:label1\" content=\"\u00c9crit par\" \/>\n\t<meta name=\"twitter:data1\" content=\"L&#039;Equipe de la R\u00e9daction\" \/>\n\t<meta name=\"twitter:label2\" content=\"Dur\u00e9e de lecture estim\u00e9e\" \/>\n\t<meta name=\"twitter:data2\" content=\"1 minute\" \/>\n<script type=\"application\/ld+json\" class=\"yoast-schema-graph\">{\"@context\":\"https:\\\/\\\/schema.org\",\"@graph\":[{\"@type\":\"Article\",\"@id\":\"https:\\\/\\\/oeilsportif.info\\\/index.php\\\/amical-pas-de-vainqueur-entre-la-cote-divoire-et-le-maroc\\\/#article\",\"isPartOf\":{\"@id\":\"https:\\\/\\\/oeilsportif.info\\\/index.php\\\/amical-pas-de-vainqueur-entre-la-cote-divoire-et-le-maroc\\\/\"},\"author\":{\"name\":\"L'Equipe de la R\u00e9daction\",\"@id\":\"https:\\\/\\\/oeilsportif.info\\\/#\\\/schema\\\/person\\\/cfbded294aa6095f7d96608d7905e9a1\"},\"headline\":\"Amical : Pas de vainqueur entre la Cote d\u2019Ivoire et le Maroc\",\"datePublished\":\"2023-10-15T00:00:23+00:00\",\"dateModified\":\"2023-10-15T00:08:47+00:00\",\"mainEntityOfPage\":{\"@id\":\"https:\\\/\\\/oeilsportif.info\\\/index.php\\\/amical-pas-de-vainqueur-entre-la-cote-divoire-et-le-maroc\\\/\"},\"wordCount\":213,\"image\":{\"@id\":\"https:\\\/\\\/oeilsportif.info\\\/index.php\\\/amical-pas-de-vainqueur-entre-la-cote-divoire-et-le-maroc\\\/#primaryimage\"},\"thumbnailUrl\":\"https:\\\/\\\/i0.wp.com\\\/oeilsportif.info\\\/wp-content\\\/uploads\\\/2023\\\/10\\\/FB_IMG_1697327998414.jpg?fit=1080%2C720&ssl=1\",\"articleSection\":[\"Actualit\u00e9\",\"Football\"],\"inLanguage\":\"fr-FR\"},{\"@type\":\"WebPage\",\"@id\":\"https:\\\/\\\/oeilsportif.info\\\/index.php\\\/amical-pas-de-vainqueur-entre-la-cote-divoire-et-le-maroc\\\/\",\"url\":\"https:\\\/\\\/oeilsportif.info\\\/index.php\\\/amical-pas-de-vainqueur-entre-la-cote-divoire-et-le-maroc\\\/\",\"name\":\"Amical : Pas de vainqueur entre la Cote d\u2019Ivoire et le Maroc - le regard du sportif\",\"isPartOf\":{\"@id\":\"https:\\\/\\\/oeilsportif.info\\\/#website\"},\"primaryImageOfPage\":{\"@id\":\"https:\\\/\\\/oeilsportif.info\\\/index.php\\\/amical-pas-de-vainqueur-entre-la-cote-divoire-et-le-maroc\\\/#primaryimage\"},\"image\":{\"@id\":\"https:\\\/\\\/oeilsportif.info\\\/index.php\\\/amical-pas-de-vainqueur-entre-la-cote-divoire-et-le-maroc\\\/#primaryimage\"},\"thumbnailUrl\":\"https:\\\/\\\/i0.wp.com\\\/oeilsportif.info\\\/wp-content\\\/uploads\\\/2023\\\/10\\\/FB_IMG_1697327998414.jpg?fit=1080%2C720&ssl=1\",\"datePublished\":\"2023-10-15T00:00:23+00:00\",\"dateModified\":\"2023-10-15T00:08:47+00:00\",\"author\":{\"@id\":\"https:\\\/\\\/oeilsportif.info\\\/#\\\/schema\\\/person\\\/cfbded294aa6095f7d96608d7905e9a1\"},\"inLanguage\":\"fr-FR\",\"potentialAction\":[{\"@type\":\"ReadAction\",\"target\":[\"https:\\\/\\\/oeilsportif.info\\\/index.php\\\/amical-pas-de-vainqueur-entre-la-cote-divoire-et-le-maroc\\\/\"]}]},{\"@type\":\"ImageObject\",\"inLanguage\":\"fr-FR\",\"@id\":\"https:\\\/\\\/oeilsportif.info\\\/index.php\\\/amical-pas-de-vainqueur-entre-la-cote-divoire-et-le-maroc\\\/#primaryimage\",\"url\":\"https:\\\/\\\/i0.wp.com\\\/oeilsportif.info\\\/wp-content\\\/uploads\\\/2023\\\/10\\\/FB_IMG_1697327998414.jpg?fit=1080%2C720&ssl=1\",\"contentUrl\":\"https:\\\/\\\/i0.wp.com\\\/oeilsportif.info\\\/wp-content\\\/uploads\\\/2023\\\/10\\\/FB_IMG_1697327998414.jpg?fit=1080%2C720&ssl=1\",\"width\":1080,\"height\":720},{\"@type\":\"WebSite\",\"@id\":\"https:\\\/\\\/oeilsportif.info\\\/#website\",\"url\":\"https:\\\/\\\/oeilsportif.info\\\/\",\"name\":\"le regard du sportif\",\"description\":\"\",\"potentialAction\":[{\"@type\":\"SearchAction\",\"target\":{\"@type\":\"EntryPoint\",\"urlTemplate\":\"https:\\\/\\\/oeilsportif.info\\\/?s={search_term_string}\"},\"query-input\":{\"@type\":\"PropertyValueSpecification\",\"valueRequired\":true,\"valueName\":\"search_term_string\"}}],\"inLanguage\":\"fr-FR\"},{\"@type\":\"Person\",\"@id\":\"https:\\\/\\\/oeilsportif.info\\\/#\\\/schema\\\/person\\\/cfbded294aa6095f7d96608d7905e9a1\",\"name\":\"L'Equipe de la R\u00e9daction\",\"image\":{\"@type\":\"ImageObject\",\"inLanguage\":\"fr-FR\",\"@id\":\"https:\\\/\\\/oeilsportif.info\\\/wp-content\\\/uploads\\\/2025\\\/07\\\/cropped-cropped-logo-os-96x96.jpeg\",\"url\":\"https:\\\/\\\/oeilsportif.info\\\/wp-content\\\/uploads\\\/2025\\\/07\\\/cropped-cropped-logo-os-96x96.jpeg\",\"contentUrl\":\"https:\\\/\\\/oeilsportif.info\\\/wp-content\\\/uploads\\\/2025\\\/07\\\/cropped-cropped-logo-os-96x96.jpeg\",\"caption\":\"L'Equipe de la R\u00e9daction\"},\"url\":\"https:\\\/\\\/oeilsportif.info\\\/index.php\\\/author\\\/tawel\\\/\"}]}<\/script>\n<!-- \/ Yoast SEO plugin. -->","yoast_head_json":{"title":"Amical : Pas de vainqueur entre la Cote d\u2019Ivoire et le Maroc - le regard du sportif","robots":{"index":"index","follow":"follow","max-snippet":"max-snippet:-1","max-image-preview":"max-image-preview:large","max-video-preview":"max-video-preview:-1"},"canonical":"https:\/\/oeilsportif.info\/index.php\/amical-pas-de-vainqueur-entre-la-cote-divoire-et-le-maroc\/","og_locale":"fr_FR","og_type":"article","og_title":"Amical : Pas de vainqueur entre la Cote d\u2019Ivoire et le Maroc - le regard du sportif","og_description":"Ce fut l\u2019une des affiches les plus attendues des journ\u00e9es FIFA du mois d\u2019octobre. La Cote d\u2019Ivoire, pays h\u00f4te de la prochaine CAN, accueillait le Maroc, demi-finaliste de la\u00a0 derni\u00e8re Coupe du monde, au Stade F\u00e9lix-Houphou\u00ebt-Boigny pour un match amical de pr\u00e9paration. Tr\u00e8s entreprenants d\u00e8s l\u2019entame de la rencontre, les Locaux ont concr\u00e9tis\u00e9 leur domination [&hellip;]","og_url":"https:\/\/oeilsportif.info\/index.php\/amical-pas-de-vainqueur-entre-la-cote-divoire-et-le-maroc\/","og_site_name":"le regard du sportif","article_published_time":"2023-10-15T00:00:23+00:00","article_modified_time":"2023-10-15T00:08:47+00:00","og_image":[{"width":1080,"height":720,"url":"https:\/\/oeilsportif.info\/wp-content\/uploads\/2023\/10\/FB_IMG_1697327998414.jpg","type":"image\/jpeg"}],"author":"L'Equipe de la R\u00e9daction","twitter_misc":{"\u00c9crit par":"L'Equipe de la R\u00e9daction","Dur\u00e9e de lecture estim\u00e9e":"1 minute"},"schema":{"@context":"https:\/\/schema.org","@graph":[{"@type":"Article","@id":"https:\/\/oeilsportif.info\/index.php\/amical-pas-de-vainqueur-entre-la-cote-divoire-et-le-maroc\/#article","isPartOf":{"@id":"https:\/\/oeilsportif.info\/index.php\/amical-pas-de-vainqueur-entre-la-cote-divoire-et-le-maroc\/"},"author":{"name":"L'Equipe de la R\u00e9daction","@id":"https:\/\/oeilsportif.info\/#\/schema\/person\/cfbded294aa6095f7d96608d7905e9a1"},"headline":"Amical : Pas de vainqueur entre la Cote d\u2019Ivoire et le Maroc","datePublished":"2023-10-15T00:00:23+00:00","dateModified":"2023-10-15T00:08:47+00:00","mainEntityOfPage":{"@id":"https:\/\/oeilsportif.info\/index.php\/amical-pas-de-vainqueur-entre-la-cote-divoire-et-le-maroc\/"},"wordCount":213,"image":{"@id":"https:\/\/oeilsportif.info\/index.php\/amical-pas-de-vainqueur-entre-la-cote-divoire-et-le-maroc\/#primaryimage"},"thumbnailUrl":"https:\/\/i0.wp.com\/oeilsportif.info\/wp-content\/uploads\/2023\/10\/FB_IMG_1697327998414.jpg?fit=1080%2C720&ssl=1","articleSection":["Actualit\u00e9","Football"],"inLanguage":"fr-FR"},{"@type":"WebPage","@id":"https:\/\/oeilsportif.info\/index.php\/amical-pas-de-vainqueur-entre-la-cote-divoire-et-le-maroc\/","url":"https:\/\/oeilsportif.info\/index.php\/amical-pas-de-vainqueur-entre-la-cote-divoire-et-le-maroc\/","name":"Amical : Pas de vainqueur entre la Cote d\u2019Ivoire et le Maroc - le regard du sportif","isPartOf":{"@id":"https:\/\/oeilsportif.info\/#website"},"primaryImageOfPage":{"@id":"https:\/\/oeilsportif.info\/index.php\/amical-pas-de-vainqueur-entre-la-cote-divoire-et-le-maroc\/#primaryimage"},"image":{"@id":"https:\/\/oeilsportif.info\/index.php\/amical-pas-de-vainqueur-entre-la-cote-divoire-et-le-maroc\/#primaryimage"},"thumbnailUrl":"https:\/\/i0.wp.com\/oeilsportif.info\/wp-content\/uploads\/2023\/10\/FB_IMG_1697327998414.jpg?fit=1080%2C720&ssl=1","datePublished":"2023-10-15T00:00:23+00:00","dateModified":"2023-10-15T00:08:47+00:00","author":{"@id":"https:\/\/oeilsportif.info\/#\/schema\/person\/cfbded294aa6095f7d96608d7905e9a1"},"inLanguage":"fr-FR","potentialAction":[{"@type":"ReadAction","target":["https:\/\/oeilsportif.info\/index.php\/amical-pas-de-vainqueur-entre-la-cote-divoire-et-le-maroc\/"]}]},{"@type":"ImageObject","inLanguage":"fr-FR","@id":"https:\/\/oeilsportif.info\/index.php\/amical-pas-de-vainqueur-entre-la-cote-divoire-et-le-maroc\/#primaryimage","url":"https:\/\/i0.wp.com\/oeilsportif.info\/wp-content\/uploads\/2023\/10\/FB_IMG_1697327998414.jpg?fit=1080%2C720&ssl=1","contentUrl":"https:\/\/i0.wp.com\/oeilsportif.info\/wp-content\/uploads\/2023\/10\/FB_IMG_1697327998414.jpg?fit=1080%2C720&ssl=1","width":1080,"height":720},{"@type":"WebSite","@id":"https:\/\/oeilsportif.info\/#website","url":"https:\/\/oeilsportif.info\/","name":"le regard du sportif","description":"","potentialAction":[{"@type":"SearchAction","target":{"@type":"EntryPoint","urlTemplate":"https:\/\/oeilsportif.info\/?s={search_term_string}"},"query-input":{"@type":"PropertyValueSpecification","valueRequired":true,"valueName":"search_term_string"}}],"inLanguage":"fr-FR"},{"@type":"Person","@id":"https:\/\/oeilsportif.info\/#\/schema\/person\/cfbded294aa6095f7d96608d7905e9a1","name":"L'Equipe de la R\u00e9daction","image":{"@type":"ImageObject","inLanguage":"fr-FR","@id":"https:\/\/oeilsportif.info\/wp-content\/uploads\/2025\/07\/cropped-cropped-logo-os-96x96.jpeg","url":"https:\/\/oeilsportif.info\/wp-content\/uploads\/2025\/07\/cropped-cropped-logo-os-96x96.jpeg","contentUrl":"https:\/\/oeilsportif.info\/wp-content\/uploads\/2025\/07\/cropped-cropped-logo-os-96x96.jpeg","caption":"L'Equipe de la R\u00e9daction"},"url":"https:\/\/oeilsportif.info\/index.php\/author\/tawel\/"}]}},"jetpack_publicize_connections":[],"jetpack_featured_media_url":"https:\/\/i0.wp.com\/oeilsportif.info\/wp-content\/uploads\/2023\/10\/FB_IMG_1697327998414.jpg?fit=1080%2C720&ssl=1","jetpack-related-posts":[],"jetpack_sharing_enabled":true,"jetpack_likes_enabled":true,"jetpack_shortlink":"https:\/\/wp.me\/pgFE77-WR","_links":{"self":[{"href":"https:\/\/oeilsportif.info\/index.php\/wp-json\/wp\/v2\/posts\/3649","targetHints":{"allow":["GET"]}}],"collection":[{"href":"https:\/\/oeilsportif.info\/index.php\/wp-json\/wp\/v2\/posts"}],"about":[{"href":"https:\/\/oeilsportif.info\/index.php\/wp-json\/wp\/v2\/types\/post"}],"author":[{"embeddable":true,"href":"https:\/\/oeilsportif.info\/index.php\/wp-json\/wp\/v2\/users\/2"}],"replies":[{"embeddable":true,"href":"https:\/\/oeilsportif.info\/index.php\/wp-json\/wp\/v2\/comments?post=3649"}],"version-history":[{"count":0,"href":"https:\/\/oeilsportif.info\/index.php\/wp-json\/wp\/v2\/posts\/3649\/revisions"}],"wp:featuredmedia":[{"embeddable":true,"href":"https:\/\/oeilsportif.info\/index.php\/wp-json\/wp\/v2\/media\/3650"}],"wp:attachment":[{"href":"https:\/\/oeilsportif.info\/index.php\/wp-json\/wp\/v2\/media?parent=3649"}],"wp:term":[{"taxonomy":"category","embeddable":true,"href":"https:\/\/oeilsportif.info\/index.php\/wp-json\/wp\/v2\/categories?post=3649"},{"taxonomy":"post_tag","embeddable":true,"href":"https:\/\/oeilsportif.info\/index.php\/wp-json\/wp\/v2\/tags?post=3649"}],"curies":[{"name":"wp","href":"https:\/\/api.w.org\/{rel}","templated":true}]}}