{"id":3646,"date":"2023-10-14T23:56:38","date_gmt":"2023-10-14T23:56:38","guid":{"rendered":"https:\/\/oeilsportif.info\/index.php\/?p=3646"},"modified":"2023-10-14T23:56:38","modified_gmt":"2023-10-14T23:56:38","slug":"can-2023-regragui-je-mexcuse-aupres-du-peuple-marocain-mais","status":"publish","type":"post","link":"https:\/\/oeilsportif.info\/index.php\/can-2023-regragui-je-mexcuse-aupres-du-peuple-marocain-mais\/","title":{"rendered":"CAN 2023 \u2013 Regragui : \u00ab je m\u2019excuse aupr\u00e8s du peuple marocain, mais\u2026 \u00bb"},"content":{"rendered":"<h4>Suite \u00e0 leur parcours exceptionnel lors de la Coupe du monde Qatar 2022, les Lions de l\u2019Atlas du Maroc ont gagn\u00e9 une place parmi les favoris de la prochaine Coupe d\u2019Afrique des Nations (CAN). Pr\u00e9sent en conf\u00e9rence de presse ce vendredi avant le match amical contre la Cote d\u2019Ivoire, le s\u00e9lectionneur marocain Walid Regragui a tent\u00e9 de calmer les attentes.<\/h4>\n<p>L\u2019homme fort des Lions de l\u2019Atlas a d\u00e9buter par une analyse du niveau du tournoi.\u00a0<em>\u00abNous \u00e9tions conscients que cette \u00e9dition de la CAN serait la plus relev\u00e9e. Aucune \u00e9quipe n\u2019est abordable et aucun groupe n\u2019est facile. Il y a, au moins, dix \u00e9quipes qui peuvent gagner la CAN. Mais au final, il y en aura une seule\u00bb<\/em>, assure Regragui, avant de reconna\u00eetre le statut de son \u00e9quipe :\u00a0<em>\u00abMais nous, nous serons les plus attendus parce qu\u2019il y a un an, on nous a vu \u00e0 la t\u00e9l\u00e9 \u00e0 la Coupe du monde.\u00bb<\/em><\/p>\n<p>Toutefois, l\u2019ancien international marocain a mis en avant d\u2019autres favoris pour cette 34e \u00e9dition.\u00a0<em>\u00abAujourd\u2019hui on n\u2019est pas favoris. Je m\u2019excuse aupr\u00e8s du peuple marocain parce que c\u2019est vrai que je disais \u2018si on fait pas minimum demi-finale. Mais je pense qu\u2019aujourd\u2019hui il y a de meilleures \u00e9quipes que nous sur le continent. Depuis la Coupe du monde, il y a beaucoup d\u2019\u00e9quipes qui ont progress\u00e9, qui arrivent en puissance, dont la C\u00f4te d\u2019Ivoire, l\u2019Egypte, l\u2019Alg\u00e9rie, le Nigeria. Beaucoup d\u2019\u00e9quipes qui n\u2019ont pas \u00e9t\u00e9 \u00e0 la Coupe du monde sont favorites je pense. Nous, on va essayer de se battre. D\u00e9j\u00e0 on va essayer de passer le premier tour.\u00bb<\/em><\/p>\n","protected":false},"excerpt":{"rendered":"<p>Suite \u00e0 leur parcours exceptionnel lors de la Coupe du monde Qatar 2022, les Lions de l\u2019Atlas du Maroc ont gagn\u00e9 une place parmi les favoris de la prochaine Coupe d\u2019Afrique des Nations (CAN). Pr\u00e9sent en conf\u00e9rence de presse ce vendredi avant le match amical contre la Cote d\u2019Ivoire, le s\u00e9lectionneur marocain Walid Regragui a [&hellip;]<\/p>\n","protected":false},"author":2,"featured_media":3647,"comment_status":"closed","ping_status":"open","sticky":false,"template":"","format":"standard","meta":{"_jetpack_memberships_contains_paid_content":false,"footnotes":"","jetpack_publicize_message":"","jetpack_publicize_feature_enabled":true,"jetpack_social_post_already_shared":true,"jetpack_social_options":{"image_generator_settings":{"template":"highway","default_image_id":0,"font":"","enabled":false},"version":2}},"categories":[10,5],"tags":[],"class_list":{"0":"post-3646","1":"post","2":"type-post","3":"status-publish","4":"format-standard","5":"has-post-thumbnail","7":"category-actualite","8":"category-football"},"yoast_head":"<!-- This site is optimized with the Yoast SEO plugin v27.5 - https:\/\/yoast.com\/product\/yoast-seo-wordpress\/ -->\n<title>CAN 2023 \u2013 Regragui : \u00ab je m\u2019excuse aupr\u00e8s du peuple marocain, mais\u2026 \u00bb - le regard du sportif<\/title>\n<meta name=\"robots\" content=\"index, follow, max-snippet:-1, max-image-preview:large, max-video-preview:-1\" \/>\n<link rel=\"canonical\" href=\"https:\/\/oeilsportif.info\/index.php\/can-2023-regragui-je-mexcuse-aupres-du-peuple-marocain-mais\/\" \/>\n<meta property=\"og:locale\" content=\"fr_FR\" \/>\n<meta property=\"og:type\" content=\"article\" \/>\n<meta property=\"og:title\" content=\"CAN 2023 \u2013 Regragui : \u00ab je m\u2019excuse aupr\u00e8s du peuple marocain, mais\u2026 \u00bb - le regard du sportif\" \/>\n<meta property=\"og:description\" content=\"Suite \u00e0 leur parcours exceptionnel lors de la Coupe du monde Qatar 2022, les Lions de l\u2019Atlas du Maroc ont gagn\u00e9 une place parmi les favoris de la prochaine Coupe d\u2019Afrique des Nations (CAN). Pr\u00e9sent en conf\u00e9rence de presse ce vendredi avant le match amical contre la Cote d\u2019Ivoire, le s\u00e9lectionneur marocain Walid Regragui a [&hellip;]\" \/>\n<meta property=\"og:url\" content=\"https:\/\/oeilsportif.info\/index.php\/can-2023-regragui-je-mexcuse-aupres-du-peuple-marocain-mais\/\" \/>\n<meta property=\"og:site_name\" content=\"le regard du sportif\" \/>\n<meta property=\"article:published_time\" content=\"2023-10-14T23:56:38+00:00\" \/>\n<meta property=\"og:image\" content=\"https:\/\/oeilsportif.info\/wp-content\/uploads\/2023\/10\/Screenshot_20231014_235450_Facebook.jpg\" \/>\n\t<meta property=\"og:image:width\" content=\"926\" \/>\n\t<meta property=\"og:image:height\" content=\"625\" \/>\n\t<meta property=\"og:image:type\" content=\"image\/jpeg\" \/>\n<meta name=\"author\" content=\"L&#039;Equipe de la R\u00e9daction\" \/>\n<meta name=\"twitter:label1\" content=\"\u00c9crit par\" \/>\n\t<meta name=\"twitter:data1\" content=\"L&#039;Equipe de la R\u00e9daction\" \/>\n\t<meta name=\"twitter:label2\" content=\"Dur\u00e9e de lecture estim\u00e9e\" \/>\n\t<meta name=\"twitter:data2\" content=\"2 minutes\" \/>\n<script type=\"application\/ld+json\" class=\"yoast-schema-graph\">{\"@context\":\"https:\\\/\\\/schema.org\",\"@graph\":[{\"@type\":\"Article\",\"@id\":\"https:\\\/\\\/oeilsportif.info\\\/index.php\\\/can-2023-regragui-je-mexcuse-aupres-du-peuple-marocain-mais\\\/#article\",\"isPartOf\":{\"@id\":\"https:\\\/\\\/oeilsportif.info\\\/index.php\\\/can-2023-regragui-je-mexcuse-aupres-du-peuple-marocain-mais\\\/\"},\"author\":{\"name\":\"L'Equipe de la R\u00e9daction\",\"@id\":\"https:\\\/\\\/oeilsportif.info\\\/#\\\/schema\\\/person\\\/cfbded294aa6095f7d96608d7905e9a1\"},\"headline\":\"CAN 2023 \u2013 Regragui : \u00ab je m\u2019excuse aupr\u00e8s du peuple marocain, mais\u2026 \u00bb\",\"datePublished\":\"2023-10-14T23:56:38+00:00\",\"mainEntityOfPage\":{\"@id\":\"https:\\\/\\\/oeilsportif.info\\\/index.php\\\/can-2023-regragui-je-mexcuse-aupres-du-peuple-marocain-mais\\\/\"},\"wordCount\":301,\"image\":{\"@id\":\"https:\\\/\\\/oeilsportif.info\\\/index.php\\\/can-2023-regragui-je-mexcuse-aupres-du-peuple-marocain-mais\\\/#primaryimage\"},\"thumbnailUrl\":\"https:\\\/\\\/i0.wp.com\\\/oeilsportif.info\\\/wp-content\\\/uploads\\\/2023\\\/10\\\/Screenshot_20231014_235450_Facebook.jpg?fit=926%2C625&ssl=1\",\"articleSection\":[\"Actualit\u00e9\",\"Football\"],\"inLanguage\":\"fr-FR\"},{\"@type\":\"WebPage\",\"@id\":\"https:\\\/\\\/oeilsportif.info\\\/index.php\\\/can-2023-regragui-je-mexcuse-aupres-du-peuple-marocain-mais\\\/\",\"url\":\"https:\\\/\\\/oeilsportif.info\\\/index.php\\\/can-2023-regragui-je-mexcuse-aupres-du-peuple-marocain-mais\\\/\",\"name\":\"CAN 2023 \u2013 Regragui : \u00ab je m\u2019excuse aupr\u00e8s du peuple marocain, mais\u2026 \u00bb - le regard du sportif\",\"isPartOf\":{\"@id\":\"https:\\\/\\\/oeilsportif.info\\\/#website\"},\"primaryImageOfPage\":{\"@id\":\"https:\\\/\\\/oeilsportif.info\\\/index.php\\\/can-2023-regragui-je-mexcuse-aupres-du-peuple-marocain-mais\\\/#primaryimage\"},\"image\":{\"@id\":\"https:\\\/\\\/oeilsportif.info\\\/index.php\\\/can-2023-regragui-je-mexcuse-aupres-du-peuple-marocain-mais\\\/#primaryimage\"},\"thumbnailUrl\":\"https:\\\/\\\/i0.wp.com\\\/oeilsportif.info\\\/wp-content\\\/uploads\\\/2023\\\/10\\\/Screenshot_20231014_235450_Facebook.jpg?fit=926%2C625&ssl=1\",\"datePublished\":\"2023-10-14T23:56:38+00:00\",\"author\":{\"@id\":\"https:\\\/\\\/oeilsportif.info\\\/#\\\/schema\\\/person\\\/cfbded294aa6095f7d96608d7905e9a1\"},\"inLanguage\":\"fr-FR\",\"potentialAction\":[{\"@type\":\"ReadAction\",\"target\":[\"https:\\\/\\\/oeilsportif.info\\\/index.php\\\/can-2023-regragui-je-mexcuse-aupres-du-peuple-marocain-mais\\\/\"]}]},{\"@type\":\"ImageObject\",\"inLanguage\":\"fr-FR\",\"@id\":\"https:\\\/\\\/oeilsportif.info\\\/index.php\\\/can-2023-regragui-je-mexcuse-aupres-du-peuple-marocain-mais\\\/#primaryimage\",\"url\":\"https:\\\/\\\/i0.wp.com\\\/oeilsportif.info\\\/wp-content\\\/uploads\\\/2023\\\/10\\\/Screenshot_20231014_235450_Facebook.jpg?fit=926%2C625&ssl=1\",\"contentUrl\":\"https:\\\/\\\/i0.wp.com\\\/oeilsportif.info\\\/wp-content\\\/uploads\\\/2023\\\/10\\\/Screenshot_20231014_235450_Facebook.jpg?fit=926%2C625&ssl=1\",\"width\":926,\"height\":625},{\"@type\":\"WebSite\",\"@id\":\"https:\\\/\\\/oeilsportif.info\\\/#website\",\"url\":\"https:\\\/\\\/oeilsportif.info\\\/\",\"name\":\"le regard du sportif\",\"description\":\"\",\"potentialAction\":[{\"@type\":\"SearchAction\",\"target\":{\"@type\":\"EntryPoint\",\"urlTemplate\":\"https:\\\/\\\/oeilsportif.info\\\/?s={search_term_string}\"},\"query-input\":{\"@type\":\"PropertyValueSpecification\",\"valueRequired\":true,\"valueName\":\"search_term_string\"}}],\"inLanguage\":\"fr-FR\"},{\"@type\":\"Person\",\"@id\":\"https:\\\/\\\/oeilsportif.info\\\/#\\\/schema\\\/person\\\/cfbded294aa6095f7d96608d7905e9a1\",\"name\":\"L'Equipe de la R\u00e9daction\",\"image\":{\"@type\":\"ImageObject\",\"inLanguage\":\"fr-FR\",\"@id\":\"https:\\\/\\\/oeilsportif.info\\\/wp-content\\\/uploads\\\/2025\\\/07\\\/cropped-cropped-logo-os-96x96.jpeg\",\"url\":\"https:\\\/\\\/oeilsportif.info\\\/wp-content\\\/uploads\\\/2025\\\/07\\\/cropped-cropped-logo-os-96x96.jpeg\",\"contentUrl\":\"https:\\\/\\\/oeilsportif.info\\\/wp-content\\\/uploads\\\/2025\\\/07\\\/cropped-cropped-logo-os-96x96.jpeg\",\"caption\":\"L'Equipe de la R\u00e9daction\"},\"url\":\"https:\\\/\\\/oeilsportif.info\\\/index.php\\\/author\\\/tawel\\\/\"}]}<\/script>\n<!-- \/ Yoast SEO plugin. -->","yoast_head_json":{"title":"CAN 2023 \u2013 Regragui : \u00ab je m\u2019excuse aupr\u00e8s du peuple marocain, mais\u2026 \u00bb - le regard du sportif","robots":{"index":"index","follow":"follow","max-snippet":"max-snippet:-1","max-image-preview":"max-image-preview:large","max-video-preview":"max-video-preview:-1"},"canonical":"https:\/\/oeilsportif.info\/index.php\/can-2023-regragui-je-mexcuse-aupres-du-peuple-marocain-mais\/","og_locale":"fr_FR","og_type":"article","og_title":"CAN 2023 \u2013 Regragui : \u00ab je m\u2019excuse aupr\u00e8s du peuple marocain, mais\u2026 \u00bb - le regard du sportif","og_description":"Suite \u00e0 leur parcours exceptionnel lors de la Coupe du monde Qatar 2022, les Lions de l\u2019Atlas du Maroc ont gagn\u00e9 une place parmi les favoris de la prochaine Coupe d\u2019Afrique des Nations (CAN). Pr\u00e9sent en conf\u00e9rence de presse ce vendredi avant le match amical contre la Cote d\u2019Ivoire, le s\u00e9lectionneur marocain Walid Regragui a [&hellip;]","og_url":"https:\/\/oeilsportif.info\/index.php\/can-2023-regragui-je-mexcuse-aupres-du-peuple-marocain-mais\/","og_site_name":"le regard du sportif","article_published_time":"2023-10-14T23:56:38+00:00","og_image":[{"width":926,"height":625,"url":"https:\/\/oeilsportif.info\/wp-content\/uploads\/2023\/10\/Screenshot_20231014_235450_Facebook.jpg","type":"image\/jpeg"}],"author":"L'Equipe de la R\u00e9daction","twitter_misc":{"\u00c9crit par":"L'Equipe de la R\u00e9daction","Dur\u00e9e de lecture estim\u00e9e":"2 minutes"},"schema":{"@context":"https:\/\/schema.org","@graph":[{"@type":"Article","@id":"https:\/\/oeilsportif.info\/index.php\/can-2023-regragui-je-mexcuse-aupres-du-peuple-marocain-mais\/#article","isPartOf":{"@id":"https:\/\/oeilsportif.info\/index.php\/can-2023-regragui-je-mexcuse-aupres-du-peuple-marocain-mais\/"},"author":{"name":"L'Equipe de la R\u00e9daction","@id":"https:\/\/oeilsportif.info\/#\/schema\/person\/cfbded294aa6095f7d96608d7905e9a1"},"headline":"CAN 2023 \u2013 Regragui : \u00ab je m\u2019excuse aupr\u00e8s du peuple marocain, mais\u2026 \u00bb","datePublished":"2023-10-14T23:56:38+00:00","mainEntityOfPage":{"@id":"https:\/\/oeilsportif.info\/index.php\/can-2023-regragui-je-mexcuse-aupres-du-peuple-marocain-mais\/"},"wordCount":301,"image":{"@id":"https:\/\/oeilsportif.info\/index.php\/can-2023-regragui-je-mexcuse-aupres-du-peuple-marocain-mais\/#primaryimage"},"thumbnailUrl":"https:\/\/i0.wp.com\/oeilsportif.info\/wp-content\/uploads\/2023\/10\/Screenshot_20231014_235450_Facebook.jpg?fit=926%2C625&ssl=1","articleSection":["Actualit\u00e9","Football"],"inLanguage":"fr-FR"},{"@type":"WebPage","@id":"https:\/\/oeilsportif.info\/index.php\/can-2023-regragui-je-mexcuse-aupres-du-peuple-marocain-mais\/","url":"https:\/\/oeilsportif.info\/index.php\/can-2023-regragui-je-mexcuse-aupres-du-peuple-marocain-mais\/","name":"CAN 2023 \u2013 Regragui : \u00ab je m\u2019excuse aupr\u00e8s du peuple marocain, mais\u2026 \u00bb - le regard du sportif","isPartOf":{"@id":"https:\/\/oeilsportif.info\/#website"},"primaryImageOfPage":{"@id":"https:\/\/oeilsportif.info\/index.php\/can-2023-regragui-je-mexcuse-aupres-du-peuple-marocain-mais\/#primaryimage"},"image":{"@id":"https:\/\/oeilsportif.info\/index.php\/can-2023-regragui-je-mexcuse-aupres-du-peuple-marocain-mais\/#primaryimage"},"thumbnailUrl":"https:\/\/i0.wp.com\/oeilsportif.info\/wp-content\/uploads\/2023\/10\/Screenshot_20231014_235450_Facebook.jpg?fit=926%2C625&ssl=1","datePublished":"2023-10-14T23:56:38+00:00","author":{"@id":"https:\/\/oeilsportif.info\/#\/schema\/person\/cfbded294aa6095f7d96608d7905e9a1"},"inLanguage":"fr-FR","potentialAction":[{"@type":"ReadAction","target":["https:\/\/oeilsportif.info\/index.php\/can-2023-regragui-je-mexcuse-aupres-du-peuple-marocain-mais\/"]}]},{"@type":"ImageObject","inLanguage":"fr-FR","@id":"https:\/\/oeilsportif.info\/index.php\/can-2023-regragui-je-mexcuse-aupres-du-peuple-marocain-mais\/#primaryimage","url":"https:\/\/i0.wp.com\/oeilsportif.info\/wp-content\/uploads\/2023\/10\/Screenshot_20231014_235450_Facebook.jpg?fit=926%2C625&ssl=1","contentUrl":"https:\/\/i0.wp.com\/oeilsportif.info\/wp-content\/uploads\/2023\/10\/Screenshot_20231014_235450_Facebook.jpg?fit=926%2C625&ssl=1","width":926,"height":625},{"@type":"WebSite","@id":"https:\/\/oeilsportif.info\/#website","url":"https:\/\/oeilsportif.info\/","name":"le regard du sportif","description":"","potentialAction":[{"@type":"SearchAction","target":{"@type":"EntryPoint","urlTemplate":"https:\/\/oeilsportif.info\/?s={search_term_string}"},"query-input":{"@type":"PropertyValueSpecification","valueRequired":true,"valueName":"search_term_string"}}],"inLanguage":"fr-FR"},{"@type":"Person","@id":"https:\/\/oeilsportif.info\/#\/schema\/person\/cfbded294aa6095f7d96608d7905e9a1","name":"L'Equipe de la R\u00e9daction","image":{"@type":"ImageObject","inLanguage":"fr-FR","@id":"https:\/\/oeilsportif.info\/wp-content\/uploads\/2025\/07\/cropped-cropped-logo-os-96x96.jpeg","url":"https:\/\/oeilsportif.info\/wp-content\/uploads\/2025\/07\/cropped-cropped-logo-os-96x96.jpeg","contentUrl":"https:\/\/oeilsportif.info\/wp-content\/uploads\/2025\/07\/cropped-cropped-logo-os-96x96.jpeg","caption":"L'Equipe de la R\u00e9daction"},"url":"https:\/\/oeilsportif.info\/index.php\/author\/tawel\/"}]}},"jetpack_publicize_connections":[],"jetpack_featured_media_url":"https:\/\/i0.wp.com\/oeilsportif.info\/wp-content\/uploads\/2023\/10\/Screenshot_20231014_235450_Facebook.jpg?fit=926%2C625&ssl=1","jetpack-related-posts":[],"jetpack_sharing_enabled":true,"jetpack_likes_enabled":true,"jetpack_shortlink":"https:\/\/wp.me\/pgFE77-WO","_links":{"self":[{"href":"https:\/\/oeilsportif.info\/index.php\/wp-json\/wp\/v2\/posts\/3646","targetHints":{"allow":["GET"]}}],"collection":[{"href":"https:\/\/oeilsportif.info\/index.php\/wp-json\/wp\/v2\/posts"}],"about":[{"href":"https:\/\/oeilsportif.info\/index.php\/wp-json\/wp\/v2\/types\/post"}],"author":[{"embeddable":true,"href":"https:\/\/oeilsportif.info\/index.php\/wp-json\/wp\/v2\/users\/2"}],"replies":[{"embeddable":true,"href":"https:\/\/oeilsportif.info\/index.php\/wp-json\/wp\/v2\/comments?post=3646"}],"version-history":[{"count":0,"href":"https:\/\/oeilsportif.info\/index.php\/wp-json\/wp\/v2\/posts\/3646\/revisions"}],"wp:featuredmedia":[{"embeddable":true,"href":"https:\/\/oeilsportif.info\/index.php\/wp-json\/wp\/v2\/media\/3647"}],"wp:attachment":[{"href":"https:\/\/oeilsportif.info\/index.php\/wp-json\/wp\/v2\/media?parent=3646"}],"wp:term":[{"taxonomy":"category","embeddable":true,"href":"https:\/\/oeilsportif.info\/index.php\/wp-json\/wp\/v2\/categories?post=3646"},{"taxonomy":"post_tag","embeddable":true,"href":"https:\/\/oeilsportif.info\/index.php\/wp-json\/wp\/v2\/tags?post=3646"}],"curies":[{"name":"wp","href":"https:\/\/api.w.org\/{rel}","templated":true}]}}