{"id":3640,"date":"2023-10-14T13:41:50","date_gmt":"2023-10-14T13:41:50","guid":{"rendered":"https:\/\/oeilsportif.info\/index.php\/?p=3640"},"modified":"2023-10-14T13:41:50","modified_gmt":"2023-10-14T13:41:50","slug":"infirmerie-plus-de-peur-que-de-mal-pour-ibrahima-kone","status":"publish","type":"post","link":"https:\/\/oeilsportif.info\/index.php\/infirmerie-plus-de-peur-que-de-mal-pour-ibrahima-kone\/","title":{"rendered":"INFIRMERIE : Plus de peur que de mal pour Ibrahima Kon\u00e9"},"content":{"rendered":"<p><strong>Sorti sur blessure lors du match amical entre le Mali et l\u2019Ouganda disput\u00e9 le vendredi13 octobre, Ibrahima Kon\u00e9 a \u00e9t\u00e9 imm\u00e9diatement \u00e9vacu\u00e9 \u00e0 l\u2019h\u00f4pital du Mali puis \u00e0 la Clinique Pasteur de Bamako pour des soins pointus.<\/strong><\/p>\n<p>Dans chacun de ces \u00e9tablissements hospitaliers, l&rsquo;attaquant des Aigles \u00e9tait accompagn\u00e9 du m\u00e9decin de l\u2019\u00e9quipe nationale Dr. Halidou Ma\u00efga.<\/p>\n<p>Apr\u00e8s les examens m\u00e9dicaux effectu\u00e9s par les sp\u00e9cialistes, les r\u00e9sultats r\u00e9v\u00e8lent la luxation associ\u00e9e \u00e0 une fracture de la mall\u00e9ole interne du tibia droit.<\/p>\n<p>Plus de peur donc que de mal !<\/p>\n<p>Par la suite, l\u2019international malien a pass\u00e9 la nuit \u00e0 la clinique tr\u00e8s r\u00e9confort\u00e9. Il rejoindra son club (Almeria) en Espagne ce soir o\u00f9 il recevra d\u2019autres soins m\u00e9dicaux plus approfondis en compagnie du Dr. Halidou Maiga. En effet, toutes les dispositions sont d\u00e9j\u00e0 prises pour qu\u2019il soit op\u00e9r\u00e9 le lundi (16 octobre) en Espagne.<\/p>\n<p>Signalons qu\u2019Ibra a re\u00e7u, dans son lit d\u2019hospitalisation, la visite et le soutien des membres du comit\u00e9 ex\u00e9cutif de la FEMAFOOT d\u00e9p\u00each\u00e9s par le pr\u00e9sident Bavieux Tour\u00e9, du staff technique et ses co\u00e9quipiers.<\/p>\n<p>Un message de soutien et une photo regroupant ses co\u00e9quipiers en compagnie des joueurs de l\u2019\u00e9quipe de l\u2019Ouganda tenant son maillot du match lui a \u00e9t\u00e9 transmis \u00e0 la fin de la rencontre remport\u00e9e par les Aigles (1-0).<\/p>\n<p>La famille de l\u2019attaquant d\u2019Almeria \u00e9tait contente de la mobilisation et du soutien autour de son fils bless\u00e9 pour une cause nationale.<\/p>\n<p>Prompt r\u00e9tablissement \u00e0 Ibra.<\/p>\n<p>Source : FMF<\/p>\n","protected":false},"excerpt":{"rendered":"<p>Sorti sur blessure lors du match amical entre le Mali et l\u2019Ouganda disput\u00e9 le vendredi13 octobre, Ibrahima Kon\u00e9 a \u00e9t\u00e9 imm\u00e9diatement \u00e9vacu\u00e9 \u00e0 l\u2019h\u00f4pital du Mali puis \u00e0 la Clinique Pasteur de Bamako pour des soins pointus. Dans chacun de ces \u00e9tablissements hospitaliers, l&rsquo;attaquant des Aigles \u00e9tait accompagn\u00e9 du m\u00e9decin de l\u2019\u00e9quipe nationale Dr. Halidou [&hellip;]<\/p>\n","protected":false},"author":2,"featured_media":3641,"comment_status":"closed","ping_status":"open","sticky":false,"template":"","format":"standard","meta":{"_jetpack_memberships_contains_paid_content":false,"footnotes":"","jetpack_publicize_message":"","jetpack_publicize_feature_enabled":true,"jetpack_social_post_already_shared":true,"jetpack_social_options":{"image_generator_settings":{"template":"highway","default_image_id":0,"font":"","enabled":false},"version":2}},"categories":[10,5],"tags":[],"class_list":{"0":"post-3640","1":"post","2":"type-post","3":"status-publish","4":"format-standard","5":"has-post-thumbnail","7":"category-actualite","8":"category-football"},"yoast_head":"<!-- This site is optimized with the Yoast SEO plugin v27.5 - https:\/\/yoast.com\/product\/yoast-seo-wordpress\/ -->\n<title>INFIRMERIE : Plus de peur que de mal pour Ibrahima Kon\u00e9 - le regard du sportif<\/title>\n<meta name=\"robots\" content=\"index, follow, max-snippet:-1, max-image-preview:large, max-video-preview:-1\" \/>\n<link rel=\"canonical\" href=\"https:\/\/oeilsportif.info\/index.php\/infirmerie-plus-de-peur-que-de-mal-pour-ibrahima-kone\/\" \/>\n<meta property=\"og:locale\" content=\"fr_FR\" \/>\n<meta property=\"og:type\" content=\"article\" \/>\n<meta property=\"og:title\" content=\"INFIRMERIE : Plus de peur que de mal pour Ibrahima Kon\u00e9 - le regard du sportif\" \/>\n<meta property=\"og:description\" content=\"Sorti sur blessure lors du match amical entre le Mali et l\u2019Ouganda disput\u00e9 le vendredi13 octobre, Ibrahima Kon\u00e9 a \u00e9t\u00e9 imm\u00e9diatement \u00e9vacu\u00e9 \u00e0 l\u2019h\u00f4pital du Mali puis \u00e0 la Clinique Pasteur de Bamako pour des soins pointus. Dans chacun de ces \u00e9tablissements hospitaliers, l&rsquo;attaquant des Aigles \u00e9tait accompagn\u00e9 du m\u00e9decin de l\u2019\u00e9quipe nationale Dr. Halidou [&hellip;]\" \/>\n<meta property=\"og:url\" content=\"https:\/\/oeilsportif.info\/index.php\/infirmerie-plus-de-peur-que-de-mal-pour-ibrahima-kone\/\" \/>\n<meta property=\"og:site_name\" content=\"le regard du sportif\" \/>\n<meta property=\"article:published_time\" content=\"2023-10-14T13:41:50+00:00\" \/>\n<meta property=\"og:image\" content=\"https:\/\/oeilsportif.info\/wp-content\/uploads\/2023\/10\/FB_IMG_1697290778922.jpg\" \/>\n\t<meta property=\"og:image:width\" content=\"930\" \/>\n\t<meta property=\"og:image:height\" content=\"878\" \/>\n\t<meta property=\"og:image:type\" content=\"image\/jpeg\" \/>\n<meta name=\"author\" content=\"L&#039;Equipe de la R\u00e9daction\" \/>\n<meta name=\"twitter:label1\" content=\"\u00c9crit par\" \/>\n\t<meta name=\"twitter:data1\" content=\"L&#039;Equipe de la R\u00e9daction\" \/>\n\t<meta name=\"twitter:label2\" content=\"Dur\u00e9e de lecture estim\u00e9e\" \/>\n\t<meta name=\"twitter:data2\" content=\"2 minutes\" \/>\n<script type=\"application\/ld+json\" class=\"yoast-schema-graph\">{\"@context\":\"https:\\\/\\\/schema.org\",\"@graph\":[{\"@type\":\"Article\",\"@id\":\"https:\\\/\\\/oeilsportif.info\\\/index.php\\\/infirmerie-plus-de-peur-que-de-mal-pour-ibrahima-kone\\\/#article\",\"isPartOf\":{\"@id\":\"https:\\\/\\\/oeilsportif.info\\\/index.php\\\/infirmerie-plus-de-peur-que-de-mal-pour-ibrahima-kone\\\/\"},\"author\":{\"name\":\"L'Equipe de la R\u00e9daction\",\"@id\":\"https:\\\/\\\/oeilsportif.info\\\/#\\\/schema\\\/person\\\/cfbded294aa6095f7d96608d7905e9a1\"},\"headline\":\"INFIRMERIE : Plus de peur que de mal pour Ibrahima Kon\u00e9\",\"datePublished\":\"2023-10-14T13:41:50+00:00\",\"mainEntityOfPage\":{\"@id\":\"https:\\\/\\\/oeilsportif.info\\\/index.php\\\/infirmerie-plus-de-peur-que-de-mal-pour-ibrahima-kone\\\/\"},\"wordCount\":285,\"image\":{\"@id\":\"https:\\\/\\\/oeilsportif.info\\\/index.php\\\/infirmerie-plus-de-peur-que-de-mal-pour-ibrahima-kone\\\/#primaryimage\"},\"thumbnailUrl\":\"https:\\\/\\\/i0.wp.com\\\/oeilsportif.info\\\/wp-content\\\/uploads\\\/2023\\\/10\\\/FB_IMG_1697290778922.jpg?fit=930%2C878&ssl=1\",\"articleSection\":[\"Actualit\u00e9\",\"Football\"],\"inLanguage\":\"fr-FR\"},{\"@type\":\"WebPage\",\"@id\":\"https:\\\/\\\/oeilsportif.info\\\/index.php\\\/infirmerie-plus-de-peur-que-de-mal-pour-ibrahima-kone\\\/\",\"url\":\"https:\\\/\\\/oeilsportif.info\\\/index.php\\\/infirmerie-plus-de-peur-que-de-mal-pour-ibrahima-kone\\\/\",\"name\":\"INFIRMERIE : Plus de peur que de mal pour Ibrahima Kon\u00e9 - le regard du sportif\",\"isPartOf\":{\"@id\":\"https:\\\/\\\/oeilsportif.info\\\/#website\"},\"primaryImageOfPage\":{\"@id\":\"https:\\\/\\\/oeilsportif.info\\\/index.php\\\/infirmerie-plus-de-peur-que-de-mal-pour-ibrahima-kone\\\/#primaryimage\"},\"image\":{\"@id\":\"https:\\\/\\\/oeilsportif.info\\\/index.php\\\/infirmerie-plus-de-peur-que-de-mal-pour-ibrahima-kone\\\/#primaryimage\"},\"thumbnailUrl\":\"https:\\\/\\\/i0.wp.com\\\/oeilsportif.info\\\/wp-content\\\/uploads\\\/2023\\\/10\\\/FB_IMG_1697290778922.jpg?fit=930%2C878&ssl=1\",\"datePublished\":\"2023-10-14T13:41:50+00:00\",\"author\":{\"@id\":\"https:\\\/\\\/oeilsportif.info\\\/#\\\/schema\\\/person\\\/cfbded294aa6095f7d96608d7905e9a1\"},\"inLanguage\":\"fr-FR\",\"potentialAction\":[{\"@type\":\"ReadAction\",\"target\":[\"https:\\\/\\\/oeilsportif.info\\\/index.php\\\/infirmerie-plus-de-peur-que-de-mal-pour-ibrahima-kone\\\/\"]}]},{\"@type\":\"ImageObject\",\"inLanguage\":\"fr-FR\",\"@id\":\"https:\\\/\\\/oeilsportif.info\\\/index.php\\\/infirmerie-plus-de-peur-que-de-mal-pour-ibrahima-kone\\\/#primaryimage\",\"url\":\"https:\\\/\\\/i0.wp.com\\\/oeilsportif.info\\\/wp-content\\\/uploads\\\/2023\\\/10\\\/FB_IMG_1697290778922.jpg?fit=930%2C878&ssl=1\",\"contentUrl\":\"https:\\\/\\\/i0.wp.com\\\/oeilsportif.info\\\/wp-content\\\/uploads\\\/2023\\\/10\\\/FB_IMG_1697290778922.jpg?fit=930%2C878&ssl=1\",\"width\":930,\"height\":878},{\"@type\":\"WebSite\",\"@id\":\"https:\\\/\\\/oeilsportif.info\\\/#website\",\"url\":\"https:\\\/\\\/oeilsportif.info\\\/\",\"name\":\"le regard du sportif\",\"description\":\"\",\"potentialAction\":[{\"@type\":\"SearchAction\",\"target\":{\"@type\":\"EntryPoint\",\"urlTemplate\":\"https:\\\/\\\/oeilsportif.info\\\/?s={search_term_string}\"},\"query-input\":{\"@type\":\"PropertyValueSpecification\",\"valueRequired\":true,\"valueName\":\"search_term_string\"}}],\"inLanguage\":\"fr-FR\"},{\"@type\":\"Person\",\"@id\":\"https:\\\/\\\/oeilsportif.info\\\/#\\\/schema\\\/person\\\/cfbded294aa6095f7d96608d7905e9a1\",\"name\":\"L'Equipe de la R\u00e9daction\",\"image\":{\"@type\":\"ImageObject\",\"inLanguage\":\"fr-FR\",\"@id\":\"https:\\\/\\\/oeilsportif.info\\\/wp-content\\\/uploads\\\/2025\\\/07\\\/cropped-cropped-logo-os-96x96.jpeg\",\"url\":\"https:\\\/\\\/oeilsportif.info\\\/wp-content\\\/uploads\\\/2025\\\/07\\\/cropped-cropped-logo-os-96x96.jpeg\",\"contentUrl\":\"https:\\\/\\\/oeilsportif.info\\\/wp-content\\\/uploads\\\/2025\\\/07\\\/cropped-cropped-logo-os-96x96.jpeg\",\"caption\":\"L'Equipe de la R\u00e9daction\"},\"url\":\"https:\\\/\\\/oeilsportif.info\\\/index.php\\\/author\\\/tawel\\\/\"}]}<\/script>\n<!-- \/ Yoast SEO plugin. -->","yoast_head_json":{"title":"INFIRMERIE : Plus de peur que de mal pour Ibrahima Kon\u00e9 - le regard du sportif","robots":{"index":"index","follow":"follow","max-snippet":"max-snippet:-1","max-image-preview":"max-image-preview:large","max-video-preview":"max-video-preview:-1"},"canonical":"https:\/\/oeilsportif.info\/index.php\/infirmerie-plus-de-peur-que-de-mal-pour-ibrahima-kone\/","og_locale":"fr_FR","og_type":"article","og_title":"INFIRMERIE : Plus de peur que de mal pour Ibrahima Kon\u00e9 - le regard du sportif","og_description":"Sorti sur blessure lors du match amical entre le Mali et l\u2019Ouganda disput\u00e9 le vendredi13 octobre, Ibrahima Kon\u00e9 a \u00e9t\u00e9 imm\u00e9diatement \u00e9vacu\u00e9 \u00e0 l\u2019h\u00f4pital du Mali puis \u00e0 la Clinique Pasteur de Bamako pour des soins pointus. Dans chacun de ces \u00e9tablissements hospitaliers, l&rsquo;attaquant des Aigles \u00e9tait accompagn\u00e9 du m\u00e9decin de l\u2019\u00e9quipe nationale Dr. Halidou [&hellip;]","og_url":"https:\/\/oeilsportif.info\/index.php\/infirmerie-plus-de-peur-que-de-mal-pour-ibrahima-kone\/","og_site_name":"le regard du sportif","article_published_time":"2023-10-14T13:41:50+00:00","og_image":[{"width":930,"height":878,"url":"https:\/\/oeilsportif.info\/wp-content\/uploads\/2023\/10\/FB_IMG_1697290778922.jpg","type":"image\/jpeg"}],"author":"L'Equipe de la R\u00e9daction","twitter_misc":{"\u00c9crit par":"L'Equipe de la R\u00e9daction","Dur\u00e9e de lecture estim\u00e9e":"2 minutes"},"schema":{"@context":"https:\/\/schema.org","@graph":[{"@type":"Article","@id":"https:\/\/oeilsportif.info\/index.php\/infirmerie-plus-de-peur-que-de-mal-pour-ibrahima-kone\/#article","isPartOf":{"@id":"https:\/\/oeilsportif.info\/index.php\/infirmerie-plus-de-peur-que-de-mal-pour-ibrahima-kone\/"},"author":{"name":"L'Equipe de la R\u00e9daction","@id":"https:\/\/oeilsportif.info\/#\/schema\/person\/cfbded294aa6095f7d96608d7905e9a1"},"headline":"INFIRMERIE : Plus de peur que de mal pour Ibrahima Kon\u00e9","datePublished":"2023-10-14T13:41:50+00:00","mainEntityOfPage":{"@id":"https:\/\/oeilsportif.info\/index.php\/infirmerie-plus-de-peur-que-de-mal-pour-ibrahima-kone\/"},"wordCount":285,"image":{"@id":"https:\/\/oeilsportif.info\/index.php\/infirmerie-plus-de-peur-que-de-mal-pour-ibrahima-kone\/#primaryimage"},"thumbnailUrl":"https:\/\/i0.wp.com\/oeilsportif.info\/wp-content\/uploads\/2023\/10\/FB_IMG_1697290778922.jpg?fit=930%2C878&ssl=1","articleSection":["Actualit\u00e9","Football"],"inLanguage":"fr-FR"},{"@type":"WebPage","@id":"https:\/\/oeilsportif.info\/index.php\/infirmerie-plus-de-peur-que-de-mal-pour-ibrahima-kone\/","url":"https:\/\/oeilsportif.info\/index.php\/infirmerie-plus-de-peur-que-de-mal-pour-ibrahima-kone\/","name":"INFIRMERIE : Plus de peur que de mal pour Ibrahima Kon\u00e9 - le regard du sportif","isPartOf":{"@id":"https:\/\/oeilsportif.info\/#website"},"primaryImageOfPage":{"@id":"https:\/\/oeilsportif.info\/index.php\/infirmerie-plus-de-peur-que-de-mal-pour-ibrahima-kone\/#primaryimage"},"image":{"@id":"https:\/\/oeilsportif.info\/index.php\/infirmerie-plus-de-peur-que-de-mal-pour-ibrahima-kone\/#primaryimage"},"thumbnailUrl":"https:\/\/i0.wp.com\/oeilsportif.info\/wp-content\/uploads\/2023\/10\/FB_IMG_1697290778922.jpg?fit=930%2C878&ssl=1","datePublished":"2023-10-14T13:41:50+00:00","author":{"@id":"https:\/\/oeilsportif.info\/#\/schema\/person\/cfbded294aa6095f7d96608d7905e9a1"},"inLanguage":"fr-FR","potentialAction":[{"@type":"ReadAction","target":["https:\/\/oeilsportif.info\/index.php\/infirmerie-plus-de-peur-que-de-mal-pour-ibrahima-kone\/"]}]},{"@type":"ImageObject","inLanguage":"fr-FR","@id":"https:\/\/oeilsportif.info\/index.php\/infirmerie-plus-de-peur-que-de-mal-pour-ibrahima-kone\/#primaryimage","url":"https:\/\/i0.wp.com\/oeilsportif.info\/wp-content\/uploads\/2023\/10\/FB_IMG_1697290778922.jpg?fit=930%2C878&ssl=1","contentUrl":"https:\/\/i0.wp.com\/oeilsportif.info\/wp-content\/uploads\/2023\/10\/FB_IMG_1697290778922.jpg?fit=930%2C878&ssl=1","width":930,"height":878},{"@type":"WebSite","@id":"https:\/\/oeilsportif.info\/#website","url":"https:\/\/oeilsportif.info\/","name":"le regard du sportif","description":"","potentialAction":[{"@type":"SearchAction","target":{"@type":"EntryPoint","urlTemplate":"https:\/\/oeilsportif.info\/?s={search_term_string}"},"query-input":{"@type":"PropertyValueSpecification","valueRequired":true,"valueName":"search_term_string"}}],"inLanguage":"fr-FR"},{"@type":"Person","@id":"https:\/\/oeilsportif.info\/#\/schema\/person\/cfbded294aa6095f7d96608d7905e9a1","name":"L'Equipe de la R\u00e9daction","image":{"@type":"ImageObject","inLanguage":"fr-FR","@id":"https:\/\/oeilsportif.info\/wp-content\/uploads\/2025\/07\/cropped-cropped-logo-os-96x96.jpeg","url":"https:\/\/oeilsportif.info\/wp-content\/uploads\/2025\/07\/cropped-cropped-logo-os-96x96.jpeg","contentUrl":"https:\/\/oeilsportif.info\/wp-content\/uploads\/2025\/07\/cropped-cropped-logo-os-96x96.jpeg","caption":"L'Equipe de la R\u00e9daction"},"url":"https:\/\/oeilsportif.info\/index.php\/author\/tawel\/"}]}},"jetpack_publicize_connections":[],"jetpack_featured_media_url":"https:\/\/i0.wp.com\/oeilsportif.info\/wp-content\/uploads\/2023\/10\/FB_IMG_1697290778922.jpg?fit=930%2C878&ssl=1","jetpack-related-posts":[],"jetpack_sharing_enabled":true,"jetpack_likes_enabled":true,"jetpack_shortlink":"https:\/\/wp.me\/pgFE77-WI","_links":{"self":[{"href":"https:\/\/oeilsportif.info\/index.php\/wp-json\/wp\/v2\/posts\/3640","targetHints":{"allow":["GET"]}}],"collection":[{"href":"https:\/\/oeilsportif.info\/index.php\/wp-json\/wp\/v2\/posts"}],"about":[{"href":"https:\/\/oeilsportif.info\/index.php\/wp-json\/wp\/v2\/types\/post"}],"author":[{"embeddable":true,"href":"https:\/\/oeilsportif.info\/index.php\/wp-json\/wp\/v2\/users\/2"}],"replies":[{"embeddable":true,"href":"https:\/\/oeilsportif.info\/index.php\/wp-json\/wp\/v2\/comments?post=3640"}],"version-history":[{"count":0,"href":"https:\/\/oeilsportif.info\/index.php\/wp-json\/wp\/v2\/posts\/3640\/revisions"}],"wp:featuredmedia":[{"embeddable":true,"href":"https:\/\/oeilsportif.info\/index.php\/wp-json\/wp\/v2\/media\/3641"}],"wp:attachment":[{"href":"https:\/\/oeilsportif.info\/index.php\/wp-json\/wp\/v2\/media?parent=3640"}],"wp:term":[{"taxonomy":"category","embeddable":true,"href":"https:\/\/oeilsportif.info\/index.php\/wp-json\/wp\/v2\/categories?post=3640"},{"taxonomy":"post_tag","embeddable":true,"href":"https:\/\/oeilsportif.info\/index.php\/wp-json\/wp\/v2\/tags?post=3640"}],"curies":[{"name":"wp","href":"https:\/\/api.w.org\/{rel}","templated":true}]}}