{"id":3637,"date":"2023-10-12T18:48:57","date_gmt":"2023-10-12T18:48:57","guid":{"rendered":"https:\/\/oeilsportif.info\/index.php\/?p=3637"},"modified":"2023-10-12T18:48:57","modified_gmt":"2023-10-12T18:48:57","slug":"aly-keita-libere-par-le-staff-technique","status":"publish","type":"post","link":"https:\/\/oeilsportif.info\/index.php\/aly-keita-libere-par-le-staff-technique\/","title":{"rendered":"ALY K\u00c9ITA LIB\u00c9R\u00c9 PAR LE STAFF TECHNIQUE"},"content":{"rendered":"<p><strong>A la veille du match amical face \u00e0 la Guin\u00e9e-Bissau, le staff technique a autoris\u00e9 Aly K\u00e9ita \u00e0 quitter le rassemblement.<\/strong><\/p>\n<p>Apr\u00e8s trois jours de regroupement, le gardien de but est contraint de quitter ses co\u00e9quipiers. Confront\u00e9 \u00e0 un souci familial majeur, Aly K\u00e9ita est lib\u00e9r\u00e9 et rentre en Su\u00e8de d\u2019urgence. Le staff se tient \u00e0 ses c\u00f4t\u00e9s et le soutient dans cette \u00e9preuve.<\/p>\n<p>Lassana Diakhaby est convoqu\u00e9 pour le remplacer. Le gardien de Valenciennes est attendu au Portugal ce jeudi dans la nuit.<\/p>\n<p>Source : F\u00e9guifoot<\/p>\n","protected":false},"excerpt":{"rendered":"<p>A la veille du match amical face \u00e0 la Guin\u00e9e-Bissau, le staff technique a autoris\u00e9 Aly K\u00e9ita \u00e0 quitter le rassemblement. Apr\u00e8s trois jours de regroupement, le gardien de but est contraint de quitter ses co\u00e9quipiers. Confront\u00e9 \u00e0 un souci familial majeur, Aly K\u00e9ita est lib\u00e9r\u00e9 et rentre en Su\u00e8de d\u2019urgence. Le staff se tient [&hellip;]<\/p>\n","protected":false},"author":2,"featured_media":3638,"comment_status":"closed","ping_status":"open","sticky":false,"template":"","format":"standard","meta":{"_jetpack_memberships_contains_paid_content":false,"footnotes":"","jetpack_publicize_message":"","jetpack_publicize_feature_enabled":true,"jetpack_social_post_already_shared":true,"jetpack_social_options":{"image_generator_settings":{"template":"highway","default_image_id":0,"font":"","enabled":false},"version":2}},"categories":[10,5],"tags":[],"class_list":{"0":"post-3637","1":"post","2":"type-post","3":"status-publish","4":"format-standard","5":"has-post-thumbnail","7":"category-actualite","8":"category-football"},"yoast_head":"<!-- This site is optimized with the Yoast SEO plugin v27.5 - https:\/\/yoast.com\/product\/yoast-seo-wordpress\/ -->\n<title>ALY K\u00c9ITA LIB\u00c9R\u00c9 PAR LE STAFF TECHNIQUE - le regard du sportif<\/title>\n<meta name=\"robots\" content=\"index, follow, max-snippet:-1, max-image-preview:large, max-video-preview:-1\" \/>\n<link rel=\"canonical\" href=\"https:\/\/oeilsportif.info\/index.php\/aly-keita-libere-par-le-staff-technique\/\" \/>\n<meta property=\"og:locale\" content=\"fr_FR\" \/>\n<meta property=\"og:type\" content=\"article\" \/>\n<meta property=\"og:title\" content=\"ALY K\u00c9ITA LIB\u00c9R\u00c9 PAR LE STAFF TECHNIQUE - le regard du sportif\" \/>\n<meta property=\"og:description\" content=\"A la veille du match amical face \u00e0 la Guin\u00e9e-Bissau, le staff technique a autoris\u00e9 Aly K\u00e9ita \u00e0 quitter le rassemblement. Apr\u00e8s trois jours de regroupement, le gardien de but est contraint de quitter ses co\u00e9quipiers. Confront\u00e9 \u00e0 un souci familial majeur, Aly K\u00e9ita est lib\u00e9r\u00e9 et rentre en Su\u00e8de d\u2019urgence. Le staff se tient [&hellip;]\" \/>\n<meta property=\"og:url\" content=\"https:\/\/oeilsportif.info\/index.php\/aly-keita-libere-par-le-staff-technique\/\" \/>\n<meta property=\"og:site_name\" content=\"le regard du sportif\" \/>\n<meta property=\"article:published_time\" content=\"2023-10-12T18:48:57+00:00\" \/>\n<meta property=\"og:image\" content=\"https:\/\/oeilsportif.info\/wp-content\/uploads\/2023\/10\/Screenshot_20231012_184632_Facebook.jpg\" \/>\n\t<meta property=\"og:image:width\" content=\"884\" \/>\n\t<meta property=\"og:image:height\" content=\"517\" \/>\n\t<meta property=\"og:image:type\" content=\"image\/jpeg\" \/>\n<meta name=\"author\" content=\"L&#039;Equipe de la R\u00e9daction\" \/>\n<meta name=\"twitter:label1\" content=\"\u00c9crit par\" \/>\n\t<meta name=\"twitter:data1\" content=\"L&#039;Equipe de la R\u00e9daction\" \/>\n\t<meta name=\"twitter:label2\" content=\"Dur\u00e9e de lecture estim\u00e9e\" \/>\n\t<meta name=\"twitter:data2\" content=\"1 minute\" \/>\n<script type=\"application\/ld+json\" class=\"yoast-schema-graph\">{\"@context\":\"https:\\\/\\\/schema.org\",\"@graph\":[{\"@type\":\"Article\",\"@id\":\"https:\\\/\\\/oeilsportif.info\\\/index.php\\\/aly-keita-libere-par-le-staff-technique\\\/#article\",\"isPartOf\":{\"@id\":\"https:\\\/\\\/oeilsportif.info\\\/index.php\\\/aly-keita-libere-par-le-staff-technique\\\/\"},\"author\":{\"name\":\"L'Equipe de la R\u00e9daction\",\"@id\":\"https:\\\/\\\/oeilsportif.info\\\/#\\\/schema\\\/person\\\/cfbded294aa6095f7d96608d7905e9a1\"},\"headline\":\"ALY K\u00c9ITA LIB\u00c9R\u00c9 PAR LE STAFF TECHNIQUE\",\"datePublished\":\"2023-10-12T18:48:57+00:00\",\"mainEntityOfPage\":{\"@id\":\"https:\\\/\\\/oeilsportif.info\\\/index.php\\\/aly-keita-libere-par-le-staff-technique\\\/\"},\"wordCount\":102,\"image\":{\"@id\":\"https:\\\/\\\/oeilsportif.info\\\/index.php\\\/aly-keita-libere-par-le-staff-technique\\\/#primaryimage\"},\"thumbnailUrl\":\"https:\\\/\\\/i0.wp.com\\\/oeilsportif.info\\\/wp-content\\\/uploads\\\/2023\\\/10\\\/Screenshot_20231012_184632_Facebook.jpg?fit=884%2C517&ssl=1\",\"articleSection\":[\"Actualit\u00e9\",\"Football\"],\"inLanguage\":\"fr-FR\"},{\"@type\":\"WebPage\",\"@id\":\"https:\\\/\\\/oeilsportif.info\\\/index.php\\\/aly-keita-libere-par-le-staff-technique\\\/\",\"url\":\"https:\\\/\\\/oeilsportif.info\\\/index.php\\\/aly-keita-libere-par-le-staff-technique\\\/\",\"name\":\"ALY K\u00c9ITA LIB\u00c9R\u00c9 PAR LE STAFF TECHNIQUE - le regard du sportif\",\"isPartOf\":{\"@id\":\"https:\\\/\\\/oeilsportif.info\\\/#website\"},\"primaryImageOfPage\":{\"@id\":\"https:\\\/\\\/oeilsportif.info\\\/index.php\\\/aly-keita-libere-par-le-staff-technique\\\/#primaryimage\"},\"image\":{\"@id\":\"https:\\\/\\\/oeilsportif.info\\\/index.php\\\/aly-keita-libere-par-le-staff-technique\\\/#primaryimage\"},\"thumbnailUrl\":\"https:\\\/\\\/i0.wp.com\\\/oeilsportif.info\\\/wp-content\\\/uploads\\\/2023\\\/10\\\/Screenshot_20231012_184632_Facebook.jpg?fit=884%2C517&ssl=1\",\"datePublished\":\"2023-10-12T18:48:57+00:00\",\"author\":{\"@id\":\"https:\\\/\\\/oeilsportif.info\\\/#\\\/schema\\\/person\\\/cfbded294aa6095f7d96608d7905e9a1\"},\"inLanguage\":\"fr-FR\",\"potentialAction\":[{\"@type\":\"ReadAction\",\"target\":[\"https:\\\/\\\/oeilsportif.info\\\/index.php\\\/aly-keita-libere-par-le-staff-technique\\\/\"]}]},{\"@type\":\"ImageObject\",\"inLanguage\":\"fr-FR\",\"@id\":\"https:\\\/\\\/oeilsportif.info\\\/index.php\\\/aly-keita-libere-par-le-staff-technique\\\/#primaryimage\",\"url\":\"https:\\\/\\\/i0.wp.com\\\/oeilsportif.info\\\/wp-content\\\/uploads\\\/2023\\\/10\\\/Screenshot_20231012_184632_Facebook.jpg?fit=884%2C517&ssl=1\",\"contentUrl\":\"https:\\\/\\\/i0.wp.com\\\/oeilsportif.info\\\/wp-content\\\/uploads\\\/2023\\\/10\\\/Screenshot_20231012_184632_Facebook.jpg?fit=884%2C517&ssl=1\",\"width\":884,\"height\":517},{\"@type\":\"WebSite\",\"@id\":\"https:\\\/\\\/oeilsportif.info\\\/#website\",\"url\":\"https:\\\/\\\/oeilsportif.info\\\/\",\"name\":\"le regard du sportif\",\"description\":\"\",\"potentialAction\":[{\"@type\":\"SearchAction\",\"target\":{\"@type\":\"EntryPoint\",\"urlTemplate\":\"https:\\\/\\\/oeilsportif.info\\\/?s={search_term_string}\"},\"query-input\":{\"@type\":\"PropertyValueSpecification\",\"valueRequired\":true,\"valueName\":\"search_term_string\"}}],\"inLanguage\":\"fr-FR\"},{\"@type\":\"Person\",\"@id\":\"https:\\\/\\\/oeilsportif.info\\\/#\\\/schema\\\/person\\\/cfbded294aa6095f7d96608d7905e9a1\",\"name\":\"L'Equipe de la R\u00e9daction\",\"image\":{\"@type\":\"ImageObject\",\"inLanguage\":\"fr-FR\",\"@id\":\"https:\\\/\\\/oeilsportif.info\\\/wp-content\\\/uploads\\\/2025\\\/07\\\/cropped-cropped-logo-os-96x96.jpeg\",\"url\":\"https:\\\/\\\/oeilsportif.info\\\/wp-content\\\/uploads\\\/2025\\\/07\\\/cropped-cropped-logo-os-96x96.jpeg\",\"contentUrl\":\"https:\\\/\\\/oeilsportif.info\\\/wp-content\\\/uploads\\\/2025\\\/07\\\/cropped-cropped-logo-os-96x96.jpeg\",\"caption\":\"L'Equipe de la R\u00e9daction\"},\"url\":\"https:\\\/\\\/oeilsportif.info\\\/index.php\\\/author\\\/tawel\\\/\"}]}<\/script>\n<!-- \/ Yoast SEO plugin. -->","yoast_head_json":{"title":"ALY K\u00c9ITA LIB\u00c9R\u00c9 PAR LE STAFF TECHNIQUE - le regard du sportif","robots":{"index":"index","follow":"follow","max-snippet":"max-snippet:-1","max-image-preview":"max-image-preview:large","max-video-preview":"max-video-preview:-1"},"canonical":"https:\/\/oeilsportif.info\/index.php\/aly-keita-libere-par-le-staff-technique\/","og_locale":"fr_FR","og_type":"article","og_title":"ALY K\u00c9ITA LIB\u00c9R\u00c9 PAR LE STAFF TECHNIQUE - le regard du sportif","og_description":"A la veille du match amical face \u00e0 la Guin\u00e9e-Bissau, le staff technique a autoris\u00e9 Aly K\u00e9ita \u00e0 quitter le rassemblement. Apr\u00e8s trois jours de regroupement, le gardien de but est contraint de quitter ses co\u00e9quipiers. Confront\u00e9 \u00e0 un souci familial majeur, Aly K\u00e9ita est lib\u00e9r\u00e9 et rentre en Su\u00e8de d\u2019urgence. Le staff se tient [&hellip;]","og_url":"https:\/\/oeilsportif.info\/index.php\/aly-keita-libere-par-le-staff-technique\/","og_site_name":"le regard du sportif","article_published_time":"2023-10-12T18:48:57+00:00","og_image":[{"width":884,"height":517,"url":"https:\/\/oeilsportif.info\/wp-content\/uploads\/2023\/10\/Screenshot_20231012_184632_Facebook.jpg","type":"image\/jpeg"}],"author":"L'Equipe de la R\u00e9daction","twitter_misc":{"\u00c9crit par":"L'Equipe de la R\u00e9daction","Dur\u00e9e de lecture estim\u00e9e":"1 minute"},"schema":{"@context":"https:\/\/schema.org","@graph":[{"@type":"Article","@id":"https:\/\/oeilsportif.info\/index.php\/aly-keita-libere-par-le-staff-technique\/#article","isPartOf":{"@id":"https:\/\/oeilsportif.info\/index.php\/aly-keita-libere-par-le-staff-technique\/"},"author":{"name":"L'Equipe de la R\u00e9daction","@id":"https:\/\/oeilsportif.info\/#\/schema\/person\/cfbded294aa6095f7d96608d7905e9a1"},"headline":"ALY K\u00c9ITA LIB\u00c9R\u00c9 PAR LE STAFF TECHNIQUE","datePublished":"2023-10-12T18:48:57+00:00","mainEntityOfPage":{"@id":"https:\/\/oeilsportif.info\/index.php\/aly-keita-libere-par-le-staff-technique\/"},"wordCount":102,"image":{"@id":"https:\/\/oeilsportif.info\/index.php\/aly-keita-libere-par-le-staff-technique\/#primaryimage"},"thumbnailUrl":"https:\/\/i0.wp.com\/oeilsportif.info\/wp-content\/uploads\/2023\/10\/Screenshot_20231012_184632_Facebook.jpg?fit=884%2C517&ssl=1","articleSection":["Actualit\u00e9","Football"],"inLanguage":"fr-FR"},{"@type":"WebPage","@id":"https:\/\/oeilsportif.info\/index.php\/aly-keita-libere-par-le-staff-technique\/","url":"https:\/\/oeilsportif.info\/index.php\/aly-keita-libere-par-le-staff-technique\/","name":"ALY K\u00c9ITA LIB\u00c9R\u00c9 PAR LE STAFF TECHNIQUE - le regard du sportif","isPartOf":{"@id":"https:\/\/oeilsportif.info\/#website"},"primaryImageOfPage":{"@id":"https:\/\/oeilsportif.info\/index.php\/aly-keita-libere-par-le-staff-technique\/#primaryimage"},"image":{"@id":"https:\/\/oeilsportif.info\/index.php\/aly-keita-libere-par-le-staff-technique\/#primaryimage"},"thumbnailUrl":"https:\/\/i0.wp.com\/oeilsportif.info\/wp-content\/uploads\/2023\/10\/Screenshot_20231012_184632_Facebook.jpg?fit=884%2C517&ssl=1","datePublished":"2023-10-12T18:48:57+00:00","author":{"@id":"https:\/\/oeilsportif.info\/#\/schema\/person\/cfbded294aa6095f7d96608d7905e9a1"},"inLanguage":"fr-FR","potentialAction":[{"@type":"ReadAction","target":["https:\/\/oeilsportif.info\/index.php\/aly-keita-libere-par-le-staff-technique\/"]}]},{"@type":"ImageObject","inLanguage":"fr-FR","@id":"https:\/\/oeilsportif.info\/index.php\/aly-keita-libere-par-le-staff-technique\/#primaryimage","url":"https:\/\/i0.wp.com\/oeilsportif.info\/wp-content\/uploads\/2023\/10\/Screenshot_20231012_184632_Facebook.jpg?fit=884%2C517&ssl=1","contentUrl":"https:\/\/i0.wp.com\/oeilsportif.info\/wp-content\/uploads\/2023\/10\/Screenshot_20231012_184632_Facebook.jpg?fit=884%2C517&ssl=1","width":884,"height":517},{"@type":"WebSite","@id":"https:\/\/oeilsportif.info\/#website","url":"https:\/\/oeilsportif.info\/","name":"le regard du sportif","description":"","potentialAction":[{"@type":"SearchAction","target":{"@type":"EntryPoint","urlTemplate":"https:\/\/oeilsportif.info\/?s={search_term_string}"},"query-input":{"@type":"PropertyValueSpecification","valueRequired":true,"valueName":"search_term_string"}}],"inLanguage":"fr-FR"},{"@type":"Person","@id":"https:\/\/oeilsportif.info\/#\/schema\/person\/cfbded294aa6095f7d96608d7905e9a1","name":"L'Equipe de la R\u00e9daction","image":{"@type":"ImageObject","inLanguage":"fr-FR","@id":"https:\/\/oeilsportif.info\/wp-content\/uploads\/2025\/07\/cropped-cropped-logo-os-96x96.jpeg","url":"https:\/\/oeilsportif.info\/wp-content\/uploads\/2025\/07\/cropped-cropped-logo-os-96x96.jpeg","contentUrl":"https:\/\/oeilsportif.info\/wp-content\/uploads\/2025\/07\/cropped-cropped-logo-os-96x96.jpeg","caption":"L'Equipe de la R\u00e9daction"},"url":"https:\/\/oeilsportif.info\/index.php\/author\/tawel\/"}]}},"jetpack_publicize_connections":[],"jetpack_featured_media_url":"https:\/\/i0.wp.com\/oeilsportif.info\/wp-content\/uploads\/2023\/10\/Screenshot_20231012_184632_Facebook.jpg?fit=884%2C517&ssl=1","jetpack-related-posts":[],"jetpack_sharing_enabled":true,"jetpack_likes_enabled":true,"jetpack_shortlink":"https:\/\/wp.me\/pgFE77-WF","_links":{"self":[{"href":"https:\/\/oeilsportif.info\/index.php\/wp-json\/wp\/v2\/posts\/3637","targetHints":{"allow":["GET"]}}],"collection":[{"href":"https:\/\/oeilsportif.info\/index.php\/wp-json\/wp\/v2\/posts"}],"about":[{"href":"https:\/\/oeilsportif.info\/index.php\/wp-json\/wp\/v2\/types\/post"}],"author":[{"embeddable":true,"href":"https:\/\/oeilsportif.info\/index.php\/wp-json\/wp\/v2\/users\/2"}],"replies":[{"embeddable":true,"href":"https:\/\/oeilsportif.info\/index.php\/wp-json\/wp\/v2\/comments?post=3637"}],"version-history":[{"count":0,"href":"https:\/\/oeilsportif.info\/index.php\/wp-json\/wp\/v2\/posts\/3637\/revisions"}],"wp:featuredmedia":[{"embeddable":true,"href":"https:\/\/oeilsportif.info\/index.php\/wp-json\/wp\/v2\/media\/3638"}],"wp:attachment":[{"href":"https:\/\/oeilsportif.info\/index.php\/wp-json\/wp\/v2\/media?parent=3637"}],"wp:term":[{"taxonomy":"category","embeddable":true,"href":"https:\/\/oeilsportif.info\/index.php\/wp-json\/wp\/v2\/categories?post=3637"},{"taxonomy":"post_tag","embeddable":true,"href":"https:\/\/oeilsportif.info\/index.php\/wp-json\/wp\/v2\/tags?post=3637"}],"curies":[{"name":"wp","href":"https:\/\/api.w.org\/{rel}","templated":true}]}}