{"id":3621,"date":"2023-10-06T18:12:31","date_gmt":"2023-10-06T18:12:31","guid":{"rendered":"https:\/\/oeilsportif.info\/index.php\/?p=3621"},"modified":"2023-10-06T18:12:31","modified_gmt":"2023-10-06T18:12:31","slug":"chronogramme-des-elections-de-la-federation-guineenne-de-football","status":"publish","type":"post","link":"https:\/\/oeilsportif.info\/index.php\/chronogramme-des-elections-de-la-federation-guineenne-de-football\/","title":{"rendered":"CHRONOGRAMME DES \u00c9LECTIONS DE LA F\u00c9D\u00c9RATION GUIN\u00c9ENNE DE FOOTBALL"},"content":{"rendered":"<p>\u00c9lection des bureaux des districts de football du 11 au 31 octobre 2023.<\/p>\n<p>\u00c9lection du bureau des 04 groupements d\u2019int\u00e9r\u00eat de la FGF\u00a0: la journ\u00e9e du 03 novembre 2023.<\/p>\n<p>\u00c9lection des ligues r\u00e9gionales de football du 05 au 09 novembre 2023.<\/p>\n<p>\u00c9lection du Comit\u00e9 Ex\u00e9cutif de la FGF\u00a0: le 25 novembre 2023.<\/p>\n<p><strong>Voici le chronogramme des \u00e9lections<\/strong><\/p>\n<p><strong>\u00c9lection du bureau ex\u00e9cutif des districts de la ligue r\u00e9gionale de N\u2019Z\u00e9r\u00e9kor\u00e9<\/strong><\/p>\n<table>\n<tbody>\n<tr>\n<td><strong>DISTRICTS\u00a0<\/strong><\/td>\n<td><strong>JOUR DES ELECTIONS\u00a0<\/strong><\/td>\n<\/tr>\n<tr>\n<td>LOLA<\/td>\n<td>\u00a011 octobre 2023<\/td>\n<\/tr>\n<tr>\n<td>YOMOU<\/td>\n<td>\u00a011 octobre 2023<\/td>\n<\/tr>\n<tr>\n<td>BEYLA<\/td>\n<td>\u00a012 octobre 2023<\/td>\n<\/tr>\n<tr>\n<td>N\u2019ZEREKORE<\/td>\n<td>\u00a012 octobre 2023<\/td>\n<\/tr>\n<tr>\n<td>MACENTA<\/td>\n<td>\u00a013 octobre 2023<\/td>\n<\/tr>\n<tr>\n<td>GUECKEDOU<\/td>\n<td>\u00a013 octobre 2023<\/td>\n<\/tr>\n<\/tbody>\n<\/table>\n<p><strong>\u00c9lection du bureau ex\u00e9cutif des districts de la ligue r\u00e9gionale de Faranah<\/strong><\/p>\n<table>\n<tbody>\n<tr>\n<td><strong>DISTRICTS\u00a0<\/strong><\/td>\n<td><strong>\u00a0JOUR DES ELECTIONS\u00a0<\/strong><\/td>\n<\/tr>\n<tr>\n<td>KISSIDOUGOU<\/td>\n<td>\u00a014 octobre 2023<\/td>\n<\/tr>\n<tr>\n<td>FARANAH<\/td>\n<td>\u00a015 octobre 2023<\/td>\n<\/tr>\n<tr>\n<td>DABOLA<\/td>\n<td>\u00a017 octobre 2023<\/td>\n<\/tr>\n<tr>\n<td>DINGUIRAYE<\/td>\n<td>\u00a016 octobre 2023<\/td>\n<\/tr>\n<\/tbody>\n<\/table>\n<p><strong>\u00c9lection du bureau ex\u00e9cutif des districts de la ligue r\u00e9gionale de Kankan<\/strong><\/p>\n<table>\n<tbody>\n<tr>\n<td><strong>DISTRICTS\u00a0<\/strong><\/td>\n<td><strong>\u00a0JOUR DES ELECTIONS\u00a0<\/strong><\/td>\n<\/tr>\n<tr>\n<td>KOUROUSSA<\/td>\n<td>\u00a017 octobre 2023<\/td>\n<\/tr>\n<tr>\n<td>MANDIANA<\/td>\n<td>\u00a016 octobre 2023<\/td>\n<\/tr>\n<tr>\n<td>SIGUIRI<\/td>\n<td>\u00a015 octobre 2023<\/td>\n<\/tr>\n<tr>\n<td>KANKAN<\/td>\n<td>\u00a017 octobre 2023<\/td>\n<\/tr>\n<tr>\n<td>KEROUANE<\/td>\n<td>\u00a014 octobre 2023<\/td>\n<\/tr>\n<\/tbody>\n<\/table>\n<p><strong>\u00c9lection du bureau ex\u00e9cutif des districts de la ligue r\u00e9gionale de Mamou<\/strong><\/p>\n<table>\n<tbody>\n<tr>\n<td><strong>DISTRICTS\u00a0<\/strong><\/td>\n<td><strong>\u00a0JOUR DES ELECTIONS\u00a0<\/strong><\/td>\n<\/tr>\n<tr>\n<td>MAMOU<\/td>\n<td>\u00a019 octobre 2023<\/td>\n<\/tr>\n<tr>\n<td>DALABA<\/td>\n<td>\u00a019 octobre 2023<\/td>\n<\/tr>\n<tr>\n<td>PITA<\/td>\n<td>\u00a019 octobre 2023<\/td>\n<\/tr>\n<\/tbody>\n<\/table>\n<p><strong>\u00c9lection du bureau ex\u00e9cutif des districts de la ligue r\u00e9gionale de Lab\u00e9<\/strong><\/p>\n<table>\n<tbody>\n<tr>\n<td><strong>DISTRICTS\u00a0<\/strong><\/td>\n<td><strong>\u00a0JOUR DES ELECTIONS\u00a0<\/strong><\/td>\n<\/tr>\n<tr>\n<td>LABE<\/td>\n<td>\u00a020 octobre 2023<\/td>\n<\/tr>\n<tr>\n<td>LELOUMA<\/td>\n<td>\u00a022 octobre 2023<\/td>\n<\/tr>\n<tr>\n<td>TOUGUE<\/td>\n<td>\u00a021 octobre 2023<\/td>\n<\/tr>\n<tr>\n<td>MALI<\/td>\n<td>\u00a021 octobre 2023<\/td>\n<\/tr>\n<tr>\n<td>KOUBIA<\/td>\n<td>\u00a022 octobre 2023<\/td>\n<\/tr>\n<\/tbody>\n<\/table>\n<p><strong>\u00c9lection du bureau ex\u00e9cutif des districts de la ligue r\u00e9gionale de Kindia<\/strong><\/p>\n<table>\n<tbody>\n<tr>\n<td><strong>DISTRICTS\u00a0<\/strong><\/td>\n<td><strong>\u00a0JOUR DES ELECTIONS\u00a0<\/strong><\/td>\n<\/tr>\n<tr>\n<td>KINDIA<\/td>\n<td>\u00a026 octobre 2023<\/td>\n<\/tr>\n<tr>\n<td>TELEMELE<\/td>\n<td>\u00a024 octobre 2023<\/td>\n<\/tr>\n<tr>\n<td>FORECARIAH<\/td>\n<td>\u00a025 octobre 2023<\/td>\n<\/tr>\n<tr>\n<td>COYAH<\/td>\n<td>\u00a026 octobre 2023<\/td>\n<\/tr>\n<tr>\n<td>DUBREKA<\/td>\n<td>\u00a025 octobre 2023<\/td>\n<\/tr>\n<\/tbody>\n<\/table>\n<p><strong>\u00c9lection du bureau ex\u00e9cutif des districts de la ligue r\u00e9gionale de Bok\u00e9<\/strong><\/p>\n<table>\n<tbody>\n<tr>\n<td><strong>DISTRICTS\u00a0<\/strong><\/td>\n<td><strong>\u00a0JOUR DES ELECTIONS\u00a0<\/strong><\/td>\n<\/tr>\n<tr>\n<td>BOKE<\/td>\n<td>\u00a025 octobre 2023<\/td>\n<\/tr>\n<tr>\n<td>KOUNDARA<\/td>\n<td>\u00a024 octobre 2023<\/td>\n<\/tr>\n<tr>\n<td>BOFFA<\/td>\n<td>\u00a026 octobre 2023<\/td>\n<\/tr>\n<tr>\n<td>GAOUAL<\/td>\n<td>\u00a024 octobre 2023<\/td>\n<\/tr>\n<tr>\n<td>FRIA<\/td>\n<td>\u00a026 octobre 2023<\/td>\n<\/tr>\n<\/tbody>\n<\/table>\n<p><strong>\u00c9lection du bureau ex\u00e9cutif des districts de la ligue r\u00e9gionale de Conakry<\/strong><\/p>\n<table>\n<tbody>\n<tr>\n<td><strong>DISTRICTS\u00a0<\/strong><\/td>\n<td><strong>\u00a0JOUR DES ELECTIONS\u00a0<\/strong><\/td>\n<\/tr>\n<tr>\n<td>KASSA<\/td>\n<td>\u00a031 octobre 2023<\/td>\n<\/tr>\n<tr>\n<td>KALOUM<\/td>\n<td>\u00a030 octobre 2023<\/td>\n<\/tr>\n<tr>\n<td>DIXINN<\/td>\n<td>\u00a031 octobre 2023<\/td>\n<\/tr>\n<tr>\n<td>MATAM<\/td>\n<td>\u00a030 octobre 2023<\/td>\n<\/tr>\n<tr>\n<td>RATOMA<\/td>\n<td>\u00a029 octobre 2023<\/td>\n<\/tr>\n<tr>\n<td>MATOTO<\/td>\n<td>\u00a028 octobre 2023<\/td>\n<\/tr>\n<\/tbody>\n<\/table>\n<p><strong>\u00c9lection du bureau ex\u00e9cutif des 04 groupements d\u2019int\u00e9r\u00eats de la FGF<\/strong><\/p>\n<table>\n<tbody>\n<tr>\n<td><strong>LES GROUPEMENTS D\u2019INTERET\u00a0<\/strong><\/td>\n<td><strong>\u00a0JOUR DES ELECTIONS\u00a0<\/strong><\/td>\n<\/tr>\n<tr>\n<td>Association des Educateurs et Entra\u00eeneurs de Football<\/td>\n<td>\u00a003 novembre 2023<\/td>\n<\/tr>\n<tr>\n<td>Association des M\u00e9decins Sportifs<\/td>\n<td>03 novembre 2023<\/td>\n<\/tr>\n<tr>\n<td>Association des Arbitres<\/td>\n<td>03 novembre 2023<\/td>\n<\/tr>\n<tr>\n<td>Association des Anciens Internationaux de Football<\/td>\n<td>03 novembre 2023<\/td>\n<\/tr>\n<\/tbody>\n<\/table>\n<p><strong>\u00c9lection du bureau ex\u00e9cutif des ligues r\u00e9gionales<\/strong><\/p>\n<table>\n<tbody>\n<tr>\n<td><strong>LIGUES REGIONALES\u00a0<\/strong><\/td>\n<td><strong>\u00a0JOUR DES ELECTIONS\u00a0<\/strong><\/td>\n<\/tr>\n<tr>\n<td>CONAKRY<\/td>\n<td>\u00a009 novembre 2023<\/td>\n<\/tr>\n<tr>\n<td>KINDIA<\/td>\n<td>\u00a006 novembre 2023<\/td>\n<\/tr>\n<tr>\n<td>MAMOU<\/td>\n<td>\u00a005 novembre 2023<\/td>\n<\/tr>\n<tr>\n<td>LABE<\/td>\n<td>\u00a005 novembre 2023<\/td>\n<\/tr>\n<tr>\n<td>BOKE<\/td>\n<td>\u00a007 novembre 2023<\/td>\n<\/tr>\n<tr>\n<td>KANKAN<\/td>\n<td>\u00a005 novembre 2023<\/td>\n<\/tr>\n<tr>\n<td>FARANAH<\/td>\n<td>\u00a008 novembre 2023<\/td>\n<\/tr>\n<tr>\n<td>N\u2019ZEREKORE<\/td>\n<td>\u00a007 novembre 2023<\/td>\n<\/tr>\n<\/tbody>\n<\/table>\n<p><strong>\u00c9lection des membres du comit\u00e9 ex\u00e9cutif de la FGF\u00a0:<\/strong>\u00a0le 25 novembre 2023.<\/p>\n<p>F\u00e9guifoot<\/p>\n","protected":false},"excerpt":{"rendered":"<p>\u00c9lection des bureaux des districts de football du 11 au 31 octobre 2023. \u00c9lection du bureau des 04 groupements d\u2019int\u00e9r\u00eat de la FGF\u00a0: la journ\u00e9e du 03 novembre 2023. \u00c9lection des ligues r\u00e9gionales de football du 05 au 09 novembre 2023. \u00c9lection du Comit\u00e9 Ex\u00e9cutif de la FGF\u00a0: le 25 novembre 2023. Voici le chronogramme [&hellip;]<\/p>\n","protected":false},"author":2,"featured_media":3622,"comment_status":"closed","ping_status":"open","sticky":false,"template":"","format":"standard","meta":{"_jetpack_memberships_contains_paid_content":false,"footnotes":"","jetpack_publicize_message":"","jetpack_publicize_feature_enabled":true,"jetpack_social_post_already_shared":true,"jetpack_social_options":{"image_generator_settings":{"template":"highway","default_image_id":0,"font":"","enabled":false},"version":2}},"categories":[10,5],"tags":[],"class_list":{"0":"post-3621","1":"post","2":"type-post","3":"status-publish","4":"format-standard","5":"has-post-thumbnail","7":"category-actualite","8":"category-football"},"yoast_head":"<!-- This site is optimized with the Yoast SEO plugin v27.5 - https:\/\/yoast.com\/product\/yoast-seo-wordpress\/ -->\n<title>CHRONOGRAMME DES \u00c9LECTIONS DE LA F\u00c9D\u00c9RATION GUIN\u00c9ENNE DE FOOTBALL - le regard du sportif<\/title>\n<meta name=\"robots\" content=\"index, follow, max-snippet:-1, max-image-preview:large, max-video-preview:-1\" \/>\n<link rel=\"canonical\" href=\"https:\/\/oeilsportif.info\/index.php\/chronogramme-des-elections-de-la-federation-guineenne-de-football\/\" \/>\n<meta property=\"og:locale\" content=\"fr_FR\" \/>\n<meta property=\"og:type\" content=\"article\" \/>\n<meta property=\"og:title\" content=\"CHRONOGRAMME DES \u00c9LECTIONS DE LA F\u00c9D\u00c9RATION GUIN\u00c9ENNE DE FOOTBALL - le regard du sportif\" \/>\n<meta property=\"og:description\" content=\"\u00c9lection des bureaux des districts de football du 11 au 31 octobre 2023. \u00c9lection du bureau des 04 groupements d\u2019int\u00e9r\u00eat de la FGF\u00a0: la journ\u00e9e du 03 novembre 2023. \u00c9lection des ligues r\u00e9gionales de football du 05 au 09 novembre 2023. \u00c9lection du Comit\u00e9 Ex\u00e9cutif de la FGF\u00a0: le 25 novembre 2023. Voici le chronogramme [&hellip;]\" \/>\n<meta property=\"og:url\" content=\"https:\/\/oeilsportif.info\/index.php\/chronogramme-des-elections-de-la-federation-guineenne-de-football\/\" \/>\n<meta property=\"og:site_name\" content=\"le regard du sportif\" \/>\n<meta property=\"article:published_time\" content=\"2023-10-06T18:12:31+00:00\" \/>\n<meta property=\"og:image\" content=\"https:\/\/oeilsportif.info\/wp-content\/uploads\/2023\/10\/Screenshot_20231006_173115_Facebook-1.jpg\" \/>\n\t<meta property=\"og:image:width\" content=\"956\" \/>\n\t<meta property=\"og:image:height\" content=\"526\" \/>\n\t<meta property=\"og:image:type\" content=\"image\/jpeg\" \/>\n<meta name=\"author\" content=\"L&#039;Equipe de la R\u00e9daction\" \/>\n<meta name=\"twitter:label1\" content=\"\u00c9crit par\" \/>\n\t<meta name=\"twitter:data1\" content=\"L&#039;Equipe de la R\u00e9daction\" \/>\n\t<meta name=\"twitter:label2\" content=\"Dur\u00e9e de lecture estim\u00e9e\" \/>\n\t<meta name=\"twitter:data2\" content=\"3 minutes\" \/>\n<script type=\"application\/ld+json\" class=\"yoast-schema-graph\">{\"@context\":\"https:\\\/\\\/schema.org\",\"@graph\":[{\"@type\":\"Article\",\"@id\":\"https:\\\/\\\/oeilsportif.info\\\/index.php\\\/chronogramme-des-elections-de-la-federation-guineenne-de-football\\\/#article\",\"isPartOf\":{\"@id\":\"https:\\\/\\\/oeilsportif.info\\\/index.php\\\/chronogramme-des-elections-de-la-federation-guineenne-de-football\\\/\"},\"author\":{\"name\":\"L'Equipe de la R\u00e9daction\",\"@id\":\"https:\\\/\\\/oeilsportif.info\\\/#\\\/schema\\\/person\\\/cfbded294aa6095f7d96608d7905e9a1\"},\"headline\":\"CHRONOGRAMME DES \u00c9LECTIONS DE LA F\u00c9D\u00c9RATION GUIN\u00c9ENNE DE FOOTBALL\",\"datePublished\":\"2023-10-06T18:12:31+00:00\",\"mainEntityOfPage\":{\"@id\":\"https:\\\/\\\/oeilsportif.info\\\/index.php\\\/chronogramme-des-elections-de-la-federation-guineenne-de-football\\\/\"},\"wordCount\":382,\"image\":{\"@id\":\"https:\\\/\\\/oeilsportif.info\\\/index.php\\\/chronogramme-des-elections-de-la-federation-guineenne-de-football\\\/#primaryimage\"},\"thumbnailUrl\":\"https:\\\/\\\/i0.wp.com\\\/oeilsportif.info\\\/wp-content\\\/uploads\\\/2023\\\/10\\\/Screenshot_20231006_173115_Facebook-1.jpg?fit=956%2C526&ssl=1\",\"articleSection\":[\"Actualit\u00e9\",\"Football\"],\"inLanguage\":\"fr-FR\"},{\"@type\":\"WebPage\",\"@id\":\"https:\\\/\\\/oeilsportif.info\\\/index.php\\\/chronogramme-des-elections-de-la-federation-guineenne-de-football\\\/\",\"url\":\"https:\\\/\\\/oeilsportif.info\\\/index.php\\\/chronogramme-des-elections-de-la-federation-guineenne-de-football\\\/\",\"name\":\"CHRONOGRAMME DES \u00c9LECTIONS DE LA F\u00c9D\u00c9RATION GUIN\u00c9ENNE DE FOOTBALL - le regard du sportif\",\"isPartOf\":{\"@id\":\"https:\\\/\\\/oeilsportif.info\\\/#website\"},\"primaryImageOfPage\":{\"@id\":\"https:\\\/\\\/oeilsportif.info\\\/index.php\\\/chronogramme-des-elections-de-la-federation-guineenne-de-football\\\/#primaryimage\"},\"image\":{\"@id\":\"https:\\\/\\\/oeilsportif.info\\\/index.php\\\/chronogramme-des-elections-de-la-federation-guineenne-de-football\\\/#primaryimage\"},\"thumbnailUrl\":\"https:\\\/\\\/i0.wp.com\\\/oeilsportif.info\\\/wp-content\\\/uploads\\\/2023\\\/10\\\/Screenshot_20231006_173115_Facebook-1.jpg?fit=956%2C526&ssl=1\",\"datePublished\":\"2023-10-06T18:12:31+00:00\",\"author\":{\"@id\":\"https:\\\/\\\/oeilsportif.info\\\/#\\\/schema\\\/person\\\/cfbded294aa6095f7d96608d7905e9a1\"},\"inLanguage\":\"fr-FR\",\"potentialAction\":[{\"@type\":\"ReadAction\",\"target\":[\"https:\\\/\\\/oeilsportif.info\\\/index.php\\\/chronogramme-des-elections-de-la-federation-guineenne-de-football\\\/\"]}]},{\"@type\":\"ImageObject\",\"inLanguage\":\"fr-FR\",\"@id\":\"https:\\\/\\\/oeilsportif.info\\\/index.php\\\/chronogramme-des-elections-de-la-federation-guineenne-de-football\\\/#primaryimage\",\"url\":\"https:\\\/\\\/i0.wp.com\\\/oeilsportif.info\\\/wp-content\\\/uploads\\\/2023\\\/10\\\/Screenshot_20231006_173115_Facebook-1.jpg?fit=956%2C526&ssl=1\",\"contentUrl\":\"https:\\\/\\\/i0.wp.com\\\/oeilsportif.info\\\/wp-content\\\/uploads\\\/2023\\\/10\\\/Screenshot_20231006_173115_Facebook-1.jpg?fit=956%2C526&ssl=1\",\"width\":956,\"height\":526},{\"@type\":\"WebSite\",\"@id\":\"https:\\\/\\\/oeilsportif.info\\\/#website\",\"url\":\"https:\\\/\\\/oeilsportif.info\\\/\",\"name\":\"le regard du sportif\",\"description\":\"\",\"potentialAction\":[{\"@type\":\"SearchAction\",\"target\":{\"@type\":\"EntryPoint\",\"urlTemplate\":\"https:\\\/\\\/oeilsportif.info\\\/?s={search_term_string}\"},\"query-input\":{\"@type\":\"PropertyValueSpecification\",\"valueRequired\":true,\"valueName\":\"search_term_string\"}}],\"inLanguage\":\"fr-FR\"},{\"@type\":\"Person\",\"@id\":\"https:\\\/\\\/oeilsportif.info\\\/#\\\/schema\\\/person\\\/cfbded294aa6095f7d96608d7905e9a1\",\"name\":\"L'Equipe de la R\u00e9daction\",\"image\":{\"@type\":\"ImageObject\",\"inLanguage\":\"fr-FR\",\"@id\":\"https:\\\/\\\/oeilsportif.info\\\/wp-content\\\/uploads\\\/2025\\\/07\\\/cropped-cropped-logo-os-96x96.jpeg\",\"url\":\"https:\\\/\\\/oeilsportif.info\\\/wp-content\\\/uploads\\\/2025\\\/07\\\/cropped-cropped-logo-os-96x96.jpeg\",\"contentUrl\":\"https:\\\/\\\/oeilsportif.info\\\/wp-content\\\/uploads\\\/2025\\\/07\\\/cropped-cropped-logo-os-96x96.jpeg\",\"caption\":\"L'Equipe de la R\u00e9daction\"},\"url\":\"https:\\\/\\\/oeilsportif.info\\\/index.php\\\/author\\\/tawel\\\/\"}]}<\/script>\n<!-- \/ Yoast SEO plugin. -->","yoast_head_json":{"title":"CHRONOGRAMME DES \u00c9LECTIONS DE LA F\u00c9D\u00c9RATION GUIN\u00c9ENNE DE FOOTBALL - le regard du sportif","robots":{"index":"index","follow":"follow","max-snippet":"max-snippet:-1","max-image-preview":"max-image-preview:large","max-video-preview":"max-video-preview:-1"},"canonical":"https:\/\/oeilsportif.info\/index.php\/chronogramme-des-elections-de-la-federation-guineenne-de-football\/","og_locale":"fr_FR","og_type":"article","og_title":"CHRONOGRAMME DES \u00c9LECTIONS DE LA F\u00c9D\u00c9RATION GUIN\u00c9ENNE DE FOOTBALL - le regard du sportif","og_description":"\u00c9lection des bureaux des districts de football du 11 au 31 octobre 2023. \u00c9lection du bureau des 04 groupements d\u2019int\u00e9r\u00eat de la FGF\u00a0: la journ\u00e9e du 03 novembre 2023. \u00c9lection des ligues r\u00e9gionales de football du 05 au 09 novembre 2023. \u00c9lection du Comit\u00e9 Ex\u00e9cutif de la FGF\u00a0: le 25 novembre 2023. Voici le chronogramme [&hellip;]","og_url":"https:\/\/oeilsportif.info\/index.php\/chronogramme-des-elections-de-la-federation-guineenne-de-football\/","og_site_name":"le regard du sportif","article_published_time":"2023-10-06T18:12:31+00:00","og_image":[{"width":956,"height":526,"url":"https:\/\/oeilsportif.info\/wp-content\/uploads\/2023\/10\/Screenshot_20231006_173115_Facebook-1.jpg","type":"image\/jpeg"}],"author":"L'Equipe de la R\u00e9daction","twitter_misc":{"\u00c9crit par":"L'Equipe de la R\u00e9daction","Dur\u00e9e de lecture estim\u00e9e":"3 minutes"},"schema":{"@context":"https:\/\/schema.org","@graph":[{"@type":"Article","@id":"https:\/\/oeilsportif.info\/index.php\/chronogramme-des-elections-de-la-federation-guineenne-de-football\/#article","isPartOf":{"@id":"https:\/\/oeilsportif.info\/index.php\/chronogramme-des-elections-de-la-federation-guineenne-de-football\/"},"author":{"name":"L'Equipe de la R\u00e9daction","@id":"https:\/\/oeilsportif.info\/#\/schema\/person\/cfbded294aa6095f7d96608d7905e9a1"},"headline":"CHRONOGRAMME DES \u00c9LECTIONS DE LA F\u00c9D\u00c9RATION GUIN\u00c9ENNE DE FOOTBALL","datePublished":"2023-10-06T18:12:31+00:00","mainEntityOfPage":{"@id":"https:\/\/oeilsportif.info\/index.php\/chronogramme-des-elections-de-la-federation-guineenne-de-football\/"},"wordCount":382,"image":{"@id":"https:\/\/oeilsportif.info\/index.php\/chronogramme-des-elections-de-la-federation-guineenne-de-football\/#primaryimage"},"thumbnailUrl":"https:\/\/i0.wp.com\/oeilsportif.info\/wp-content\/uploads\/2023\/10\/Screenshot_20231006_173115_Facebook-1.jpg?fit=956%2C526&ssl=1","articleSection":["Actualit\u00e9","Football"],"inLanguage":"fr-FR"},{"@type":"WebPage","@id":"https:\/\/oeilsportif.info\/index.php\/chronogramme-des-elections-de-la-federation-guineenne-de-football\/","url":"https:\/\/oeilsportif.info\/index.php\/chronogramme-des-elections-de-la-federation-guineenne-de-football\/","name":"CHRONOGRAMME DES \u00c9LECTIONS DE LA F\u00c9D\u00c9RATION GUIN\u00c9ENNE DE FOOTBALL - le regard du sportif","isPartOf":{"@id":"https:\/\/oeilsportif.info\/#website"},"primaryImageOfPage":{"@id":"https:\/\/oeilsportif.info\/index.php\/chronogramme-des-elections-de-la-federation-guineenne-de-football\/#primaryimage"},"image":{"@id":"https:\/\/oeilsportif.info\/index.php\/chronogramme-des-elections-de-la-federation-guineenne-de-football\/#primaryimage"},"thumbnailUrl":"https:\/\/i0.wp.com\/oeilsportif.info\/wp-content\/uploads\/2023\/10\/Screenshot_20231006_173115_Facebook-1.jpg?fit=956%2C526&ssl=1","datePublished":"2023-10-06T18:12:31+00:00","author":{"@id":"https:\/\/oeilsportif.info\/#\/schema\/person\/cfbded294aa6095f7d96608d7905e9a1"},"inLanguage":"fr-FR","potentialAction":[{"@type":"ReadAction","target":["https:\/\/oeilsportif.info\/index.php\/chronogramme-des-elections-de-la-federation-guineenne-de-football\/"]}]},{"@type":"ImageObject","inLanguage":"fr-FR","@id":"https:\/\/oeilsportif.info\/index.php\/chronogramme-des-elections-de-la-federation-guineenne-de-football\/#primaryimage","url":"https:\/\/i0.wp.com\/oeilsportif.info\/wp-content\/uploads\/2023\/10\/Screenshot_20231006_173115_Facebook-1.jpg?fit=956%2C526&ssl=1","contentUrl":"https:\/\/i0.wp.com\/oeilsportif.info\/wp-content\/uploads\/2023\/10\/Screenshot_20231006_173115_Facebook-1.jpg?fit=956%2C526&ssl=1","width":956,"height":526},{"@type":"WebSite","@id":"https:\/\/oeilsportif.info\/#website","url":"https:\/\/oeilsportif.info\/","name":"le regard du sportif","description":"","potentialAction":[{"@type":"SearchAction","target":{"@type":"EntryPoint","urlTemplate":"https:\/\/oeilsportif.info\/?s={search_term_string}"},"query-input":{"@type":"PropertyValueSpecification","valueRequired":true,"valueName":"search_term_string"}}],"inLanguage":"fr-FR"},{"@type":"Person","@id":"https:\/\/oeilsportif.info\/#\/schema\/person\/cfbded294aa6095f7d96608d7905e9a1","name":"L'Equipe de la R\u00e9daction","image":{"@type":"ImageObject","inLanguage":"fr-FR","@id":"https:\/\/oeilsportif.info\/wp-content\/uploads\/2025\/07\/cropped-cropped-logo-os-96x96.jpeg","url":"https:\/\/oeilsportif.info\/wp-content\/uploads\/2025\/07\/cropped-cropped-logo-os-96x96.jpeg","contentUrl":"https:\/\/oeilsportif.info\/wp-content\/uploads\/2025\/07\/cropped-cropped-logo-os-96x96.jpeg","caption":"L'Equipe de la R\u00e9daction"},"url":"https:\/\/oeilsportif.info\/index.php\/author\/tawel\/"}]}},"jetpack_publicize_connections":[],"jetpack_featured_media_url":"https:\/\/i0.wp.com\/oeilsportif.info\/wp-content\/uploads\/2023\/10\/Screenshot_20231006_173115_Facebook-1.jpg?fit=956%2C526&ssl=1","jetpack-related-posts":[],"jetpack_sharing_enabled":true,"jetpack_likes_enabled":true,"jetpack_shortlink":"https:\/\/wp.me\/pgFE77-Wp","_links":{"self":[{"href":"https:\/\/oeilsportif.info\/index.php\/wp-json\/wp\/v2\/posts\/3621","targetHints":{"allow":["GET"]}}],"collection":[{"href":"https:\/\/oeilsportif.info\/index.php\/wp-json\/wp\/v2\/posts"}],"about":[{"href":"https:\/\/oeilsportif.info\/index.php\/wp-json\/wp\/v2\/types\/post"}],"author":[{"embeddable":true,"href":"https:\/\/oeilsportif.info\/index.php\/wp-json\/wp\/v2\/users\/2"}],"replies":[{"embeddable":true,"href":"https:\/\/oeilsportif.info\/index.php\/wp-json\/wp\/v2\/comments?post=3621"}],"version-history":[{"count":0,"href":"https:\/\/oeilsportif.info\/index.php\/wp-json\/wp\/v2\/posts\/3621\/revisions"}],"wp:featuredmedia":[{"embeddable":true,"href":"https:\/\/oeilsportif.info\/index.php\/wp-json\/wp\/v2\/media\/3622"}],"wp:attachment":[{"href":"https:\/\/oeilsportif.info\/index.php\/wp-json\/wp\/v2\/media?parent=3621"}],"wp:term":[{"taxonomy":"category","embeddable":true,"href":"https:\/\/oeilsportif.info\/index.php\/wp-json\/wp\/v2\/categories?post=3621"},{"taxonomy":"post_tag","embeddable":true,"href":"https:\/\/oeilsportif.info\/index.php\/wp-json\/wp\/v2\/tags?post=3621"}],"curies":[{"name":"wp","href":"https:\/\/api.w.org\/{rel}","templated":true}]}}