{"id":3618,"date":"2023-10-06T17:33:29","date_gmt":"2023-10-06T17:33:29","guid":{"rendered":"https:\/\/oeilsportif.info\/index.php\/?p=3618"},"modified":"2023-10-06T17:33:29","modified_gmt":"2023-10-06T17:33:29","slug":"communique-relatif-depot-de-candidatures-pour-lelection-des-membres-du-bureau-executif-des-ligues-regionales","status":"publish","type":"post","link":"https:\/\/oeilsportif.info\/index.php\/communique-relatif-depot-de-candidatures-pour-lelection-des-membres-du-bureau-executif-des-ligues-regionales\/","title":{"rendered":"COMMUNIQU\u00c9 RELATIF D\u00c9P\u00d4T DE CANDIDATURES POUR L\u2019\u00c9LECTION DES MEMBRES DU BUREAU EX\u00c9CUTIF DES LIGUES R\u00c9GIONALES"},"content":{"rendered":"<p>En application des dispositions du code \u00e9lectoral, la commission \u00e9lectorale informe les candidates et les candidats \u00e0 l\u2019\u00e9lection des membres du Bureau Ex\u00e9cutif des Ligues R\u00e9gionales de Football, du d\u00e9p\u00f4t des listes de candidatures au plus tard le 15 octobre 2023 \u00e0 18h TU.<\/p>\n<ul>\n<li>Chaque liste doit \u00eatre compos\u00e9e des dossiers des candidats qui doivent satisfaire aux exigences suivantes\u00a0:<\/li>\n<li>\u00catre de nationalit\u00e9 guin\u00e9enne et r\u00e9sider de mani\u00e8re permanente dans la r\u00e9gion\u00a0;<\/li>\n<li>Avoir vingt-cinq (25) ans r\u00e9volus \u00e0 la date des \u00e9lections\u00a0;<\/li>\n<li>Jouir de leurs droits civiques\u00a0;<\/li>\n<li>Ne pas avoir pr\u00e9c\u00e9demment \u00e9t\u00e9 jug\u00e9 coupable de violation du Code d\u2019\u00c9thique de la FIFA, et\/ou de la CAF et\/ou de la FIFA durant les cinq (05) ans ann\u00e9es pr\u00e9c\u00e9dant la candidature.<\/li>\n<\/ul>\n<p>Les listes de candidatures sont re\u00e7ues au Secr\u00e9tariat G\u00e9n\u00e9ral de la F\u00e9d\u00e9ration Guin\u00e9enne de Football du lundi au vendredi de 9h \u00e0 18h TU.<\/p>\n<p><strong>Abdoul Karim DIABY<\/strong><\/p>\n<p><strong>Pr\u00e9sident<\/strong><\/p>\n<p>Source : F\u00e9guifoot<\/p>\n","protected":false},"excerpt":{"rendered":"<p>En application des dispositions du code \u00e9lectoral, la commission \u00e9lectorale informe les candidates et les candidats \u00e0 l\u2019\u00e9lection des membres du Bureau Ex\u00e9cutif des Ligues R\u00e9gionales de Football, du d\u00e9p\u00f4t des listes de candidatures au plus tard le 15 octobre 2023 \u00e0 18h TU. Chaque liste doit \u00eatre compos\u00e9e des dossiers des candidats qui doivent [&hellip;]<\/p>\n","protected":false},"author":2,"featured_media":3619,"comment_status":"closed","ping_status":"open","sticky":false,"template":"","format":"standard","meta":{"_jetpack_memberships_contains_paid_content":false,"footnotes":"","jetpack_publicize_message":"","jetpack_publicize_feature_enabled":true,"jetpack_social_post_already_shared":true,"jetpack_social_options":{"image_generator_settings":{"template":"highway","default_image_id":0,"font":"","enabled":false},"version":2}},"categories":[10,5],"tags":[],"class_list":{"0":"post-3618","1":"post","2":"type-post","3":"status-publish","4":"format-standard","5":"has-post-thumbnail","7":"category-actualite","8":"category-football"},"yoast_head":"<!-- This site is optimized with the Yoast SEO plugin v27.5 - https:\/\/yoast.com\/product\/yoast-seo-wordpress\/ -->\n<title>COMMUNIQU\u00c9 RELATIF D\u00c9P\u00d4T DE CANDIDATURES POUR L\u2019\u00c9LECTION DES MEMBRES DU BUREAU EX\u00c9CUTIF DES LIGUES R\u00c9GIONALES - le regard du sportif<\/title>\n<meta name=\"robots\" content=\"index, follow, max-snippet:-1, max-image-preview:large, max-video-preview:-1\" \/>\n<link rel=\"canonical\" href=\"https:\/\/oeilsportif.info\/index.php\/communique-relatif-depot-de-candidatures-pour-lelection-des-membres-du-bureau-executif-des-ligues-regionales\/\" \/>\n<meta property=\"og:locale\" content=\"fr_FR\" \/>\n<meta property=\"og:type\" content=\"article\" \/>\n<meta property=\"og:title\" content=\"COMMUNIQU\u00c9 RELATIF D\u00c9P\u00d4T DE CANDIDATURES POUR L\u2019\u00c9LECTION DES MEMBRES DU BUREAU EX\u00c9CUTIF DES LIGUES R\u00c9GIONALES - le regard du sportif\" \/>\n<meta property=\"og:description\" content=\"En application des dispositions du code \u00e9lectoral, la commission \u00e9lectorale informe les candidates et les candidats \u00e0 l\u2019\u00e9lection des membres du Bureau Ex\u00e9cutif des Ligues R\u00e9gionales de Football, du d\u00e9p\u00f4t des listes de candidatures au plus tard le 15 octobre 2023 \u00e0 18h TU. Chaque liste doit \u00eatre compos\u00e9e des dossiers des candidats qui doivent [&hellip;]\" \/>\n<meta property=\"og:url\" content=\"https:\/\/oeilsportif.info\/index.php\/communique-relatif-depot-de-candidatures-pour-lelection-des-membres-du-bureau-executif-des-ligues-regionales\/\" \/>\n<meta property=\"og:site_name\" content=\"le regard du sportif\" \/>\n<meta property=\"article:published_time\" content=\"2023-10-06T17:33:29+00:00\" \/>\n<meta property=\"og:image\" content=\"https:\/\/oeilsportif.info\/wp-content\/uploads\/2023\/10\/Screenshot_20231006_173115_Facebook.jpg\" \/>\n\t<meta property=\"og:image:width\" content=\"956\" \/>\n\t<meta property=\"og:image:height\" content=\"526\" \/>\n\t<meta property=\"og:image:type\" content=\"image\/jpeg\" \/>\n<meta name=\"author\" content=\"L&#039;Equipe de la R\u00e9daction\" \/>\n<meta name=\"twitter:label1\" content=\"\u00c9crit par\" \/>\n\t<meta name=\"twitter:data1\" content=\"L&#039;Equipe de la R\u00e9daction\" \/>\n\t<meta name=\"twitter:label2\" content=\"Dur\u00e9e de lecture estim\u00e9e\" \/>\n\t<meta name=\"twitter:data2\" content=\"1 minute\" \/>\n<script type=\"application\/ld+json\" class=\"yoast-schema-graph\">{\"@context\":\"https:\\\/\\\/schema.org\",\"@graph\":[{\"@type\":\"Article\",\"@id\":\"https:\\\/\\\/oeilsportif.info\\\/index.php\\\/communique-relatif-depot-de-candidatures-pour-lelection-des-membres-du-bureau-executif-des-ligues-regionales\\\/#article\",\"isPartOf\":{\"@id\":\"https:\\\/\\\/oeilsportif.info\\\/index.php\\\/communique-relatif-depot-de-candidatures-pour-lelection-des-membres-du-bureau-executif-des-ligues-regionales\\\/\"},\"author\":{\"name\":\"L'Equipe de la R\u00e9daction\",\"@id\":\"https:\\\/\\\/oeilsportif.info\\\/#\\\/schema\\\/person\\\/cfbded294aa6095f7d96608d7905e9a1\"},\"headline\":\"COMMUNIQU\u00c9 RELATIF D\u00c9P\u00d4T DE CANDIDATURES POUR L\u2019\u00c9LECTION DES MEMBRES DU BUREAU EX\u00c9CUTIF DES LIGUES R\u00c9GIONALES\",\"datePublished\":\"2023-10-06T17:33:29+00:00\",\"mainEntityOfPage\":{\"@id\":\"https:\\\/\\\/oeilsportif.info\\\/index.php\\\/communique-relatif-depot-de-candidatures-pour-lelection-des-membres-du-bureau-executif-des-ligues-regionales\\\/\"},\"wordCount\":188,\"image\":{\"@id\":\"https:\\\/\\\/oeilsportif.info\\\/index.php\\\/communique-relatif-depot-de-candidatures-pour-lelection-des-membres-du-bureau-executif-des-ligues-regionales\\\/#primaryimage\"},\"thumbnailUrl\":\"https:\\\/\\\/i0.wp.com\\\/oeilsportif.info\\\/wp-content\\\/uploads\\\/2023\\\/10\\\/Screenshot_20231006_173115_Facebook.jpg?fit=956%2C526&ssl=1\",\"articleSection\":[\"Actualit\u00e9\",\"Football\"],\"inLanguage\":\"fr-FR\"},{\"@type\":\"WebPage\",\"@id\":\"https:\\\/\\\/oeilsportif.info\\\/index.php\\\/communique-relatif-depot-de-candidatures-pour-lelection-des-membres-du-bureau-executif-des-ligues-regionales\\\/\",\"url\":\"https:\\\/\\\/oeilsportif.info\\\/index.php\\\/communique-relatif-depot-de-candidatures-pour-lelection-des-membres-du-bureau-executif-des-ligues-regionales\\\/\",\"name\":\"COMMUNIQU\u00c9 RELATIF D\u00c9P\u00d4T DE CANDIDATURES POUR L\u2019\u00c9LECTION DES MEMBRES DU BUREAU EX\u00c9CUTIF DES LIGUES R\u00c9GIONALES - le regard du sportif\",\"isPartOf\":{\"@id\":\"https:\\\/\\\/oeilsportif.info\\\/#website\"},\"primaryImageOfPage\":{\"@id\":\"https:\\\/\\\/oeilsportif.info\\\/index.php\\\/communique-relatif-depot-de-candidatures-pour-lelection-des-membres-du-bureau-executif-des-ligues-regionales\\\/#primaryimage\"},\"image\":{\"@id\":\"https:\\\/\\\/oeilsportif.info\\\/index.php\\\/communique-relatif-depot-de-candidatures-pour-lelection-des-membres-du-bureau-executif-des-ligues-regionales\\\/#primaryimage\"},\"thumbnailUrl\":\"https:\\\/\\\/i0.wp.com\\\/oeilsportif.info\\\/wp-content\\\/uploads\\\/2023\\\/10\\\/Screenshot_20231006_173115_Facebook.jpg?fit=956%2C526&ssl=1\",\"datePublished\":\"2023-10-06T17:33:29+00:00\",\"author\":{\"@id\":\"https:\\\/\\\/oeilsportif.info\\\/#\\\/schema\\\/person\\\/cfbded294aa6095f7d96608d7905e9a1\"},\"inLanguage\":\"fr-FR\",\"potentialAction\":[{\"@type\":\"ReadAction\",\"target\":[\"https:\\\/\\\/oeilsportif.info\\\/index.php\\\/communique-relatif-depot-de-candidatures-pour-lelection-des-membres-du-bureau-executif-des-ligues-regionales\\\/\"]}]},{\"@type\":\"ImageObject\",\"inLanguage\":\"fr-FR\",\"@id\":\"https:\\\/\\\/oeilsportif.info\\\/index.php\\\/communique-relatif-depot-de-candidatures-pour-lelection-des-membres-du-bureau-executif-des-ligues-regionales\\\/#primaryimage\",\"url\":\"https:\\\/\\\/i0.wp.com\\\/oeilsportif.info\\\/wp-content\\\/uploads\\\/2023\\\/10\\\/Screenshot_20231006_173115_Facebook.jpg?fit=956%2C526&ssl=1\",\"contentUrl\":\"https:\\\/\\\/i0.wp.com\\\/oeilsportif.info\\\/wp-content\\\/uploads\\\/2023\\\/10\\\/Screenshot_20231006_173115_Facebook.jpg?fit=956%2C526&ssl=1\",\"width\":956,\"height\":526},{\"@type\":\"WebSite\",\"@id\":\"https:\\\/\\\/oeilsportif.info\\\/#website\",\"url\":\"https:\\\/\\\/oeilsportif.info\\\/\",\"name\":\"le regard du sportif\",\"description\":\"\",\"potentialAction\":[{\"@type\":\"SearchAction\",\"target\":{\"@type\":\"EntryPoint\",\"urlTemplate\":\"https:\\\/\\\/oeilsportif.info\\\/?s={search_term_string}\"},\"query-input\":{\"@type\":\"PropertyValueSpecification\",\"valueRequired\":true,\"valueName\":\"search_term_string\"}}],\"inLanguage\":\"fr-FR\"},{\"@type\":\"Person\",\"@id\":\"https:\\\/\\\/oeilsportif.info\\\/#\\\/schema\\\/person\\\/cfbded294aa6095f7d96608d7905e9a1\",\"name\":\"L'Equipe de la R\u00e9daction\",\"image\":{\"@type\":\"ImageObject\",\"inLanguage\":\"fr-FR\",\"@id\":\"https:\\\/\\\/oeilsportif.info\\\/wp-content\\\/uploads\\\/2025\\\/07\\\/cropped-cropped-logo-os-96x96.jpeg\",\"url\":\"https:\\\/\\\/oeilsportif.info\\\/wp-content\\\/uploads\\\/2025\\\/07\\\/cropped-cropped-logo-os-96x96.jpeg\",\"contentUrl\":\"https:\\\/\\\/oeilsportif.info\\\/wp-content\\\/uploads\\\/2025\\\/07\\\/cropped-cropped-logo-os-96x96.jpeg\",\"caption\":\"L'Equipe de la R\u00e9daction\"},\"url\":\"https:\\\/\\\/oeilsportif.info\\\/index.php\\\/author\\\/tawel\\\/\"}]}<\/script>\n<!-- \/ Yoast SEO plugin. -->","yoast_head_json":{"title":"COMMUNIQU\u00c9 RELATIF D\u00c9P\u00d4T DE CANDIDATURES POUR L\u2019\u00c9LECTION DES MEMBRES DU BUREAU EX\u00c9CUTIF DES LIGUES R\u00c9GIONALES - le regard du sportif","robots":{"index":"index","follow":"follow","max-snippet":"max-snippet:-1","max-image-preview":"max-image-preview:large","max-video-preview":"max-video-preview:-1"},"canonical":"https:\/\/oeilsportif.info\/index.php\/communique-relatif-depot-de-candidatures-pour-lelection-des-membres-du-bureau-executif-des-ligues-regionales\/","og_locale":"fr_FR","og_type":"article","og_title":"COMMUNIQU\u00c9 RELATIF D\u00c9P\u00d4T DE CANDIDATURES POUR L\u2019\u00c9LECTION DES MEMBRES DU BUREAU EX\u00c9CUTIF DES LIGUES R\u00c9GIONALES - le regard du sportif","og_description":"En application des dispositions du code \u00e9lectoral, la commission \u00e9lectorale informe les candidates et les candidats \u00e0 l\u2019\u00e9lection des membres du Bureau Ex\u00e9cutif des Ligues R\u00e9gionales de Football, du d\u00e9p\u00f4t des listes de candidatures au plus tard le 15 octobre 2023 \u00e0 18h TU. Chaque liste doit \u00eatre compos\u00e9e des dossiers des candidats qui doivent [&hellip;]","og_url":"https:\/\/oeilsportif.info\/index.php\/communique-relatif-depot-de-candidatures-pour-lelection-des-membres-du-bureau-executif-des-ligues-regionales\/","og_site_name":"le regard du sportif","article_published_time":"2023-10-06T17:33:29+00:00","og_image":[{"width":956,"height":526,"url":"https:\/\/oeilsportif.info\/wp-content\/uploads\/2023\/10\/Screenshot_20231006_173115_Facebook.jpg","type":"image\/jpeg"}],"author":"L'Equipe de la R\u00e9daction","twitter_misc":{"\u00c9crit par":"L'Equipe de la R\u00e9daction","Dur\u00e9e de lecture estim\u00e9e":"1 minute"},"schema":{"@context":"https:\/\/schema.org","@graph":[{"@type":"Article","@id":"https:\/\/oeilsportif.info\/index.php\/communique-relatif-depot-de-candidatures-pour-lelection-des-membres-du-bureau-executif-des-ligues-regionales\/#article","isPartOf":{"@id":"https:\/\/oeilsportif.info\/index.php\/communique-relatif-depot-de-candidatures-pour-lelection-des-membres-du-bureau-executif-des-ligues-regionales\/"},"author":{"name":"L'Equipe de la R\u00e9daction","@id":"https:\/\/oeilsportif.info\/#\/schema\/person\/cfbded294aa6095f7d96608d7905e9a1"},"headline":"COMMUNIQU\u00c9 RELATIF D\u00c9P\u00d4T DE CANDIDATURES POUR L\u2019\u00c9LECTION DES MEMBRES DU BUREAU EX\u00c9CUTIF DES LIGUES R\u00c9GIONALES","datePublished":"2023-10-06T17:33:29+00:00","mainEntityOfPage":{"@id":"https:\/\/oeilsportif.info\/index.php\/communique-relatif-depot-de-candidatures-pour-lelection-des-membres-du-bureau-executif-des-ligues-regionales\/"},"wordCount":188,"image":{"@id":"https:\/\/oeilsportif.info\/index.php\/communique-relatif-depot-de-candidatures-pour-lelection-des-membres-du-bureau-executif-des-ligues-regionales\/#primaryimage"},"thumbnailUrl":"https:\/\/i0.wp.com\/oeilsportif.info\/wp-content\/uploads\/2023\/10\/Screenshot_20231006_173115_Facebook.jpg?fit=956%2C526&ssl=1","articleSection":["Actualit\u00e9","Football"],"inLanguage":"fr-FR"},{"@type":"WebPage","@id":"https:\/\/oeilsportif.info\/index.php\/communique-relatif-depot-de-candidatures-pour-lelection-des-membres-du-bureau-executif-des-ligues-regionales\/","url":"https:\/\/oeilsportif.info\/index.php\/communique-relatif-depot-de-candidatures-pour-lelection-des-membres-du-bureau-executif-des-ligues-regionales\/","name":"COMMUNIQU\u00c9 RELATIF D\u00c9P\u00d4T DE CANDIDATURES POUR L\u2019\u00c9LECTION DES MEMBRES DU BUREAU EX\u00c9CUTIF DES LIGUES R\u00c9GIONALES - le regard du sportif","isPartOf":{"@id":"https:\/\/oeilsportif.info\/#website"},"primaryImageOfPage":{"@id":"https:\/\/oeilsportif.info\/index.php\/communique-relatif-depot-de-candidatures-pour-lelection-des-membres-du-bureau-executif-des-ligues-regionales\/#primaryimage"},"image":{"@id":"https:\/\/oeilsportif.info\/index.php\/communique-relatif-depot-de-candidatures-pour-lelection-des-membres-du-bureau-executif-des-ligues-regionales\/#primaryimage"},"thumbnailUrl":"https:\/\/i0.wp.com\/oeilsportif.info\/wp-content\/uploads\/2023\/10\/Screenshot_20231006_173115_Facebook.jpg?fit=956%2C526&ssl=1","datePublished":"2023-10-06T17:33:29+00:00","author":{"@id":"https:\/\/oeilsportif.info\/#\/schema\/person\/cfbded294aa6095f7d96608d7905e9a1"},"inLanguage":"fr-FR","potentialAction":[{"@type":"ReadAction","target":["https:\/\/oeilsportif.info\/index.php\/communique-relatif-depot-de-candidatures-pour-lelection-des-membres-du-bureau-executif-des-ligues-regionales\/"]}]},{"@type":"ImageObject","inLanguage":"fr-FR","@id":"https:\/\/oeilsportif.info\/index.php\/communique-relatif-depot-de-candidatures-pour-lelection-des-membres-du-bureau-executif-des-ligues-regionales\/#primaryimage","url":"https:\/\/i0.wp.com\/oeilsportif.info\/wp-content\/uploads\/2023\/10\/Screenshot_20231006_173115_Facebook.jpg?fit=956%2C526&ssl=1","contentUrl":"https:\/\/i0.wp.com\/oeilsportif.info\/wp-content\/uploads\/2023\/10\/Screenshot_20231006_173115_Facebook.jpg?fit=956%2C526&ssl=1","width":956,"height":526},{"@type":"WebSite","@id":"https:\/\/oeilsportif.info\/#website","url":"https:\/\/oeilsportif.info\/","name":"le regard du sportif","description":"","potentialAction":[{"@type":"SearchAction","target":{"@type":"EntryPoint","urlTemplate":"https:\/\/oeilsportif.info\/?s={search_term_string}"},"query-input":{"@type":"PropertyValueSpecification","valueRequired":true,"valueName":"search_term_string"}}],"inLanguage":"fr-FR"},{"@type":"Person","@id":"https:\/\/oeilsportif.info\/#\/schema\/person\/cfbded294aa6095f7d96608d7905e9a1","name":"L'Equipe de la R\u00e9daction","image":{"@type":"ImageObject","inLanguage":"fr-FR","@id":"https:\/\/oeilsportif.info\/wp-content\/uploads\/2025\/07\/cropped-cropped-logo-os-96x96.jpeg","url":"https:\/\/oeilsportif.info\/wp-content\/uploads\/2025\/07\/cropped-cropped-logo-os-96x96.jpeg","contentUrl":"https:\/\/oeilsportif.info\/wp-content\/uploads\/2025\/07\/cropped-cropped-logo-os-96x96.jpeg","caption":"L'Equipe de la R\u00e9daction"},"url":"https:\/\/oeilsportif.info\/index.php\/author\/tawel\/"}]}},"jetpack_publicize_connections":[],"jetpack_featured_media_url":"https:\/\/i0.wp.com\/oeilsportif.info\/wp-content\/uploads\/2023\/10\/Screenshot_20231006_173115_Facebook.jpg?fit=956%2C526&ssl=1","jetpack-related-posts":[],"jetpack_sharing_enabled":true,"jetpack_likes_enabled":true,"jetpack_shortlink":"https:\/\/wp.me\/pgFE77-Wm","_links":{"self":[{"href":"https:\/\/oeilsportif.info\/index.php\/wp-json\/wp\/v2\/posts\/3618","targetHints":{"allow":["GET"]}}],"collection":[{"href":"https:\/\/oeilsportif.info\/index.php\/wp-json\/wp\/v2\/posts"}],"about":[{"href":"https:\/\/oeilsportif.info\/index.php\/wp-json\/wp\/v2\/types\/post"}],"author":[{"embeddable":true,"href":"https:\/\/oeilsportif.info\/index.php\/wp-json\/wp\/v2\/users\/2"}],"replies":[{"embeddable":true,"href":"https:\/\/oeilsportif.info\/index.php\/wp-json\/wp\/v2\/comments?post=3618"}],"version-history":[{"count":0,"href":"https:\/\/oeilsportif.info\/index.php\/wp-json\/wp\/v2\/posts\/3618\/revisions"}],"wp:featuredmedia":[{"embeddable":true,"href":"https:\/\/oeilsportif.info\/index.php\/wp-json\/wp\/v2\/media\/3619"}],"wp:attachment":[{"href":"https:\/\/oeilsportif.info\/index.php\/wp-json\/wp\/v2\/media?parent=3618"}],"wp:term":[{"taxonomy":"category","embeddable":true,"href":"https:\/\/oeilsportif.info\/index.php\/wp-json\/wp\/v2\/categories?post=3618"},{"taxonomy":"post_tag","embeddable":true,"href":"https:\/\/oeilsportif.info\/index.php\/wp-json\/wp\/v2\/tags?post=3618"}],"curies":[{"name":"wp","href":"https:\/\/api.w.org\/{rel}","templated":true}]}}