{"id":3605,"date":"2023-10-04T11:04:40","date_gmt":"2023-10-04T11:04:40","guid":{"rendered":"https:\/\/oeilsportif.info\/index.php\/?p=3605"},"modified":"2023-10-04T11:04:40","modified_gmt":"2023-10-04T11:04:40","slug":"interview-de-saran-diane-otm","status":"publish","type":"post","link":"https:\/\/oeilsportif.info\/index.php\/interview-de-saran-diane-otm\/","title":{"rendered":"Interview de Saran Diane ( OTM) !"},"content":{"rendered":"<p>FGBB : Qui es tu ?<\/p>\n<p>Je m\u2019appelle Saran DIANE, je suis \u00e2g\u00e9 de 27 ans et dipl\u00f4m\u00e9 en droit ( relations internationales), j ai grandi au S\u00e9n\u00e9gal avant de rentrer en Guin\u00e9e , actuellement je vis \u00e0 Gbessia .<\/p>\n<p>2. Comment es tu devenu Officiel de Table de Marque (OTM )?<\/p>\n<p>J&rsquo;ai d&rsquo;abord pratiqu\u00e9 le basket puis j&rsquo;ai rapidement \u00e9t\u00e9 attir\u00e9 par l&rsquo;arbitrage et la table de marque.<\/p>\n<p>3.A ton avis quel est impact des activit\u00e9s de la FGBB dans les r\u00e9gions de Guin\u00e9e ?<\/p>\n<p>J&rsquo;ai constat\u00e9 que les activit\u00e9s de la FGBB ont un impact plus que positif dans les diff\u00e9rentes r\u00e9gions de Guin\u00e9e.<br \/>\nL&rsquo;organisation du tournoi de Dabola pour la qualification \u00e0 l\u00e0 BAL \u00e0 montr\u00e9 que le niveau est de plus en plus \u00e9lev\u00e9. Les \u00e9quipes de Kankan, Dabola, Mamou, et SLAC m&rsquo;ont impressionn\u00e9.<br \/>\nJe trouve que la FGBB est sur la bonne voie pour d\u00e9velopper le basketball sur toute l&rsquo;etendue du territoire .<\/p>\n<p>4.Quel sont tes projets ?<\/p>\n<p>Je souhaite me perfectionner dans ma mission pour dans un avenir proche passer les tests FIBA et devenir OTM au niveau international .<\/p>\n<p>Source : fgbb<\/p>\n","protected":false},"excerpt":{"rendered":"<p>FGBB : Qui es tu ? Je m\u2019appelle Saran DIANE, je suis \u00e2g\u00e9 de 27 ans et dipl\u00f4m\u00e9 en droit ( relations internationales), j ai grandi au S\u00e9n\u00e9gal avant de rentrer en Guin\u00e9e , actuellement je vis \u00e0 Gbessia . 2. Comment es tu devenu Officiel de Table de Marque (OTM )? J&rsquo;ai d&rsquo;abord pratiqu\u00e9 [&hellip;]<\/p>\n","protected":false},"author":2,"featured_media":3606,"comment_status":"closed","ping_status":"open","sticky":false,"template":"","format":"standard","meta":{"_jetpack_memberships_contains_paid_content":false,"footnotes":"","jetpack_publicize_message":"","jetpack_publicize_feature_enabled":true,"jetpack_social_post_already_shared":true,"jetpack_social_options":{"image_generator_settings":{"template":"highway","default_image_id":0,"font":"","enabled":false},"version":2}},"categories":[10,7],"tags":[],"class_list":{"0":"post-3605","1":"post","2":"type-post","3":"status-publish","4":"format-standard","5":"has-post-thumbnail","7":"category-actualite","8":"category-basketball"},"yoast_head":"<!-- This site is optimized with the Yoast SEO plugin v27.5 - https:\/\/yoast.com\/product\/yoast-seo-wordpress\/ -->\n<title>Interview de Saran Diane ( OTM) ! - le regard du sportif<\/title>\n<meta name=\"robots\" content=\"index, follow, max-snippet:-1, max-image-preview:large, max-video-preview:-1\" \/>\n<link rel=\"canonical\" href=\"https:\/\/oeilsportif.info\/index.php\/interview-de-saran-diane-otm\/\" \/>\n<meta property=\"og:locale\" content=\"fr_FR\" \/>\n<meta property=\"og:type\" content=\"article\" \/>\n<meta property=\"og:title\" content=\"Interview de Saran Diane ( OTM) ! - le regard du sportif\" \/>\n<meta property=\"og:description\" content=\"FGBB : Qui es tu ? Je m\u2019appelle Saran DIANE, je suis \u00e2g\u00e9 de 27 ans et dipl\u00f4m\u00e9 en droit ( relations internationales), j ai grandi au S\u00e9n\u00e9gal avant de rentrer en Guin\u00e9e , actuellement je vis \u00e0 Gbessia . 2. Comment es tu devenu Officiel de Table de Marque (OTM )? J&rsquo;ai d&rsquo;abord pratiqu\u00e9 [&hellip;]\" \/>\n<meta property=\"og:url\" content=\"https:\/\/oeilsportif.info\/index.php\/interview-de-saran-diane-otm\/\" \/>\n<meta property=\"og:site_name\" content=\"le regard du sportif\" \/>\n<meta property=\"article:published_time\" content=\"2023-10-04T11:04:40+00:00\" \/>\n<meta property=\"og:image\" content=\"https:\/\/oeilsportif.info\/wp-content\/uploads\/2023\/10\/FB_IMG_1696417400230.jpg\" \/>\n\t<meta property=\"og:image:width\" content=\"831\" \/>\n\t<meta property=\"og:image:height\" content=\"1426\" \/>\n\t<meta property=\"og:image:type\" content=\"image\/jpeg\" \/>\n<meta name=\"author\" content=\"L&#039;Equipe de la R\u00e9daction\" \/>\n<meta name=\"twitter:label1\" content=\"\u00c9crit par\" \/>\n\t<meta name=\"twitter:data1\" content=\"L&#039;Equipe de la R\u00e9daction\" \/>\n\t<meta name=\"twitter:label2\" content=\"Dur\u00e9e de lecture estim\u00e9e\" \/>\n\t<meta name=\"twitter:data2\" content=\"1 minute\" \/>\n<script type=\"application\/ld+json\" class=\"yoast-schema-graph\">{\"@context\":\"https:\\\/\\\/schema.org\",\"@graph\":[{\"@type\":\"Article\",\"@id\":\"https:\\\/\\\/oeilsportif.info\\\/index.php\\\/interview-de-saran-diane-otm\\\/#article\",\"isPartOf\":{\"@id\":\"https:\\\/\\\/oeilsportif.info\\\/index.php\\\/interview-de-saran-diane-otm\\\/\"},\"author\":{\"name\":\"L'Equipe de la R\u00e9daction\",\"@id\":\"https:\\\/\\\/oeilsportif.info\\\/#\\\/schema\\\/person\\\/cfbded294aa6095f7d96608d7905e9a1\"},\"headline\":\"Interview de Saran Diane ( OTM) !\",\"datePublished\":\"2023-10-04T11:04:40+00:00\",\"mainEntityOfPage\":{\"@id\":\"https:\\\/\\\/oeilsportif.info\\\/index.php\\\/interview-de-saran-diane-otm\\\/\"},\"wordCount\":199,\"image\":{\"@id\":\"https:\\\/\\\/oeilsportif.info\\\/index.php\\\/interview-de-saran-diane-otm\\\/#primaryimage\"},\"thumbnailUrl\":\"https:\\\/\\\/i0.wp.com\\\/oeilsportif.info\\\/wp-content\\\/uploads\\\/2023\\\/10\\\/FB_IMG_1696417400230.jpg?fit=831%2C1426&ssl=1\",\"articleSection\":[\"Actualit\u00e9\",\"Basketball\"],\"inLanguage\":\"fr-FR\"},{\"@type\":\"WebPage\",\"@id\":\"https:\\\/\\\/oeilsportif.info\\\/index.php\\\/interview-de-saran-diane-otm\\\/\",\"url\":\"https:\\\/\\\/oeilsportif.info\\\/index.php\\\/interview-de-saran-diane-otm\\\/\",\"name\":\"Interview de Saran Diane ( OTM) ! - le regard du sportif\",\"isPartOf\":{\"@id\":\"https:\\\/\\\/oeilsportif.info\\\/#website\"},\"primaryImageOfPage\":{\"@id\":\"https:\\\/\\\/oeilsportif.info\\\/index.php\\\/interview-de-saran-diane-otm\\\/#primaryimage\"},\"image\":{\"@id\":\"https:\\\/\\\/oeilsportif.info\\\/index.php\\\/interview-de-saran-diane-otm\\\/#primaryimage\"},\"thumbnailUrl\":\"https:\\\/\\\/i0.wp.com\\\/oeilsportif.info\\\/wp-content\\\/uploads\\\/2023\\\/10\\\/FB_IMG_1696417400230.jpg?fit=831%2C1426&ssl=1\",\"datePublished\":\"2023-10-04T11:04:40+00:00\",\"author\":{\"@id\":\"https:\\\/\\\/oeilsportif.info\\\/#\\\/schema\\\/person\\\/cfbded294aa6095f7d96608d7905e9a1\"},\"inLanguage\":\"fr-FR\",\"potentialAction\":[{\"@type\":\"ReadAction\",\"target\":[\"https:\\\/\\\/oeilsportif.info\\\/index.php\\\/interview-de-saran-diane-otm\\\/\"]}]},{\"@type\":\"ImageObject\",\"inLanguage\":\"fr-FR\",\"@id\":\"https:\\\/\\\/oeilsportif.info\\\/index.php\\\/interview-de-saran-diane-otm\\\/#primaryimage\",\"url\":\"https:\\\/\\\/i0.wp.com\\\/oeilsportif.info\\\/wp-content\\\/uploads\\\/2023\\\/10\\\/FB_IMG_1696417400230.jpg?fit=831%2C1426&ssl=1\",\"contentUrl\":\"https:\\\/\\\/i0.wp.com\\\/oeilsportif.info\\\/wp-content\\\/uploads\\\/2023\\\/10\\\/FB_IMG_1696417400230.jpg?fit=831%2C1426&ssl=1\",\"width\":831,\"height\":1426},{\"@type\":\"WebSite\",\"@id\":\"https:\\\/\\\/oeilsportif.info\\\/#website\",\"url\":\"https:\\\/\\\/oeilsportif.info\\\/\",\"name\":\"le regard du sportif\",\"description\":\"\",\"potentialAction\":[{\"@type\":\"SearchAction\",\"target\":{\"@type\":\"EntryPoint\",\"urlTemplate\":\"https:\\\/\\\/oeilsportif.info\\\/?s={search_term_string}\"},\"query-input\":{\"@type\":\"PropertyValueSpecification\",\"valueRequired\":true,\"valueName\":\"search_term_string\"}}],\"inLanguage\":\"fr-FR\"},{\"@type\":\"Person\",\"@id\":\"https:\\\/\\\/oeilsportif.info\\\/#\\\/schema\\\/person\\\/cfbded294aa6095f7d96608d7905e9a1\",\"name\":\"L'Equipe de la R\u00e9daction\",\"image\":{\"@type\":\"ImageObject\",\"inLanguage\":\"fr-FR\",\"@id\":\"https:\\\/\\\/oeilsportif.info\\\/wp-content\\\/uploads\\\/2025\\\/07\\\/cropped-cropped-logo-os-96x96.jpeg\",\"url\":\"https:\\\/\\\/oeilsportif.info\\\/wp-content\\\/uploads\\\/2025\\\/07\\\/cropped-cropped-logo-os-96x96.jpeg\",\"contentUrl\":\"https:\\\/\\\/oeilsportif.info\\\/wp-content\\\/uploads\\\/2025\\\/07\\\/cropped-cropped-logo-os-96x96.jpeg\",\"caption\":\"L'Equipe de la R\u00e9daction\"},\"url\":\"https:\\\/\\\/oeilsportif.info\\\/index.php\\\/author\\\/tawel\\\/\"}]}<\/script>\n<!-- \/ Yoast SEO plugin. -->","yoast_head_json":{"title":"Interview de Saran Diane ( OTM) ! - le regard du sportif","robots":{"index":"index","follow":"follow","max-snippet":"max-snippet:-1","max-image-preview":"max-image-preview:large","max-video-preview":"max-video-preview:-1"},"canonical":"https:\/\/oeilsportif.info\/index.php\/interview-de-saran-diane-otm\/","og_locale":"fr_FR","og_type":"article","og_title":"Interview de Saran Diane ( OTM) ! - le regard du sportif","og_description":"FGBB : Qui es tu ? Je m\u2019appelle Saran DIANE, je suis \u00e2g\u00e9 de 27 ans et dipl\u00f4m\u00e9 en droit ( relations internationales), j ai grandi au S\u00e9n\u00e9gal avant de rentrer en Guin\u00e9e , actuellement je vis \u00e0 Gbessia . 2. Comment es tu devenu Officiel de Table de Marque (OTM )? J&rsquo;ai d&rsquo;abord pratiqu\u00e9 [&hellip;]","og_url":"https:\/\/oeilsportif.info\/index.php\/interview-de-saran-diane-otm\/","og_site_name":"le regard du sportif","article_published_time":"2023-10-04T11:04:40+00:00","og_image":[{"width":831,"height":1426,"url":"https:\/\/oeilsportif.info\/wp-content\/uploads\/2023\/10\/FB_IMG_1696417400230.jpg","type":"image\/jpeg"}],"author":"L'Equipe de la R\u00e9daction","twitter_misc":{"\u00c9crit par":"L'Equipe de la R\u00e9daction","Dur\u00e9e de lecture estim\u00e9e":"1 minute"},"schema":{"@context":"https:\/\/schema.org","@graph":[{"@type":"Article","@id":"https:\/\/oeilsportif.info\/index.php\/interview-de-saran-diane-otm\/#article","isPartOf":{"@id":"https:\/\/oeilsportif.info\/index.php\/interview-de-saran-diane-otm\/"},"author":{"name":"L'Equipe de la R\u00e9daction","@id":"https:\/\/oeilsportif.info\/#\/schema\/person\/cfbded294aa6095f7d96608d7905e9a1"},"headline":"Interview de Saran Diane ( OTM) !","datePublished":"2023-10-04T11:04:40+00:00","mainEntityOfPage":{"@id":"https:\/\/oeilsportif.info\/index.php\/interview-de-saran-diane-otm\/"},"wordCount":199,"image":{"@id":"https:\/\/oeilsportif.info\/index.php\/interview-de-saran-diane-otm\/#primaryimage"},"thumbnailUrl":"https:\/\/i0.wp.com\/oeilsportif.info\/wp-content\/uploads\/2023\/10\/FB_IMG_1696417400230.jpg?fit=831%2C1426&ssl=1","articleSection":["Actualit\u00e9","Basketball"],"inLanguage":"fr-FR"},{"@type":"WebPage","@id":"https:\/\/oeilsportif.info\/index.php\/interview-de-saran-diane-otm\/","url":"https:\/\/oeilsportif.info\/index.php\/interview-de-saran-diane-otm\/","name":"Interview de Saran Diane ( OTM) ! - le regard du sportif","isPartOf":{"@id":"https:\/\/oeilsportif.info\/#website"},"primaryImageOfPage":{"@id":"https:\/\/oeilsportif.info\/index.php\/interview-de-saran-diane-otm\/#primaryimage"},"image":{"@id":"https:\/\/oeilsportif.info\/index.php\/interview-de-saran-diane-otm\/#primaryimage"},"thumbnailUrl":"https:\/\/i0.wp.com\/oeilsportif.info\/wp-content\/uploads\/2023\/10\/FB_IMG_1696417400230.jpg?fit=831%2C1426&ssl=1","datePublished":"2023-10-04T11:04:40+00:00","author":{"@id":"https:\/\/oeilsportif.info\/#\/schema\/person\/cfbded294aa6095f7d96608d7905e9a1"},"inLanguage":"fr-FR","potentialAction":[{"@type":"ReadAction","target":["https:\/\/oeilsportif.info\/index.php\/interview-de-saran-diane-otm\/"]}]},{"@type":"ImageObject","inLanguage":"fr-FR","@id":"https:\/\/oeilsportif.info\/index.php\/interview-de-saran-diane-otm\/#primaryimage","url":"https:\/\/i0.wp.com\/oeilsportif.info\/wp-content\/uploads\/2023\/10\/FB_IMG_1696417400230.jpg?fit=831%2C1426&ssl=1","contentUrl":"https:\/\/i0.wp.com\/oeilsportif.info\/wp-content\/uploads\/2023\/10\/FB_IMG_1696417400230.jpg?fit=831%2C1426&ssl=1","width":831,"height":1426},{"@type":"WebSite","@id":"https:\/\/oeilsportif.info\/#website","url":"https:\/\/oeilsportif.info\/","name":"le regard du sportif","description":"","potentialAction":[{"@type":"SearchAction","target":{"@type":"EntryPoint","urlTemplate":"https:\/\/oeilsportif.info\/?s={search_term_string}"},"query-input":{"@type":"PropertyValueSpecification","valueRequired":true,"valueName":"search_term_string"}}],"inLanguage":"fr-FR"},{"@type":"Person","@id":"https:\/\/oeilsportif.info\/#\/schema\/person\/cfbded294aa6095f7d96608d7905e9a1","name":"L'Equipe de la R\u00e9daction","image":{"@type":"ImageObject","inLanguage":"fr-FR","@id":"https:\/\/oeilsportif.info\/wp-content\/uploads\/2025\/07\/cropped-cropped-logo-os-96x96.jpeg","url":"https:\/\/oeilsportif.info\/wp-content\/uploads\/2025\/07\/cropped-cropped-logo-os-96x96.jpeg","contentUrl":"https:\/\/oeilsportif.info\/wp-content\/uploads\/2025\/07\/cropped-cropped-logo-os-96x96.jpeg","caption":"L'Equipe de la R\u00e9daction"},"url":"https:\/\/oeilsportif.info\/index.php\/author\/tawel\/"}]}},"jetpack_publicize_connections":[],"jetpack_featured_media_url":"https:\/\/i0.wp.com\/oeilsportif.info\/wp-content\/uploads\/2023\/10\/FB_IMG_1696417400230.jpg?fit=831%2C1426&ssl=1","jetpack-related-posts":[],"jetpack_sharing_enabled":true,"jetpack_likes_enabled":true,"jetpack_shortlink":"https:\/\/wp.me\/pgFE77-W9","_links":{"self":[{"href":"https:\/\/oeilsportif.info\/index.php\/wp-json\/wp\/v2\/posts\/3605","targetHints":{"allow":["GET"]}}],"collection":[{"href":"https:\/\/oeilsportif.info\/index.php\/wp-json\/wp\/v2\/posts"}],"about":[{"href":"https:\/\/oeilsportif.info\/index.php\/wp-json\/wp\/v2\/types\/post"}],"author":[{"embeddable":true,"href":"https:\/\/oeilsportif.info\/index.php\/wp-json\/wp\/v2\/users\/2"}],"replies":[{"embeddable":true,"href":"https:\/\/oeilsportif.info\/index.php\/wp-json\/wp\/v2\/comments?post=3605"}],"version-history":[{"count":0,"href":"https:\/\/oeilsportif.info\/index.php\/wp-json\/wp\/v2\/posts\/3605\/revisions"}],"wp:featuredmedia":[{"embeddable":true,"href":"https:\/\/oeilsportif.info\/index.php\/wp-json\/wp\/v2\/media\/3606"}],"wp:attachment":[{"href":"https:\/\/oeilsportif.info\/index.php\/wp-json\/wp\/v2\/media?parent=3605"}],"wp:term":[{"taxonomy":"category","embeddable":true,"href":"https:\/\/oeilsportif.info\/index.php\/wp-json\/wp\/v2\/categories?post=3605"},{"taxonomy":"post_tag","embeddable":true,"href":"https:\/\/oeilsportif.info\/index.php\/wp-json\/wp\/v2\/tags?post=3605"}],"curies":[{"name":"wp","href":"https:\/\/api.w.org\/{rel}","templated":true}]}}