{"id":3595,"date":"2023-10-04T10:35:58","date_gmt":"2023-10-04T10:35:58","guid":{"rendered":"https:\/\/oeilsportif.info\/index.php\/?p=3595"},"modified":"2023-10-04T10:35:58","modified_gmt":"2023-10-04T10:35:58","slug":"coupe-de-la-caf-les-16-qualifies-pour-la-phase-de-groupes","status":"publish","type":"post","link":"https:\/\/oeilsportif.info\/index.php\/coupe-de-la-caf-les-16-qualifies-pour-la-phase-de-groupes\/","title":{"rendered":"Coupe de la CAF : les 16 qualifi\u00e9s pour la phase de groupes"},"content":{"rendered":"<p><strong>La Coupe de la CAF entre dans une nouvelle phase avec l&rsquo;identification des 16 \u00e9quipes qui se battront pour le prestigieux troph\u00e9e. Malgr\u00e9 des moments tendus et des surprises lors des qualifications, les habitu\u00e9s de la comp\u00e9tition ont su tirer leur \u00e9pingle du jeu.<\/strong><\/p>\n<p>Cette ann\u00e9e, la diversit\u00e9 des nations pr\u00e9sentes promet des rencontres \u00e9lectrisantes, refl\u00e9tant la mont\u00e9e en puissance du football sur le continent africain. Alors que certaines \u00e9quipes font leur premi\u00e8re apparition \u00e0 ce stade de la comp\u00e9tition, d&rsquo;autres chercheront \u00e0 faire honneur \u00e0 leur h\u00e9ritage. Les fans peuvent s&rsquo;attendre \u00e0 des duels acharn\u00e9s, des revirements inattendus et, bien s\u00fbr, du football de haut niveau.<\/p>\n<p>Les faits marquants des qualifications<br \/>\nL&rsquo;USM Alger, le tenant du titre, sera une nouvelle fois sur la ligne de d\u00e9part, tout comme le RS Berkane (Maroc) qui, par son pass\u00e9 r\u00e9cent, est devenu un pilier de cette comp\u00e9tition avec 2 sacres sur les 4 derni\u00e8res \u00e9ditions.<br \/>\nBien que la comp\u00e9tition ait r\u00e9serv\u00e9 quelques frayeurs \u00e0 des cadors tels que Zamalek (Egypte) et le Club Africain (Tunisie), ces derniers ont assur\u00e9 leur pr\u00e9sence.<br \/>\nToutefois, l&rsquo;absence de repr\u00e9sentants de la RD Congo, une nation footballistique majeure, fait t\u00e2che.<br \/>\nLa Libye, l&rsquo;Angola, l&rsquo;Afrique du Sud et l&rsquo;Egypte ont r\u00e9alis\u00e9 une performance notable en qualifiant chacun deux \u00e9quipes pour la phase de poules.<\/p>\n<p>Les 16 qualifi\u00e9s :<br \/>\nUSM Alger (Alg\u00e9rie)<br \/>\nZamalek (Egypte)<br \/>\nAbu Salem (Libye)<br \/>\nDreams (Ghana)<br \/>\nCO Coyah (Guin\u00e9e)<br \/>\nAl-Hilal Bengazhi (Libye)<br \/>\nSagrada Esperanca (Angola)<br \/>\nStade Malien (Mali)<br \/>\nSuperSport United (Afrique du Sud)<br \/>\nRS Berkane (Maroc)<br \/>\nDiables Noirs (Congo)<br \/>\nSekhukhune (Afrique du Sud)<br \/>\nClub Africain (Tunisie)<br \/>\nFutur FC (Egypte)<br \/>\nRiver United (Nigeria).<br \/>\nAcad\u00e9mica Petr\u00f3leos Clube (Angola).<br \/>\nCes \u00e9quipes attendent maintenant avec impatience le tirage au sort de la phase de groupes qui se tiendra le vendredi 6 octobre au Caire.<\/p>\n<p>Source : Afrik-Foot<\/p>\n<p>&nbsp;<\/p>\n<p>&nbsp;<\/p>\n","protected":false},"excerpt":{"rendered":"<p>La Coupe de la CAF entre dans une nouvelle phase avec l&rsquo;identification des 16 \u00e9quipes qui se battront pour le prestigieux troph\u00e9e. Malgr\u00e9 des moments tendus et des surprises lors des qualifications, les habitu\u00e9s de la comp\u00e9tition ont su tirer leur \u00e9pingle du jeu. Cette ann\u00e9e, la diversit\u00e9 des nations pr\u00e9sentes promet des rencontres \u00e9lectrisantes, [&hellip;]<\/p>\n","protected":false},"author":2,"featured_media":3596,"comment_status":"closed","ping_status":"open","sticky":false,"template":"","format":"standard","meta":{"_jetpack_memberships_contains_paid_content":false,"footnotes":"","jetpack_publicize_message":"","jetpack_publicize_feature_enabled":true,"jetpack_social_post_already_shared":true,"jetpack_social_options":{"image_generator_settings":{"template":"highway","default_image_id":0,"font":"","enabled":false},"version":2}},"categories":[10,5],"tags":[],"class_list":{"0":"post-3595","1":"post","2":"type-post","3":"status-publish","4":"format-standard","5":"has-post-thumbnail","7":"category-actualite","8":"category-football"},"yoast_head":"<!-- This site is optimized with the Yoast SEO plugin v27.5 - https:\/\/yoast.com\/product\/yoast-seo-wordpress\/ -->\n<title>Coupe de la CAF : les 16 qualifi\u00e9s pour la phase de groupes - le regard du sportif<\/title>\n<meta name=\"robots\" content=\"index, follow, max-snippet:-1, max-image-preview:large, max-video-preview:-1\" \/>\n<link rel=\"canonical\" href=\"https:\/\/oeilsportif.info\/index.php\/coupe-de-la-caf-les-16-qualifies-pour-la-phase-de-groupes\/\" \/>\n<meta property=\"og:locale\" content=\"fr_FR\" \/>\n<meta property=\"og:type\" content=\"article\" \/>\n<meta property=\"og:title\" content=\"Coupe de la CAF : les 16 qualifi\u00e9s pour la phase de groupes - le regard du sportif\" \/>\n<meta property=\"og:description\" content=\"La Coupe de la CAF entre dans une nouvelle phase avec l&rsquo;identification des 16 \u00e9quipes qui se battront pour le prestigieux troph\u00e9e. Malgr\u00e9 des moments tendus et des surprises lors des qualifications, les habitu\u00e9s de la comp\u00e9tition ont su tirer leur \u00e9pingle du jeu. Cette ann\u00e9e, la diversit\u00e9 des nations pr\u00e9sentes promet des rencontres \u00e9lectrisantes, [&hellip;]\" \/>\n<meta property=\"og:url\" content=\"https:\/\/oeilsportif.info\/index.php\/coupe-de-la-caf-les-16-qualifies-pour-la-phase-de-groupes\/\" \/>\n<meta property=\"og:site_name\" content=\"le regard du sportif\" \/>\n<meta property=\"article:published_time\" content=\"2023-10-04T10:35:58+00:00\" \/>\n<meta property=\"og:image\" content=\"https:\/\/oeilsportif.info\/wp-content\/uploads\/2023\/10\/iconsport-73757535-1024x683.jpg.webp\" \/>\n\t<meta property=\"og:image:width\" content=\"1024\" \/>\n\t<meta property=\"og:image:height\" content=\"683\" \/>\n\t<meta property=\"og:image:type\" content=\"image\/webp\" \/>\n<meta name=\"author\" content=\"L&#039;Equipe de la R\u00e9daction\" \/>\n<meta name=\"twitter:label1\" content=\"\u00c9crit par\" \/>\n\t<meta name=\"twitter:data1\" content=\"L&#039;Equipe de la R\u00e9daction\" \/>\n\t<meta name=\"twitter:label2\" content=\"Dur\u00e9e de lecture estim\u00e9e\" \/>\n\t<meta name=\"twitter:data2\" content=\"2 minutes\" \/>\n<script type=\"application\/ld+json\" class=\"yoast-schema-graph\">{\"@context\":\"https:\\\/\\\/schema.org\",\"@graph\":[{\"@type\":\"Article\",\"@id\":\"https:\\\/\\\/oeilsportif.info\\\/index.php\\\/coupe-de-la-caf-les-16-qualifies-pour-la-phase-de-groupes\\\/#article\",\"isPartOf\":{\"@id\":\"https:\\\/\\\/oeilsportif.info\\\/index.php\\\/coupe-de-la-caf-les-16-qualifies-pour-la-phase-de-groupes\\\/\"},\"author\":{\"name\":\"L'Equipe de la R\u00e9daction\",\"@id\":\"https:\\\/\\\/oeilsportif.info\\\/#\\\/schema\\\/person\\\/cfbded294aa6095f7d96608d7905e9a1\"},\"headline\":\"Coupe de la CAF : les 16 qualifi\u00e9s pour la phase de groupes\",\"datePublished\":\"2023-10-04T10:35:58+00:00\",\"mainEntityOfPage\":{\"@id\":\"https:\\\/\\\/oeilsportif.info\\\/index.php\\\/coupe-de-la-caf-les-16-qualifies-pour-la-phase-de-groupes\\\/\"},\"wordCount\":334,\"image\":{\"@id\":\"https:\\\/\\\/oeilsportif.info\\\/index.php\\\/coupe-de-la-caf-les-16-qualifies-pour-la-phase-de-groupes\\\/#primaryimage\"},\"thumbnailUrl\":\"https:\\\/\\\/i0.wp.com\\\/oeilsportif.info\\\/wp-content\\\/uploads\\\/2023\\\/10\\\/iconsport-73757535-1024x683.jpg.webp?fit=1024%2C683&ssl=1\",\"articleSection\":[\"Actualit\u00e9\",\"Football\"],\"inLanguage\":\"fr-FR\"},{\"@type\":\"WebPage\",\"@id\":\"https:\\\/\\\/oeilsportif.info\\\/index.php\\\/coupe-de-la-caf-les-16-qualifies-pour-la-phase-de-groupes\\\/\",\"url\":\"https:\\\/\\\/oeilsportif.info\\\/index.php\\\/coupe-de-la-caf-les-16-qualifies-pour-la-phase-de-groupes\\\/\",\"name\":\"Coupe de la CAF : les 16 qualifi\u00e9s pour la phase de groupes - le regard du sportif\",\"isPartOf\":{\"@id\":\"https:\\\/\\\/oeilsportif.info\\\/#website\"},\"primaryImageOfPage\":{\"@id\":\"https:\\\/\\\/oeilsportif.info\\\/index.php\\\/coupe-de-la-caf-les-16-qualifies-pour-la-phase-de-groupes\\\/#primaryimage\"},\"image\":{\"@id\":\"https:\\\/\\\/oeilsportif.info\\\/index.php\\\/coupe-de-la-caf-les-16-qualifies-pour-la-phase-de-groupes\\\/#primaryimage\"},\"thumbnailUrl\":\"https:\\\/\\\/i0.wp.com\\\/oeilsportif.info\\\/wp-content\\\/uploads\\\/2023\\\/10\\\/iconsport-73757535-1024x683.jpg.webp?fit=1024%2C683&ssl=1\",\"datePublished\":\"2023-10-04T10:35:58+00:00\",\"author\":{\"@id\":\"https:\\\/\\\/oeilsportif.info\\\/#\\\/schema\\\/person\\\/cfbded294aa6095f7d96608d7905e9a1\"},\"inLanguage\":\"fr-FR\",\"potentialAction\":[{\"@type\":\"ReadAction\",\"target\":[\"https:\\\/\\\/oeilsportif.info\\\/index.php\\\/coupe-de-la-caf-les-16-qualifies-pour-la-phase-de-groupes\\\/\"]}]},{\"@type\":\"ImageObject\",\"inLanguage\":\"fr-FR\",\"@id\":\"https:\\\/\\\/oeilsportif.info\\\/index.php\\\/coupe-de-la-caf-les-16-qualifies-pour-la-phase-de-groupes\\\/#primaryimage\",\"url\":\"https:\\\/\\\/i0.wp.com\\\/oeilsportif.info\\\/wp-content\\\/uploads\\\/2023\\\/10\\\/iconsport-73757535-1024x683.jpg.webp?fit=1024%2C683&ssl=1\",\"contentUrl\":\"https:\\\/\\\/i0.wp.com\\\/oeilsportif.info\\\/wp-content\\\/uploads\\\/2023\\\/10\\\/iconsport-73757535-1024x683.jpg.webp?fit=1024%2C683&ssl=1\",\"width\":1024,\"height\":683},{\"@type\":\"WebSite\",\"@id\":\"https:\\\/\\\/oeilsportif.info\\\/#website\",\"url\":\"https:\\\/\\\/oeilsportif.info\\\/\",\"name\":\"le regard du sportif\",\"description\":\"\",\"potentialAction\":[{\"@type\":\"SearchAction\",\"target\":{\"@type\":\"EntryPoint\",\"urlTemplate\":\"https:\\\/\\\/oeilsportif.info\\\/?s={search_term_string}\"},\"query-input\":{\"@type\":\"PropertyValueSpecification\",\"valueRequired\":true,\"valueName\":\"search_term_string\"}}],\"inLanguage\":\"fr-FR\"},{\"@type\":\"Person\",\"@id\":\"https:\\\/\\\/oeilsportif.info\\\/#\\\/schema\\\/person\\\/cfbded294aa6095f7d96608d7905e9a1\",\"name\":\"L'Equipe de la R\u00e9daction\",\"image\":{\"@type\":\"ImageObject\",\"inLanguage\":\"fr-FR\",\"@id\":\"https:\\\/\\\/oeilsportif.info\\\/wp-content\\\/uploads\\\/2025\\\/07\\\/cropped-cropped-logo-os-96x96.jpeg\",\"url\":\"https:\\\/\\\/oeilsportif.info\\\/wp-content\\\/uploads\\\/2025\\\/07\\\/cropped-cropped-logo-os-96x96.jpeg\",\"contentUrl\":\"https:\\\/\\\/oeilsportif.info\\\/wp-content\\\/uploads\\\/2025\\\/07\\\/cropped-cropped-logo-os-96x96.jpeg\",\"caption\":\"L'Equipe de la R\u00e9daction\"},\"url\":\"https:\\\/\\\/oeilsportif.info\\\/index.php\\\/author\\\/tawel\\\/\"}]}<\/script>\n<!-- \/ Yoast SEO plugin. -->","yoast_head_json":{"title":"Coupe de la CAF : les 16 qualifi\u00e9s pour la phase de groupes - le regard du sportif","robots":{"index":"index","follow":"follow","max-snippet":"max-snippet:-1","max-image-preview":"max-image-preview:large","max-video-preview":"max-video-preview:-1"},"canonical":"https:\/\/oeilsportif.info\/index.php\/coupe-de-la-caf-les-16-qualifies-pour-la-phase-de-groupes\/","og_locale":"fr_FR","og_type":"article","og_title":"Coupe de la CAF : les 16 qualifi\u00e9s pour la phase de groupes - le regard du sportif","og_description":"La Coupe de la CAF entre dans une nouvelle phase avec l&rsquo;identification des 16 \u00e9quipes qui se battront pour le prestigieux troph\u00e9e. Malgr\u00e9 des moments tendus et des surprises lors des qualifications, les habitu\u00e9s de la comp\u00e9tition ont su tirer leur \u00e9pingle du jeu. Cette ann\u00e9e, la diversit\u00e9 des nations pr\u00e9sentes promet des rencontres \u00e9lectrisantes, [&hellip;]","og_url":"https:\/\/oeilsportif.info\/index.php\/coupe-de-la-caf-les-16-qualifies-pour-la-phase-de-groupes\/","og_site_name":"le regard du sportif","article_published_time":"2023-10-04T10:35:58+00:00","og_image":[{"width":1024,"height":683,"url":"https:\/\/oeilsportif.info\/wp-content\/uploads\/2023\/10\/iconsport-73757535-1024x683.jpg.webp","type":"image\/webp"}],"author":"L'Equipe de la R\u00e9daction","twitter_misc":{"\u00c9crit par":"L'Equipe de la R\u00e9daction","Dur\u00e9e de lecture estim\u00e9e":"2 minutes"},"schema":{"@context":"https:\/\/schema.org","@graph":[{"@type":"Article","@id":"https:\/\/oeilsportif.info\/index.php\/coupe-de-la-caf-les-16-qualifies-pour-la-phase-de-groupes\/#article","isPartOf":{"@id":"https:\/\/oeilsportif.info\/index.php\/coupe-de-la-caf-les-16-qualifies-pour-la-phase-de-groupes\/"},"author":{"name":"L'Equipe de la R\u00e9daction","@id":"https:\/\/oeilsportif.info\/#\/schema\/person\/cfbded294aa6095f7d96608d7905e9a1"},"headline":"Coupe de la CAF : les 16 qualifi\u00e9s pour la phase de groupes","datePublished":"2023-10-04T10:35:58+00:00","mainEntityOfPage":{"@id":"https:\/\/oeilsportif.info\/index.php\/coupe-de-la-caf-les-16-qualifies-pour-la-phase-de-groupes\/"},"wordCount":334,"image":{"@id":"https:\/\/oeilsportif.info\/index.php\/coupe-de-la-caf-les-16-qualifies-pour-la-phase-de-groupes\/#primaryimage"},"thumbnailUrl":"https:\/\/i0.wp.com\/oeilsportif.info\/wp-content\/uploads\/2023\/10\/iconsport-73757535-1024x683.jpg.webp?fit=1024%2C683&ssl=1","articleSection":["Actualit\u00e9","Football"],"inLanguage":"fr-FR"},{"@type":"WebPage","@id":"https:\/\/oeilsportif.info\/index.php\/coupe-de-la-caf-les-16-qualifies-pour-la-phase-de-groupes\/","url":"https:\/\/oeilsportif.info\/index.php\/coupe-de-la-caf-les-16-qualifies-pour-la-phase-de-groupes\/","name":"Coupe de la CAF : les 16 qualifi\u00e9s pour la phase de groupes - le regard du sportif","isPartOf":{"@id":"https:\/\/oeilsportif.info\/#website"},"primaryImageOfPage":{"@id":"https:\/\/oeilsportif.info\/index.php\/coupe-de-la-caf-les-16-qualifies-pour-la-phase-de-groupes\/#primaryimage"},"image":{"@id":"https:\/\/oeilsportif.info\/index.php\/coupe-de-la-caf-les-16-qualifies-pour-la-phase-de-groupes\/#primaryimage"},"thumbnailUrl":"https:\/\/i0.wp.com\/oeilsportif.info\/wp-content\/uploads\/2023\/10\/iconsport-73757535-1024x683.jpg.webp?fit=1024%2C683&ssl=1","datePublished":"2023-10-04T10:35:58+00:00","author":{"@id":"https:\/\/oeilsportif.info\/#\/schema\/person\/cfbded294aa6095f7d96608d7905e9a1"},"inLanguage":"fr-FR","potentialAction":[{"@type":"ReadAction","target":["https:\/\/oeilsportif.info\/index.php\/coupe-de-la-caf-les-16-qualifies-pour-la-phase-de-groupes\/"]}]},{"@type":"ImageObject","inLanguage":"fr-FR","@id":"https:\/\/oeilsportif.info\/index.php\/coupe-de-la-caf-les-16-qualifies-pour-la-phase-de-groupes\/#primaryimage","url":"https:\/\/i0.wp.com\/oeilsportif.info\/wp-content\/uploads\/2023\/10\/iconsport-73757535-1024x683.jpg.webp?fit=1024%2C683&ssl=1","contentUrl":"https:\/\/i0.wp.com\/oeilsportif.info\/wp-content\/uploads\/2023\/10\/iconsport-73757535-1024x683.jpg.webp?fit=1024%2C683&ssl=1","width":1024,"height":683},{"@type":"WebSite","@id":"https:\/\/oeilsportif.info\/#website","url":"https:\/\/oeilsportif.info\/","name":"le regard du sportif","description":"","potentialAction":[{"@type":"SearchAction","target":{"@type":"EntryPoint","urlTemplate":"https:\/\/oeilsportif.info\/?s={search_term_string}"},"query-input":{"@type":"PropertyValueSpecification","valueRequired":true,"valueName":"search_term_string"}}],"inLanguage":"fr-FR"},{"@type":"Person","@id":"https:\/\/oeilsportif.info\/#\/schema\/person\/cfbded294aa6095f7d96608d7905e9a1","name":"L'Equipe de la R\u00e9daction","image":{"@type":"ImageObject","inLanguage":"fr-FR","@id":"https:\/\/oeilsportif.info\/wp-content\/uploads\/2025\/07\/cropped-cropped-logo-os-96x96.jpeg","url":"https:\/\/oeilsportif.info\/wp-content\/uploads\/2025\/07\/cropped-cropped-logo-os-96x96.jpeg","contentUrl":"https:\/\/oeilsportif.info\/wp-content\/uploads\/2025\/07\/cropped-cropped-logo-os-96x96.jpeg","caption":"L'Equipe de la R\u00e9daction"},"url":"https:\/\/oeilsportif.info\/index.php\/author\/tawel\/"}]}},"jetpack_publicize_connections":[],"jetpack_featured_media_url":"https:\/\/i0.wp.com\/oeilsportif.info\/wp-content\/uploads\/2023\/10\/iconsport-73757535-1024x683.jpg.webp?fit=1024%2C683&ssl=1","jetpack-related-posts":[],"jetpack_sharing_enabled":true,"jetpack_likes_enabled":true,"jetpack_shortlink":"https:\/\/wp.me\/pgFE77-VZ","_links":{"self":[{"href":"https:\/\/oeilsportif.info\/index.php\/wp-json\/wp\/v2\/posts\/3595","targetHints":{"allow":["GET"]}}],"collection":[{"href":"https:\/\/oeilsportif.info\/index.php\/wp-json\/wp\/v2\/posts"}],"about":[{"href":"https:\/\/oeilsportif.info\/index.php\/wp-json\/wp\/v2\/types\/post"}],"author":[{"embeddable":true,"href":"https:\/\/oeilsportif.info\/index.php\/wp-json\/wp\/v2\/users\/2"}],"replies":[{"embeddable":true,"href":"https:\/\/oeilsportif.info\/index.php\/wp-json\/wp\/v2\/comments?post=3595"}],"version-history":[{"count":0,"href":"https:\/\/oeilsportif.info\/index.php\/wp-json\/wp\/v2\/posts\/3595\/revisions"}],"wp:featuredmedia":[{"embeddable":true,"href":"https:\/\/oeilsportif.info\/index.php\/wp-json\/wp\/v2\/media\/3596"}],"wp:attachment":[{"href":"https:\/\/oeilsportif.info\/index.php\/wp-json\/wp\/v2\/media?parent=3595"}],"wp:term":[{"taxonomy":"category","embeddable":true,"href":"https:\/\/oeilsportif.info\/index.php\/wp-json\/wp\/v2\/categories?post=3595"},{"taxonomy":"post_tag","embeddable":true,"href":"https:\/\/oeilsportif.info\/index.php\/wp-json\/wp\/v2\/tags?post=3595"}],"curies":[{"name":"wp","href":"https:\/\/api.w.org\/{rel}","templated":true}]}}