{"id":3589,"date":"2023-10-04T10:32:50","date_gmt":"2023-10-04T10:32:50","guid":{"rendered":"https:\/\/oeilsportif.info\/index.php\/?p=3589"},"modified":"2023-10-04T10:32:50","modified_gmt":"2023-10-04T10:32:50","slug":"vinicius-jr-plus-fort-que-ronaldo-la-stat-folle-qui-latteste","status":"publish","type":"post","link":"https:\/\/oeilsportif.info\/index.php\/vinicius-jr-plus-fort-que-ronaldo-la-stat-folle-qui-latteste\/","title":{"rendered":"Vinicius Jr plus fort que Ronaldo : la stat folle qui l\u2019atteste !"},"content":{"rendered":"<p><strong>Vinicius Jr continue sur sa bonne lanc\u00e9e de la saison derni\u00e8re. Pour son retour en Ligue des Champions, le Br\u00e9silien a frapp\u00e9 fort.<\/strong><\/p>\n<p>C\u2019est comme s\u2019il n\u2019\u00e9tait jamais bless\u00e9. De retour dans le groupe du Real Madrid, ce dernier jouait ce mardi soir son premier match de la saison en Ligue des Champions. Contre Naples, le Br\u00e9silien a \u00e9t\u00e9 l\u2019auteur du but \u00e9galisateur sur une passe d\u00e9cisive de Jude Bellingham. Et ce but va faire rentrer un peu plus Vinicius Jr dans l\u2019histoire de la Casa Blanca.<\/p>\n<p>En effet, en marquant ce soir, Vinicius Jr est devenu le meilleur buteur Br\u00e9silien du Real Madrid en Ligue des Champions. Vini en est \u00e0 16 buts, \u00e0 \u00e9galit\u00e9 avec Roberto Carlos. Des chiffres dingues pour l\u2019attaquant de 23 ans, bien mieux que la l\u00e9gende Ronaldo Nazario qui a aussi port\u00e9 les couleurs du Real Madrid.<\/p>\n<p>Source : Coton sport<\/p>\n<p>&nbsp;<\/p>\n","protected":false},"excerpt":{"rendered":"<p>Vinicius Jr continue sur sa bonne lanc\u00e9e de la saison derni\u00e8re. Pour son retour en Ligue des Champions, le Br\u00e9silien a frapp\u00e9 fort. C\u2019est comme s\u2019il n\u2019\u00e9tait jamais bless\u00e9. De retour dans le groupe du Real Madrid, ce dernier jouait ce mardi soir son premier match de la saison en Ligue des Champions. Contre Naples, [&hellip;]<\/p>\n","protected":false},"author":2,"featured_media":3590,"comment_status":"closed","ping_status":"open","sticky":false,"template":"","format":"standard","meta":{"_jetpack_memberships_contains_paid_content":false,"footnotes":"","jetpack_publicize_message":"","jetpack_publicize_feature_enabled":true,"jetpack_social_post_already_shared":true,"jetpack_social_options":{"image_generator_settings":{"template":"highway","default_image_id":0,"font":"","enabled":false},"version":2}},"categories":[10,5],"tags":[],"class_list":{"0":"post-3589","1":"post","2":"type-post","3":"status-publish","4":"format-standard","5":"has-post-thumbnail","7":"category-actualite","8":"category-football"},"yoast_head":"<!-- This site is optimized with the Yoast SEO plugin v27.5 - https:\/\/yoast.com\/product\/yoast-seo-wordpress\/ -->\n<title>Vinicius Jr plus fort que Ronaldo : la stat folle qui l\u2019atteste ! - le regard du sportif<\/title>\n<meta name=\"robots\" content=\"index, follow, max-snippet:-1, max-image-preview:large, max-video-preview:-1\" \/>\n<link rel=\"canonical\" href=\"https:\/\/oeilsportif.info\/index.php\/vinicius-jr-plus-fort-que-ronaldo-la-stat-folle-qui-latteste\/\" \/>\n<meta property=\"og:locale\" content=\"fr_FR\" \/>\n<meta property=\"og:type\" content=\"article\" \/>\n<meta property=\"og:title\" content=\"Vinicius Jr plus fort que Ronaldo : la stat folle qui l\u2019atteste ! - le regard du sportif\" \/>\n<meta property=\"og:description\" content=\"Vinicius Jr continue sur sa bonne lanc\u00e9e de la saison derni\u00e8re. Pour son retour en Ligue des Champions, le Br\u00e9silien a frapp\u00e9 fort. C\u2019est comme s\u2019il n\u2019\u00e9tait jamais bless\u00e9. De retour dans le groupe du Real Madrid, ce dernier jouait ce mardi soir son premier match de la saison en Ligue des Champions. Contre Naples, [&hellip;]\" \/>\n<meta property=\"og:url\" content=\"https:\/\/oeilsportif.info\/index.php\/vinicius-jr-plus-fort-que-ronaldo-la-stat-folle-qui-latteste\/\" \/>\n<meta property=\"og:site_name\" content=\"le regard du sportif\" \/>\n<meta property=\"article:published_time\" content=\"2023-10-04T10:32:50+00:00\" \/>\n<meta property=\"og:image\" content=\"https:\/\/oeilsportif.info\/wp-content\/uploads\/2023\/10\/Vinicius-Junior-Real-Madrid.jpg\" \/>\n\t<meta property=\"og:image:width\" content=\"2001\" \/>\n\t<meta property=\"og:image:height\" content=\"1334\" \/>\n\t<meta property=\"og:image:type\" content=\"image\/jpeg\" \/>\n<meta name=\"author\" content=\"L&#039;Equipe de la R\u00e9daction\" \/>\n<meta name=\"twitter:label1\" content=\"\u00c9crit par\" \/>\n\t<meta name=\"twitter:data1\" content=\"L&#039;Equipe de la R\u00e9daction\" \/>\n\t<meta name=\"twitter:label2\" content=\"Dur\u00e9e de lecture estim\u00e9e\" \/>\n\t<meta name=\"twitter:data2\" content=\"1 minute\" \/>\n<script type=\"application\/ld+json\" class=\"yoast-schema-graph\">{\"@context\":\"https:\\\/\\\/schema.org\",\"@graph\":[{\"@type\":\"Article\",\"@id\":\"https:\\\/\\\/oeilsportif.info\\\/index.php\\\/vinicius-jr-plus-fort-que-ronaldo-la-stat-folle-qui-latteste\\\/#article\",\"isPartOf\":{\"@id\":\"https:\\\/\\\/oeilsportif.info\\\/index.php\\\/vinicius-jr-plus-fort-que-ronaldo-la-stat-folle-qui-latteste\\\/\"},\"author\":{\"name\":\"L'Equipe de la R\u00e9daction\",\"@id\":\"https:\\\/\\\/oeilsportif.info\\\/#\\\/schema\\\/person\\\/cfbded294aa6095f7d96608d7905e9a1\"},\"headline\":\"Vinicius Jr plus fort que Ronaldo : la stat folle qui l\u2019atteste !\",\"datePublished\":\"2023-10-04T10:32:50+00:00\",\"mainEntityOfPage\":{\"@id\":\"https:\\\/\\\/oeilsportif.info\\\/index.php\\\/vinicius-jr-plus-fort-que-ronaldo-la-stat-folle-qui-latteste\\\/\"},\"wordCount\":168,\"image\":{\"@id\":\"https:\\\/\\\/oeilsportif.info\\\/index.php\\\/vinicius-jr-plus-fort-que-ronaldo-la-stat-folle-qui-latteste\\\/#primaryimage\"},\"thumbnailUrl\":\"https:\\\/\\\/i0.wp.com\\\/oeilsportif.info\\\/wp-content\\\/uploads\\\/2023\\\/10\\\/Vinicius-Junior-Real-Madrid.jpg?fit=2001%2C1334&ssl=1\",\"articleSection\":[\"Actualit\u00e9\",\"Football\"],\"inLanguage\":\"fr-FR\"},{\"@type\":\"WebPage\",\"@id\":\"https:\\\/\\\/oeilsportif.info\\\/index.php\\\/vinicius-jr-plus-fort-que-ronaldo-la-stat-folle-qui-latteste\\\/\",\"url\":\"https:\\\/\\\/oeilsportif.info\\\/index.php\\\/vinicius-jr-plus-fort-que-ronaldo-la-stat-folle-qui-latteste\\\/\",\"name\":\"Vinicius Jr plus fort que Ronaldo : la stat folle qui l\u2019atteste ! - le regard du sportif\",\"isPartOf\":{\"@id\":\"https:\\\/\\\/oeilsportif.info\\\/#website\"},\"primaryImageOfPage\":{\"@id\":\"https:\\\/\\\/oeilsportif.info\\\/index.php\\\/vinicius-jr-plus-fort-que-ronaldo-la-stat-folle-qui-latteste\\\/#primaryimage\"},\"image\":{\"@id\":\"https:\\\/\\\/oeilsportif.info\\\/index.php\\\/vinicius-jr-plus-fort-que-ronaldo-la-stat-folle-qui-latteste\\\/#primaryimage\"},\"thumbnailUrl\":\"https:\\\/\\\/i0.wp.com\\\/oeilsportif.info\\\/wp-content\\\/uploads\\\/2023\\\/10\\\/Vinicius-Junior-Real-Madrid.jpg?fit=2001%2C1334&ssl=1\",\"datePublished\":\"2023-10-04T10:32:50+00:00\",\"author\":{\"@id\":\"https:\\\/\\\/oeilsportif.info\\\/#\\\/schema\\\/person\\\/cfbded294aa6095f7d96608d7905e9a1\"},\"inLanguage\":\"fr-FR\",\"potentialAction\":[{\"@type\":\"ReadAction\",\"target\":[\"https:\\\/\\\/oeilsportif.info\\\/index.php\\\/vinicius-jr-plus-fort-que-ronaldo-la-stat-folle-qui-latteste\\\/\"]}]},{\"@type\":\"ImageObject\",\"inLanguage\":\"fr-FR\",\"@id\":\"https:\\\/\\\/oeilsportif.info\\\/index.php\\\/vinicius-jr-plus-fort-que-ronaldo-la-stat-folle-qui-latteste\\\/#primaryimage\",\"url\":\"https:\\\/\\\/i0.wp.com\\\/oeilsportif.info\\\/wp-content\\\/uploads\\\/2023\\\/10\\\/Vinicius-Junior-Real-Madrid.jpg?fit=2001%2C1334&ssl=1\",\"contentUrl\":\"https:\\\/\\\/i0.wp.com\\\/oeilsportif.info\\\/wp-content\\\/uploads\\\/2023\\\/10\\\/Vinicius-Junior-Real-Madrid.jpg?fit=2001%2C1334&ssl=1\",\"width\":2001,\"height\":1334},{\"@type\":\"WebSite\",\"@id\":\"https:\\\/\\\/oeilsportif.info\\\/#website\",\"url\":\"https:\\\/\\\/oeilsportif.info\\\/\",\"name\":\"le regard du sportif\",\"description\":\"\",\"potentialAction\":[{\"@type\":\"SearchAction\",\"target\":{\"@type\":\"EntryPoint\",\"urlTemplate\":\"https:\\\/\\\/oeilsportif.info\\\/?s={search_term_string}\"},\"query-input\":{\"@type\":\"PropertyValueSpecification\",\"valueRequired\":true,\"valueName\":\"search_term_string\"}}],\"inLanguage\":\"fr-FR\"},{\"@type\":\"Person\",\"@id\":\"https:\\\/\\\/oeilsportif.info\\\/#\\\/schema\\\/person\\\/cfbded294aa6095f7d96608d7905e9a1\",\"name\":\"L'Equipe de la R\u00e9daction\",\"image\":{\"@type\":\"ImageObject\",\"inLanguage\":\"fr-FR\",\"@id\":\"https:\\\/\\\/oeilsportif.info\\\/wp-content\\\/uploads\\\/2025\\\/07\\\/cropped-cropped-logo-os-96x96.jpeg\",\"url\":\"https:\\\/\\\/oeilsportif.info\\\/wp-content\\\/uploads\\\/2025\\\/07\\\/cropped-cropped-logo-os-96x96.jpeg\",\"contentUrl\":\"https:\\\/\\\/oeilsportif.info\\\/wp-content\\\/uploads\\\/2025\\\/07\\\/cropped-cropped-logo-os-96x96.jpeg\",\"caption\":\"L'Equipe de la R\u00e9daction\"},\"url\":\"https:\\\/\\\/oeilsportif.info\\\/index.php\\\/author\\\/tawel\\\/\"}]}<\/script>\n<!-- \/ Yoast SEO plugin. -->","yoast_head_json":{"title":"Vinicius Jr plus fort que Ronaldo : la stat folle qui l\u2019atteste ! - le regard du sportif","robots":{"index":"index","follow":"follow","max-snippet":"max-snippet:-1","max-image-preview":"max-image-preview:large","max-video-preview":"max-video-preview:-1"},"canonical":"https:\/\/oeilsportif.info\/index.php\/vinicius-jr-plus-fort-que-ronaldo-la-stat-folle-qui-latteste\/","og_locale":"fr_FR","og_type":"article","og_title":"Vinicius Jr plus fort que Ronaldo : la stat folle qui l\u2019atteste ! - le regard du sportif","og_description":"Vinicius Jr continue sur sa bonne lanc\u00e9e de la saison derni\u00e8re. Pour son retour en Ligue des Champions, le Br\u00e9silien a frapp\u00e9 fort. C\u2019est comme s\u2019il n\u2019\u00e9tait jamais bless\u00e9. De retour dans le groupe du Real Madrid, ce dernier jouait ce mardi soir son premier match de la saison en Ligue des Champions. Contre Naples, [&hellip;]","og_url":"https:\/\/oeilsportif.info\/index.php\/vinicius-jr-plus-fort-que-ronaldo-la-stat-folle-qui-latteste\/","og_site_name":"le regard du sportif","article_published_time":"2023-10-04T10:32:50+00:00","og_image":[{"width":2001,"height":1334,"url":"https:\/\/oeilsportif.info\/wp-content\/uploads\/2023\/10\/Vinicius-Junior-Real-Madrid.jpg","type":"image\/jpeg"}],"author":"L'Equipe de la R\u00e9daction","twitter_misc":{"\u00c9crit par":"L'Equipe de la R\u00e9daction","Dur\u00e9e de lecture estim\u00e9e":"1 minute"},"schema":{"@context":"https:\/\/schema.org","@graph":[{"@type":"Article","@id":"https:\/\/oeilsportif.info\/index.php\/vinicius-jr-plus-fort-que-ronaldo-la-stat-folle-qui-latteste\/#article","isPartOf":{"@id":"https:\/\/oeilsportif.info\/index.php\/vinicius-jr-plus-fort-que-ronaldo-la-stat-folle-qui-latteste\/"},"author":{"name":"L'Equipe de la R\u00e9daction","@id":"https:\/\/oeilsportif.info\/#\/schema\/person\/cfbded294aa6095f7d96608d7905e9a1"},"headline":"Vinicius Jr plus fort que Ronaldo : la stat folle qui l\u2019atteste !","datePublished":"2023-10-04T10:32:50+00:00","mainEntityOfPage":{"@id":"https:\/\/oeilsportif.info\/index.php\/vinicius-jr-plus-fort-que-ronaldo-la-stat-folle-qui-latteste\/"},"wordCount":168,"image":{"@id":"https:\/\/oeilsportif.info\/index.php\/vinicius-jr-plus-fort-que-ronaldo-la-stat-folle-qui-latteste\/#primaryimage"},"thumbnailUrl":"https:\/\/i0.wp.com\/oeilsportif.info\/wp-content\/uploads\/2023\/10\/Vinicius-Junior-Real-Madrid.jpg?fit=2001%2C1334&ssl=1","articleSection":["Actualit\u00e9","Football"],"inLanguage":"fr-FR"},{"@type":"WebPage","@id":"https:\/\/oeilsportif.info\/index.php\/vinicius-jr-plus-fort-que-ronaldo-la-stat-folle-qui-latteste\/","url":"https:\/\/oeilsportif.info\/index.php\/vinicius-jr-plus-fort-que-ronaldo-la-stat-folle-qui-latteste\/","name":"Vinicius Jr plus fort que Ronaldo : la stat folle qui l\u2019atteste ! - le regard du sportif","isPartOf":{"@id":"https:\/\/oeilsportif.info\/#website"},"primaryImageOfPage":{"@id":"https:\/\/oeilsportif.info\/index.php\/vinicius-jr-plus-fort-que-ronaldo-la-stat-folle-qui-latteste\/#primaryimage"},"image":{"@id":"https:\/\/oeilsportif.info\/index.php\/vinicius-jr-plus-fort-que-ronaldo-la-stat-folle-qui-latteste\/#primaryimage"},"thumbnailUrl":"https:\/\/i0.wp.com\/oeilsportif.info\/wp-content\/uploads\/2023\/10\/Vinicius-Junior-Real-Madrid.jpg?fit=2001%2C1334&ssl=1","datePublished":"2023-10-04T10:32:50+00:00","author":{"@id":"https:\/\/oeilsportif.info\/#\/schema\/person\/cfbded294aa6095f7d96608d7905e9a1"},"inLanguage":"fr-FR","potentialAction":[{"@type":"ReadAction","target":["https:\/\/oeilsportif.info\/index.php\/vinicius-jr-plus-fort-que-ronaldo-la-stat-folle-qui-latteste\/"]}]},{"@type":"ImageObject","inLanguage":"fr-FR","@id":"https:\/\/oeilsportif.info\/index.php\/vinicius-jr-plus-fort-que-ronaldo-la-stat-folle-qui-latteste\/#primaryimage","url":"https:\/\/i0.wp.com\/oeilsportif.info\/wp-content\/uploads\/2023\/10\/Vinicius-Junior-Real-Madrid.jpg?fit=2001%2C1334&ssl=1","contentUrl":"https:\/\/i0.wp.com\/oeilsportif.info\/wp-content\/uploads\/2023\/10\/Vinicius-Junior-Real-Madrid.jpg?fit=2001%2C1334&ssl=1","width":2001,"height":1334},{"@type":"WebSite","@id":"https:\/\/oeilsportif.info\/#website","url":"https:\/\/oeilsportif.info\/","name":"le regard du sportif","description":"","potentialAction":[{"@type":"SearchAction","target":{"@type":"EntryPoint","urlTemplate":"https:\/\/oeilsportif.info\/?s={search_term_string}"},"query-input":{"@type":"PropertyValueSpecification","valueRequired":true,"valueName":"search_term_string"}}],"inLanguage":"fr-FR"},{"@type":"Person","@id":"https:\/\/oeilsportif.info\/#\/schema\/person\/cfbded294aa6095f7d96608d7905e9a1","name":"L'Equipe de la R\u00e9daction","image":{"@type":"ImageObject","inLanguage":"fr-FR","@id":"https:\/\/oeilsportif.info\/wp-content\/uploads\/2025\/07\/cropped-cropped-logo-os-96x96.jpeg","url":"https:\/\/oeilsportif.info\/wp-content\/uploads\/2025\/07\/cropped-cropped-logo-os-96x96.jpeg","contentUrl":"https:\/\/oeilsportif.info\/wp-content\/uploads\/2025\/07\/cropped-cropped-logo-os-96x96.jpeg","caption":"L'Equipe de la R\u00e9daction"},"url":"https:\/\/oeilsportif.info\/index.php\/author\/tawel\/"}]}},"jetpack_publicize_connections":[],"jetpack_featured_media_url":"https:\/\/i0.wp.com\/oeilsportif.info\/wp-content\/uploads\/2023\/10\/Vinicius-Junior-Real-Madrid.jpg?fit=2001%2C1334&ssl=1","jetpack-related-posts":[],"jetpack_sharing_enabled":true,"jetpack_likes_enabled":true,"jetpack_shortlink":"https:\/\/wp.me\/pgFE77-VT","_links":{"self":[{"href":"https:\/\/oeilsportif.info\/index.php\/wp-json\/wp\/v2\/posts\/3589","targetHints":{"allow":["GET"]}}],"collection":[{"href":"https:\/\/oeilsportif.info\/index.php\/wp-json\/wp\/v2\/posts"}],"about":[{"href":"https:\/\/oeilsportif.info\/index.php\/wp-json\/wp\/v2\/types\/post"}],"author":[{"embeddable":true,"href":"https:\/\/oeilsportif.info\/index.php\/wp-json\/wp\/v2\/users\/2"}],"replies":[{"embeddable":true,"href":"https:\/\/oeilsportif.info\/index.php\/wp-json\/wp\/v2\/comments?post=3589"}],"version-history":[{"count":0,"href":"https:\/\/oeilsportif.info\/index.php\/wp-json\/wp\/v2\/posts\/3589\/revisions"}],"wp:featuredmedia":[{"embeddable":true,"href":"https:\/\/oeilsportif.info\/index.php\/wp-json\/wp\/v2\/media\/3590"}],"wp:attachment":[{"href":"https:\/\/oeilsportif.info\/index.php\/wp-json\/wp\/v2\/media?parent=3589"}],"wp:term":[{"taxonomy":"category","embeddable":true,"href":"https:\/\/oeilsportif.info\/index.php\/wp-json\/wp\/v2\/categories?post=3589"},{"taxonomy":"post_tag","embeddable":true,"href":"https:\/\/oeilsportif.info\/index.php\/wp-json\/wp\/v2\/tags?post=3589"}],"curies":[{"name":"wp","href":"https:\/\/api.w.org\/{rel}","templated":true}]}}