{"id":3582,"date":"2023-10-04T10:28:44","date_gmt":"2023-10-04T10:28:44","guid":{"rendered":"https:\/\/oeilsportif.info\/index.php\/?p=3582"},"modified":"2023-10-04T10:28:44","modified_gmt":"2023-10-04T10:28:44","slug":"manchester-united-onana-se-rate-encore-ten-hag-reagit","status":"publish","type":"post","link":"https:\/\/oeilsportif.info\/index.php\/manchester-united-onana-se-rate-encore-ten-hag-reagit\/","title":{"rendered":"Manchester United : Onana se rate encore, Ten Hag r\u00e9agit"},"content":{"rendered":"<p><strong>Andr\u00e9 Onana, pourtant reconnu pour son jeu au pied, a commis une nouvelle erreur lors du match de son \u00e9quipe de Manchester United contre Galatasaray mardi (d\u00e9faite 2-3) en Ligue des champions, entra\u00eenant un penalty. Le Lion Indomptable est dans le dur et \u00e7a fait un moment que \u00e7a dure\u2026<\/strong><\/p>\n<p>Auteur d&rsquo;une passe malavis\u00e9e dans l&rsquo;axe, qui a \u00e9t\u00e9 intercept\u00e9e, Onana a \u00e9t\u00e9 bien peu inspir\u00e9 sur ce coup-l\u00e0. Cette erreur a conduit a une r\u00e9cup\u00e9ration de balle des Turcs puis \u00e0 un penalty en leur faveur, finalement rat\u00e9 par Mauro Icardi. Cette saison est loin d&rsquo;\u00eatre la meilleure pour le portier camerounais de 27 ans, pourtant arriv\u00e9 cet \u00e9t\u00e9 avec un statut de superstar au poste de gardien de but. Avec six d\u00e9faites en dix matches toutes comp\u00e9titions confondues, les Red Devils peinent \u00e0 trouver leur meilleure forme. Et avec 18 pions encaiss\u00e9s depuis son arriv\u00e9e, les doutes envers le niveau de jeu d&rsquo;Onana continuent de grimper.<\/p>\n<p>\u201cll se rel\u00e8vera, j&rsquo;en suis s\u00fbr\u201d<br \/>\nFace \u00e0 la tourmente, le coach de Manchester United, Eric Ten Hag, a tenu \u00e0 apporter son soutien \u00e0 son gardien. \u201cJe vais encourager Onana, je le soutiendrai \u2014 je serai derri\u00e8re lui.\u201d a ainsi expliqu\u00e9 le technicien n\u00e9erlandais apr\u00e8s la rencontre. Reconnaissant la valeur de son portier, le coach de 53 ans a ajout\u00e9 : \u201cC&rsquo;est un excellent gardien de but. Il peut \u00eatre l&rsquo;un des meilleurs au monde.\u201d Malgr\u00e9 ces erreurs, Ten Hag reste convaincu des capacit\u00e9s et de la personnalit\u00e9 de son joueur, \u201cNous avons d\u00e9j\u00e0 vu les grandes capacit\u00e9s d&rsquo;Onana ainsi que sa personnalit\u00e9. Il se rel\u00e8vera, j&rsquo;en suis s\u00fbr.\u201d Reste \u00e0 voir si le soutien de son coach aidera l&rsquo;ancien dernier rempart de l&rsquo;Inter Milan \u00e0 retrouver sa meilleure forme et \u00e0 surmonter cette p\u00e9riode difficile sur le plan individuel comme collectif.<\/p>\n<p>Source : Afrik-Foot<\/p>\n<p>&nbsp;<\/p>\n","protected":false},"excerpt":{"rendered":"<p>Andr\u00e9 Onana, pourtant reconnu pour son jeu au pied, a commis une nouvelle erreur lors du match de son \u00e9quipe de Manchester United contre Galatasaray mardi (d\u00e9faite 2-3) en Ligue des champions, entra\u00eenant un penalty. Le Lion Indomptable est dans le dur et \u00e7a fait un moment que \u00e7a dure\u2026 Auteur d&rsquo;une passe malavis\u00e9e dans [&hellip;]<\/p>\n","protected":false},"author":2,"featured_media":3583,"comment_status":"closed","ping_status":"open","sticky":false,"template":"","format":"standard","meta":{"_jetpack_memberships_contains_paid_content":false,"footnotes":"","jetpack_publicize_message":"","jetpack_publicize_feature_enabled":true,"jetpack_social_post_already_shared":true,"jetpack_social_options":{"image_generator_settings":{"template":"highway","default_image_id":0,"font":"","enabled":false},"version":2}},"categories":[10,5],"tags":[],"class_list":{"0":"post-3582","1":"post","2":"type-post","3":"status-publish","4":"format-standard","5":"has-post-thumbnail","7":"category-actualite","8":"category-football"},"yoast_head":"<!-- This site is optimized with the Yoast SEO plugin v27.5 - https:\/\/yoast.com\/product\/yoast-seo-wordpress\/ -->\n<title>Manchester United : Onana se rate encore, Ten Hag r\u00e9agit - le regard du sportif<\/title>\n<meta name=\"robots\" content=\"index, follow, max-snippet:-1, max-image-preview:large, max-video-preview:-1\" \/>\n<link rel=\"canonical\" href=\"https:\/\/oeilsportif.info\/index.php\/manchester-united-onana-se-rate-encore-ten-hag-reagit\/\" \/>\n<meta property=\"og:locale\" content=\"fr_FR\" \/>\n<meta property=\"og:type\" content=\"article\" \/>\n<meta property=\"og:title\" content=\"Manchester United : Onana se rate encore, Ten Hag r\u00e9agit - le regard du sportif\" \/>\n<meta property=\"og:description\" content=\"Andr\u00e9 Onana, pourtant reconnu pour son jeu au pied, a commis une nouvelle erreur lors du match de son \u00e9quipe de Manchester United contre Galatasaray mardi (d\u00e9faite 2-3) en Ligue des champions, entra\u00eenant un penalty. Le Lion Indomptable est dans le dur et \u00e7a fait un moment que \u00e7a dure\u2026 Auteur d&rsquo;une passe malavis\u00e9e dans [&hellip;]\" \/>\n<meta property=\"og:url\" content=\"https:\/\/oeilsportif.info\/index.php\/manchester-united-onana-se-rate-encore-ten-hag-reagit\/\" \/>\n<meta property=\"og:site_name\" content=\"le regard du sportif\" \/>\n<meta property=\"article:published_time\" content=\"2023-10-04T10:28:44+00:00\" \/>\n<meta property=\"og:image\" content=\"https:\/\/oeilsportif.info\/wp-content\/uploads\/2023\/10\/iconsport-mis-200923bfrf048-1024x642.jpg.webp\" \/>\n\t<meta property=\"og:image:width\" content=\"1024\" \/>\n\t<meta property=\"og:image:height\" content=\"642\" \/>\n\t<meta property=\"og:image:type\" content=\"image\/webp\" \/>\n<meta name=\"author\" content=\"L&#039;Equipe de la R\u00e9daction\" \/>\n<meta name=\"twitter:label1\" content=\"\u00c9crit par\" \/>\n\t<meta name=\"twitter:data1\" content=\"L&#039;Equipe de la R\u00e9daction\" \/>\n\t<meta name=\"twitter:label2\" content=\"Dur\u00e9e de lecture estim\u00e9e\" \/>\n\t<meta name=\"twitter:data2\" content=\"2 minutes\" \/>\n<script type=\"application\/ld+json\" class=\"yoast-schema-graph\">{\"@context\":\"https:\\\/\\\/schema.org\",\"@graph\":[{\"@type\":\"Article\",\"@id\":\"https:\\\/\\\/oeilsportif.info\\\/index.php\\\/manchester-united-onana-se-rate-encore-ten-hag-reagit\\\/#article\",\"isPartOf\":{\"@id\":\"https:\\\/\\\/oeilsportif.info\\\/index.php\\\/manchester-united-onana-se-rate-encore-ten-hag-reagit\\\/\"},\"author\":{\"name\":\"L'Equipe de la R\u00e9daction\",\"@id\":\"https:\\\/\\\/oeilsportif.info\\\/#\\\/schema\\\/person\\\/cfbded294aa6095f7d96608d7905e9a1\"},\"headline\":\"Manchester United : Onana se rate encore, Ten Hag r\u00e9agit\",\"datePublished\":\"2023-10-04T10:28:44+00:00\",\"mainEntityOfPage\":{\"@id\":\"https:\\\/\\\/oeilsportif.info\\\/index.php\\\/manchester-united-onana-se-rate-encore-ten-hag-reagit\\\/\"},\"wordCount\":333,\"image\":{\"@id\":\"https:\\\/\\\/oeilsportif.info\\\/index.php\\\/manchester-united-onana-se-rate-encore-ten-hag-reagit\\\/#primaryimage\"},\"thumbnailUrl\":\"https:\\\/\\\/i0.wp.com\\\/oeilsportif.info\\\/wp-content\\\/uploads\\\/2023\\\/10\\\/iconsport-mis-200923bfrf048-1024x642.jpg.webp?fit=1024%2C642&ssl=1\",\"articleSection\":[\"Actualit\u00e9\",\"Football\"],\"inLanguage\":\"fr-FR\"},{\"@type\":\"WebPage\",\"@id\":\"https:\\\/\\\/oeilsportif.info\\\/index.php\\\/manchester-united-onana-se-rate-encore-ten-hag-reagit\\\/\",\"url\":\"https:\\\/\\\/oeilsportif.info\\\/index.php\\\/manchester-united-onana-se-rate-encore-ten-hag-reagit\\\/\",\"name\":\"Manchester United : Onana se rate encore, Ten Hag r\u00e9agit - le regard du sportif\",\"isPartOf\":{\"@id\":\"https:\\\/\\\/oeilsportif.info\\\/#website\"},\"primaryImageOfPage\":{\"@id\":\"https:\\\/\\\/oeilsportif.info\\\/index.php\\\/manchester-united-onana-se-rate-encore-ten-hag-reagit\\\/#primaryimage\"},\"image\":{\"@id\":\"https:\\\/\\\/oeilsportif.info\\\/index.php\\\/manchester-united-onana-se-rate-encore-ten-hag-reagit\\\/#primaryimage\"},\"thumbnailUrl\":\"https:\\\/\\\/i0.wp.com\\\/oeilsportif.info\\\/wp-content\\\/uploads\\\/2023\\\/10\\\/iconsport-mis-200923bfrf048-1024x642.jpg.webp?fit=1024%2C642&ssl=1\",\"datePublished\":\"2023-10-04T10:28:44+00:00\",\"author\":{\"@id\":\"https:\\\/\\\/oeilsportif.info\\\/#\\\/schema\\\/person\\\/cfbded294aa6095f7d96608d7905e9a1\"},\"inLanguage\":\"fr-FR\",\"potentialAction\":[{\"@type\":\"ReadAction\",\"target\":[\"https:\\\/\\\/oeilsportif.info\\\/index.php\\\/manchester-united-onana-se-rate-encore-ten-hag-reagit\\\/\"]}]},{\"@type\":\"ImageObject\",\"inLanguage\":\"fr-FR\",\"@id\":\"https:\\\/\\\/oeilsportif.info\\\/index.php\\\/manchester-united-onana-se-rate-encore-ten-hag-reagit\\\/#primaryimage\",\"url\":\"https:\\\/\\\/i0.wp.com\\\/oeilsportif.info\\\/wp-content\\\/uploads\\\/2023\\\/10\\\/iconsport-mis-200923bfrf048-1024x642.jpg.webp?fit=1024%2C642&ssl=1\",\"contentUrl\":\"https:\\\/\\\/i0.wp.com\\\/oeilsportif.info\\\/wp-content\\\/uploads\\\/2023\\\/10\\\/iconsport-mis-200923bfrf048-1024x642.jpg.webp?fit=1024%2C642&ssl=1\",\"width\":1024,\"height\":642},{\"@type\":\"WebSite\",\"@id\":\"https:\\\/\\\/oeilsportif.info\\\/#website\",\"url\":\"https:\\\/\\\/oeilsportif.info\\\/\",\"name\":\"le regard du sportif\",\"description\":\"\",\"potentialAction\":[{\"@type\":\"SearchAction\",\"target\":{\"@type\":\"EntryPoint\",\"urlTemplate\":\"https:\\\/\\\/oeilsportif.info\\\/?s={search_term_string}\"},\"query-input\":{\"@type\":\"PropertyValueSpecification\",\"valueRequired\":true,\"valueName\":\"search_term_string\"}}],\"inLanguage\":\"fr-FR\"},{\"@type\":\"Person\",\"@id\":\"https:\\\/\\\/oeilsportif.info\\\/#\\\/schema\\\/person\\\/cfbded294aa6095f7d96608d7905e9a1\",\"name\":\"L'Equipe de la R\u00e9daction\",\"image\":{\"@type\":\"ImageObject\",\"inLanguage\":\"fr-FR\",\"@id\":\"https:\\\/\\\/oeilsportif.info\\\/wp-content\\\/uploads\\\/2025\\\/07\\\/cropped-cropped-logo-os-96x96.jpeg\",\"url\":\"https:\\\/\\\/oeilsportif.info\\\/wp-content\\\/uploads\\\/2025\\\/07\\\/cropped-cropped-logo-os-96x96.jpeg\",\"contentUrl\":\"https:\\\/\\\/oeilsportif.info\\\/wp-content\\\/uploads\\\/2025\\\/07\\\/cropped-cropped-logo-os-96x96.jpeg\",\"caption\":\"L'Equipe de la R\u00e9daction\"},\"url\":\"https:\\\/\\\/oeilsportif.info\\\/index.php\\\/author\\\/tawel\\\/\"}]}<\/script>\n<!-- \/ Yoast SEO plugin. -->","yoast_head_json":{"title":"Manchester United : Onana se rate encore, Ten Hag r\u00e9agit - le regard du sportif","robots":{"index":"index","follow":"follow","max-snippet":"max-snippet:-1","max-image-preview":"max-image-preview:large","max-video-preview":"max-video-preview:-1"},"canonical":"https:\/\/oeilsportif.info\/index.php\/manchester-united-onana-se-rate-encore-ten-hag-reagit\/","og_locale":"fr_FR","og_type":"article","og_title":"Manchester United : Onana se rate encore, Ten Hag r\u00e9agit - le regard du sportif","og_description":"Andr\u00e9 Onana, pourtant reconnu pour son jeu au pied, a commis une nouvelle erreur lors du match de son \u00e9quipe de Manchester United contre Galatasaray mardi (d\u00e9faite 2-3) en Ligue des champions, entra\u00eenant un penalty. Le Lion Indomptable est dans le dur et \u00e7a fait un moment que \u00e7a dure\u2026 Auteur d&rsquo;une passe malavis\u00e9e dans [&hellip;]","og_url":"https:\/\/oeilsportif.info\/index.php\/manchester-united-onana-se-rate-encore-ten-hag-reagit\/","og_site_name":"le regard du sportif","article_published_time":"2023-10-04T10:28:44+00:00","og_image":[{"width":1024,"height":642,"url":"https:\/\/oeilsportif.info\/wp-content\/uploads\/2023\/10\/iconsport-mis-200923bfrf048-1024x642.jpg.webp","type":"image\/webp"}],"author":"L'Equipe de la R\u00e9daction","twitter_misc":{"\u00c9crit par":"L'Equipe de la R\u00e9daction","Dur\u00e9e de lecture estim\u00e9e":"2 minutes"},"schema":{"@context":"https:\/\/schema.org","@graph":[{"@type":"Article","@id":"https:\/\/oeilsportif.info\/index.php\/manchester-united-onana-se-rate-encore-ten-hag-reagit\/#article","isPartOf":{"@id":"https:\/\/oeilsportif.info\/index.php\/manchester-united-onana-se-rate-encore-ten-hag-reagit\/"},"author":{"name":"L'Equipe de la R\u00e9daction","@id":"https:\/\/oeilsportif.info\/#\/schema\/person\/cfbded294aa6095f7d96608d7905e9a1"},"headline":"Manchester United : Onana se rate encore, Ten Hag r\u00e9agit","datePublished":"2023-10-04T10:28:44+00:00","mainEntityOfPage":{"@id":"https:\/\/oeilsportif.info\/index.php\/manchester-united-onana-se-rate-encore-ten-hag-reagit\/"},"wordCount":333,"image":{"@id":"https:\/\/oeilsportif.info\/index.php\/manchester-united-onana-se-rate-encore-ten-hag-reagit\/#primaryimage"},"thumbnailUrl":"https:\/\/i0.wp.com\/oeilsportif.info\/wp-content\/uploads\/2023\/10\/iconsport-mis-200923bfrf048-1024x642.jpg.webp?fit=1024%2C642&ssl=1","articleSection":["Actualit\u00e9","Football"],"inLanguage":"fr-FR"},{"@type":"WebPage","@id":"https:\/\/oeilsportif.info\/index.php\/manchester-united-onana-se-rate-encore-ten-hag-reagit\/","url":"https:\/\/oeilsportif.info\/index.php\/manchester-united-onana-se-rate-encore-ten-hag-reagit\/","name":"Manchester United : Onana se rate encore, Ten Hag r\u00e9agit - le regard du sportif","isPartOf":{"@id":"https:\/\/oeilsportif.info\/#website"},"primaryImageOfPage":{"@id":"https:\/\/oeilsportif.info\/index.php\/manchester-united-onana-se-rate-encore-ten-hag-reagit\/#primaryimage"},"image":{"@id":"https:\/\/oeilsportif.info\/index.php\/manchester-united-onana-se-rate-encore-ten-hag-reagit\/#primaryimage"},"thumbnailUrl":"https:\/\/i0.wp.com\/oeilsportif.info\/wp-content\/uploads\/2023\/10\/iconsport-mis-200923bfrf048-1024x642.jpg.webp?fit=1024%2C642&ssl=1","datePublished":"2023-10-04T10:28:44+00:00","author":{"@id":"https:\/\/oeilsportif.info\/#\/schema\/person\/cfbded294aa6095f7d96608d7905e9a1"},"inLanguage":"fr-FR","potentialAction":[{"@type":"ReadAction","target":["https:\/\/oeilsportif.info\/index.php\/manchester-united-onana-se-rate-encore-ten-hag-reagit\/"]}]},{"@type":"ImageObject","inLanguage":"fr-FR","@id":"https:\/\/oeilsportif.info\/index.php\/manchester-united-onana-se-rate-encore-ten-hag-reagit\/#primaryimage","url":"https:\/\/i0.wp.com\/oeilsportif.info\/wp-content\/uploads\/2023\/10\/iconsport-mis-200923bfrf048-1024x642.jpg.webp?fit=1024%2C642&ssl=1","contentUrl":"https:\/\/i0.wp.com\/oeilsportif.info\/wp-content\/uploads\/2023\/10\/iconsport-mis-200923bfrf048-1024x642.jpg.webp?fit=1024%2C642&ssl=1","width":1024,"height":642},{"@type":"WebSite","@id":"https:\/\/oeilsportif.info\/#website","url":"https:\/\/oeilsportif.info\/","name":"le regard du sportif","description":"","potentialAction":[{"@type":"SearchAction","target":{"@type":"EntryPoint","urlTemplate":"https:\/\/oeilsportif.info\/?s={search_term_string}"},"query-input":{"@type":"PropertyValueSpecification","valueRequired":true,"valueName":"search_term_string"}}],"inLanguage":"fr-FR"},{"@type":"Person","@id":"https:\/\/oeilsportif.info\/#\/schema\/person\/cfbded294aa6095f7d96608d7905e9a1","name":"L'Equipe de la R\u00e9daction","image":{"@type":"ImageObject","inLanguage":"fr-FR","@id":"https:\/\/oeilsportif.info\/wp-content\/uploads\/2025\/07\/cropped-cropped-logo-os-96x96.jpeg","url":"https:\/\/oeilsportif.info\/wp-content\/uploads\/2025\/07\/cropped-cropped-logo-os-96x96.jpeg","contentUrl":"https:\/\/oeilsportif.info\/wp-content\/uploads\/2025\/07\/cropped-cropped-logo-os-96x96.jpeg","caption":"L'Equipe de la R\u00e9daction"},"url":"https:\/\/oeilsportif.info\/index.php\/author\/tawel\/"}]}},"jetpack_publicize_connections":[],"jetpack_featured_media_url":"https:\/\/i0.wp.com\/oeilsportif.info\/wp-content\/uploads\/2023\/10\/iconsport-mis-200923bfrf048-1024x642.jpg.webp?fit=1024%2C642&ssl=1","jetpack-related-posts":[],"jetpack_sharing_enabled":true,"jetpack_likes_enabled":true,"jetpack_shortlink":"https:\/\/wp.me\/pgFE77-VM","_links":{"self":[{"href":"https:\/\/oeilsportif.info\/index.php\/wp-json\/wp\/v2\/posts\/3582","targetHints":{"allow":["GET"]}}],"collection":[{"href":"https:\/\/oeilsportif.info\/index.php\/wp-json\/wp\/v2\/posts"}],"about":[{"href":"https:\/\/oeilsportif.info\/index.php\/wp-json\/wp\/v2\/types\/post"}],"author":[{"embeddable":true,"href":"https:\/\/oeilsportif.info\/index.php\/wp-json\/wp\/v2\/users\/2"}],"replies":[{"embeddable":true,"href":"https:\/\/oeilsportif.info\/index.php\/wp-json\/wp\/v2\/comments?post=3582"}],"version-history":[{"count":0,"href":"https:\/\/oeilsportif.info\/index.php\/wp-json\/wp\/v2\/posts\/3582\/revisions"}],"wp:featuredmedia":[{"embeddable":true,"href":"https:\/\/oeilsportif.info\/index.php\/wp-json\/wp\/v2\/media\/3583"}],"wp:attachment":[{"href":"https:\/\/oeilsportif.info\/index.php\/wp-json\/wp\/v2\/media?parent=3582"}],"wp:term":[{"taxonomy":"category","embeddable":true,"href":"https:\/\/oeilsportif.info\/index.php\/wp-json\/wp\/v2\/categories?post=3582"},{"taxonomy":"post_tag","embeddable":true,"href":"https:\/\/oeilsportif.info\/index.php\/wp-json\/wp\/v2\/tags?post=3582"}],"curies":[{"name":"wp","href":"https:\/\/api.w.org\/{rel}","templated":true}]}}