{"id":3565,"date":"2023-09-29T21:39:33","date_gmt":"2023-09-29T21:39:33","guid":{"rendered":"https:\/\/oeilsportif.info\/index.php\/?p=3565"},"modified":"2023-09-29T21:39:33","modified_gmt":"2023-09-29T21:39:33","slug":"directeur-sportif-du-hafia-fc-casimir-jagiello-nous-sommes-tous-motives","status":"publish","type":"post","link":"https:\/\/oeilsportif.info\/index.php\/directeur-sportif-du-hafia-fc-casimir-jagiello-nous-sommes-tous-motives\/","title":{"rendered":"Directeur Sportif du Hafia FC, Casimir Jagiello : \u00ab Nous sommes tous motiv\u00e9s&#8230;\u00bb"},"content":{"rendered":"<p>Casimir Jagiello, Directeur Sportif du Hafia FC s\u2019est exprim\u00e9 ce vendredi 29 septembre 2023 apr\u00e8s la mise en place de son \u00e9quipe, le Hafia FC au stade Mohamed V de Casablanca, en marge du match retour du 2e tour de la Ligue des Champions Africaine TotalEnergies 2023-2024.<\/p>\n<p>Casimir Jagiello : <strong>\u00ab Tous les joueurs sont motiv\u00e9s pour le match de ce samedi contre le Wydad. Je pense que c&rsquo;est la premi\u00e8re fois que je vois tous les joueurs du Hafia motiv\u00e9s comme \u00e7a pour un grand match. C&rsquo;est pour vous dire que nous sommes tous motiv\u00e9s pour remporter la victoire de ce samedi contre le Wydad. Bien que le Wydad est un grand club que je respecte beaucoup, mais nous sommes d\u00e9termin\u00e9s pour avoir la victoire (&#8230;).\u00bb<\/strong><\/p>\n<p><strong>Mohamed Tawel Camara<\/strong><\/p>\n","protected":false},"excerpt":{"rendered":"<p>Casimir Jagiello, Directeur Sportif du Hafia FC s\u2019est exprim\u00e9 ce vendredi 29 septembre 2023 apr\u00e8s la mise en place de son \u00e9quipe, le Hafia FC au stade Mohamed V de Casablanca, en marge du match retour du 2e tour de la Ligue des Champions Africaine TotalEnergies 2023-2024. Casimir Jagiello : \u00ab Tous les joueurs sont [&hellip;]<\/p>\n","protected":false},"author":2,"featured_media":3566,"comment_status":"closed","ping_status":"open","sticky":false,"template":"","format":"standard","meta":{"_jetpack_memberships_contains_paid_content":false,"footnotes":"","jetpack_publicize_message":"","jetpack_publicize_feature_enabled":true,"jetpack_social_post_already_shared":true,"jetpack_social_options":{"image_generator_settings":{"template":"highway","default_image_id":0,"font":"","enabled":false},"version":2}},"categories":[10,5],"tags":[],"class_list":{"0":"post-3565","1":"post","2":"type-post","3":"status-publish","4":"format-standard","5":"has-post-thumbnail","7":"category-actualite","8":"category-football"},"yoast_head":"<!-- This site is optimized with the Yoast SEO plugin v27.5 - https:\/\/yoast.com\/product\/yoast-seo-wordpress\/ -->\n<title>Directeur Sportif du Hafia FC, Casimir Jagiello : \u00ab Nous sommes tous motiv\u00e9s...\u00bb - le regard du sportif<\/title>\n<meta name=\"robots\" content=\"index, follow, max-snippet:-1, max-image-preview:large, max-video-preview:-1\" \/>\n<link rel=\"canonical\" href=\"https:\/\/oeilsportif.info\/index.php\/directeur-sportif-du-hafia-fc-casimir-jagiello-nous-sommes-tous-motives\/\" \/>\n<meta property=\"og:locale\" content=\"fr_FR\" \/>\n<meta property=\"og:type\" content=\"article\" \/>\n<meta property=\"og:title\" content=\"Directeur Sportif du Hafia FC, Casimir Jagiello : \u00ab Nous sommes tous motiv\u00e9s...\u00bb - le regard du sportif\" \/>\n<meta property=\"og:description\" content=\"Casimir Jagiello, Directeur Sportif du Hafia FC s\u2019est exprim\u00e9 ce vendredi 29 septembre 2023 apr\u00e8s la mise en place de son \u00e9quipe, le Hafia FC au stade Mohamed V de Casablanca, en marge du match retour du 2e tour de la Ligue des Champions Africaine TotalEnergies 2023-2024. Casimir Jagiello : \u00ab Tous les joueurs sont [&hellip;]\" \/>\n<meta property=\"og:url\" content=\"https:\/\/oeilsportif.info\/index.php\/directeur-sportif-du-hafia-fc-casimir-jagiello-nous-sommes-tous-motives\/\" \/>\n<meta property=\"og:site_name\" content=\"le regard du sportif\" \/>\n<meta property=\"article:published_time\" content=\"2023-09-29T21:39:33+00:00\" \/>\n<meta property=\"og:image\" content=\"https:\/\/oeilsportif.info\/wp-content\/uploads\/2023\/09\/IMG-20230929-WA0043.jpg\" \/>\n\t<meta property=\"og:image:width\" content=\"810\" \/>\n\t<meta property=\"og:image:height\" content=\"1080\" \/>\n\t<meta property=\"og:image:type\" content=\"image\/jpeg\" \/>\n<meta name=\"author\" content=\"L&#039;Equipe de la R\u00e9daction\" \/>\n<meta name=\"twitter:label1\" content=\"\u00c9crit par\" \/>\n\t<meta name=\"twitter:data1\" content=\"L&#039;Equipe de la R\u00e9daction\" \/>\n\t<meta name=\"twitter:label2\" content=\"Dur\u00e9e de lecture estim\u00e9e\" \/>\n\t<meta name=\"twitter:data2\" content=\"1 minute\" \/>\n<script type=\"application\/ld+json\" class=\"yoast-schema-graph\">{\"@context\":\"https:\\\/\\\/schema.org\",\"@graph\":[{\"@type\":\"Article\",\"@id\":\"https:\\\/\\\/oeilsportif.info\\\/index.php\\\/directeur-sportif-du-hafia-fc-casimir-jagiello-nous-sommes-tous-motives\\\/#article\",\"isPartOf\":{\"@id\":\"https:\\\/\\\/oeilsportif.info\\\/index.php\\\/directeur-sportif-du-hafia-fc-casimir-jagiello-nous-sommes-tous-motives\\\/\"},\"author\":{\"name\":\"L'Equipe de la R\u00e9daction\",\"@id\":\"https:\\\/\\\/oeilsportif.info\\\/#\\\/schema\\\/person\\\/cfbded294aa6095f7d96608d7905e9a1\"},\"headline\":\"Directeur Sportif du Hafia FC, Casimir Jagiello : \u00ab Nous sommes tous motiv\u00e9s&#8230;\u00bb\",\"datePublished\":\"2023-09-29T21:39:33+00:00\",\"mainEntityOfPage\":{\"@id\":\"https:\\\/\\\/oeilsportif.info\\\/index.php\\\/directeur-sportif-du-hafia-fc-casimir-jagiello-nous-sommes-tous-motives\\\/\"},\"wordCount\":147,\"image\":{\"@id\":\"https:\\\/\\\/oeilsportif.info\\\/index.php\\\/directeur-sportif-du-hafia-fc-casimir-jagiello-nous-sommes-tous-motives\\\/#primaryimage\"},\"thumbnailUrl\":\"https:\\\/\\\/i0.wp.com\\\/oeilsportif.info\\\/wp-content\\\/uploads\\\/2023\\\/09\\\/IMG-20230929-WA0043.jpg?fit=810%2C1080&ssl=1\",\"articleSection\":[\"Actualit\u00e9\",\"Football\"],\"inLanguage\":\"fr-FR\"},{\"@type\":\"WebPage\",\"@id\":\"https:\\\/\\\/oeilsportif.info\\\/index.php\\\/directeur-sportif-du-hafia-fc-casimir-jagiello-nous-sommes-tous-motives\\\/\",\"url\":\"https:\\\/\\\/oeilsportif.info\\\/index.php\\\/directeur-sportif-du-hafia-fc-casimir-jagiello-nous-sommes-tous-motives\\\/\",\"name\":\"Directeur Sportif du Hafia FC, Casimir Jagiello : \u00ab Nous sommes tous motiv\u00e9s...\u00bb - le regard du sportif\",\"isPartOf\":{\"@id\":\"https:\\\/\\\/oeilsportif.info\\\/#website\"},\"primaryImageOfPage\":{\"@id\":\"https:\\\/\\\/oeilsportif.info\\\/index.php\\\/directeur-sportif-du-hafia-fc-casimir-jagiello-nous-sommes-tous-motives\\\/#primaryimage\"},\"image\":{\"@id\":\"https:\\\/\\\/oeilsportif.info\\\/index.php\\\/directeur-sportif-du-hafia-fc-casimir-jagiello-nous-sommes-tous-motives\\\/#primaryimage\"},\"thumbnailUrl\":\"https:\\\/\\\/i0.wp.com\\\/oeilsportif.info\\\/wp-content\\\/uploads\\\/2023\\\/09\\\/IMG-20230929-WA0043.jpg?fit=810%2C1080&ssl=1\",\"datePublished\":\"2023-09-29T21:39:33+00:00\",\"author\":{\"@id\":\"https:\\\/\\\/oeilsportif.info\\\/#\\\/schema\\\/person\\\/cfbded294aa6095f7d96608d7905e9a1\"},\"inLanguage\":\"fr-FR\",\"potentialAction\":[{\"@type\":\"ReadAction\",\"target\":[\"https:\\\/\\\/oeilsportif.info\\\/index.php\\\/directeur-sportif-du-hafia-fc-casimir-jagiello-nous-sommes-tous-motives\\\/\"]}]},{\"@type\":\"ImageObject\",\"inLanguage\":\"fr-FR\",\"@id\":\"https:\\\/\\\/oeilsportif.info\\\/index.php\\\/directeur-sportif-du-hafia-fc-casimir-jagiello-nous-sommes-tous-motives\\\/#primaryimage\",\"url\":\"https:\\\/\\\/i0.wp.com\\\/oeilsportif.info\\\/wp-content\\\/uploads\\\/2023\\\/09\\\/IMG-20230929-WA0043.jpg?fit=810%2C1080&ssl=1\",\"contentUrl\":\"https:\\\/\\\/i0.wp.com\\\/oeilsportif.info\\\/wp-content\\\/uploads\\\/2023\\\/09\\\/IMG-20230929-WA0043.jpg?fit=810%2C1080&ssl=1\",\"width\":810,\"height\":1080},{\"@type\":\"WebSite\",\"@id\":\"https:\\\/\\\/oeilsportif.info\\\/#website\",\"url\":\"https:\\\/\\\/oeilsportif.info\\\/\",\"name\":\"le regard du sportif\",\"description\":\"\",\"potentialAction\":[{\"@type\":\"SearchAction\",\"target\":{\"@type\":\"EntryPoint\",\"urlTemplate\":\"https:\\\/\\\/oeilsportif.info\\\/?s={search_term_string}\"},\"query-input\":{\"@type\":\"PropertyValueSpecification\",\"valueRequired\":true,\"valueName\":\"search_term_string\"}}],\"inLanguage\":\"fr-FR\"},{\"@type\":\"Person\",\"@id\":\"https:\\\/\\\/oeilsportif.info\\\/#\\\/schema\\\/person\\\/cfbded294aa6095f7d96608d7905e9a1\",\"name\":\"L'Equipe de la R\u00e9daction\",\"image\":{\"@type\":\"ImageObject\",\"inLanguage\":\"fr-FR\",\"@id\":\"https:\\\/\\\/oeilsportif.info\\\/wp-content\\\/uploads\\\/2025\\\/07\\\/cropped-cropped-logo-os-96x96.jpeg\",\"url\":\"https:\\\/\\\/oeilsportif.info\\\/wp-content\\\/uploads\\\/2025\\\/07\\\/cropped-cropped-logo-os-96x96.jpeg\",\"contentUrl\":\"https:\\\/\\\/oeilsportif.info\\\/wp-content\\\/uploads\\\/2025\\\/07\\\/cropped-cropped-logo-os-96x96.jpeg\",\"caption\":\"L'Equipe de la R\u00e9daction\"},\"url\":\"https:\\\/\\\/oeilsportif.info\\\/index.php\\\/author\\\/tawel\\\/\"}]}<\/script>\n<!-- \/ Yoast SEO plugin. -->","yoast_head_json":{"title":"Directeur Sportif du Hafia FC, Casimir Jagiello : \u00ab Nous sommes tous motiv\u00e9s...\u00bb - le regard du sportif","robots":{"index":"index","follow":"follow","max-snippet":"max-snippet:-1","max-image-preview":"max-image-preview:large","max-video-preview":"max-video-preview:-1"},"canonical":"https:\/\/oeilsportif.info\/index.php\/directeur-sportif-du-hafia-fc-casimir-jagiello-nous-sommes-tous-motives\/","og_locale":"fr_FR","og_type":"article","og_title":"Directeur Sportif du Hafia FC, Casimir Jagiello : \u00ab Nous sommes tous motiv\u00e9s...\u00bb - le regard du sportif","og_description":"Casimir Jagiello, Directeur Sportif du Hafia FC s\u2019est exprim\u00e9 ce vendredi 29 septembre 2023 apr\u00e8s la mise en place de son \u00e9quipe, le Hafia FC au stade Mohamed V de Casablanca, en marge du match retour du 2e tour de la Ligue des Champions Africaine TotalEnergies 2023-2024. Casimir Jagiello : \u00ab Tous les joueurs sont [&hellip;]","og_url":"https:\/\/oeilsportif.info\/index.php\/directeur-sportif-du-hafia-fc-casimir-jagiello-nous-sommes-tous-motives\/","og_site_name":"le regard du sportif","article_published_time":"2023-09-29T21:39:33+00:00","og_image":[{"width":810,"height":1080,"url":"https:\/\/oeilsportif.info\/wp-content\/uploads\/2023\/09\/IMG-20230929-WA0043.jpg","type":"image\/jpeg"}],"author":"L'Equipe de la R\u00e9daction","twitter_misc":{"\u00c9crit par":"L'Equipe de la R\u00e9daction","Dur\u00e9e de lecture estim\u00e9e":"1 minute"},"schema":{"@context":"https:\/\/schema.org","@graph":[{"@type":"Article","@id":"https:\/\/oeilsportif.info\/index.php\/directeur-sportif-du-hafia-fc-casimir-jagiello-nous-sommes-tous-motives\/#article","isPartOf":{"@id":"https:\/\/oeilsportif.info\/index.php\/directeur-sportif-du-hafia-fc-casimir-jagiello-nous-sommes-tous-motives\/"},"author":{"name":"L'Equipe de la R\u00e9daction","@id":"https:\/\/oeilsportif.info\/#\/schema\/person\/cfbded294aa6095f7d96608d7905e9a1"},"headline":"Directeur Sportif du Hafia FC, Casimir Jagiello : \u00ab Nous sommes tous motiv\u00e9s&#8230;\u00bb","datePublished":"2023-09-29T21:39:33+00:00","mainEntityOfPage":{"@id":"https:\/\/oeilsportif.info\/index.php\/directeur-sportif-du-hafia-fc-casimir-jagiello-nous-sommes-tous-motives\/"},"wordCount":147,"image":{"@id":"https:\/\/oeilsportif.info\/index.php\/directeur-sportif-du-hafia-fc-casimir-jagiello-nous-sommes-tous-motives\/#primaryimage"},"thumbnailUrl":"https:\/\/i0.wp.com\/oeilsportif.info\/wp-content\/uploads\/2023\/09\/IMG-20230929-WA0043.jpg?fit=810%2C1080&ssl=1","articleSection":["Actualit\u00e9","Football"],"inLanguage":"fr-FR"},{"@type":"WebPage","@id":"https:\/\/oeilsportif.info\/index.php\/directeur-sportif-du-hafia-fc-casimir-jagiello-nous-sommes-tous-motives\/","url":"https:\/\/oeilsportif.info\/index.php\/directeur-sportif-du-hafia-fc-casimir-jagiello-nous-sommes-tous-motives\/","name":"Directeur Sportif du Hafia FC, Casimir Jagiello : \u00ab Nous sommes tous motiv\u00e9s...\u00bb - le regard du sportif","isPartOf":{"@id":"https:\/\/oeilsportif.info\/#website"},"primaryImageOfPage":{"@id":"https:\/\/oeilsportif.info\/index.php\/directeur-sportif-du-hafia-fc-casimir-jagiello-nous-sommes-tous-motives\/#primaryimage"},"image":{"@id":"https:\/\/oeilsportif.info\/index.php\/directeur-sportif-du-hafia-fc-casimir-jagiello-nous-sommes-tous-motives\/#primaryimage"},"thumbnailUrl":"https:\/\/i0.wp.com\/oeilsportif.info\/wp-content\/uploads\/2023\/09\/IMG-20230929-WA0043.jpg?fit=810%2C1080&ssl=1","datePublished":"2023-09-29T21:39:33+00:00","author":{"@id":"https:\/\/oeilsportif.info\/#\/schema\/person\/cfbded294aa6095f7d96608d7905e9a1"},"inLanguage":"fr-FR","potentialAction":[{"@type":"ReadAction","target":["https:\/\/oeilsportif.info\/index.php\/directeur-sportif-du-hafia-fc-casimir-jagiello-nous-sommes-tous-motives\/"]}]},{"@type":"ImageObject","inLanguage":"fr-FR","@id":"https:\/\/oeilsportif.info\/index.php\/directeur-sportif-du-hafia-fc-casimir-jagiello-nous-sommes-tous-motives\/#primaryimage","url":"https:\/\/i0.wp.com\/oeilsportif.info\/wp-content\/uploads\/2023\/09\/IMG-20230929-WA0043.jpg?fit=810%2C1080&ssl=1","contentUrl":"https:\/\/i0.wp.com\/oeilsportif.info\/wp-content\/uploads\/2023\/09\/IMG-20230929-WA0043.jpg?fit=810%2C1080&ssl=1","width":810,"height":1080},{"@type":"WebSite","@id":"https:\/\/oeilsportif.info\/#website","url":"https:\/\/oeilsportif.info\/","name":"le regard du sportif","description":"","potentialAction":[{"@type":"SearchAction","target":{"@type":"EntryPoint","urlTemplate":"https:\/\/oeilsportif.info\/?s={search_term_string}"},"query-input":{"@type":"PropertyValueSpecification","valueRequired":true,"valueName":"search_term_string"}}],"inLanguage":"fr-FR"},{"@type":"Person","@id":"https:\/\/oeilsportif.info\/#\/schema\/person\/cfbded294aa6095f7d96608d7905e9a1","name":"L'Equipe de la R\u00e9daction","image":{"@type":"ImageObject","inLanguage":"fr-FR","@id":"https:\/\/oeilsportif.info\/wp-content\/uploads\/2025\/07\/cropped-cropped-logo-os-96x96.jpeg","url":"https:\/\/oeilsportif.info\/wp-content\/uploads\/2025\/07\/cropped-cropped-logo-os-96x96.jpeg","contentUrl":"https:\/\/oeilsportif.info\/wp-content\/uploads\/2025\/07\/cropped-cropped-logo-os-96x96.jpeg","caption":"L'Equipe de la R\u00e9daction"},"url":"https:\/\/oeilsportif.info\/index.php\/author\/tawel\/"}]}},"jetpack_publicize_connections":[],"jetpack_featured_media_url":"https:\/\/i0.wp.com\/oeilsportif.info\/wp-content\/uploads\/2023\/09\/IMG-20230929-WA0043.jpg?fit=810%2C1080&ssl=1","jetpack-related-posts":[],"jetpack_sharing_enabled":true,"jetpack_likes_enabled":true,"jetpack_shortlink":"https:\/\/wp.me\/pgFE77-Vv","_links":{"self":[{"href":"https:\/\/oeilsportif.info\/index.php\/wp-json\/wp\/v2\/posts\/3565","targetHints":{"allow":["GET"]}}],"collection":[{"href":"https:\/\/oeilsportif.info\/index.php\/wp-json\/wp\/v2\/posts"}],"about":[{"href":"https:\/\/oeilsportif.info\/index.php\/wp-json\/wp\/v2\/types\/post"}],"author":[{"embeddable":true,"href":"https:\/\/oeilsportif.info\/index.php\/wp-json\/wp\/v2\/users\/2"}],"replies":[{"embeddable":true,"href":"https:\/\/oeilsportif.info\/index.php\/wp-json\/wp\/v2\/comments?post=3565"}],"version-history":[{"count":0,"href":"https:\/\/oeilsportif.info\/index.php\/wp-json\/wp\/v2\/posts\/3565\/revisions"}],"wp:featuredmedia":[{"embeddable":true,"href":"https:\/\/oeilsportif.info\/index.php\/wp-json\/wp\/v2\/media\/3566"}],"wp:attachment":[{"href":"https:\/\/oeilsportif.info\/index.php\/wp-json\/wp\/v2\/media?parent=3565"}],"wp:term":[{"taxonomy":"category","embeddable":true,"href":"https:\/\/oeilsportif.info\/index.php\/wp-json\/wp\/v2\/categories?post=3565"},{"taxonomy":"post_tag","embeddable":true,"href":"https:\/\/oeilsportif.info\/index.php\/wp-json\/wp\/v2\/tags?post=3565"}],"curies":[{"name":"wp","href":"https:\/\/api.w.org\/{rel}","templated":true}]}}