{"id":3559,"date":"2023-09-26T22:45:05","date_gmt":"2023-09-26T22:45:05","guid":{"rendered":"https:\/\/oeilsportif.info\/index.php\/?p=3559"},"modified":"2023-09-26T22:45:05","modified_gmt":"2023-09-26T22:45:05","slug":"convocation-de-lag-elective-de-la-federation-guineenne-de-football","status":"publish","type":"post","link":"https:\/\/oeilsportif.info\/index.php\/convocation-de-lag-elective-de-la-federation-guineenne-de-football\/","title":{"rendered":"CONVOCATION DE L\u2019AG \u00c9LECTIVE DE LA F\u00c9D\u00c9RATION GUIN\u00c9ENNE DE FOOTBALL"},"content":{"rendered":"<p>En application des dispositions de l\u2019article 29 des Statuts de la F\u00e9d\u00e9ration Guin\u00e9enne de Football, le Comit\u00e9 de Normalisation a d\u00e9cid\u00e9 de la convocation de l\u2019Assembl\u00e9e G\u00e9n\u00e9rale \u00c9lective du Comit\u00e9 Ex\u00e9cutif, le samedi 25 Novembre 2023 \u00e0 Conakry.<\/p>\n<p>Sont invit\u00e9s \u00e0 participer statutairement \u00e0 cette Assembl\u00e9e G\u00e9n\u00e9rale \u00c9lective les membres suivants :<\/p>\n<p>Les 14 Clubs de Ligue 1 01 d\u00e9l\u00e9gu\u00e9 par Club<\/p>\n<p>Les 14 Clubs de Ligue 2 01 d\u00e9l\u00e9gu\u00e9 par Club<\/p>\n<p>Les 08 Ligues R\u00e9gionales 02 d\u00e9l\u00e9gu\u00e9s par Ligue R\u00e9gionale<\/p>\n<p>Les Clubs de la Ligue de Football Amateur 15 d\u00e9l\u00e9gu\u00e9s<\/p>\n<p>Les Clubs de la Ligue de Football F\u00e9minin 06 d\u00e9l\u00e9gu\u00e9s<\/p>\n<p>L\u2019Association des Entra\u00eeneurs et Educateurs 01 d\u00e9l\u00e9gu\u00e9<\/p>\n<p>L\u2019Association des Arbitres 01 d\u00e9l\u00e9gu\u00e9<\/p>\n<p>L\u2019Association des Anciens Joueurs Internationaux 01 d\u00e9l\u00e9gu\u00e9<\/p>\n<p>L\u2019Association des M\u00e9decins Sportifs 01 d\u00e9l\u00e9gu\u00e9<\/p>\n<p>Les d\u00e9l\u00e9gu\u00e9s doivent r\u00e9pondre aux dispositions de l\u2019Article 25 alin\u00e9a 2 et 3.<\/p>\n<p>Comme indiqu\u00e9 dans le courrier N\u00b00572 du 31 Ao\u00fbt 2023, les Organes Juridictionnels seront aussi mis en place.<\/p>\n<p>Par la m\u00eame occasion, la FGF demande aux participants d\u2019envoyer au secr\u00e9tariat g\u00e9n\u00e9ral les noms, pr\u00e9noms et qualit\u00e9s des d\u00e9l\u00e9gu\u00e9s d\u00fbment mandat\u00e9s en joignant deux (02) photos d\u2019identit\u00e9 sur fond blanc au plus tard le vendredi 27 octobre 2023 \u00e0 18H 00 TU.<\/p>\n<p><strong>Source : F\u00e9guifoot<\/strong><\/p>\n","protected":false},"excerpt":{"rendered":"<p>En application des dispositions de l\u2019article 29 des Statuts de la F\u00e9d\u00e9ration Guin\u00e9enne de Football, le Comit\u00e9 de Normalisation a d\u00e9cid\u00e9 de la convocation de l\u2019Assembl\u00e9e G\u00e9n\u00e9rale \u00c9lective du Comit\u00e9 Ex\u00e9cutif, le samedi 25 Novembre 2023 \u00e0 Conakry. Sont invit\u00e9s \u00e0 participer statutairement \u00e0 cette Assembl\u00e9e G\u00e9n\u00e9rale \u00c9lective les membres suivants : Les 14 Clubs [&hellip;]<\/p>\n","protected":false},"author":2,"featured_media":3560,"comment_status":"closed","ping_status":"open","sticky":false,"template":"","format":"standard","meta":{"_jetpack_memberships_contains_paid_content":false,"footnotes":"","jetpack_publicize_message":"","jetpack_publicize_feature_enabled":true,"jetpack_social_post_already_shared":true,"jetpack_social_options":{"image_generator_settings":{"template":"highway","default_image_id":0,"font":"","enabled":false},"version":2}},"categories":[10,5],"tags":[],"class_list":{"0":"post-3559","1":"post","2":"type-post","3":"status-publish","4":"format-standard","5":"has-post-thumbnail","7":"category-actualite","8":"category-football"},"yoast_head":"<!-- This site is optimized with the Yoast SEO plugin v27.5 - https:\/\/yoast.com\/product\/yoast-seo-wordpress\/ -->\n<title>CONVOCATION DE L\u2019AG \u00c9LECTIVE DE LA F\u00c9D\u00c9RATION GUIN\u00c9ENNE DE FOOTBALL - le regard du sportif<\/title>\n<meta name=\"robots\" content=\"index, follow, max-snippet:-1, max-image-preview:large, max-video-preview:-1\" \/>\n<link rel=\"canonical\" href=\"https:\/\/oeilsportif.info\/index.php\/convocation-de-lag-elective-de-la-federation-guineenne-de-football\/\" \/>\n<meta property=\"og:locale\" content=\"fr_FR\" \/>\n<meta property=\"og:type\" content=\"article\" \/>\n<meta property=\"og:title\" content=\"CONVOCATION DE L\u2019AG \u00c9LECTIVE DE LA F\u00c9D\u00c9RATION GUIN\u00c9ENNE DE FOOTBALL - le regard du sportif\" \/>\n<meta property=\"og:description\" content=\"En application des dispositions de l\u2019article 29 des Statuts de la F\u00e9d\u00e9ration Guin\u00e9enne de Football, le Comit\u00e9 de Normalisation a d\u00e9cid\u00e9 de la convocation de l\u2019Assembl\u00e9e G\u00e9n\u00e9rale \u00c9lective du Comit\u00e9 Ex\u00e9cutif, le samedi 25 Novembre 2023 \u00e0 Conakry. Sont invit\u00e9s \u00e0 participer statutairement \u00e0 cette Assembl\u00e9e G\u00e9n\u00e9rale \u00c9lective les membres suivants : Les 14 Clubs [&hellip;]\" \/>\n<meta property=\"og:url\" content=\"https:\/\/oeilsportif.info\/index.php\/convocation-de-lag-elective-de-la-federation-guineenne-de-football\/\" \/>\n<meta property=\"og:site_name\" content=\"le regard du sportif\" \/>\n<meta property=\"article:published_time\" content=\"2023-09-26T22:45:05+00:00\" \/>\n<meta property=\"og:image\" content=\"https:\/\/oeilsportif.info\/wp-content\/uploads\/2023\/09\/Screenshot_20230926_224041_Facebook.jpg\" \/>\n\t<meta property=\"og:image:width\" content=\"928\" \/>\n\t<meta property=\"og:image:height\" content=\"543\" \/>\n\t<meta property=\"og:image:type\" content=\"image\/jpeg\" \/>\n<meta name=\"author\" content=\"L&#039;Equipe de la R\u00e9daction\" \/>\n<meta name=\"twitter:label1\" content=\"\u00c9crit par\" \/>\n\t<meta name=\"twitter:data1\" content=\"L&#039;Equipe de la R\u00e9daction\" \/>\n\t<meta name=\"twitter:label2\" content=\"Dur\u00e9e de lecture estim\u00e9e\" \/>\n\t<meta name=\"twitter:data2\" content=\"2 minutes\" \/>\n<script type=\"application\/ld+json\" class=\"yoast-schema-graph\">{\"@context\":\"https:\\\/\\\/schema.org\",\"@graph\":[{\"@type\":\"Article\",\"@id\":\"https:\\\/\\\/oeilsportif.info\\\/index.php\\\/convocation-de-lag-elective-de-la-federation-guineenne-de-football\\\/#article\",\"isPartOf\":{\"@id\":\"https:\\\/\\\/oeilsportif.info\\\/index.php\\\/convocation-de-lag-elective-de-la-federation-guineenne-de-football\\\/\"},\"author\":{\"name\":\"L'Equipe de la R\u00e9daction\",\"@id\":\"https:\\\/\\\/oeilsportif.info\\\/#\\\/schema\\\/person\\\/cfbded294aa6095f7d96608d7905e9a1\"},\"headline\":\"CONVOCATION DE L\u2019AG \u00c9LECTIVE DE LA F\u00c9D\u00c9RATION GUIN\u00c9ENNE DE FOOTBALL\",\"datePublished\":\"2023-09-26T22:45:05+00:00\",\"mainEntityOfPage\":{\"@id\":\"https:\\\/\\\/oeilsportif.info\\\/index.php\\\/convocation-de-lag-elective-de-la-federation-guineenne-de-football\\\/\"},\"wordCount\":250,\"image\":{\"@id\":\"https:\\\/\\\/oeilsportif.info\\\/index.php\\\/convocation-de-lag-elective-de-la-federation-guineenne-de-football\\\/#primaryimage\"},\"thumbnailUrl\":\"https:\\\/\\\/i0.wp.com\\\/oeilsportif.info\\\/wp-content\\\/uploads\\\/2023\\\/09\\\/Screenshot_20230926_224041_Facebook.jpg?fit=928%2C543&ssl=1\",\"articleSection\":[\"Actualit\u00e9\",\"Football\"],\"inLanguage\":\"fr-FR\"},{\"@type\":\"WebPage\",\"@id\":\"https:\\\/\\\/oeilsportif.info\\\/index.php\\\/convocation-de-lag-elective-de-la-federation-guineenne-de-football\\\/\",\"url\":\"https:\\\/\\\/oeilsportif.info\\\/index.php\\\/convocation-de-lag-elective-de-la-federation-guineenne-de-football\\\/\",\"name\":\"CONVOCATION DE L\u2019AG \u00c9LECTIVE DE LA F\u00c9D\u00c9RATION GUIN\u00c9ENNE DE FOOTBALL - le regard du sportif\",\"isPartOf\":{\"@id\":\"https:\\\/\\\/oeilsportif.info\\\/#website\"},\"primaryImageOfPage\":{\"@id\":\"https:\\\/\\\/oeilsportif.info\\\/index.php\\\/convocation-de-lag-elective-de-la-federation-guineenne-de-football\\\/#primaryimage\"},\"image\":{\"@id\":\"https:\\\/\\\/oeilsportif.info\\\/index.php\\\/convocation-de-lag-elective-de-la-federation-guineenne-de-football\\\/#primaryimage\"},\"thumbnailUrl\":\"https:\\\/\\\/i0.wp.com\\\/oeilsportif.info\\\/wp-content\\\/uploads\\\/2023\\\/09\\\/Screenshot_20230926_224041_Facebook.jpg?fit=928%2C543&ssl=1\",\"datePublished\":\"2023-09-26T22:45:05+00:00\",\"author\":{\"@id\":\"https:\\\/\\\/oeilsportif.info\\\/#\\\/schema\\\/person\\\/cfbded294aa6095f7d96608d7905e9a1\"},\"inLanguage\":\"fr-FR\",\"potentialAction\":[{\"@type\":\"ReadAction\",\"target\":[\"https:\\\/\\\/oeilsportif.info\\\/index.php\\\/convocation-de-lag-elective-de-la-federation-guineenne-de-football\\\/\"]}]},{\"@type\":\"ImageObject\",\"inLanguage\":\"fr-FR\",\"@id\":\"https:\\\/\\\/oeilsportif.info\\\/index.php\\\/convocation-de-lag-elective-de-la-federation-guineenne-de-football\\\/#primaryimage\",\"url\":\"https:\\\/\\\/i0.wp.com\\\/oeilsportif.info\\\/wp-content\\\/uploads\\\/2023\\\/09\\\/Screenshot_20230926_224041_Facebook.jpg?fit=928%2C543&ssl=1\",\"contentUrl\":\"https:\\\/\\\/i0.wp.com\\\/oeilsportif.info\\\/wp-content\\\/uploads\\\/2023\\\/09\\\/Screenshot_20230926_224041_Facebook.jpg?fit=928%2C543&ssl=1\",\"width\":928,\"height\":543},{\"@type\":\"WebSite\",\"@id\":\"https:\\\/\\\/oeilsportif.info\\\/#website\",\"url\":\"https:\\\/\\\/oeilsportif.info\\\/\",\"name\":\"le regard du sportif\",\"description\":\"\",\"potentialAction\":[{\"@type\":\"SearchAction\",\"target\":{\"@type\":\"EntryPoint\",\"urlTemplate\":\"https:\\\/\\\/oeilsportif.info\\\/?s={search_term_string}\"},\"query-input\":{\"@type\":\"PropertyValueSpecification\",\"valueRequired\":true,\"valueName\":\"search_term_string\"}}],\"inLanguage\":\"fr-FR\"},{\"@type\":\"Person\",\"@id\":\"https:\\\/\\\/oeilsportif.info\\\/#\\\/schema\\\/person\\\/cfbded294aa6095f7d96608d7905e9a1\",\"name\":\"L'Equipe de la R\u00e9daction\",\"image\":{\"@type\":\"ImageObject\",\"inLanguage\":\"fr-FR\",\"@id\":\"https:\\\/\\\/oeilsportif.info\\\/wp-content\\\/uploads\\\/2025\\\/07\\\/cropped-cropped-logo-os-96x96.jpeg\",\"url\":\"https:\\\/\\\/oeilsportif.info\\\/wp-content\\\/uploads\\\/2025\\\/07\\\/cropped-cropped-logo-os-96x96.jpeg\",\"contentUrl\":\"https:\\\/\\\/oeilsportif.info\\\/wp-content\\\/uploads\\\/2025\\\/07\\\/cropped-cropped-logo-os-96x96.jpeg\",\"caption\":\"L'Equipe de la R\u00e9daction\"},\"url\":\"https:\\\/\\\/oeilsportif.info\\\/index.php\\\/author\\\/tawel\\\/\"}]}<\/script>\n<!-- \/ Yoast SEO plugin. -->","yoast_head_json":{"title":"CONVOCATION DE L\u2019AG \u00c9LECTIVE DE LA F\u00c9D\u00c9RATION GUIN\u00c9ENNE DE FOOTBALL - le regard du sportif","robots":{"index":"index","follow":"follow","max-snippet":"max-snippet:-1","max-image-preview":"max-image-preview:large","max-video-preview":"max-video-preview:-1"},"canonical":"https:\/\/oeilsportif.info\/index.php\/convocation-de-lag-elective-de-la-federation-guineenne-de-football\/","og_locale":"fr_FR","og_type":"article","og_title":"CONVOCATION DE L\u2019AG \u00c9LECTIVE DE LA F\u00c9D\u00c9RATION GUIN\u00c9ENNE DE FOOTBALL - le regard du sportif","og_description":"En application des dispositions de l\u2019article 29 des Statuts de la F\u00e9d\u00e9ration Guin\u00e9enne de Football, le Comit\u00e9 de Normalisation a d\u00e9cid\u00e9 de la convocation de l\u2019Assembl\u00e9e G\u00e9n\u00e9rale \u00c9lective du Comit\u00e9 Ex\u00e9cutif, le samedi 25 Novembre 2023 \u00e0 Conakry. Sont invit\u00e9s \u00e0 participer statutairement \u00e0 cette Assembl\u00e9e G\u00e9n\u00e9rale \u00c9lective les membres suivants : Les 14 Clubs [&hellip;]","og_url":"https:\/\/oeilsportif.info\/index.php\/convocation-de-lag-elective-de-la-federation-guineenne-de-football\/","og_site_name":"le regard du sportif","article_published_time":"2023-09-26T22:45:05+00:00","og_image":[{"width":928,"height":543,"url":"https:\/\/oeilsportif.info\/wp-content\/uploads\/2023\/09\/Screenshot_20230926_224041_Facebook.jpg","type":"image\/jpeg"}],"author":"L'Equipe de la R\u00e9daction","twitter_misc":{"\u00c9crit par":"L'Equipe de la R\u00e9daction","Dur\u00e9e de lecture estim\u00e9e":"2 minutes"},"schema":{"@context":"https:\/\/schema.org","@graph":[{"@type":"Article","@id":"https:\/\/oeilsportif.info\/index.php\/convocation-de-lag-elective-de-la-federation-guineenne-de-football\/#article","isPartOf":{"@id":"https:\/\/oeilsportif.info\/index.php\/convocation-de-lag-elective-de-la-federation-guineenne-de-football\/"},"author":{"name":"L'Equipe de la R\u00e9daction","@id":"https:\/\/oeilsportif.info\/#\/schema\/person\/cfbded294aa6095f7d96608d7905e9a1"},"headline":"CONVOCATION DE L\u2019AG \u00c9LECTIVE DE LA F\u00c9D\u00c9RATION GUIN\u00c9ENNE DE FOOTBALL","datePublished":"2023-09-26T22:45:05+00:00","mainEntityOfPage":{"@id":"https:\/\/oeilsportif.info\/index.php\/convocation-de-lag-elective-de-la-federation-guineenne-de-football\/"},"wordCount":250,"image":{"@id":"https:\/\/oeilsportif.info\/index.php\/convocation-de-lag-elective-de-la-federation-guineenne-de-football\/#primaryimage"},"thumbnailUrl":"https:\/\/i0.wp.com\/oeilsportif.info\/wp-content\/uploads\/2023\/09\/Screenshot_20230926_224041_Facebook.jpg?fit=928%2C543&ssl=1","articleSection":["Actualit\u00e9","Football"],"inLanguage":"fr-FR"},{"@type":"WebPage","@id":"https:\/\/oeilsportif.info\/index.php\/convocation-de-lag-elective-de-la-federation-guineenne-de-football\/","url":"https:\/\/oeilsportif.info\/index.php\/convocation-de-lag-elective-de-la-federation-guineenne-de-football\/","name":"CONVOCATION DE L\u2019AG \u00c9LECTIVE DE LA F\u00c9D\u00c9RATION GUIN\u00c9ENNE DE FOOTBALL - le regard du sportif","isPartOf":{"@id":"https:\/\/oeilsportif.info\/#website"},"primaryImageOfPage":{"@id":"https:\/\/oeilsportif.info\/index.php\/convocation-de-lag-elective-de-la-federation-guineenne-de-football\/#primaryimage"},"image":{"@id":"https:\/\/oeilsportif.info\/index.php\/convocation-de-lag-elective-de-la-federation-guineenne-de-football\/#primaryimage"},"thumbnailUrl":"https:\/\/i0.wp.com\/oeilsportif.info\/wp-content\/uploads\/2023\/09\/Screenshot_20230926_224041_Facebook.jpg?fit=928%2C543&ssl=1","datePublished":"2023-09-26T22:45:05+00:00","author":{"@id":"https:\/\/oeilsportif.info\/#\/schema\/person\/cfbded294aa6095f7d96608d7905e9a1"},"inLanguage":"fr-FR","potentialAction":[{"@type":"ReadAction","target":["https:\/\/oeilsportif.info\/index.php\/convocation-de-lag-elective-de-la-federation-guineenne-de-football\/"]}]},{"@type":"ImageObject","inLanguage":"fr-FR","@id":"https:\/\/oeilsportif.info\/index.php\/convocation-de-lag-elective-de-la-federation-guineenne-de-football\/#primaryimage","url":"https:\/\/i0.wp.com\/oeilsportif.info\/wp-content\/uploads\/2023\/09\/Screenshot_20230926_224041_Facebook.jpg?fit=928%2C543&ssl=1","contentUrl":"https:\/\/i0.wp.com\/oeilsportif.info\/wp-content\/uploads\/2023\/09\/Screenshot_20230926_224041_Facebook.jpg?fit=928%2C543&ssl=1","width":928,"height":543},{"@type":"WebSite","@id":"https:\/\/oeilsportif.info\/#website","url":"https:\/\/oeilsportif.info\/","name":"le regard du sportif","description":"","potentialAction":[{"@type":"SearchAction","target":{"@type":"EntryPoint","urlTemplate":"https:\/\/oeilsportif.info\/?s={search_term_string}"},"query-input":{"@type":"PropertyValueSpecification","valueRequired":true,"valueName":"search_term_string"}}],"inLanguage":"fr-FR"},{"@type":"Person","@id":"https:\/\/oeilsportif.info\/#\/schema\/person\/cfbded294aa6095f7d96608d7905e9a1","name":"L'Equipe de la R\u00e9daction","image":{"@type":"ImageObject","inLanguage":"fr-FR","@id":"https:\/\/oeilsportif.info\/wp-content\/uploads\/2025\/07\/cropped-cropped-logo-os-96x96.jpeg","url":"https:\/\/oeilsportif.info\/wp-content\/uploads\/2025\/07\/cropped-cropped-logo-os-96x96.jpeg","contentUrl":"https:\/\/oeilsportif.info\/wp-content\/uploads\/2025\/07\/cropped-cropped-logo-os-96x96.jpeg","caption":"L'Equipe de la R\u00e9daction"},"url":"https:\/\/oeilsportif.info\/index.php\/author\/tawel\/"}]}},"jetpack_publicize_connections":[],"jetpack_featured_media_url":"https:\/\/i0.wp.com\/oeilsportif.info\/wp-content\/uploads\/2023\/09\/Screenshot_20230926_224041_Facebook.jpg?fit=928%2C543&ssl=1","jetpack-related-posts":[],"jetpack_sharing_enabled":true,"jetpack_likes_enabled":true,"jetpack_shortlink":"https:\/\/wp.me\/pgFE77-Vp","_links":{"self":[{"href":"https:\/\/oeilsportif.info\/index.php\/wp-json\/wp\/v2\/posts\/3559","targetHints":{"allow":["GET"]}}],"collection":[{"href":"https:\/\/oeilsportif.info\/index.php\/wp-json\/wp\/v2\/posts"}],"about":[{"href":"https:\/\/oeilsportif.info\/index.php\/wp-json\/wp\/v2\/types\/post"}],"author":[{"embeddable":true,"href":"https:\/\/oeilsportif.info\/index.php\/wp-json\/wp\/v2\/users\/2"}],"replies":[{"embeddable":true,"href":"https:\/\/oeilsportif.info\/index.php\/wp-json\/wp\/v2\/comments?post=3559"}],"version-history":[{"count":0,"href":"https:\/\/oeilsportif.info\/index.php\/wp-json\/wp\/v2\/posts\/3559\/revisions"}],"wp:featuredmedia":[{"embeddable":true,"href":"https:\/\/oeilsportif.info\/index.php\/wp-json\/wp\/v2\/media\/3560"}],"wp:attachment":[{"href":"https:\/\/oeilsportif.info\/index.php\/wp-json\/wp\/v2\/media?parent=3559"}],"wp:term":[{"taxonomy":"category","embeddable":true,"href":"https:\/\/oeilsportif.info\/index.php\/wp-json\/wp\/v2\/categories?post=3559"},{"taxonomy":"post_tag","embeddable":true,"href":"https:\/\/oeilsportif.info\/index.php\/wp-json\/wp\/v2\/tags?post=3559"}],"curies":[{"name":"wp","href":"https:\/\/api.w.org\/{rel}","templated":true}]}}