{"id":3552,"date":"2023-09-25T18:48:18","date_gmt":"2023-09-25T18:48:18","guid":{"rendered":"https:\/\/oeilsportif.info\/index.php\/?p=3552"},"modified":"2023-09-25T18:48:18","modified_gmt":"2023-09-25T18:48:18","slug":"ldc-caf-wydad-athletic-club-wac-hafia-fc-voici-la-lecture-croisee-des-responsables-du-hafia-fc","status":"publish","type":"post","link":"https:\/\/oeilsportif.info\/index.php\/ldc-caf-wydad-athletic-club-wac-hafia-fc-voici-la-lecture-croisee-des-responsables-du-hafia-fc\/","title":{"rendered":"LDC-CAF : Wydad Athletic Club &#8211; WAC &#8211; HAFIA FC , voici la lecture crois\u00e9e des responsables du Hafia FC"},"content":{"rendered":"<p><strong>Apr\u00e8s le match nul ouvert d&rsquo;un but partout entre le Wydad Athletic Club et le Hafia Football Club du Pr\u00e9sident KPC lors du match aller du second tour pr\u00e9liminaire de la LDC-CAF. Pour le match retour, pr\u00e9vu au Maroc le samedi 30 septembre 2023 les responsables du Hafia FC, Ifra Flex Dieng, Pr\u00e9sident D\u00e9l\u00e9gu\u00e9 et Marco Ibrahima Sory, Secr\u00e9taire G\u00e9n\u00e9ral \u00e9taient invit\u00e9s des \u00e9missions sportives ce dimanche, l&rsquo;un \u00e0 la radio Espace et l&rsquo;autre \u00e0 la t\u00e9l\u00e9 RTG pour expliquer les pr\u00e9paratifs du Hafia FC pour son voyage ce mercredi au Maroc, pour affronter le Wydad Athletic Club de Casablanca.<\/strong><\/p>\n<p><strong>Voici la lecture crois\u00e9e des deux responsables du Hafia FC.<\/strong><\/p>\n<p>Pr\u00e9sident D\u00e9l\u00e9gu\u00e9 du Hafia FC, Ifra N&rsquo;Dieng : <strong>\u00abNous sommes \u00e0 la reconqu\u00eate&#8230;\u00bb<\/strong><\/p>\n<p>\u00ab On sait que le match retour n&rsquo;est pas facile.Mais le Hafia est un grand club donc nous sommes \u00e0 la reconqu\u00eate de l&rsquo;Afrique et pour r\u00e9ussir cette reconqu\u00eate il faut battre les grandes \u00e9quipes du continent (&#8230;). Et on a pris toutes les dispositions n\u00e9cessaires pour r\u00e9ussir cette campagne. On ira au Maroc pour chercher la qualification&#8230;\u00bb, a d\u00e9clar\u00e9 Ifra Flex Dieng, Pr\u00e9sident D\u00e9l\u00e9gu\u00e9 du Hafia FC dans l&rsquo;\u00e9mission Foot Express de la radio Espace FM.<\/p>\n<p><a href=\"https:\/\/i0.wp.com\/oeilsportif.info\/wp-content\/uploads\/2023\/09\/FB_IMG_1695652101693.jpg?ssl=1\"><img data-recalc-dims=\"1\" loading=\"lazy\" decoding=\"async\" class=\"alignnone size-full wp-image-3553\" src=\"https:\/\/i0.wp.com\/oeilsportif.info\/wp-content\/uploads\/2023\/09\/FB_IMG_1695652101693.jpg?resize=696%2C1043&#038;ssl=1\" alt=\"\" width=\"696\" height=\"1043\" srcset=\"https:\/\/i0.wp.com\/oeilsportif.info\/wp-content\/uploads\/2023\/09\/FB_IMG_1695652101693.jpg?w=854&amp;ssl=1 854w, https:\/\/i0.wp.com\/oeilsportif.info\/wp-content\/uploads\/2023\/09\/FB_IMG_1695652101693.jpg?resize=200%2C300&amp;ssl=1 200w, https:\/\/i0.wp.com\/oeilsportif.info\/wp-content\/uploads\/2023\/09\/FB_IMG_1695652101693.jpg?resize=683%2C1024&amp;ssl=1 683w, https:\/\/i0.wp.com\/oeilsportif.info\/wp-content\/uploads\/2023\/09\/FB_IMG_1695652101693.jpg?resize=768%2C1151&amp;ssl=1 768w, https:\/\/i0.wp.com\/oeilsportif.info\/wp-content\/uploads\/2023\/09\/FB_IMG_1695652101693.jpg?resize=696%2C1043&amp;ssl=1 696w, https:\/\/i0.wp.com\/oeilsportif.info\/wp-content\/uploads\/2023\/09\/FB_IMG_1695652101693.jpg?resize=280%2C420&amp;ssl=1 280w\" sizes=\"auto, (max-width: 696px) 100vw, 696px\" \/><\/a><\/p>\n<p>Marco Ibrahima Sory Bah :<strong>\u00ab Le Hafia est un grand club en Afrique&#8230;\u00bb<\/strong><\/p>\n<p>Pour le match retour, le Hafia FC compte l\u2019aborder avec s\u00e9r\u00e9nit\u00e9 et sans pression: \u00ab Malgr\u00e9 l&rsquo;inexp\u00e9rience de nos joueurs, vous avez tous suivi le match aller ici \u00e0 Conakry. Les joueurs du Hafia ont donn\u00e9 le meilleur, mais aussi ont cr\u00e9e des difficult\u00e9s au Wydad qui est la deuxi\u00e8me meilleure \u00e9quipe en Afrique. C&rsquo;est pour vous dire que le Hafia est un grand club en Afrique (&#8230;).Pour le match retour, nous allons l&rsquo;aborder avec beaucoup de s\u00e9r\u00e9nit\u00e9..\u00bb, a d\u00e9clar\u00e9 Marco Ibrahima Sory Bah, Secr\u00e9taire G\u00e9n\u00e9ral du Hafia FC dans l&rsquo;\u00e9mission Dimanche Sport \u00e0 la RTG Koloma.<\/p>\n","protected":false},"excerpt":{"rendered":"<p>Apr\u00e8s le match nul ouvert d&rsquo;un but partout entre le Wydad Athletic Club et le Hafia Football Club du Pr\u00e9sident KPC lors du match aller du second tour pr\u00e9liminaire de la LDC-CAF. Pour le match retour, pr\u00e9vu au Maroc le samedi 30 septembre 2023 les responsables du Hafia FC, Ifra Flex Dieng, Pr\u00e9sident D\u00e9l\u00e9gu\u00e9 et [&hellip;]<\/p>\n","protected":false},"author":2,"featured_media":3554,"comment_status":"closed","ping_status":"open","sticky":false,"template":"","format":"standard","meta":{"_jetpack_memberships_contains_paid_content":false,"footnotes":"","jetpack_publicize_message":"","jetpack_publicize_feature_enabled":true,"jetpack_social_post_already_shared":true,"jetpack_social_options":{"image_generator_settings":{"template":"highway","default_image_id":0,"font":"","enabled":false},"version":2}},"categories":[10,5],"tags":[],"class_list":{"0":"post-3552","1":"post","2":"type-post","3":"status-publish","4":"format-standard","5":"has-post-thumbnail","7":"category-actualite","8":"category-football"},"yoast_head":"<!-- This site is optimized with the Yoast SEO plugin v27.5 - https:\/\/yoast.com\/product\/yoast-seo-wordpress\/ -->\n<title>LDC-CAF : Wydad Athletic Club - WAC - HAFIA FC , voici la lecture crois\u00e9e des responsables du Hafia FC - le regard du sportif<\/title>\n<meta name=\"robots\" content=\"index, follow, max-snippet:-1, max-image-preview:large, max-video-preview:-1\" \/>\n<link rel=\"canonical\" href=\"https:\/\/oeilsportif.info\/index.php\/ldc-caf-wydad-athletic-club-wac-hafia-fc-voici-la-lecture-croisee-des-responsables-du-hafia-fc\/\" \/>\n<meta property=\"og:locale\" content=\"fr_FR\" \/>\n<meta property=\"og:type\" content=\"article\" \/>\n<meta property=\"og:title\" content=\"LDC-CAF : Wydad Athletic Club - WAC - HAFIA FC , voici la lecture crois\u00e9e des responsables du Hafia FC - le regard du sportif\" \/>\n<meta property=\"og:description\" content=\"Apr\u00e8s le match nul ouvert d&rsquo;un but partout entre le Wydad Athletic Club et le Hafia Football Club du Pr\u00e9sident KPC lors du match aller du second tour pr\u00e9liminaire de la LDC-CAF. Pour le match retour, pr\u00e9vu au Maroc le samedi 30 septembre 2023 les responsables du Hafia FC, Ifra Flex Dieng, Pr\u00e9sident D\u00e9l\u00e9gu\u00e9 et [&hellip;]\" \/>\n<meta property=\"og:url\" content=\"https:\/\/oeilsportif.info\/index.php\/ldc-caf-wydad-athletic-club-wac-hafia-fc-voici-la-lecture-croisee-des-responsables-du-hafia-fc\/\" \/>\n<meta property=\"og:site_name\" content=\"le regard du sportif\" \/>\n<meta property=\"article:published_time\" content=\"2023-09-25T18:48:18+00:00\" \/>\n<meta property=\"og:image\" content=\"https:\/\/oeilsportif.info\/wp-content\/uploads\/2023\/09\/FB_IMG_1695652083367.jpg\" \/>\n\t<meta property=\"og:image:width\" content=\"854\" \/>\n\t<meta property=\"og:image:height\" content=\"1092\" \/>\n\t<meta property=\"og:image:type\" content=\"image\/jpeg\" \/>\n<meta name=\"author\" content=\"L&#039;Equipe de la R\u00e9daction\" \/>\n<meta name=\"twitter:label1\" content=\"\u00c9crit par\" \/>\n\t<meta name=\"twitter:data1\" content=\"L&#039;Equipe de la R\u00e9daction\" \/>\n\t<meta name=\"twitter:label2\" content=\"Dur\u00e9e de lecture estim\u00e9e\" \/>\n\t<meta name=\"twitter:data2\" content=\"2 minutes\" \/>\n<script type=\"application\/ld+json\" class=\"yoast-schema-graph\">{\"@context\":\"https:\\\/\\\/schema.org\",\"@graph\":[{\"@type\":\"Article\",\"@id\":\"https:\\\/\\\/oeilsportif.info\\\/index.php\\\/ldc-caf-wydad-athletic-club-wac-hafia-fc-voici-la-lecture-croisee-des-responsables-du-hafia-fc\\\/#article\",\"isPartOf\":{\"@id\":\"https:\\\/\\\/oeilsportif.info\\\/index.php\\\/ldc-caf-wydad-athletic-club-wac-hafia-fc-voici-la-lecture-croisee-des-responsables-du-hafia-fc\\\/\"},\"author\":{\"name\":\"L'Equipe de la R\u00e9daction\",\"@id\":\"https:\\\/\\\/oeilsportif.info\\\/#\\\/schema\\\/person\\\/cfbded294aa6095f7d96608d7905e9a1\"},\"headline\":\"LDC-CAF : Wydad Athletic Club &#8211; WAC &#8211; HAFIA FC , voici la lecture crois\u00e9e des responsables du Hafia FC\",\"datePublished\":\"2023-09-25T18:48:18+00:00\",\"mainEntityOfPage\":{\"@id\":\"https:\\\/\\\/oeilsportif.info\\\/index.php\\\/ldc-caf-wydad-athletic-club-wac-hafia-fc-voici-la-lecture-croisee-des-responsables-du-hafia-fc\\\/\"},\"wordCount\":368,\"image\":{\"@id\":\"https:\\\/\\\/oeilsportif.info\\\/index.php\\\/ldc-caf-wydad-athletic-club-wac-hafia-fc-voici-la-lecture-croisee-des-responsables-du-hafia-fc\\\/#primaryimage\"},\"thumbnailUrl\":\"https:\\\/\\\/i0.wp.com\\\/oeilsportif.info\\\/wp-content\\\/uploads\\\/2023\\\/09\\\/FB_IMG_1695652083367.jpg?fit=854%2C1092&ssl=1\",\"articleSection\":[\"Actualit\u00e9\",\"Football\"],\"inLanguage\":\"fr-FR\"},{\"@type\":\"WebPage\",\"@id\":\"https:\\\/\\\/oeilsportif.info\\\/index.php\\\/ldc-caf-wydad-athletic-club-wac-hafia-fc-voici-la-lecture-croisee-des-responsables-du-hafia-fc\\\/\",\"url\":\"https:\\\/\\\/oeilsportif.info\\\/index.php\\\/ldc-caf-wydad-athletic-club-wac-hafia-fc-voici-la-lecture-croisee-des-responsables-du-hafia-fc\\\/\",\"name\":\"LDC-CAF : Wydad Athletic Club - WAC - HAFIA FC , voici la lecture crois\u00e9e des responsables du Hafia FC - le regard du sportif\",\"isPartOf\":{\"@id\":\"https:\\\/\\\/oeilsportif.info\\\/#website\"},\"primaryImageOfPage\":{\"@id\":\"https:\\\/\\\/oeilsportif.info\\\/index.php\\\/ldc-caf-wydad-athletic-club-wac-hafia-fc-voici-la-lecture-croisee-des-responsables-du-hafia-fc\\\/#primaryimage\"},\"image\":{\"@id\":\"https:\\\/\\\/oeilsportif.info\\\/index.php\\\/ldc-caf-wydad-athletic-club-wac-hafia-fc-voici-la-lecture-croisee-des-responsables-du-hafia-fc\\\/#primaryimage\"},\"thumbnailUrl\":\"https:\\\/\\\/i0.wp.com\\\/oeilsportif.info\\\/wp-content\\\/uploads\\\/2023\\\/09\\\/FB_IMG_1695652083367.jpg?fit=854%2C1092&ssl=1\",\"datePublished\":\"2023-09-25T18:48:18+00:00\",\"author\":{\"@id\":\"https:\\\/\\\/oeilsportif.info\\\/#\\\/schema\\\/person\\\/cfbded294aa6095f7d96608d7905e9a1\"},\"inLanguage\":\"fr-FR\",\"potentialAction\":[{\"@type\":\"ReadAction\",\"target\":[\"https:\\\/\\\/oeilsportif.info\\\/index.php\\\/ldc-caf-wydad-athletic-club-wac-hafia-fc-voici-la-lecture-croisee-des-responsables-du-hafia-fc\\\/\"]}]},{\"@type\":\"ImageObject\",\"inLanguage\":\"fr-FR\",\"@id\":\"https:\\\/\\\/oeilsportif.info\\\/index.php\\\/ldc-caf-wydad-athletic-club-wac-hafia-fc-voici-la-lecture-croisee-des-responsables-du-hafia-fc\\\/#primaryimage\",\"url\":\"https:\\\/\\\/i0.wp.com\\\/oeilsportif.info\\\/wp-content\\\/uploads\\\/2023\\\/09\\\/FB_IMG_1695652083367.jpg?fit=854%2C1092&ssl=1\",\"contentUrl\":\"https:\\\/\\\/i0.wp.com\\\/oeilsportif.info\\\/wp-content\\\/uploads\\\/2023\\\/09\\\/FB_IMG_1695652083367.jpg?fit=854%2C1092&ssl=1\",\"width\":854,\"height\":1092},{\"@type\":\"WebSite\",\"@id\":\"https:\\\/\\\/oeilsportif.info\\\/#website\",\"url\":\"https:\\\/\\\/oeilsportif.info\\\/\",\"name\":\"le regard du sportif\",\"description\":\"\",\"potentialAction\":[{\"@type\":\"SearchAction\",\"target\":{\"@type\":\"EntryPoint\",\"urlTemplate\":\"https:\\\/\\\/oeilsportif.info\\\/?s={search_term_string}\"},\"query-input\":{\"@type\":\"PropertyValueSpecification\",\"valueRequired\":true,\"valueName\":\"search_term_string\"}}],\"inLanguage\":\"fr-FR\"},{\"@type\":\"Person\",\"@id\":\"https:\\\/\\\/oeilsportif.info\\\/#\\\/schema\\\/person\\\/cfbded294aa6095f7d96608d7905e9a1\",\"name\":\"L'Equipe de la R\u00e9daction\",\"image\":{\"@type\":\"ImageObject\",\"inLanguage\":\"fr-FR\",\"@id\":\"https:\\\/\\\/oeilsportif.info\\\/wp-content\\\/uploads\\\/2025\\\/07\\\/cropped-cropped-logo-os-96x96.jpeg\",\"url\":\"https:\\\/\\\/oeilsportif.info\\\/wp-content\\\/uploads\\\/2025\\\/07\\\/cropped-cropped-logo-os-96x96.jpeg\",\"contentUrl\":\"https:\\\/\\\/oeilsportif.info\\\/wp-content\\\/uploads\\\/2025\\\/07\\\/cropped-cropped-logo-os-96x96.jpeg\",\"caption\":\"L'Equipe de la R\u00e9daction\"},\"url\":\"https:\\\/\\\/oeilsportif.info\\\/index.php\\\/author\\\/tawel\\\/\"}]}<\/script>\n<!-- \/ Yoast SEO plugin. -->","yoast_head_json":{"title":"LDC-CAF : Wydad Athletic Club - WAC - HAFIA FC , voici la lecture crois\u00e9e des responsables du Hafia FC - le regard du sportif","robots":{"index":"index","follow":"follow","max-snippet":"max-snippet:-1","max-image-preview":"max-image-preview:large","max-video-preview":"max-video-preview:-1"},"canonical":"https:\/\/oeilsportif.info\/index.php\/ldc-caf-wydad-athletic-club-wac-hafia-fc-voici-la-lecture-croisee-des-responsables-du-hafia-fc\/","og_locale":"fr_FR","og_type":"article","og_title":"LDC-CAF : Wydad Athletic Club - WAC - HAFIA FC , voici la lecture crois\u00e9e des responsables du Hafia FC - le regard du sportif","og_description":"Apr\u00e8s le match nul ouvert d&rsquo;un but partout entre le Wydad Athletic Club et le Hafia Football Club du Pr\u00e9sident KPC lors du match aller du second tour pr\u00e9liminaire de la LDC-CAF. Pour le match retour, pr\u00e9vu au Maroc le samedi 30 septembre 2023 les responsables du Hafia FC, Ifra Flex Dieng, Pr\u00e9sident D\u00e9l\u00e9gu\u00e9 et [&hellip;]","og_url":"https:\/\/oeilsportif.info\/index.php\/ldc-caf-wydad-athletic-club-wac-hafia-fc-voici-la-lecture-croisee-des-responsables-du-hafia-fc\/","og_site_name":"le regard du sportif","article_published_time":"2023-09-25T18:48:18+00:00","og_image":[{"width":854,"height":1092,"url":"https:\/\/oeilsportif.info\/wp-content\/uploads\/2023\/09\/FB_IMG_1695652083367.jpg","type":"image\/jpeg"}],"author":"L'Equipe de la R\u00e9daction","twitter_misc":{"\u00c9crit par":"L'Equipe de la R\u00e9daction","Dur\u00e9e de lecture estim\u00e9e":"2 minutes"},"schema":{"@context":"https:\/\/schema.org","@graph":[{"@type":"Article","@id":"https:\/\/oeilsportif.info\/index.php\/ldc-caf-wydad-athletic-club-wac-hafia-fc-voici-la-lecture-croisee-des-responsables-du-hafia-fc\/#article","isPartOf":{"@id":"https:\/\/oeilsportif.info\/index.php\/ldc-caf-wydad-athletic-club-wac-hafia-fc-voici-la-lecture-croisee-des-responsables-du-hafia-fc\/"},"author":{"name":"L'Equipe de la R\u00e9daction","@id":"https:\/\/oeilsportif.info\/#\/schema\/person\/cfbded294aa6095f7d96608d7905e9a1"},"headline":"LDC-CAF : Wydad Athletic Club &#8211; WAC &#8211; HAFIA FC , voici la lecture crois\u00e9e des responsables du Hafia FC","datePublished":"2023-09-25T18:48:18+00:00","mainEntityOfPage":{"@id":"https:\/\/oeilsportif.info\/index.php\/ldc-caf-wydad-athletic-club-wac-hafia-fc-voici-la-lecture-croisee-des-responsables-du-hafia-fc\/"},"wordCount":368,"image":{"@id":"https:\/\/oeilsportif.info\/index.php\/ldc-caf-wydad-athletic-club-wac-hafia-fc-voici-la-lecture-croisee-des-responsables-du-hafia-fc\/#primaryimage"},"thumbnailUrl":"https:\/\/i0.wp.com\/oeilsportif.info\/wp-content\/uploads\/2023\/09\/FB_IMG_1695652083367.jpg?fit=854%2C1092&ssl=1","articleSection":["Actualit\u00e9","Football"],"inLanguage":"fr-FR"},{"@type":"WebPage","@id":"https:\/\/oeilsportif.info\/index.php\/ldc-caf-wydad-athletic-club-wac-hafia-fc-voici-la-lecture-croisee-des-responsables-du-hafia-fc\/","url":"https:\/\/oeilsportif.info\/index.php\/ldc-caf-wydad-athletic-club-wac-hafia-fc-voici-la-lecture-croisee-des-responsables-du-hafia-fc\/","name":"LDC-CAF : Wydad Athletic Club - WAC - HAFIA FC , voici la lecture crois\u00e9e des responsables du Hafia FC - le regard du sportif","isPartOf":{"@id":"https:\/\/oeilsportif.info\/#website"},"primaryImageOfPage":{"@id":"https:\/\/oeilsportif.info\/index.php\/ldc-caf-wydad-athletic-club-wac-hafia-fc-voici-la-lecture-croisee-des-responsables-du-hafia-fc\/#primaryimage"},"image":{"@id":"https:\/\/oeilsportif.info\/index.php\/ldc-caf-wydad-athletic-club-wac-hafia-fc-voici-la-lecture-croisee-des-responsables-du-hafia-fc\/#primaryimage"},"thumbnailUrl":"https:\/\/i0.wp.com\/oeilsportif.info\/wp-content\/uploads\/2023\/09\/FB_IMG_1695652083367.jpg?fit=854%2C1092&ssl=1","datePublished":"2023-09-25T18:48:18+00:00","author":{"@id":"https:\/\/oeilsportif.info\/#\/schema\/person\/cfbded294aa6095f7d96608d7905e9a1"},"inLanguage":"fr-FR","potentialAction":[{"@type":"ReadAction","target":["https:\/\/oeilsportif.info\/index.php\/ldc-caf-wydad-athletic-club-wac-hafia-fc-voici-la-lecture-croisee-des-responsables-du-hafia-fc\/"]}]},{"@type":"ImageObject","inLanguage":"fr-FR","@id":"https:\/\/oeilsportif.info\/index.php\/ldc-caf-wydad-athletic-club-wac-hafia-fc-voici-la-lecture-croisee-des-responsables-du-hafia-fc\/#primaryimage","url":"https:\/\/i0.wp.com\/oeilsportif.info\/wp-content\/uploads\/2023\/09\/FB_IMG_1695652083367.jpg?fit=854%2C1092&ssl=1","contentUrl":"https:\/\/i0.wp.com\/oeilsportif.info\/wp-content\/uploads\/2023\/09\/FB_IMG_1695652083367.jpg?fit=854%2C1092&ssl=1","width":854,"height":1092},{"@type":"WebSite","@id":"https:\/\/oeilsportif.info\/#website","url":"https:\/\/oeilsportif.info\/","name":"le regard du sportif","description":"","potentialAction":[{"@type":"SearchAction","target":{"@type":"EntryPoint","urlTemplate":"https:\/\/oeilsportif.info\/?s={search_term_string}"},"query-input":{"@type":"PropertyValueSpecification","valueRequired":true,"valueName":"search_term_string"}}],"inLanguage":"fr-FR"},{"@type":"Person","@id":"https:\/\/oeilsportif.info\/#\/schema\/person\/cfbded294aa6095f7d96608d7905e9a1","name":"L'Equipe de la R\u00e9daction","image":{"@type":"ImageObject","inLanguage":"fr-FR","@id":"https:\/\/oeilsportif.info\/wp-content\/uploads\/2025\/07\/cropped-cropped-logo-os-96x96.jpeg","url":"https:\/\/oeilsportif.info\/wp-content\/uploads\/2025\/07\/cropped-cropped-logo-os-96x96.jpeg","contentUrl":"https:\/\/oeilsportif.info\/wp-content\/uploads\/2025\/07\/cropped-cropped-logo-os-96x96.jpeg","caption":"L'Equipe de la R\u00e9daction"},"url":"https:\/\/oeilsportif.info\/index.php\/author\/tawel\/"}]}},"jetpack_publicize_connections":[],"jetpack_featured_media_url":"https:\/\/i0.wp.com\/oeilsportif.info\/wp-content\/uploads\/2023\/09\/FB_IMG_1695652083367.jpg?fit=854%2C1092&ssl=1","jetpack-related-posts":[],"jetpack_sharing_enabled":true,"jetpack_likes_enabled":true,"jetpack_shortlink":"https:\/\/wp.me\/pgFE77-Vi","_links":{"self":[{"href":"https:\/\/oeilsportif.info\/index.php\/wp-json\/wp\/v2\/posts\/3552","targetHints":{"allow":["GET"]}}],"collection":[{"href":"https:\/\/oeilsportif.info\/index.php\/wp-json\/wp\/v2\/posts"}],"about":[{"href":"https:\/\/oeilsportif.info\/index.php\/wp-json\/wp\/v2\/types\/post"}],"author":[{"embeddable":true,"href":"https:\/\/oeilsportif.info\/index.php\/wp-json\/wp\/v2\/users\/2"}],"replies":[{"embeddable":true,"href":"https:\/\/oeilsportif.info\/index.php\/wp-json\/wp\/v2\/comments?post=3552"}],"version-history":[{"count":0,"href":"https:\/\/oeilsportif.info\/index.php\/wp-json\/wp\/v2\/posts\/3552\/revisions"}],"wp:featuredmedia":[{"embeddable":true,"href":"https:\/\/oeilsportif.info\/index.php\/wp-json\/wp\/v2\/media\/3554"}],"wp:attachment":[{"href":"https:\/\/oeilsportif.info\/index.php\/wp-json\/wp\/v2\/media?parent=3552"}],"wp:term":[{"taxonomy":"category","embeddable":true,"href":"https:\/\/oeilsportif.info\/index.php\/wp-json\/wp\/v2\/categories?post=3552"},{"taxonomy":"post_tag","embeddable":true,"href":"https:\/\/oeilsportif.info\/index.php\/wp-json\/wp\/v2\/tags?post=3552"}],"curies":[{"name":"wp","href":"https:\/\/api.w.org\/{rel}","templated":true}]}}