{"id":3503,"date":"2023-09-13T11:44:53","date_gmt":"2023-09-13T11:44:53","guid":{"rendered":"https:\/\/oeilsportif.info\/index.php\/?p=3503"},"modified":"2023-09-13T11:44:53","modified_gmt":"2023-09-13T11:44:53","slug":"longtemps-ecarte-du-syli-mady-decide-de-prendre-la-parole-je-nai-jamais-refuse-de-venir","status":"publish","type":"post","link":"https:\/\/oeilsportif.info\/index.php\/longtemps-ecarte-du-syli-mady-decide-de-prendre-la-parole-je-nai-jamais-refuse-de-venir\/","title":{"rendered":"Longtemps \u00e9cart\u00e9 du Syli, Mady d\u00e9cide de prendre la parole : \u00ab je n\u2019ai jamais refus\u00e9 de venir\u2026 \u00bb"},"content":{"rendered":"<p><strong>Mis de c\u00f4t\u00e9 en s\u00e9lection depuis plusieurs mois sans aucune raison officielle, avec beaucoup de commentaires dans l\u2019opinion sportive nationale, Mady Camara d\u00e9cide de rompre avec le silence. Le milieu du terrain de 23 ans, a pris la parole sur Instagram dans la soir\u00e9e de ce mardi 12 septembre 2023.<\/strong><\/p>\n<p>Le joueur de l\u2019olympiakos ne va pas par le dos de la cuill\u00e8re pour le s\u00e9lectionneur du Syli national. Dans ses propos, Mady demande \u00e0 Kaba Diawara ne pas le mettre en mal avec les gens et le 12e homme. Il pr\u00e9cise n\u2019avoir jamais refus\u00e9 de venir en s\u00e9lection.<\/p>\n<p>\u00ab\u00a0<em>SVP, Ne me mettez pas en mal avec les gens surtout nos supporters du Syli national ! Je suis guin\u00e9en comme tout le monde et je n\u2019ai jamais refus\u00e9 de venir jouer pour mon pays. Sachez que personne n\u2019est parfait sur terre, et j\u2019ai toujours eu de bonnes relations avec tous mes co\u00e9quipiers et toutes les personnes qui m\u2019ont c\u00f4toy\u00e9, que ce soit en s\u00e9lection ou en club. Tous savent qu\u2019elle personne je suis, j\u2019ai toujours souhait\u00e9 le meilleur pour tous mes co\u00e9quipiers, tant en s\u00e9lection qu\u2019en club mais dans la vie chaque histoire a une fin. Dieu voit tout le monde, arr\u00eatons de mentir aux gens<\/em>\u00a0\u00bb, indique-il.<\/p>\n<p>Poursuivant, le joueur du club grec Olympiakos, Mady Camara dit accept\u00e9 la d\u00e9cision de Kaba Diawara de ne pas l\u2019appeler en s\u00e9lection, mais insiste-t-il, de ne pas le mettre en mal avec des gens.<\/p>\n<p>\u00ab\u00a0<em>Je r\u00e9p\u00e8te encore et pour une \u00e9ni\u00e8me fois, Kaba, si tu as fait ton choix de ne pas m\u2019appeler en s\u00e9lection, j\u2019accepte ta d\u00e9cision, mais, g\u00e8re ton groupe comme bon te semble, de la bonne mani\u00e8re au lieu de me mettre en conflit avec les gens. C\u2019est tr\u00e8s petit cette attitude. Si tu ne le sais pas, je m\u2019entends et parle avec bon nombre de mes fr\u00e8res de la s\u00e9lection<\/em>\u00a0\u00bb, ajoute-il.<\/p>\n<p>Rappelons que le dimanche dernier, l\u2019ancien d\u00e9fenseur international guin\u00e9en Mamadi Kaba dit Dieng a r\u00e9v\u00e9l\u00e9 sur Espace TV o\u00f9 il joue le r\u00f4le de chroniqueur dans l\u2019\u00e9mission FOOT Express, que le s\u00e9lectionneur Diawara lui a dit que tant qu\u2019il est \u00e0 la t\u00eate du Syli national qu\u2019il ne convoquera pas Mady Camara en \u00e9quipe national. Il l\u2019accuse selon la source indiqu\u00e9e de ne pas courir dans le jeu. Une raison jug\u00e9e l\u00e9g\u00e8re par plusieurs observateurs locaux.<\/p>\n<p><strong>Hamidou KIBOLA BANGOURA pour Africasport\u00a0<\/strong><\/p>\n","protected":false},"excerpt":{"rendered":"<p>Mis de c\u00f4t\u00e9 en s\u00e9lection depuis plusieurs mois sans aucune raison officielle, avec beaucoup de commentaires dans l\u2019opinion sportive nationale, Mady Camara d\u00e9cide de rompre avec le silence. Le milieu du terrain de 23 ans, a pris la parole sur Instagram dans la soir\u00e9e de ce mardi 12 septembre 2023. Le joueur de l\u2019olympiakos ne [&hellip;]<\/p>\n","protected":false},"author":2,"featured_media":3504,"comment_status":"closed","ping_status":"open","sticky":false,"template":"","format":"standard","meta":{"_jetpack_memberships_contains_paid_content":false,"footnotes":"","jetpack_publicize_message":"","jetpack_publicize_feature_enabled":true,"jetpack_social_post_already_shared":true,"jetpack_social_options":{"image_generator_settings":{"template":"highway","default_image_id":0,"font":"","enabled":false},"version":2}},"categories":[10,5],"tags":[],"class_list":{"0":"post-3503","1":"post","2":"type-post","3":"status-publish","4":"format-standard","5":"has-post-thumbnail","7":"category-actualite","8":"category-football"},"yoast_head":"<!-- This site is optimized with the Yoast SEO plugin v27.5 - https:\/\/yoast.com\/product\/yoast-seo-wordpress\/ -->\n<title>Longtemps \u00e9cart\u00e9 du Syli, Mady d\u00e9cide de prendre la parole : \u00ab je n\u2019ai jamais refus\u00e9 de venir\u2026 \u00bb - le regard du sportif<\/title>\n<meta name=\"robots\" content=\"index, follow, max-snippet:-1, max-image-preview:large, max-video-preview:-1\" \/>\n<link rel=\"canonical\" href=\"https:\/\/oeilsportif.info\/index.php\/longtemps-ecarte-du-syli-mady-decide-de-prendre-la-parole-je-nai-jamais-refuse-de-venir\/\" \/>\n<meta property=\"og:locale\" content=\"fr_FR\" \/>\n<meta property=\"og:type\" content=\"article\" \/>\n<meta property=\"og:title\" content=\"Longtemps \u00e9cart\u00e9 du Syli, Mady d\u00e9cide de prendre la parole : \u00ab je n\u2019ai jamais refus\u00e9 de venir\u2026 \u00bb - le regard du sportif\" \/>\n<meta property=\"og:description\" content=\"Mis de c\u00f4t\u00e9 en s\u00e9lection depuis plusieurs mois sans aucune raison officielle, avec beaucoup de commentaires dans l\u2019opinion sportive nationale, Mady Camara d\u00e9cide de rompre avec le silence. Le milieu du terrain de 23 ans, a pris la parole sur Instagram dans la soir\u00e9e de ce mardi 12 septembre 2023. Le joueur de l\u2019olympiakos ne [&hellip;]\" \/>\n<meta property=\"og:url\" content=\"https:\/\/oeilsportif.info\/index.php\/longtemps-ecarte-du-syli-mady-decide-de-prendre-la-parole-je-nai-jamais-refuse-de-venir\/\" \/>\n<meta property=\"og:site_name\" content=\"le regard du sportif\" \/>\n<meta property=\"article:published_time\" content=\"2023-09-13T11:44:53+00:00\" \/>\n<meta property=\"og:image\" content=\"https:\/\/oeilsportif.info\/wp-content\/uploads\/2023\/09\/FB_IMG_1694560928183.jpg\" \/>\n\t<meta property=\"og:image:width\" content=\"1080\" \/>\n\t<meta property=\"og:image:height\" content=\"587\" \/>\n\t<meta property=\"og:image:type\" content=\"image\/jpeg\" \/>\n<meta name=\"author\" content=\"L&#039;Equipe de la R\u00e9daction\" \/>\n<meta name=\"twitter:label1\" content=\"\u00c9crit par\" \/>\n\t<meta name=\"twitter:data1\" content=\"L&#039;Equipe de la R\u00e9daction\" \/>\n\t<meta name=\"twitter:label2\" content=\"Dur\u00e9e de lecture estim\u00e9e\" \/>\n\t<meta name=\"twitter:data2\" content=\"3 minutes\" \/>\n<script type=\"application\/ld+json\" class=\"yoast-schema-graph\">{\"@context\":\"https:\\\/\\\/schema.org\",\"@graph\":[{\"@type\":\"Article\",\"@id\":\"https:\\\/\\\/oeilsportif.info\\\/index.php\\\/longtemps-ecarte-du-syli-mady-decide-de-prendre-la-parole-je-nai-jamais-refuse-de-venir\\\/#article\",\"isPartOf\":{\"@id\":\"https:\\\/\\\/oeilsportif.info\\\/index.php\\\/longtemps-ecarte-du-syli-mady-decide-de-prendre-la-parole-je-nai-jamais-refuse-de-venir\\\/\"},\"author\":{\"name\":\"L'Equipe de la R\u00e9daction\",\"@id\":\"https:\\\/\\\/oeilsportif.info\\\/#\\\/schema\\\/person\\\/cfbded294aa6095f7d96608d7905e9a1\"},\"headline\":\"Longtemps \u00e9cart\u00e9 du Syli, Mady d\u00e9cide de prendre la parole : \u00ab je n\u2019ai jamais refus\u00e9 de venir\u2026 \u00bb\",\"datePublished\":\"2023-09-13T11:44:53+00:00\",\"mainEntityOfPage\":{\"@id\":\"https:\\\/\\\/oeilsportif.info\\\/index.php\\\/longtemps-ecarte-du-syli-mady-decide-de-prendre-la-parole-je-nai-jamais-refuse-de-venir\\\/\"},\"wordCount\":463,\"image\":{\"@id\":\"https:\\\/\\\/oeilsportif.info\\\/index.php\\\/longtemps-ecarte-du-syli-mady-decide-de-prendre-la-parole-je-nai-jamais-refuse-de-venir\\\/#primaryimage\"},\"thumbnailUrl\":\"https:\\\/\\\/i0.wp.com\\\/oeilsportif.info\\\/wp-content\\\/uploads\\\/2023\\\/09\\\/FB_IMG_1694560928183.jpg?fit=1080%2C587&ssl=1\",\"articleSection\":[\"Actualit\u00e9\",\"Football\"],\"inLanguage\":\"fr-FR\"},{\"@type\":\"WebPage\",\"@id\":\"https:\\\/\\\/oeilsportif.info\\\/index.php\\\/longtemps-ecarte-du-syli-mady-decide-de-prendre-la-parole-je-nai-jamais-refuse-de-venir\\\/\",\"url\":\"https:\\\/\\\/oeilsportif.info\\\/index.php\\\/longtemps-ecarte-du-syli-mady-decide-de-prendre-la-parole-je-nai-jamais-refuse-de-venir\\\/\",\"name\":\"Longtemps \u00e9cart\u00e9 du Syli, Mady d\u00e9cide de prendre la parole : \u00ab je n\u2019ai jamais refus\u00e9 de venir\u2026 \u00bb - le regard du sportif\",\"isPartOf\":{\"@id\":\"https:\\\/\\\/oeilsportif.info\\\/#website\"},\"primaryImageOfPage\":{\"@id\":\"https:\\\/\\\/oeilsportif.info\\\/index.php\\\/longtemps-ecarte-du-syli-mady-decide-de-prendre-la-parole-je-nai-jamais-refuse-de-venir\\\/#primaryimage\"},\"image\":{\"@id\":\"https:\\\/\\\/oeilsportif.info\\\/index.php\\\/longtemps-ecarte-du-syli-mady-decide-de-prendre-la-parole-je-nai-jamais-refuse-de-venir\\\/#primaryimage\"},\"thumbnailUrl\":\"https:\\\/\\\/i0.wp.com\\\/oeilsportif.info\\\/wp-content\\\/uploads\\\/2023\\\/09\\\/FB_IMG_1694560928183.jpg?fit=1080%2C587&ssl=1\",\"datePublished\":\"2023-09-13T11:44:53+00:00\",\"author\":{\"@id\":\"https:\\\/\\\/oeilsportif.info\\\/#\\\/schema\\\/person\\\/cfbded294aa6095f7d96608d7905e9a1\"},\"inLanguage\":\"fr-FR\",\"potentialAction\":[{\"@type\":\"ReadAction\",\"target\":[\"https:\\\/\\\/oeilsportif.info\\\/index.php\\\/longtemps-ecarte-du-syli-mady-decide-de-prendre-la-parole-je-nai-jamais-refuse-de-venir\\\/\"]}]},{\"@type\":\"ImageObject\",\"inLanguage\":\"fr-FR\",\"@id\":\"https:\\\/\\\/oeilsportif.info\\\/index.php\\\/longtemps-ecarte-du-syli-mady-decide-de-prendre-la-parole-je-nai-jamais-refuse-de-venir\\\/#primaryimage\",\"url\":\"https:\\\/\\\/i0.wp.com\\\/oeilsportif.info\\\/wp-content\\\/uploads\\\/2023\\\/09\\\/FB_IMG_1694560928183.jpg?fit=1080%2C587&ssl=1\",\"contentUrl\":\"https:\\\/\\\/i0.wp.com\\\/oeilsportif.info\\\/wp-content\\\/uploads\\\/2023\\\/09\\\/FB_IMG_1694560928183.jpg?fit=1080%2C587&ssl=1\",\"width\":1080,\"height\":587},{\"@type\":\"WebSite\",\"@id\":\"https:\\\/\\\/oeilsportif.info\\\/#website\",\"url\":\"https:\\\/\\\/oeilsportif.info\\\/\",\"name\":\"le regard du sportif\",\"description\":\"\",\"potentialAction\":[{\"@type\":\"SearchAction\",\"target\":{\"@type\":\"EntryPoint\",\"urlTemplate\":\"https:\\\/\\\/oeilsportif.info\\\/?s={search_term_string}\"},\"query-input\":{\"@type\":\"PropertyValueSpecification\",\"valueRequired\":true,\"valueName\":\"search_term_string\"}}],\"inLanguage\":\"fr-FR\"},{\"@type\":\"Person\",\"@id\":\"https:\\\/\\\/oeilsportif.info\\\/#\\\/schema\\\/person\\\/cfbded294aa6095f7d96608d7905e9a1\",\"name\":\"L'Equipe de la R\u00e9daction\",\"image\":{\"@type\":\"ImageObject\",\"inLanguage\":\"fr-FR\",\"@id\":\"https:\\\/\\\/oeilsportif.info\\\/wp-content\\\/uploads\\\/2025\\\/07\\\/cropped-cropped-logo-os-96x96.jpeg\",\"url\":\"https:\\\/\\\/oeilsportif.info\\\/wp-content\\\/uploads\\\/2025\\\/07\\\/cropped-cropped-logo-os-96x96.jpeg\",\"contentUrl\":\"https:\\\/\\\/oeilsportif.info\\\/wp-content\\\/uploads\\\/2025\\\/07\\\/cropped-cropped-logo-os-96x96.jpeg\",\"caption\":\"L'Equipe de la R\u00e9daction\"},\"url\":\"https:\\\/\\\/oeilsportif.info\\\/index.php\\\/author\\\/tawel\\\/\"}]}<\/script>\n<!-- \/ Yoast SEO plugin. -->","yoast_head_json":{"title":"Longtemps \u00e9cart\u00e9 du Syli, Mady d\u00e9cide de prendre la parole : \u00ab je n\u2019ai jamais refus\u00e9 de venir\u2026 \u00bb - le regard du sportif","robots":{"index":"index","follow":"follow","max-snippet":"max-snippet:-1","max-image-preview":"max-image-preview:large","max-video-preview":"max-video-preview:-1"},"canonical":"https:\/\/oeilsportif.info\/index.php\/longtemps-ecarte-du-syli-mady-decide-de-prendre-la-parole-je-nai-jamais-refuse-de-venir\/","og_locale":"fr_FR","og_type":"article","og_title":"Longtemps \u00e9cart\u00e9 du Syli, Mady d\u00e9cide de prendre la parole : \u00ab je n\u2019ai jamais refus\u00e9 de venir\u2026 \u00bb - le regard du sportif","og_description":"Mis de c\u00f4t\u00e9 en s\u00e9lection depuis plusieurs mois sans aucune raison officielle, avec beaucoup de commentaires dans l\u2019opinion sportive nationale, Mady Camara d\u00e9cide de rompre avec le silence. Le milieu du terrain de 23 ans, a pris la parole sur Instagram dans la soir\u00e9e de ce mardi 12 septembre 2023. Le joueur de l\u2019olympiakos ne [&hellip;]","og_url":"https:\/\/oeilsportif.info\/index.php\/longtemps-ecarte-du-syli-mady-decide-de-prendre-la-parole-je-nai-jamais-refuse-de-venir\/","og_site_name":"le regard du sportif","article_published_time":"2023-09-13T11:44:53+00:00","og_image":[{"width":1080,"height":587,"url":"https:\/\/oeilsportif.info\/wp-content\/uploads\/2023\/09\/FB_IMG_1694560928183.jpg","type":"image\/jpeg"}],"author":"L'Equipe de la R\u00e9daction","twitter_misc":{"\u00c9crit par":"L'Equipe de la R\u00e9daction","Dur\u00e9e de lecture estim\u00e9e":"3 minutes"},"schema":{"@context":"https:\/\/schema.org","@graph":[{"@type":"Article","@id":"https:\/\/oeilsportif.info\/index.php\/longtemps-ecarte-du-syli-mady-decide-de-prendre-la-parole-je-nai-jamais-refuse-de-venir\/#article","isPartOf":{"@id":"https:\/\/oeilsportif.info\/index.php\/longtemps-ecarte-du-syli-mady-decide-de-prendre-la-parole-je-nai-jamais-refuse-de-venir\/"},"author":{"name":"L'Equipe de la R\u00e9daction","@id":"https:\/\/oeilsportif.info\/#\/schema\/person\/cfbded294aa6095f7d96608d7905e9a1"},"headline":"Longtemps \u00e9cart\u00e9 du Syli, Mady d\u00e9cide de prendre la parole : \u00ab je n\u2019ai jamais refus\u00e9 de venir\u2026 \u00bb","datePublished":"2023-09-13T11:44:53+00:00","mainEntityOfPage":{"@id":"https:\/\/oeilsportif.info\/index.php\/longtemps-ecarte-du-syli-mady-decide-de-prendre-la-parole-je-nai-jamais-refuse-de-venir\/"},"wordCount":463,"image":{"@id":"https:\/\/oeilsportif.info\/index.php\/longtemps-ecarte-du-syli-mady-decide-de-prendre-la-parole-je-nai-jamais-refuse-de-venir\/#primaryimage"},"thumbnailUrl":"https:\/\/i0.wp.com\/oeilsportif.info\/wp-content\/uploads\/2023\/09\/FB_IMG_1694560928183.jpg?fit=1080%2C587&ssl=1","articleSection":["Actualit\u00e9","Football"],"inLanguage":"fr-FR"},{"@type":"WebPage","@id":"https:\/\/oeilsportif.info\/index.php\/longtemps-ecarte-du-syli-mady-decide-de-prendre-la-parole-je-nai-jamais-refuse-de-venir\/","url":"https:\/\/oeilsportif.info\/index.php\/longtemps-ecarte-du-syli-mady-decide-de-prendre-la-parole-je-nai-jamais-refuse-de-venir\/","name":"Longtemps \u00e9cart\u00e9 du Syli, Mady d\u00e9cide de prendre la parole : \u00ab je n\u2019ai jamais refus\u00e9 de venir\u2026 \u00bb - le regard du sportif","isPartOf":{"@id":"https:\/\/oeilsportif.info\/#website"},"primaryImageOfPage":{"@id":"https:\/\/oeilsportif.info\/index.php\/longtemps-ecarte-du-syli-mady-decide-de-prendre-la-parole-je-nai-jamais-refuse-de-venir\/#primaryimage"},"image":{"@id":"https:\/\/oeilsportif.info\/index.php\/longtemps-ecarte-du-syli-mady-decide-de-prendre-la-parole-je-nai-jamais-refuse-de-venir\/#primaryimage"},"thumbnailUrl":"https:\/\/i0.wp.com\/oeilsportif.info\/wp-content\/uploads\/2023\/09\/FB_IMG_1694560928183.jpg?fit=1080%2C587&ssl=1","datePublished":"2023-09-13T11:44:53+00:00","author":{"@id":"https:\/\/oeilsportif.info\/#\/schema\/person\/cfbded294aa6095f7d96608d7905e9a1"},"inLanguage":"fr-FR","potentialAction":[{"@type":"ReadAction","target":["https:\/\/oeilsportif.info\/index.php\/longtemps-ecarte-du-syli-mady-decide-de-prendre-la-parole-je-nai-jamais-refuse-de-venir\/"]}]},{"@type":"ImageObject","inLanguage":"fr-FR","@id":"https:\/\/oeilsportif.info\/index.php\/longtemps-ecarte-du-syli-mady-decide-de-prendre-la-parole-je-nai-jamais-refuse-de-venir\/#primaryimage","url":"https:\/\/i0.wp.com\/oeilsportif.info\/wp-content\/uploads\/2023\/09\/FB_IMG_1694560928183.jpg?fit=1080%2C587&ssl=1","contentUrl":"https:\/\/i0.wp.com\/oeilsportif.info\/wp-content\/uploads\/2023\/09\/FB_IMG_1694560928183.jpg?fit=1080%2C587&ssl=1","width":1080,"height":587},{"@type":"WebSite","@id":"https:\/\/oeilsportif.info\/#website","url":"https:\/\/oeilsportif.info\/","name":"le regard du sportif","description":"","potentialAction":[{"@type":"SearchAction","target":{"@type":"EntryPoint","urlTemplate":"https:\/\/oeilsportif.info\/?s={search_term_string}"},"query-input":{"@type":"PropertyValueSpecification","valueRequired":true,"valueName":"search_term_string"}}],"inLanguage":"fr-FR"},{"@type":"Person","@id":"https:\/\/oeilsportif.info\/#\/schema\/person\/cfbded294aa6095f7d96608d7905e9a1","name":"L'Equipe de la R\u00e9daction","image":{"@type":"ImageObject","inLanguage":"fr-FR","@id":"https:\/\/oeilsportif.info\/wp-content\/uploads\/2025\/07\/cropped-cropped-logo-os-96x96.jpeg","url":"https:\/\/oeilsportif.info\/wp-content\/uploads\/2025\/07\/cropped-cropped-logo-os-96x96.jpeg","contentUrl":"https:\/\/oeilsportif.info\/wp-content\/uploads\/2025\/07\/cropped-cropped-logo-os-96x96.jpeg","caption":"L'Equipe de la R\u00e9daction"},"url":"https:\/\/oeilsportif.info\/index.php\/author\/tawel\/"}]}},"jetpack_publicize_connections":[],"jetpack_featured_media_url":"https:\/\/i0.wp.com\/oeilsportif.info\/wp-content\/uploads\/2023\/09\/FB_IMG_1694560928183.jpg?fit=1080%2C587&ssl=1","jetpack-related-posts":[],"jetpack_sharing_enabled":true,"jetpack_likes_enabled":true,"jetpack_shortlink":"https:\/\/wp.me\/pgFE77-Uv","_links":{"self":[{"href":"https:\/\/oeilsportif.info\/index.php\/wp-json\/wp\/v2\/posts\/3503","targetHints":{"allow":["GET"]}}],"collection":[{"href":"https:\/\/oeilsportif.info\/index.php\/wp-json\/wp\/v2\/posts"}],"about":[{"href":"https:\/\/oeilsportif.info\/index.php\/wp-json\/wp\/v2\/types\/post"}],"author":[{"embeddable":true,"href":"https:\/\/oeilsportif.info\/index.php\/wp-json\/wp\/v2\/users\/2"}],"replies":[{"embeddable":true,"href":"https:\/\/oeilsportif.info\/index.php\/wp-json\/wp\/v2\/comments?post=3503"}],"version-history":[{"count":0,"href":"https:\/\/oeilsportif.info\/index.php\/wp-json\/wp\/v2\/posts\/3503\/revisions"}],"wp:featuredmedia":[{"embeddable":true,"href":"https:\/\/oeilsportif.info\/index.php\/wp-json\/wp\/v2\/media\/3504"}],"wp:attachment":[{"href":"https:\/\/oeilsportif.info\/index.php\/wp-json\/wp\/v2\/media?parent=3503"}],"wp:term":[{"taxonomy":"category","embeddable":true,"href":"https:\/\/oeilsportif.info\/index.php\/wp-json\/wp\/v2\/categories?post=3503"},{"taxonomy":"post_tag","embeddable":true,"href":"https:\/\/oeilsportif.info\/index.php\/wp-json\/wp\/v2\/tags?post=3503"}],"curies":[{"name":"wp","href":"https:\/\/api.w.org\/{rel}","templated":true}]}}