{"id":3476,"date":"2023-09-10T13:29:01","date_gmt":"2023-09-10T13:29:01","guid":{"rendered":"https:\/\/oeilsportif.info\/index.php\/?p=3476"},"modified":"2023-09-10T13:29:01","modified_gmt":"2023-09-10T13:29:01","slug":"championnat-dafrique-de-judo-deuxieme-medaille-dor-pour-la-guinee","status":"publish","type":"post","link":"https:\/\/oeilsportif.info\/index.php\/championnat-dafrique-de-judo-deuxieme-medaille-dor-pour-la-guinee\/","title":{"rendered":"Championnat d\u2019Afrique de Judo: Deuxi\u00e8me m\u00e9daille d&rsquo;Or pour la Guin\u00e9e"},"content":{"rendered":"<p><strong>Le Championnat d&rsquo;Afrique de Judo (seniors) a pris fin \u00e0 Casablanca au Maroc. L&rsquo;\u00e9quipe guin\u00e9enne quitte la comp\u00e9tition sur une note de satisfaction avec \u00e0 la cl\u00e9 deux m\u00e9dailles d&rsquo;or glan\u00e9es. Elle occupe du coup la 5e place sur 36 pays participants, derri\u00e8re la Tunisie et devant le S\u00e9n\u00e9gal.<\/strong><\/p>\n<p>En effet, Marie Suzanne Branser(-78kg) a imit\u00e9 sa co\u00e9quipi\u00e8re Mariana en encha\u00eenant trois victoires en quatre combats dont un en panier. Elle remporte \u00e9galement la m\u00e9daille d&rsquo;or pour la Guin\u00e9e.<\/p>\n<p>Ce succ\u00e8s permet \u00e0 Marie Suzanne d&rsquo;occuper la 16e place et Mariana ESTEVES la 22e dans le raking mondial. Alors elles se qualifient aux prochains Jeux Olympiques Paris 2024. Pour maintenir ces places si pr\u00e9cieuses, ces judokates ont l&rsquo;obligation de participer \u00e0 toutes les comp\u00e9titions qui vont pr\u00e9c\u00e9der les JO.<\/p>\n<p>Source : Guin\u00e9e Judo<\/p>\n","protected":false},"excerpt":{"rendered":"<p>Le Championnat d&rsquo;Afrique de Judo (seniors) a pris fin \u00e0 Casablanca au Maroc. L&rsquo;\u00e9quipe guin\u00e9enne quitte la comp\u00e9tition sur une note de satisfaction avec \u00e0 la cl\u00e9 deux m\u00e9dailles d&rsquo;or glan\u00e9es. Elle occupe du coup la 5e place sur 36 pays participants, derri\u00e8re la Tunisie et devant le S\u00e9n\u00e9gal. En effet, Marie Suzanne Branser(-78kg) a [&hellip;]<\/p>\n","protected":false},"author":2,"featured_media":3477,"comment_status":"closed","ping_status":"open","sticky":false,"template":"","format":"standard","meta":{"_jetpack_memberships_contains_paid_content":false,"footnotes":"","jetpack_publicize_message":"","jetpack_publicize_feature_enabled":true,"jetpack_social_post_already_shared":true,"jetpack_social_options":{"image_generator_settings":{"template":"highway","default_image_id":0,"font":"","enabled":false},"version":2}},"categories":[1],"tags":[],"class_list":{"0":"post-3476","1":"post","2":"type-post","3":"status-publish","4":"format-standard","5":"has-post-thumbnail","7":"category-non-classe"},"yoast_head":"<!-- This site is optimized with the Yoast SEO plugin v27.5 - https:\/\/yoast.com\/product\/yoast-seo-wordpress\/ -->\n<title>Championnat d\u2019Afrique de Judo: Deuxi\u00e8me m\u00e9daille d&#039;Or pour la Guin\u00e9e - le regard du sportif<\/title>\n<meta name=\"robots\" content=\"index, follow, max-snippet:-1, max-image-preview:large, max-video-preview:-1\" \/>\n<link rel=\"canonical\" href=\"https:\/\/oeilsportif.info\/index.php\/championnat-dafrique-de-judo-deuxieme-medaille-dor-pour-la-guinee\/\" \/>\n<meta property=\"og:locale\" content=\"fr_FR\" \/>\n<meta property=\"og:type\" content=\"article\" \/>\n<meta property=\"og:title\" content=\"Championnat d\u2019Afrique de Judo: Deuxi\u00e8me m\u00e9daille d&#039;Or pour la Guin\u00e9e - le regard du sportif\" \/>\n<meta property=\"og:description\" content=\"Le Championnat d&rsquo;Afrique de Judo (seniors) a pris fin \u00e0 Casablanca au Maroc. L&rsquo;\u00e9quipe guin\u00e9enne quitte la comp\u00e9tition sur une note de satisfaction avec \u00e0 la cl\u00e9 deux m\u00e9dailles d&rsquo;or glan\u00e9es. Elle occupe du coup la 5e place sur 36 pays participants, derri\u00e8re la Tunisie et devant le S\u00e9n\u00e9gal. En effet, Marie Suzanne Branser(-78kg) a [&hellip;]\" \/>\n<meta property=\"og:url\" content=\"https:\/\/oeilsportif.info\/index.php\/championnat-dafrique-de-judo-deuxieme-medaille-dor-pour-la-guinee\/\" \/>\n<meta property=\"og:site_name\" content=\"le regard du sportif\" \/>\n<meta property=\"article:published_time\" content=\"2023-09-10T13:29:01+00:00\" \/>\n<meta property=\"og:image\" content=\"https:\/\/oeilsportif.info\/wp-content\/uploads\/2023\/09\/FB_IMG_1694352450396.jpg\" \/>\n\t<meta property=\"og:image:width\" content=\"1080\" \/>\n\t<meta property=\"og:image:height\" content=\"804\" \/>\n\t<meta property=\"og:image:type\" content=\"image\/jpeg\" \/>\n<meta name=\"author\" content=\"L&#039;Equipe de la R\u00e9daction\" \/>\n<meta name=\"twitter:label1\" content=\"\u00c9crit par\" \/>\n\t<meta name=\"twitter:data1\" content=\"L&#039;Equipe de la R\u00e9daction\" \/>\n\t<meta name=\"twitter:label2\" content=\"Dur\u00e9e de lecture estim\u00e9e\" \/>\n\t<meta name=\"twitter:data2\" content=\"1 minute\" \/>\n<script type=\"application\/ld+json\" class=\"yoast-schema-graph\">{\"@context\":\"https:\\\/\\\/schema.org\",\"@graph\":[{\"@type\":\"Article\",\"@id\":\"https:\\\/\\\/oeilsportif.info\\\/index.php\\\/championnat-dafrique-de-judo-deuxieme-medaille-dor-pour-la-guinee\\\/#article\",\"isPartOf\":{\"@id\":\"https:\\\/\\\/oeilsportif.info\\\/index.php\\\/championnat-dafrique-de-judo-deuxieme-medaille-dor-pour-la-guinee\\\/\"},\"author\":{\"name\":\"L'Equipe de la R\u00e9daction\",\"@id\":\"https:\\\/\\\/oeilsportif.info\\\/#\\\/schema\\\/person\\\/cfbded294aa6095f7d96608d7905e9a1\"},\"headline\":\"Championnat d\u2019Afrique de Judo: Deuxi\u00e8me m\u00e9daille d&rsquo;Or pour la Guin\u00e9e\",\"datePublished\":\"2023-09-10T13:29:01+00:00\",\"mainEntityOfPage\":{\"@id\":\"https:\\\/\\\/oeilsportif.info\\\/index.php\\\/championnat-dafrique-de-judo-deuxieme-medaille-dor-pour-la-guinee\\\/\"},\"wordCount\":167,\"image\":{\"@id\":\"https:\\\/\\\/oeilsportif.info\\\/index.php\\\/championnat-dafrique-de-judo-deuxieme-medaille-dor-pour-la-guinee\\\/#primaryimage\"},\"thumbnailUrl\":\"https:\\\/\\\/i0.wp.com\\\/oeilsportif.info\\\/wp-content\\\/uploads\\\/2023\\\/09\\\/FB_IMG_1694352450396.jpg?fit=1080%2C804&ssl=1\",\"inLanguage\":\"fr-FR\"},{\"@type\":\"WebPage\",\"@id\":\"https:\\\/\\\/oeilsportif.info\\\/index.php\\\/championnat-dafrique-de-judo-deuxieme-medaille-dor-pour-la-guinee\\\/\",\"url\":\"https:\\\/\\\/oeilsportif.info\\\/index.php\\\/championnat-dafrique-de-judo-deuxieme-medaille-dor-pour-la-guinee\\\/\",\"name\":\"Championnat d\u2019Afrique de Judo: Deuxi\u00e8me m\u00e9daille d'Or pour la Guin\u00e9e - le regard du sportif\",\"isPartOf\":{\"@id\":\"https:\\\/\\\/oeilsportif.info\\\/#website\"},\"primaryImageOfPage\":{\"@id\":\"https:\\\/\\\/oeilsportif.info\\\/index.php\\\/championnat-dafrique-de-judo-deuxieme-medaille-dor-pour-la-guinee\\\/#primaryimage\"},\"image\":{\"@id\":\"https:\\\/\\\/oeilsportif.info\\\/index.php\\\/championnat-dafrique-de-judo-deuxieme-medaille-dor-pour-la-guinee\\\/#primaryimage\"},\"thumbnailUrl\":\"https:\\\/\\\/i0.wp.com\\\/oeilsportif.info\\\/wp-content\\\/uploads\\\/2023\\\/09\\\/FB_IMG_1694352450396.jpg?fit=1080%2C804&ssl=1\",\"datePublished\":\"2023-09-10T13:29:01+00:00\",\"author\":{\"@id\":\"https:\\\/\\\/oeilsportif.info\\\/#\\\/schema\\\/person\\\/cfbded294aa6095f7d96608d7905e9a1\"},\"inLanguage\":\"fr-FR\",\"potentialAction\":[{\"@type\":\"ReadAction\",\"target\":[\"https:\\\/\\\/oeilsportif.info\\\/index.php\\\/championnat-dafrique-de-judo-deuxieme-medaille-dor-pour-la-guinee\\\/\"]}]},{\"@type\":\"ImageObject\",\"inLanguage\":\"fr-FR\",\"@id\":\"https:\\\/\\\/oeilsportif.info\\\/index.php\\\/championnat-dafrique-de-judo-deuxieme-medaille-dor-pour-la-guinee\\\/#primaryimage\",\"url\":\"https:\\\/\\\/i0.wp.com\\\/oeilsportif.info\\\/wp-content\\\/uploads\\\/2023\\\/09\\\/FB_IMG_1694352450396.jpg?fit=1080%2C804&ssl=1\",\"contentUrl\":\"https:\\\/\\\/i0.wp.com\\\/oeilsportif.info\\\/wp-content\\\/uploads\\\/2023\\\/09\\\/FB_IMG_1694352450396.jpg?fit=1080%2C804&ssl=1\",\"width\":1080,\"height\":804},{\"@type\":\"WebSite\",\"@id\":\"https:\\\/\\\/oeilsportif.info\\\/#website\",\"url\":\"https:\\\/\\\/oeilsportif.info\\\/\",\"name\":\"le regard du sportif\",\"description\":\"\",\"potentialAction\":[{\"@type\":\"SearchAction\",\"target\":{\"@type\":\"EntryPoint\",\"urlTemplate\":\"https:\\\/\\\/oeilsportif.info\\\/?s={search_term_string}\"},\"query-input\":{\"@type\":\"PropertyValueSpecification\",\"valueRequired\":true,\"valueName\":\"search_term_string\"}}],\"inLanguage\":\"fr-FR\"},{\"@type\":\"Person\",\"@id\":\"https:\\\/\\\/oeilsportif.info\\\/#\\\/schema\\\/person\\\/cfbded294aa6095f7d96608d7905e9a1\",\"name\":\"L'Equipe de la R\u00e9daction\",\"image\":{\"@type\":\"ImageObject\",\"inLanguage\":\"fr-FR\",\"@id\":\"https:\\\/\\\/oeilsportif.info\\\/wp-content\\\/uploads\\\/2025\\\/07\\\/cropped-cropped-logo-os-96x96.jpeg\",\"url\":\"https:\\\/\\\/oeilsportif.info\\\/wp-content\\\/uploads\\\/2025\\\/07\\\/cropped-cropped-logo-os-96x96.jpeg\",\"contentUrl\":\"https:\\\/\\\/oeilsportif.info\\\/wp-content\\\/uploads\\\/2025\\\/07\\\/cropped-cropped-logo-os-96x96.jpeg\",\"caption\":\"L'Equipe de la R\u00e9daction\"},\"url\":\"https:\\\/\\\/oeilsportif.info\\\/index.php\\\/author\\\/tawel\\\/\"}]}<\/script>\n<!-- \/ Yoast SEO plugin. -->","yoast_head_json":{"title":"Championnat d\u2019Afrique de Judo: Deuxi\u00e8me m\u00e9daille d'Or pour la Guin\u00e9e - le regard du sportif","robots":{"index":"index","follow":"follow","max-snippet":"max-snippet:-1","max-image-preview":"max-image-preview:large","max-video-preview":"max-video-preview:-1"},"canonical":"https:\/\/oeilsportif.info\/index.php\/championnat-dafrique-de-judo-deuxieme-medaille-dor-pour-la-guinee\/","og_locale":"fr_FR","og_type":"article","og_title":"Championnat d\u2019Afrique de Judo: Deuxi\u00e8me m\u00e9daille d'Or pour la Guin\u00e9e - le regard du sportif","og_description":"Le Championnat d&rsquo;Afrique de Judo (seniors) a pris fin \u00e0 Casablanca au Maroc. L&rsquo;\u00e9quipe guin\u00e9enne quitte la comp\u00e9tition sur une note de satisfaction avec \u00e0 la cl\u00e9 deux m\u00e9dailles d&rsquo;or glan\u00e9es. Elle occupe du coup la 5e place sur 36 pays participants, derri\u00e8re la Tunisie et devant le S\u00e9n\u00e9gal. En effet, Marie Suzanne Branser(-78kg) a [&hellip;]","og_url":"https:\/\/oeilsportif.info\/index.php\/championnat-dafrique-de-judo-deuxieme-medaille-dor-pour-la-guinee\/","og_site_name":"le regard du sportif","article_published_time":"2023-09-10T13:29:01+00:00","og_image":[{"width":1080,"height":804,"url":"https:\/\/oeilsportif.info\/wp-content\/uploads\/2023\/09\/FB_IMG_1694352450396.jpg","type":"image\/jpeg"}],"author":"L'Equipe de la R\u00e9daction","twitter_misc":{"\u00c9crit par":"L'Equipe de la R\u00e9daction","Dur\u00e9e de lecture estim\u00e9e":"1 minute"},"schema":{"@context":"https:\/\/schema.org","@graph":[{"@type":"Article","@id":"https:\/\/oeilsportif.info\/index.php\/championnat-dafrique-de-judo-deuxieme-medaille-dor-pour-la-guinee\/#article","isPartOf":{"@id":"https:\/\/oeilsportif.info\/index.php\/championnat-dafrique-de-judo-deuxieme-medaille-dor-pour-la-guinee\/"},"author":{"name":"L'Equipe de la R\u00e9daction","@id":"https:\/\/oeilsportif.info\/#\/schema\/person\/cfbded294aa6095f7d96608d7905e9a1"},"headline":"Championnat d\u2019Afrique de Judo: Deuxi\u00e8me m\u00e9daille d&rsquo;Or pour la Guin\u00e9e","datePublished":"2023-09-10T13:29:01+00:00","mainEntityOfPage":{"@id":"https:\/\/oeilsportif.info\/index.php\/championnat-dafrique-de-judo-deuxieme-medaille-dor-pour-la-guinee\/"},"wordCount":167,"image":{"@id":"https:\/\/oeilsportif.info\/index.php\/championnat-dafrique-de-judo-deuxieme-medaille-dor-pour-la-guinee\/#primaryimage"},"thumbnailUrl":"https:\/\/i0.wp.com\/oeilsportif.info\/wp-content\/uploads\/2023\/09\/FB_IMG_1694352450396.jpg?fit=1080%2C804&ssl=1","inLanguage":"fr-FR"},{"@type":"WebPage","@id":"https:\/\/oeilsportif.info\/index.php\/championnat-dafrique-de-judo-deuxieme-medaille-dor-pour-la-guinee\/","url":"https:\/\/oeilsportif.info\/index.php\/championnat-dafrique-de-judo-deuxieme-medaille-dor-pour-la-guinee\/","name":"Championnat d\u2019Afrique de Judo: Deuxi\u00e8me m\u00e9daille d'Or pour la Guin\u00e9e - le regard du sportif","isPartOf":{"@id":"https:\/\/oeilsportif.info\/#website"},"primaryImageOfPage":{"@id":"https:\/\/oeilsportif.info\/index.php\/championnat-dafrique-de-judo-deuxieme-medaille-dor-pour-la-guinee\/#primaryimage"},"image":{"@id":"https:\/\/oeilsportif.info\/index.php\/championnat-dafrique-de-judo-deuxieme-medaille-dor-pour-la-guinee\/#primaryimage"},"thumbnailUrl":"https:\/\/i0.wp.com\/oeilsportif.info\/wp-content\/uploads\/2023\/09\/FB_IMG_1694352450396.jpg?fit=1080%2C804&ssl=1","datePublished":"2023-09-10T13:29:01+00:00","author":{"@id":"https:\/\/oeilsportif.info\/#\/schema\/person\/cfbded294aa6095f7d96608d7905e9a1"},"inLanguage":"fr-FR","potentialAction":[{"@type":"ReadAction","target":["https:\/\/oeilsportif.info\/index.php\/championnat-dafrique-de-judo-deuxieme-medaille-dor-pour-la-guinee\/"]}]},{"@type":"ImageObject","inLanguage":"fr-FR","@id":"https:\/\/oeilsportif.info\/index.php\/championnat-dafrique-de-judo-deuxieme-medaille-dor-pour-la-guinee\/#primaryimage","url":"https:\/\/i0.wp.com\/oeilsportif.info\/wp-content\/uploads\/2023\/09\/FB_IMG_1694352450396.jpg?fit=1080%2C804&ssl=1","contentUrl":"https:\/\/i0.wp.com\/oeilsportif.info\/wp-content\/uploads\/2023\/09\/FB_IMG_1694352450396.jpg?fit=1080%2C804&ssl=1","width":1080,"height":804},{"@type":"WebSite","@id":"https:\/\/oeilsportif.info\/#website","url":"https:\/\/oeilsportif.info\/","name":"le regard du sportif","description":"","potentialAction":[{"@type":"SearchAction","target":{"@type":"EntryPoint","urlTemplate":"https:\/\/oeilsportif.info\/?s={search_term_string}"},"query-input":{"@type":"PropertyValueSpecification","valueRequired":true,"valueName":"search_term_string"}}],"inLanguage":"fr-FR"},{"@type":"Person","@id":"https:\/\/oeilsportif.info\/#\/schema\/person\/cfbded294aa6095f7d96608d7905e9a1","name":"L'Equipe de la R\u00e9daction","image":{"@type":"ImageObject","inLanguage":"fr-FR","@id":"https:\/\/oeilsportif.info\/wp-content\/uploads\/2025\/07\/cropped-cropped-logo-os-96x96.jpeg","url":"https:\/\/oeilsportif.info\/wp-content\/uploads\/2025\/07\/cropped-cropped-logo-os-96x96.jpeg","contentUrl":"https:\/\/oeilsportif.info\/wp-content\/uploads\/2025\/07\/cropped-cropped-logo-os-96x96.jpeg","caption":"L'Equipe de la R\u00e9daction"},"url":"https:\/\/oeilsportif.info\/index.php\/author\/tawel\/"}]}},"jetpack_publicize_connections":[],"jetpack_featured_media_url":"https:\/\/i0.wp.com\/oeilsportif.info\/wp-content\/uploads\/2023\/09\/FB_IMG_1694352450396.jpg?fit=1080%2C804&ssl=1","jetpack-related-posts":[],"jetpack_sharing_enabled":true,"jetpack_likes_enabled":true,"jetpack_shortlink":"https:\/\/wp.me\/pgFE77-U4","_links":{"self":[{"href":"https:\/\/oeilsportif.info\/index.php\/wp-json\/wp\/v2\/posts\/3476","targetHints":{"allow":["GET"]}}],"collection":[{"href":"https:\/\/oeilsportif.info\/index.php\/wp-json\/wp\/v2\/posts"}],"about":[{"href":"https:\/\/oeilsportif.info\/index.php\/wp-json\/wp\/v2\/types\/post"}],"author":[{"embeddable":true,"href":"https:\/\/oeilsportif.info\/index.php\/wp-json\/wp\/v2\/users\/2"}],"replies":[{"embeddable":true,"href":"https:\/\/oeilsportif.info\/index.php\/wp-json\/wp\/v2\/comments?post=3476"}],"version-history":[{"count":0,"href":"https:\/\/oeilsportif.info\/index.php\/wp-json\/wp\/v2\/posts\/3476\/revisions"}],"wp:featuredmedia":[{"embeddable":true,"href":"https:\/\/oeilsportif.info\/index.php\/wp-json\/wp\/v2\/media\/3477"}],"wp:attachment":[{"href":"https:\/\/oeilsportif.info\/index.php\/wp-json\/wp\/v2\/media?parent=3476"}],"wp:term":[{"taxonomy":"category","embeddable":true,"href":"https:\/\/oeilsportif.info\/index.php\/wp-json\/wp\/v2\/categories?post=3476"},{"taxonomy":"post_tag","embeddable":true,"href":"https:\/\/oeilsportif.info\/index.php\/wp-json\/wp\/v2\/tags?post=3476"}],"curies":[{"name":"wp","href":"https:\/\/api.w.org\/{rel}","templated":true}]}}