{"id":3467,"date":"2023-09-08T17:33:01","date_gmt":"2023-09-08T17:33:01","guid":{"rendered":"https:\/\/oeilsportif.info\/index.php\/?p=3467"},"modified":"2023-09-08T17:33:01","modified_gmt":"2023-09-08T17:33:01","slug":"ligue-2-j-26-loubha-fc-promu-en-ligue-1-guicopres-manden-fc-relegue-en-nationale","status":"publish","type":"post","link":"https:\/\/oeilsportif.info\/index.php\/ligue-2-j-26-loubha-fc-promu-en-ligue-1-guicopres-manden-fc-relegue-en-nationale\/","title":{"rendered":"Ligue 2 (J-26): Loubha FC promu en Ligue 1 Guicopres, Manden FC rel\u00e9gu\u00e9 en nationale !"},"content":{"rendered":"<p>Apr\u00e8s le Gangan FC, un autre club de la ligue de Kindia a \u00e9t\u00e9 promu en ligue 1 Guicopres ce jeudi pour la saison prochaine, \u00e0 l&rsquo;issue de la fin des matches de la derni\u00e8re journ\u00e9e de la ligue 2. Il s&rsquo;agit du Loubha FC vainqueur du Santoba de Conakry \u00e0 domicile sur le score (4-2). Dans la zone de rel\u00e9gation, c&rsquo;est finalement Manden FC malgr\u00e9 sa victoire sur Karfamoriah FC (5-4), qui accompagne \u00c9l\u00e9phant de Col\u00e9ah en division nationale.<\/p>\n<p>Voici les r\u00e9sultats des matchs du jour :<br \/>\nManden FC 5-4 Karfamoriah<br \/>\nLoubha FC 4-2 Santoba de Conakry<br \/>\nAlu Star 1-0 ASFAG<br \/>\nKFC 5-4 Gangan FC<br \/>\nRCCK 1-3 Elephant<br \/>\nEtoile 2-2 Ted Afrique<\/p>\n<p>Source : LGFP<\/p>\n","protected":false},"excerpt":{"rendered":"<p>Apr\u00e8s le Gangan FC, un autre club de la ligue de Kindia a \u00e9t\u00e9 promu en ligue 1 Guicopres ce jeudi pour la saison prochaine, \u00e0 l&rsquo;issue de la fin des matches de la derni\u00e8re journ\u00e9e de la ligue 2. Il s&rsquo;agit du Loubha FC vainqueur du Santoba de Conakry \u00e0 domicile sur le score [&hellip;]<\/p>\n","protected":false},"author":2,"featured_media":3468,"comment_status":"closed","ping_status":"open","sticky":false,"template":"","format":"standard","meta":{"_jetpack_memberships_contains_paid_content":false,"footnotes":"","jetpack_publicize_message":"","jetpack_publicize_feature_enabled":true,"jetpack_social_post_already_shared":true,"jetpack_social_options":{"image_generator_settings":{"template":"highway","default_image_id":0,"font":"","enabled":false},"version":2}},"categories":[10,5],"tags":[],"class_list":{"0":"post-3467","1":"post","2":"type-post","3":"status-publish","4":"format-standard","5":"has-post-thumbnail","7":"category-actualite","8":"category-football"},"yoast_head":"<!-- This site is optimized with the Yoast SEO plugin v27.5 - https:\/\/yoast.com\/product\/yoast-seo-wordpress\/ -->\n<title>Ligue 2 (J-26): Loubha FC promu en Ligue 1 Guicopres, Manden FC rel\u00e9gu\u00e9 en nationale ! - le regard du sportif<\/title>\n<meta name=\"robots\" content=\"index, follow, max-snippet:-1, max-image-preview:large, max-video-preview:-1\" \/>\n<link rel=\"canonical\" href=\"https:\/\/oeilsportif.info\/index.php\/ligue-2-j-26-loubha-fc-promu-en-ligue-1-guicopres-manden-fc-relegue-en-nationale\/\" \/>\n<meta property=\"og:locale\" content=\"fr_FR\" \/>\n<meta property=\"og:type\" content=\"article\" \/>\n<meta property=\"og:title\" content=\"Ligue 2 (J-26): Loubha FC promu en Ligue 1 Guicopres, Manden FC rel\u00e9gu\u00e9 en nationale ! - le regard du sportif\" \/>\n<meta property=\"og:description\" content=\"Apr\u00e8s le Gangan FC, un autre club de la ligue de Kindia a \u00e9t\u00e9 promu en ligue 1 Guicopres ce jeudi pour la saison prochaine, \u00e0 l&rsquo;issue de la fin des matches de la derni\u00e8re journ\u00e9e de la ligue 2. Il s&rsquo;agit du Loubha FC vainqueur du Santoba de Conakry \u00e0 domicile sur le score [&hellip;]\" \/>\n<meta property=\"og:url\" content=\"https:\/\/oeilsportif.info\/index.php\/ligue-2-j-26-loubha-fc-promu-en-ligue-1-guicopres-manden-fc-relegue-en-nationale\/\" \/>\n<meta property=\"og:site_name\" content=\"le regard du sportif\" \/>\n<meta property=\"article:published_time\" content=\"2023-09-08T17:33:01+00:00\" \/>\n<meta property=\"og:image\" content=\"https:\/\/oeilsportif.info\/wp-content\/uploads\/2023\/09\/FB_IMG_1694194304799.jpg\" \/>\n\t<meta property=\"og:image:width\" content=\"811\" \/>\n\t<meta property=\"og:image:height\" content=\"568\" \/>\n\t<meta property=\"og:image:type\" content=\"image\/jpeg\" \/>\n<meta name=\"author\" content=\"L&#039;Equipe de la R\u00e9daction\" \/>\n<meta name=\"twitter:label1\" content=\"\u00c9crit par\" \/>\n\t<meta name=\"twitter:data1\" content=\"L&#039;Equipe de la R\u00e9daction\" \/>\n\t<meta name=\"twitter:label2\" content=\"Dur\u00e9e de lecture estim\u00e9e\" \/>\n\t<meta name=\"twitter:data2\" content=\"1 minute\" \/>\n<script type=\"application\/ld+json\" class=\"yoast-schema-graph\">{\"@context\":\"https:\\\/\\\/schema.org\",\"@graph\":[{\"@type\":\"Article\",\"@id\":\"https:\\\/\\\/oeilsportif.info\\\/index.php\\\/ligue-2-j-26-loubha-fc-promu-en-ligue-1-guicopres-manden-fc-relegue-en-nationale\\\/#article\",\"isPartOf\":{\"@id\":\"https:\\\/\\\/oeilsportif.info\\\/index.php\\\/ligue-2-j-26-loubha-fc-promu-en-ligue-1-guicopres-manden-fc-relegue-en-nationale\\\/\"},\"author\":{\"name\":\"L'Equipe de la R\u00e9daction\",\"@id\":\"https:\\\/\\\/oeilsportif.info\\\/#\\\/schema\\\/person\\\/cfbded294aa6095f7d96608d7905e9a1\"},\"headline\":\"Ligue 2 (J-26): Loubha FC promu en Ligue 1 Guicopres, Manden FC rel\u00e9gu\u00e9 en nationale !\",\"datePublished\":\"2023-09-08T17:33:01+00:00\",\"mainEntityOfPage\":{\"@id\":\"https:\\\/\\\/oeilsportif.info\\\/index.php\\\/ligue-2-j-26-loubha-fc-promu-en-ligue-1-guicopres-manden-fc-relegue-en-nationale\\\/\"},\"wordCount\":134,\"image\":{\"@id\":\"https:\\\/\\\/oeilsportif.info\\\/index.php\\\/ligue-2-j-26-loubha-fc-promu-en-ligue-1-guicopres-manden-fc-relegue-en-nationale\\\/#primaryimage\"},\"thumbnailUrl\":\"https:\\\/\\\/i0.wp.com\\\/oeilsportif.info\\\/wp-content\\\/uploads\\\/2023\\\/09\\\/FB_IMG_1694194304799.jpg?fit=811%2C568&ssl=1\",\"articleSection\":[\"Actualit\u00e9\",\"Football\"],\"inLanguage\":\"fr-FR\"},{\"@type\":\"WebPage\",\"@id\":\"https:\\\/\\\/oeilsportif.info\\\/index.php\\\/ligue-2-j-26-loubha-fc-promu-en-ligue-1-guicopres-manden-fc-relegue-en-nationale\\\/\",\"url\":\"https:\\\/\\\/oeilsportif.info\\\/index.php\\\/ligue-2-j-26-loubha-fc-promu-en-ligue-1-guicopres-manden-fc-relegue-en-nationale\\\/\",\"name\":\"Ligue 2 (J-26): Loubha FC promu en Ligue 1 Guicopres, Manden FC rel\u00e9gu\u00e9 en nationale ! - le regard du sportif\",\"isPartOf\":{\"@id\":\"https:\\\/\\\/oeilsportif.info\\\/#website\"},\"primaryImageOfPage\":{\"@id\":\"https:\\\/\\\/oeilsportif.info\\\/index.php\\\/ligue-2-j-26-loubha-fc-promu-en-ligue-1-guicopres-manden-fc-relegue-en-nationale\\\/#primaryimage\"},\"image\":{\"@id\":\"https:\\\/\\\/oeilsportif.info\\\/index.php\\\/ligue-2-j-26-loubha-fc-promu-en-ligue-1-guicopres-manden-fc-relegue-en-nationale\\\/#primaryimage\"},\"thumbnailUrl\":\"https:\\\/\\\/i0.wp.com\\\/oeilsportif.info\\\/wp-content\\\/uploads\\\/2023\\\/09\\\/FB_IMG_1694194304799.jpg?fit=811%2C568&ssl=1\",\"datePublished\":\"2023-09-08T17:33:01+00:00\",\"author\":{\"@id\":\"https:\\\/\\\/oeilsportif.info\\\/#\\\/schema\\\/person\\\/cfbded294aa6095f7d96608d7905e9a1\"},\"inLanguage\":\"fr-FR\",\"potentialAction\":[{\"@type\":\"ReadAction\",\"target\":[\"https:\\\/\\\/oeilsportif.info\\\/index.php\\\/ligue-2-j-26-loubha-fc-promu-en-ligue-1-guicopres-manden-fc-relegue-en-nationale\\\/\"]}]},{\"@type\":\"ImageObject\",\"inLanguage\":\"fr-FR\",\"@id\":\"https:\\\/\\\/oeilsportif.info\\\/index.php\\\/ligue-2-j-26-loubha-fc-promu-en-ligue-1-guicopres-manden-fc-relegue-en-nationale\\\/#primaryimage\",\"url\":\"https:\\\/\\\/i0.wp.com\\\/oeilsportif.info\\\/wp-content\\\/uploads\\\/2023\\\/09\\\/FB_IMG_1694194304799.jpg?fit=811%2C568&ssl=1\",\"contentUrl\":\"https:\\\/\\\/i0.wp.com\\\/oeilsportif.info\\\/wp-content\\\/uploads\\\/2023\\\/09\\\/FB_IMG_1694194304799.jpg?fit=811%2C568&ssl=1\",\"width\":811,\"height\":568},{\"@type\":\"WebSite\",\"@id\":\"https:\\\/\\\/oeilsportif.info\\\/#website\",\"url\":\"https:\\\/\\\/oeilsportif.info\\\/\",\"name\":\"le regard du sportif\",\"description\":\"\",\"potentialAction\":[{\"@type\":\"SearchAction\",\"target\":{\"@type\":\"EntryPoint\",\"urlTemplate\":\"https:\\\/\\\/oeilsportif.info\\\/?s={search_term_string}\"},\"query-input\":{\"@type\":\"PropertyValueSpecification\",\"valueRequired\":true,\"valueName\":\"search_term_string\"}}],\"inLanguage\":\"fr-FR\"},{\"@type\":\"Person\",\"@id\":\"https:\\\/\\\/oeilsportif.info\\\/#\\\/schema\\\/person\\\/cfbded294aa6095f7d96608d7905e9a1\",\"name\":\"L'Equipe de la R\u00e9daction\",\"image\":{\"@type\":\"ImageObject\",\"inLanguage\":\"fr-FR\",\"@id\":\"https:\\\/\\\/oeilsportif.info\\\/wp-content\\\/uploads\\\/2025\\\/07\\\/cropped-cropped-logo-os-96x96.jpeg\",\"url\":\"https:\\\/\\\/oeilsportif.info\\\/wp-content\\\/uploads\\\/2025\\\/07\\\/cropped-cropped-logo-os-96x96.jpeg\",\"contentUrl\":\"https:\\\/\\\/oeilsportif.info\\\/wp-content\\\/uploads\\\/2025\\\/07\\\/cropped-cropped-logo-os-96x96.jpeg\",\"caption\":\"L'Equipe de la R\u00e9daction\"},\"url\":\"https:\\\/\\\/oeilsportif.info\\\/index.php\\\/author\\\/tawel\\\/\"}]}<\/script>\n<!-- \/ Yoast SEO plugin. -->","yoast_head_json":{"title":"Ligue 2 (J-26): Loubha FC promu en Ligue 1 Guicopres, Manden FC rel\u00e9gu\u00e9 en nationale ! - le regard du sportif","robots":{"index":"index","follow":"follow","max-snippet":"max-snippet:-1","max-image-preview":"max-image-preview:large","max-video-preview":"max-video-preview:-1"},"canonical":"https:\/\/oeilsportif.info\/index.php\/ligue-2-j-26-loubha-fc-promu-en-ligue-1-guicopres-manden-fc-relegue-en-nationale\/","og_locale":"fr_FR","og_type":"article","og_title":"Ligue 2 (J-26): Loubha FC promu en Ligue 1 Guicopres, Manden FC rel\u00e9gu\u00e9 en nationale ! - le regard du sportif","og_description":"Apr\u00e8s le Gangan FC, un autre club de la ligue de Kindia a \u00e9t\u00e9 promu en ligue 1 Guicopres ce jeudi pour la saison prochaine, \u00e0 l&rsquo;issue de la fin des matches de la derni\u00e8re journ\u00e9e de la ligue 2. Il s&rsquo;agit du Loubha FC vainqueur du Santoba de Conakry \u00e0 domicile sur le score [&hellip;]","og_url":"https:\/\/oeilsportif.info\/index.php\/ligue-2-j-26-loubha-fc-promu-en-ligue-1-guicopres-manden-fc-relegue-en-nationale\/","og_site_name":"le regard du sportif","article_published_time":"2023-09-08T17:33:01+00:00","og_image":[{"width":811,"height":568,"url":"https:\/\/oeilsportif.info\/wp-content\/uploads\/2023\/09\/FB_IMG_1694194304799.jpg","type":"image\/jpeg"}],"author":"L'Equipe de la R\u00e9daction","twitter_misc":{"\u00c9crit par":"L'Equipe de la R\u00e9daction","Dur\u00e9e de lecture estim\u00e9e":"1 minute"},"schema":{"@context":"https:\/\/schema.org","@graph":[{"@type":"Article","@id":"https:\/\/oeilsportif.info\/index.php\/ligue-2-j-26-loubha-fc-promu-en-ligue-1-guicopres-manden-fc-relegue-en-nationale\/#article","isPartOf":{"@id":"https:\/\/oeilsportif.info\/index.php\/ligue-2-j-26-loubha-fc-promu-en-ligue-1-guicopres-manden-fc-relegue-en-nationale\/"},"author":{"name":"L'Equipe de la R\u00e9daction","@id":"https:\/\/oeilsportif.info\/#\/schema\/person\/cfbded294aa6095f7d96608d7905e9a1"},"headline":"Ligue 2 (J-26): Loubha FC promu en Ligue 1 Guicopres, Manden FC rel\u00e9gu\u00e9 en nationale !","datePublished":"2023-09-08T17:33:01+00:00","mainEntityOfPage":{"@id":"https:\/\/oeilsportif.info\/index.php\/ligue-2-j-26-loubha-fc-promu-en-ligue-1-guicopres-manden-fc-relegue-en-nationale\/"},"wordCount":134,"image":{"@id":"https:\/\/oeilsportif.info\/index.php\/ligue-2-j-26-loubha-fc-promu-en-ligue-1-guicopres-manden-fc-relegue-en-nationale\/#primaryimage"},"thumbnailUrl":"https:\/\/i0.wp.com\/oeilsportif.info\/wp-content\/uploads\/2023\/09\/FB_IMG_1694194304799.jpg?fit=811%2C568&ssl=1","articleSection":["Actualit\u00e9","Football"],"inLanguage":"fr-FR"},{"@type":"WebPage","@id":"https:\/\/oeilsportif.info\/index.php\/ligue-2-j-26-loubha-fc-promu-en-ligue-1-guicopres-manden-fc-relegue-en-nationale\/","url":"https:\/\/oeilsportif.info\/index.php\/ligue-2-j-26-loubha-fc-promu-en-ligue-1-guicopres-manden-fc-relegue-en-nationale\/","name":"Ligue 2 (J-26): Loubha FC promu en Ligue 1 Guicopres, Manden FC rel\u00e9gu\u00e9 en nationale ! - le regard du sportif","isPartOf":{"@id":"https:\/\/oeilsportif.info\/#website"},"primaryImageOfPage":{"@id":"https:\/\/oeilsportif.info\/index.php\/ligue-2-j-26-loubha-fc-promu-en-ligue-1-guicopres-manden-fc-relegue-en-nationale\/#primaryimage"},"image":{"@id":"https:\/\/oeilsportif.info\/index.php\/ligue-2-j-26-loubha-fc-promu-en-ligue-1-guicopres-manden-fc-relegue-en-nationale\/#primaryimage"},"thumbnailUrl":"https:\/\/i0.wp.com\/oeilsportif.info\/wp-content\/uploads\/2023\/09\/FB_IMG_1694194304799.jpg?fit=811%2C568&ssl=1","datePublished":"2023-09-08T17:33:01+00:00","author":{"@id":"https:\/\/oeilsportif.info\/#\/schema\/person\/cfbded294aa6095f7d96608d7905e9a1"},"inLanguage":"fr-FR","potentialAction":[{"@type":"ReadAction","target":["https:\/\/oeilsportif.info\/index.php\/ligue-2-j-26-loubha-fc-promu-en-ligue-1-guicopres-manden-fc-relegue-en-nationale\/"]}]},{"@type":"ImageObject","inLanguage":"fr-FR","@id":"https:\/\/oeilsportif.info\/index.php\/ligue-2-j-26-loubha-fc-promu-en-ligue-1-guicopres-manden-fc-relegue-en-nationale\/#primaryimage","url":"https:\/\/i0.wp.com\/oeilsportif.info\/wp-content\/uploads\/2023\/09\/FB_IMG_1694194304799.jpg?fit=811%2C568&ssl=1","contentUrl":"https:\/\/i0.wp.com\/oeilsportif.info\/wp-content\/uploads\/2023\/09\/FB_IMG_1694194304799.jpg?fit=811%2C568&ssl=1","width":811,"height":568},{"@type":"WebSite","@id":"https:\/\/oeilsportif.info\/#website","url":"https:\/\/oeilsportif.info\/","name":"le regard du sportif","description":"","potentialAction":[{"@type":"SearchAction","target":{"@type":"EntryPoint","urlTemplate":"https:\/\/oeilsportif.info\/?s={search_term_string}"},"query-input":{"@type":"PropertyValueSpecification","valueRequired":true,"valueName":"search_term_string"}}],"inLanguage":"fr-FR"},{"@type":"Person","@id":"https:\/\/oeilsportif.info\/#\/schema\/person\/cfbded294aa6095f7d96608d7905e9a1","name":"L'Equipe de la R\u00e9daction","image":{"@type":"ImageObject","inLanguage":"fr-FR","@id":"https:\/\/oeilsportif.info\/wp-content\/uploads\/2025\/07\/cropped-cropped-logo-os-96x96.jpeg","url":"https:\/\/oeilsportif.info\/wp-content\/uploads\/2025\/07\/cropped-cropped-logo-os-96x96.jpeg","contentUrl":"https:\/\/oeilsportif.info\/wp-content\/uploads\/2025\/07\/cropped-cropped-logo-os-96x96.jpeg","caption":"L'Equipe de la R\u00e9daction"},"url":"https:\/\/oeilsportif.info\/index.php\/author\/tawel\/"}]}},"jetpack_publicize_connections":[],"jetpack_featured_media_url":"https:\/\/i0.wp.com\/oeilsportif.info\/wp-content\/uploads\/2023\/09\/FB_IMG_1694194304799.jpg?fit=811%2C568&ssl=1","jetpack-related-posts":[],"jetpack_sharing_enabled":true,"jetpack_likes_enabled":true,"jetpack_shortlink":"https:\/\/wp.me\/pgFE77-TV","_links":{"self":[{"href":"https:\/\/oeilsportif.info\/index.php\/wp-json\/wp\/v2\/posts\/3467","targetHints":{"allow":["GET"]}}],"collection":[{"href":"https:\/\/oeilsportif.info\/index.php\/wp-json\/wp\/v2\/posts"}],"about":[{"href":"https:\/\/oeilsportif.info\/index.php\/wp-json\/wp\/v2\/types\/post"}],"author":[{"embeddable":true,"href":"https:\/\/oeilsportif.info\/index.php\/wp-json\/wp\/v2\/users\/2"}],"replies":[{"embeddable":true,"href":"https:\/\/oeilsportif.info\/index.php\/wp-json\/wp\/v2\/comments?post=3467"}],"version-history":[{"count":0,"href":"https:\/\/oeilsportif.info\/index.php\/wp-json\/wp\/v2\/posts\/3467\/revisions"}],"wp:featuredmedia":[{"embeddable":true,"href":"https:\/\/oeilsportif.info\/index.php\/wp-json\/wp\/v2\/media\/3468"}],"wp:attachment":[{"href":"https:\/\/oeilsportif.info\/index.php\/wp-json\/wp\/v2\/media?parent=3467"}],"wp:term":[{"taxonomy":"category","embeddable":true,"href":"https:\/\/oeilsportif.info\/index.php\/wp-json\/wp\/v2\/categories?post=3467"},{"taxonomy":"post_tag","embeddable":true,"href":"https:\/\/oeilsportif.info\/index.php\/wp-json\/wp\/v2\/tags?post=3467"}],"curies":[{"name":"wp","href":"https:\/\/api.w.org\/{rel}","templated":true}]}}