{"id":3454,"date":"2023-09-04T19:17:57","date_gmt":"2023-09-04T19:17:57","guid":{"rendered":"https:\/\/oeilsportif.info\/index.php\/?p=3454"},"modified":"2023-09-04T19:17:57","modified_gmt":"2023-09-04T19:17:57","slug":"cote-divoire-lesotho-cote-divoire-mali-les-elephants-ont-debute-leur-preparation","status":"publish","type":"post","link":"https:\/\/oeilsportif.info\/index.php\/cote-divoire-lesotho-cote-divoire-mali-les-elephants-ont-debute-leur-preparation\/","title":{"rendered":"C\u00f4te D&rsquo;Ivoire-Lesotho C\u00f4te D&rsquo;Ivoire-Mali: Les El\u00e9phants Ont d\u00e9but\u00e9 leur pr\u00e9paration"},"content":{"rendered":"<p>Les \u00c9l\u00e9phants de C\u00f4te d\u2019Ivoire ont d\u00e9but\u00e9 leur pr\u00e9paration ce lundi 04 septembre 2023 sur le terrain d\u2019entra\u00eenement du Lyc\u00e9e Classique d\u2019Abidjan, en pr\u00e9lude aux matchs contre le Lesotho, comptant pour la derni\u00e8re journ\u00e9e des \u00e9liminatoires de la CAN 2023 et contre le Mali en amical, les 9 et 12 septembre.<\/p>\n<p>Sur les 25 joueurs convoqu\u00e9s, 16 sont pr\u00e9sents, notamment Yayia Fofana, Folly Ayayi, Wilfried Singo, Evan Ndicka, Simon Adingra, Traor\u00e9 Hamed Junior et S\u00e9bastien Haller.<\/p>\n<p>Les autres, \u00e0 l\u2019exception de Serge Aurier bless\u00e9, rejoindront le groupe ce soir et demain mardi 05 septembre.<\/p>\n<p><strong>Source : FIF\u00a0<\/strong><\/p>\n","protected":false},"excerpt":{"rendered":"<p>Les \u00c9l\u00e9phants de C\u00f4te d\u2019Ivoire ont d\u00e9but\u00e9 leur pr\u00e9paration ce lundi 04 septembre 2023 sur le terrain d\u2019entra\u00eenement du Lyc\u00e9e Classique d\u2019Abidjan, en pr\u00e9lude aux matchs contre le Lesotho, comptant pour la derni\u00e8re journ\u00e9e des \u00e9liminatoires de la CAN 2023 et contre le Mali en amical, les 9 et 12 septembre. Sur les 25 joueurs [&hellip;]<\/p>\n","protected":false},"author":2,"featured_media":3455,"comment_status":"closed","ping_status":"open","sticky":false,"template":"","format":"standard","meta":{"_jetpack_memberships_contains_paid_content":false,"footnotes":"","jetpack_publicize_message":"","jetpack_publicize_feature_enabled":true,"jetpack_social_post_already_shared":true,"jetpack_social_options":{"image_generator_settings":{"template":"highway","default_image_id":0,"font":"","enabled":false},"version":2}},"categories":[10,5],"tags":[],"class_list":{"0":"post-3454","1":"post","2":"type-post","3":"status-publish","4":"format-standard","5":"has-post-thumbnail","7":"category-actualite","8":"category-football"},"yoast_head":"<!-- This site is optimized with the Yoast SEO plugin v27.5 - https:\/\/yoast.com\/product\/yoast-seo-wordpress\/ -->\n<title>C\u00f4te D&#039;Ivoire-Lesotho C\u00f4te D&#039;Ivoire-Mali: Les El\u00e9phants Ont d\u00e9but\u00e9 leur pr\u00e9paration - le regard du sportif<\/title>\n<meta name=\"robots\" content=\"index, follow, max-snippet:-1, max-image-preview:large, max-video-preview:-1\" \/>\n<link rel=\"canonical\" href=\"https:\/\/oeilsportif.info\/index.php\/cote-divoire-lesotho-cote-divoire-mali-les-elephants-ont-debute-leur-preparation\/\" \/>\n<meta property=\"og:locale\" content=\"fr_FR\" \/>\n<meta property=\"og:type\" content=\"article\" \/>\n<meta property=\"og:title\" content=\"C\u00f4te D&#039;Ivoire-Lesotho C\u00f4te D&#039;Ivoire-Mali: Les El\u00e9phants Ont d\u00e9but\u00e9 leur pr\u00e9paration - le regard du sportif\" \/>\n<meta property=\"og:description\" content=\"Les \u00c9l\u00e9phants de C\u00f4te d\u2019Ivoire ont d\u00e9but\u00e9 leur pr\u00e9paration ce lundi 04 septembre 2023 sur le terrain d\u2019entra\u00eenement du Lyc\u00e9e Classique d\u2019Abidjan, en pr\u00e9lude aux matchs contre le Lesotho, comptant pour la derni\u00e8re journ\u00e9e des \u00e9liminatoires de la CAN 2023 et contre le Mali en amical, les 9 et 12 septembre. Sur les 25 joueurs [&hellip;]\" \/>\n<meta property=\"og:url\" content=\"https:\/\/oeilsportif.info\/index.php\/cote-divoire-lesotho-cote-divoire-mali-les-elephants-ont-debute-leur-preparation\/\" \/>\n<meta property=\"og:site_name\" content=\"le regard du sportif\" \/>\n<meta property=\"article:published_time\" content=\"2023-09-04T19:17:57+00:00\" \/>\n<meta property=\"og:image\" content=\"https:\/\/oeilsportif.info\/wp-content\/uploads\/2023\/09\/FB_IMG_1693854891600.jpg\" \/>\n\t<meta property=\"og:image:width\" content=\"1080\" \/>\n\t<meta property=\"og:image:height\" content=\"837\" \/>\n\t<meta property=\"og:image:type\" content=\"image\/jpeg\" \/>\n<meta name=\"author\" content=\"L&#039;Equipe de la R\u00e9daction\" \/>\n<meta name=\"twitter:label1\" content=\"\u00c9crit par\" \/>\n\t<meta name=\"twitter:data1\" content=\"L&#039;Equipe de la R\u00e9daction\" \/>\n\t<meta name=\"twitter:label2\" content=\"Dur\u00e9e de lecture estim\u00e9e\" \/>\n\t<meta name=\"twitter:data2\" content=\"1 minute\" \/>\n<script type=\"application\/ld+json\" class=\"yoast-schema-graph\">{\"@context\":\"https:\\\/\\\/schema.org\",\"@graph\":[{\"@type\":\"Article\",\"@id\":\"https:\\\/\\\/oeilsportif.info\\\/index.php\\\/cote-divoire-lesotho-cote-divoire-mali-les-elephants-ont-debute-leur-preparation\\\/#article\",\"isPartOf\":{\"@id\":\"https:\\\/\\\/oeilsportif.info\\\/index.php\\\/cote-divoire-lesotho-cote-divoire-mali-les-elephants-ont-debute-leur-preparation\\\/\"},\"author\":{\"name\":\"L'Equipe de la R\u00e9daction\",\"@id\":\"https:\\\/\\\/oeilsportif.info\\\/#\\\/schema\\\/person\\\/cfbded294aa6095f7d96608d7905e9a1\"},\"headline\":\"C\u00f4te D&rsquo;Ivoire-Lesotho C\u00f4te D&rsquo;Ivoire-Mali: Les El\u00e9phants Ont d\u00e9but\u00e9 leur pr\u00e9paration\",\"datePublished\":\"2023-09-04T19:17:57+00:00\",\"mainEntityOfPage\":{\"@id\":\"https:\\\/\\\/oeilsportif.info\\\/index.php\\\/cote-divoire-lesotho-cote-divoire-mali-les-elephants-ont-debute-leur-preparation\\\/\"},\"wordCount\":120,\"image\":{\"@id\":\"https:\\\/\\\/oeilsportif.info\\\/index.php\\\/cote-divoire-lesotho-cote-divoire-mali-les-elephants-ont-debute-leur-preparation\\\/#primaryimage\"},\"thumbnailUrl\":\"https:\\\/\\\/i0.wp.com\\\/oeilsportif.info\\\/wp-content\\\/uploads\\\/2023\\\/09\\\/FB_IMG_1693854891600.jpg?fit=1080%2C837&ssl=1\",\"articleSection\":[\"Actualit\u00e9\",\"Football\"],\"inLanguage\":\"fr-FR\"},{\"@type\":\"WebPage\",\"@id\":\"https:\\\/\\\/oeilsportif.info\\\/index.php\\\/cote-divoire-lesotho-cote-divoire-mali-les-elephants-ont-debute-leur-preparation\\\/\",\"url\":\"https:\\\/\\\/oeilsportif.info\\\/index.php\\\/cote-divoire-lesotho-cote-divoire-mali-les-elephants-ont-debute-leur-preparation\\\/\",\"name\":\"C\u00f4te D'Ivoire-Lesotho C\u00f4te D'Ivoire-Mali: Les El\u00e9phants Ont d\u00e9but\u00e9 leur pr\u00e9paration - le regard du sportif\",\"isPartOf\":{\"@id\":\"https:\\\/\\\/oeilsportif.info\\\/#website\"},\"primaryImageOfPage\":{\"@id\":\"https:\\\/\\\/oeilsportif.info\\\/index.php\\\/cote-divoire-lesotho-cote-divoire-mali-les-elephants-ont-debute-leur-preparation\\\/#primaryimage\"},\"image\":{\"@id\":\"https:\\\/\\\/oeilsportif.info\\\/index.php\\\/cote-divoire-lesotho-cote-divoire-mali-les-elephants-ont-debute-leur-preparation\\\/#primaryimage\"},\"thumbnailUrl\":\"https:\\\/\\\/i0.wp.com\\\/oeilsportif.info\\\/wp-content\\\/uploads\\\/2023\\\/09\\\/FB_IMG_1693854891600.jpg?fit=1080%2C837&ssl=1\",\"datePublished\":\"2023-09-04T19:17:57+00:00\",\"author\":{\"@id\":\"https:\\\/\\\/oeilsportif.info\\\/#\\\/schema\\\/person\\\/cfbded294aa6095f7d96608d7905e9a1\"},\"inLanguage\":\"fr-FR\",\"potentialAction\":[{\"@type\":\"ReadAction\",\"target\":[\"https:\\\/\\\/oeilsportif.info\\\/index.php\\\/cote-divoire-lesotho-cote-divoire-mali-les-elephants-ont-debute-leur-preparation\\\/\"]}]},{\"@type\":\"ImageObject\",\"inLanguage\":\"fr-FR\",\"@id\":\"https:\\\/\\\/oeilsportif.info\\\/index.php\\\/cote-divoire-lesotho-cote-divoire-mali-les-elephants-ont-debute-leur-preparation\\\/#primaryimage\",\"url\":\"https:\\\/\\\/i0.wp.com\\\/oeilsportif.info\\\/wp-content\\\/uploads\\\/2023\\\/09\\\/FB_IMG_1693854891600.jpg?fit=1080%2C837&ssl=1\",\"contentUrl\":\"https:\\\/\\\/i0.wp.com\\\/oeilsportif.info\\\/wp-content\\\/uploads\\\/2023\\\/09\\\/FB_IMG_1693854891600.jpg?fit=1080%2C837&ssl=1\",\"width\":1080,\"height\":837},{\"@type\":\"WebSite\",\"@id\":\"https:\\\/\\\/oeilsportif.info\\\/#website\",\"url\":\"https:\\\/\\\/oeilsportif.info\\\/\",\"name\":\"le regard du sportif\",\"description\":\"\",\"potentialAction\":[{\"@type\":\"SearchAction\",\"target\":{\"@type\":\"EntryPoint\",\"urlTemplate\":\"https:\\\/\\\/oeilsportif.info\\\/?s={search_term_string}\"},\"query-input\":{\"@type\":\"PropertyValueSpecification\",\"valueRequired\":true,\"valueName\":\"search_term_string\"}}],\"inLanguage\":\"fr-FR\"},{\"@type\":\"Person\",\"@id\":\"https:\\\/\\\/oeilsportif.info\\\/#\\\/schema\\\/person\\\/cfbded294aa6095f7d96608d7905e9a1\",\"name\":\"L'Equipe de la R\u00e9daction\",\"image\":{\"@type\":\"ImageObject\",\"inLanguage\":\"fr-FR\",\"@id\":\"https:\\\/\\\/oeilsportif.info\\\/wp-content\\\/uploads\\\/2025\\\/07\\\/cropped-cropped-logo-os-96x96.jpeg\",\"url\":\"https:\\\/\\\/oeilsportif.info\\\/wp-content\\\/uploads\\\/2025\\\/07\\\/cropped-cropped-logo-os-96x96.jpeg\",\"contentUrl\":\"https:\\\/\\\/oeilsportif.info\\\/wp-content\\\/uploads\\\/2025\\\/07\\\/cropped-cropped-logo-os-96x96.jpeg\",\"caption\":\"L'Equipe de la R\u00e9daction\"},\"url\":\"https:\\\/\\\/oeilsportif.info\\\/index.php\\\/author\\\/tawel\\\/\"}]}<\/script>\n<!-- \/ Yoast SEO plugin. -->","yoast_head_json":{"title":"C\u00f4te D'Ivoire-Lesotho C\u00f4te D'Ivoire-Mali: Les El\u00e9phants Ont d\u00e9but\u00e9 leur pr\u00e9paration - le regard du sportif","robots":{"index":"index","follow":"follow","max-snippet":"max-snippet:-1","max-image-preview":"max-image-preview:large","max-video-preview":"max-video-preview:-1"},"canonical":"https:\/\/oeilsportif.info\/index.php\/cote-divoire-lesotho-cote-divoire-mali-les-elephants-ont-debute-leur-preparation\/","og_locale":"fr_FR","og_type":"article","og_title":"C\u00f4te D'Ivoire-Lesotho C\u00f4te D'Ivoire-Mali: Les El\u00e9phants Ont d\u00e9but\u00e9 leur pr\u00e9paration - le regard du sportif","og_description":"Les \u00c9l\u00e9phants de C\u00f4te d\u2019Ivoire ont d\u00e9but\u00e9 leur pr\u00e9paration ce lundi 04 septembre 2023 sur le terrain d\u2019entra\u00eenement du Lyc\u00e9e Classique d\u2019Abidjan, en pr\u00e9lude aux matchs contre le Lesotho, comptant pour la derni\u00e8re journ\u00e9e des \u00e9liminatoires de la CAN 2023 et contre le Mali en amical, les 9 et 12 septembre. Sur les 25 joueurs [&hellip;]","og_url":"https:\/\/oeilsportif.info\/index.php\/cote-divoire-lesotho-cote-divoire-mali-les-elephants-ont-debute-leur-preparation\/","og_site_name":"le regard du sportif","article_published_time":"2023-09-04T19:17:57+00:00","og_image":[{"width":1080,"height":837,"url":"https:\/\/oeilsportif.info\/wp-content\/uploads\/2023\/09\/FB_IMG_1693854891600.jpg","type":"image\/jpeg"}],"author":"L'Equipe de la R\u00e9daction","twitter_misc":{"\u00c9crit par":"L'Equipe de la R\u00e9daction","Dur\u00e9e de lecture estim\u00e9e":"1 minute"},"schema":{"@context":"https:\/\/schema.org","@graph":[{"@type":"Article","@id":"https:\/\/oeilsportif.info\/index.php\/cote-divoire-lesotho-cote-divoire-mali-les-elephants-ont-debute-leur-preparation\/#article","isPartOf":{"@id":"https:\/\/oeilsportif.info\/index.php\/cote-divoire-lesotho-cote-divoire-mali-les-elephants-ont-debute-leur-preparation\/"},"author":{"name":"L'Equipe de la R\u00e9daction","@id":"https:\/\/oeilsportif.info\/#\/schema\/person\/cfbded294aa6095f7d96608d7905e9a1"},"headline":"C\u00f4te D&rsquo;Ivoire-Lesotho C\u00f4te D&rsquo;Ivoire-Mali: Les El\u00e9phants Ont d\u00e9but\u00e9 leur pr\u00e9paration","datePublished":"2023-09-04T19:17:57+00:00","mainEntityOfPage":{"@id":"https:\/\/oeilsportif.info\/index.php\/cote-divoire-lesotho-cote-divoire-mali-les-elephants-ont-debute-leur-preparation\/"},"wordCount":120,"image":{"@id":"https:\/\/oeilsportif.info\/index.php\/cote-divoire-lesotho-cote-divoire-mali-les-elephants-ont-debute-leur-preparation\/#primaryimage"},"thumbnailUrl":"https:\/\/i0.wp.com\/oeilsportif.info\/wp-content\/uploads\/2023\/09\/FB_IMG_1693854891600.jpg?fit=1080%2C837&ssl=1","articleSection":["Actualit\u00e9","Football"],"inLanguage":"fr-FR"},{"@type":"WebPage","@id":"https:\/\/oeilsportif.info\/index.php\/cote-divoire-lesotho-cote-divoire-mali-les-elephants-ont-debute-leur-preparation\/","url":"https:\/\/oeilsportif.info\/index.php\/cote-divoire-lesotho-cote-divoire-mali-les-elephants-ont-debute-leur-preparation\/","name":"C\u00f4te D'Ivoire-Lesotho C\u00f4te D'Ivoire-Mali: Les El\u00e9phants Ont d\u00e9but\u00e9 leur pr\u00e9paration - le regard du sportif","isPartOf":{"@id":"https:\/\/oeilsportif.info\/#website"},"primaryImageOfPage":{"@id":"https:\/\/oeilsportif.info\/index.php\/cote-divoire-lesotho-cote-divoire-mali-les-elephants-ont-debute-leur-preparation\/#primaryimage"},"image":{"@id":"https:\/\/oeilsportif.info\/index.php\/cote-divoire-lesotho-cote-divoire-mali-les-elephants-ont-debute-leur-preparation\/#primaryimage"},"thumbnailUrl":"https:\/\/i0.wp.com\/oeilsportif.info\/wp-content\/uploads\/2023\/09\/FB_IMG_1693854891600.jpg?fit=1080%2C837&ssl=1","datePublished":"2023-09-04T19:17:57+00:00","author":{"@id":"https:\/\/oeilsportif.info\/#\/schema\/person\/cfbded294aa6095f7d96608d7905e9a1"},"inLanguage":"fr-FR","potentialAction":[{"@type":"ReadAction","target":["https:\/\/oeilsportif.info\/index.php\/cote-divoire-lesotho-cote-divoire-mali-les-elephants-ont-debute-leur-preparation\/"]}]},{"@type":"ImageObject","inLanguage":"fr-FR","@id":"https:\/\/oeilsportif.info\/index.php\/cote-divoire-lesotho-cote-divoire-mali-les-elephants-ont-debute-leur-preparation\/#primaryimage","url":"https:\/\/i0.wp.com\/oeilsportif.info\/wp-content\/uploads\/2023\/09\/FB_IMG_1693854891600.jpg?fit=1080%2C837&ssl=1","contentUrl":"https:\/\/i0.wp.com\/oeilsportif.info\/wp-content\/uploads\/2023\/09\/FB_IMG_1693854891600.jpg?fit=1080%2C837&ssl=1","width":1080,"height":837},{"@type":"WebSite","@id":"https:\/\/oeilsportif.info\/#website","url":"https:\/\/oeilsportif.info\/","name":"le regard du sportif","description":"","potentialAction":[{"@type":"SearchAction","target":{"@type":"EntryPoint","urlTemplate":"https:\/\/oeilsportif.info\/?s={search_term_string}"},"query-input":{"@type":"PropertyValueSpecification","valueRequired":true,"valueName":"search_term_string"}}],"inLanguage":"fr-FR"},{"@type":"Person","@id":"https:\/\/oeilsportif.info\/#\/schema\/person\/cfbded294aa6095f7d96608d7905e9a1","name":"L'Equipe de la R\u00e9daction","image":{"@type":"ImageObject","inLanguage":"fr-FR","@id":"https:\/\/oeilsportif.info\/wp-content\/uploads\/2025\/07\/cropped-cropped-logo-os-96x96.jpeg","url":"https:\/\/oeilsportif.info\/wp-content\/uploads\/2025\/07\/cropped-cropped-logo-os-96x96.jpeg","contentUrl":"https:\/\/oeilsportif.info\/wp-content\/uploads\/2025\/07\/cropped-cropped-logo-os-96x96.jpeg","caption":"L'Equipe de la R\u00e9daction"},"url":"https:\/\/oeilsportif.info\/index.php\/author\/tawel\/"}]}},"jetpack_publicize_connections":[],"jetpack_featured_media_url":"https:\/\/i0.wp.com\/oeilsportif.info\/wp-content\/uploads\/2023\/09\/FB_IMG_1693854891600.jpg?fit=1080%2C837&ssl=1","jetpack-related-posts":[],"jetpack_sharing_enabled":true,"jetpack_likes_enabled":true,"jetpack_shortlink":"https:\/\/wp.me\/pgFE77-TI","_links":{"self":[{"href":"https:\/\/oeilsportif.info\/index.php\/wp-json\/wp\/v2\/posts\/3454","targetHints":{"allow":["GET"]}}],"collection":[{"href":"https:\/\/oeilsportif.info\/index.php\/wp-json\/wp\/v2\/posts"}],"about":[{"href":"https:\/\/oeilsportif.info\/index.php\/wp-json\/wp\/v2\/types\/post"}],"author":[{"embeddable":true,"href":"https:\/\/oeilsportif.info\/index.php\/wp-json\/wp\/v2\/users\/2"}],"replies":[{"embeddable":true,"href":"https:\/\/oeilsportif.info\/index.php\/wp-json\/wp\/v2\/comments?post=3454"}],"version-history":[{"count":0,"href":"https:\/\/oeilsportif.info\/index.php\/wp-json\/wp\/v2\/posts\/3454\/revisions"}],"wp:featuredmedia":[{"embeddable":true,"href":"https:\/\/oeilsportif.info\/index.php\/wp-json\/wp\/v2\/media\/3455"}],"wp:attachment":[{"href":"https:\/\/oeilsportif.info\/index.php\/wp-json\/wp\/v2\/media?parent=3454"}],"wp:term":[{"taxonomy":"category","embeddable":true,"href":"https:\/\/oeilsportif.info\/index.php\/wp-json\/wp\/v2\/categories?post=3454"},{"taxonomy":"post_tag","embeddable":true,"href":"https:\/\/oeilsportif.info\/index.php\/wp-json\/wp\/v2\/tags?post=3454"}],"curies":[{"name":"wp","href":"https:\/\/api.w.org\/{rel}","templated":true}]}}